{"id":2146,"date":"1990-06-01T00:07:50","date_gmt":"1990-06-01T00:07:50","guid":{"rendered":"https:\/\/la-presse-anarchiste.net\/index.php\/2009\/06\/04\/manifeste-des-grevistes-de-la-faim-volontaires-des-etablissements-denseignement-superieur-de-la-capitale\/"},"modified":"2024-05-17T07:15:59","modified_gmt":"2024-05-17T07:15:59","slug":"manifeste-des-grevistes-de-la-faim-volontaires-des-etablissements-denseignement-superieur-de-la-capitale","status":"publish","type":"post","link":"https:\/\/la-presse-anarchiste.net\/index.php\/1990\/06\/01\/manifeste-des-grevistes-de-la-faim-volontaires-des-etablissements-denseignement-superieur-de-la-capitale\/","title":{"rendered":"Manifeste des gr\u00e9vistes de la faim volontaires des \u00e9tablissements d\u2019enseignement sup\u00e9rieur de la capitale"},"content":{"rendered":"<div class=\"pdfprnt-buttons pdfprnt-buttons-post pdfprnt-top-right\"><a href=\"https:\/\/la-presse-anarchiste.net\/index.php\/wp-json\/wp\/v2\/posts\/2146?print=pdf\" class=\"pdfprnt-button pdfprnt-button-pdf\" target=\"_blank\"><img decoding=\"async\" src=\"https:\/\/la-presse-anarchiste.net\/wp-content\/plugins\/pdf-print\/images\/pdf.png\" alt=\"image_pdf\" title=\"Afficher le PDF\"><\/a><a href=\"https:\/\/la-presse-anarchiste.net\/index.php\/wp-json\/wp\/v2\/posts\/2146?print=print\" class=\"pdfprnt-button pdfprnt-button-print\" target=\"_blank\"><img decoding=\"async\" src=\"https:\/\/la-presse-anarchiste.net\/wp-content\/plugins\/pdf-print\/images\/print.png\" alt=\"image_print\" title=\"Contenu imprim\u00e9\"><\/a><\/div><p style=\"text-align: justify;\">\u00c0 tous nos compatriotes&nbsp;:<\/p>\n<p style=\"text-align: justify;\">Dans le pro\u00adlon\u00adge\u00adment des mani\u00adfes\u00adta\u00adtions d\u2019im\u00admense enver\u00adgure de ces jours der\u00adniers, nous pour\u00adsui\u00advons, aujourd\u2019\u00adhui, la lutte par une gr\u00e8ve de la faim sur la place Tian\u2019anmen.<\/p>\n<p style=\"text-align: justify;\">Les rai\u00adsons de la gr\u00e8ve de la&nbsp;faim&nbsp;:<\/p>\n<ol style=\"text-align: justify;\">\n<li>pro\u00adtes\u00adter contre l\u2019in\u00addif\u00adf\u00e9\u00adrente et l\u2019in\u00adsen\u00adsi\u00adbi\u00adli\u00adt\u00e9 du gou\u00adver\u00adne\u00adment \u00e0 l\u2019\u00e9\u00adgard de la gr\u00e8ve des cours men\u00e9e par les \u00e9tu\u00addiants de&nbsp;P\u00e9kin&nbsp;;<\/li>\n<li>pro\u00adtes\u00adter contre les ater\u00admoie\u00adments du gou\u00adver\u00adne\u00adment face \u00e0 la demande de dia\u00adlogue for\u00admu\u00adl\u00e9e par la d\u00e9l\u00e9\u00adga\u00adtion des \u00e9tu\u00addiants des \u00e9ta\u00adblis\u00adse\u00adments d\u2019en\u00adsei\u00adgne\u00adment sup\u00e9\u00adrieur de&nbsp;P\u00e9kin&nbsp;;<\/li>\n<li>pro\u00adtes\u00adter contre l\u2019obs\u00adti\u00adna\u00adtion du gou\u00adver\u00adne\u00adment \u00e0 qua\u00adli\u00adfier ce mou\u00adve\u00adment \u00e9tu\u00addiant d\u00e9mo\u00adcra\u00adtique et patriote d\u2019\u00abagitation&nbsp;\u00bb, et contre toute la s\u00e9rie d\u2019in\u00adfor\u00adma\u00adtions d\u00e9for\u00adm\u00e9es qu\u2019il distille.<\/li>\n<\/ol>\n<p style=\"text-align: justify;\">Les reven\u00addi\u00adca\u00adtions de la gr\u00e8ve de la&nbsp;faim&nbsp;:<\/p>\n<ol style=\"text-align: justify;\">\n<li>que le gou\u00adver\u00adne\u00adment ouvre rapi\u00adde\u00adment un dia\u00adlogue sub\u00adstan\u00adtiel, concret et d\u2019\u00e9\u00adgal \u00e0 \u00e9gal, avec le groupe de dia\u00adlogue des \u00e9tu\u00addiants des \u00e9ta\u00adblis\u00adse\u00adments d\u2019en\u00adsei\u00adgne\u00adment sup\u00e9\u00adrieur de&nbsp;P\u00e9kin&nbsp;;<\/li>\n<li>que le gou\u00adver\u00adne\u00adment appelle ce mou\u00adve\u00adment \u00e9tu\u00addiant par son v\u00e9ri\u00adtable nom, qu\u2019il en donne une \u00e9va\u00adlua\u00adtion juste, et qu\u2019il recon\u00adnaisse qu\u2019il s\u2019a\u00adgit d\u2019un mou\u00adve\u00adment \u00e9tu\u00addiant d\u00e9mo\u00adcra\u00adtique et patriote.<\/li>\n<\/ol>\n<p style=\"text-align: justify;\">La dur\u00e9e de la gr\u00e8ve de la&nbsp;faim&nbsp;:<\/p>\n<p style=\"text-align: justify;\">Elle d\u00e9bu\u00adte\u00adra le 30 mai \u00e0 2 h 00 de l\u2019apr\u00e8s-midi.<\/p>\n<p style=\"text-align: justify;\">Le lieu de la gr\u00e8ve de la&nbsp;faim&nbsp;:<\/p>\n<p style=\"text-align: justify;\">Place Tian\u2019an\u00admen.<\/p>\n<p style=\"text-align: justify;\">Ce n\u2019est pas de l\u2019a\u00adgi\u00adta\u00adtion. R\u00e9ha\u00adbi\u00adli\u00adta\u00adtion imm\u00e9diate&nbsp;!<\/p>\n<p style=\"text-align: justify;\">Dia\u00adlogue imm\u00e9\u00addiat, les ater\u00admoie\u00adments ne sont plus de mise&nbsp;! Gr\u00e8ve de la faim pour le peuple, il n\u2019y a pas d\u2019autre moyen&nbsp;! Opi\u00adnion publique du monde, s\u2019il te pla\u00eet, accorde-nous ton appui&nbsp;! Forces d\u00e9mo\u00adcra\u00adtiques de tous bords, s\u2019il vous pla\u00eet, soutenez-nous&nbsp;!<\/p>\n<p style=\"text-align: justify;\">Les volon\u00adtaires de la gr\u00e8ve de la faim des uni\u00adver\u00adsi\u00adt\u00e9s de la capitale.<\/p>\n<p style=\"text-align: justify;\">[Docu\u00adments tra\u00adduits du chi\u00adnois par Angel&nbsp;Pino.]<\/p>\n<p style=\"text-align: justify;\">Sources&nbsp;: <i>Ming\u00adbao<\/i>, Hong Kong, 24 avril 1989&nbsp;; <i>Tian\u2019an\u00admen yi jiu ba jiu<\/i> [Tian\u2019an\u00admen, 1989], recueil de textes com\u00adpi\u00adl\u00e9s par la r\u00e9dac\u00adtion du <i>Lianhe bao<\/i> [jour\u00adnal union], Lian\u00adjing, Tai\u00adpei, ao\u00fbt&nbsp;1989.<\/p>\n","protected":false},"excerpt":{"rendered":"<p>\u00c0 tous nos com\u00adpa\u00adtriotes&nbsp;: Dans le pro\u00adlon\u00adge\u00adment des mani\u00adfes\u00adta\u00adtions d\u2019im\u00admense enver\u00adgure de ces jours der\u00adniers, nous pour\u00adsui\u00advons, aujourd\u2019\u00adhui, la lutte par une gr\u00e8ve de la faim sur la place Tian\u2019anmen. Les rai\u00adsons de la gr\u00e8ve de la&nbsp;faim&nbsp;: pro\u00adtes\u00adter contre l\u2019in\u00addif\u00adf\u00e9\u00adrente et l\u2019in\u00adsen\u00adsi\u00adbi\u00adli\u00adt\u00e9 du gou\u00adver\u00adne\u00adment \u00e0 l\u2019\u00e9\u00adgard de la gr\u00e8ve des cours men\u00e9e par les \u00e9tudiants&nbsp;[\u2026]<\/p>\n","protected":false},"author":8,"featured_media":5945,"comment_status":"closed","ping_status":"closed","sticky":false,"template":"wp-custom-template-page-d-article","format":"standard","meta":{"wp_typography_post_enhancements_disabled":false,"footnotes":""},"categories":[275],"tags":[924,940],"ppma_author":[680],"class_list":["post-2146","post","type-post","status-publish","format-standard","has-post-thumbnail","hentry","category-iztok-na18-19-juin-1990","tag-chine","tag-mouvements-sociaux"],"authors":[{"term_id":680,"user_id":8,"is_guest":0,"slug":"anonyme","display_name":"Anonyme","avatar_url":"https:\/\/secure.gravatar.com\/avatar\/cdccebf2bbf18d75df96a6721f7ce7f7ec80d026f1b8ec6be93de563bca5236b?s=96&d=mm&r=g","author_category":"","user_url":"","last_name":"","first_name":"","job_title":"","description":""}],"_links":{"self":[{"href":"https:\/\/la-presse-anarchiste.net\/index.php\/wp-json\/wp\/v2\/posts\/2146","targetHints":{"allow":["GET"]}}],"collection":[{"href":"https:\/\/la-presse-anarchiste.net\/index.php\/wp-json\/wp\/v2\/posts"}],"about":[{"href":"https:\/\/la-presse-anarchiste.net\/index.php\/wp-json\/wp\/v2\/types\/post"}],"author":[{"embeddable":true,"href":"https:\/\/la-presse-anarchiste.net\/index.php\/wp-json\/wp\/v2\/users\/8"}],"replies":[{"embeddable":true,"href":"https:\/\/la-presse-anarchiste.net\/index.php\/wp-json\/wp\/v2\/comments?post=2146"}],"version-history":[{"count":2,"href":"https:\/\/la-presse-anarchiste.net\/index.php\/wp-json\/wp\/v2\/posts\/2146\/revisions"}],"predecessor-version":[{"id":7991,"href":"https:\/\/la-presse-anarchiste.net\/index.php\/wp-json\/wp\/v2\/posts\/2146\/revisions\/7991"}],"wp:featuredmedia":[{"embeddable":true,"href":"https:\/\/la-presse-anarchiste.net\/index.php\/wp-json\/wp\/v2\/media\/5945"}],"wp:attachment":[{"href":"https:\/\/la-presse-anarchiste.net\/index.php\/wp-json\/wp\/v2\/media?parent=2146"}],"wp:term":[{"taxonomy":"category","embeddable":true,"href":"https:\/\/la-presse-anarchiste.net\/index.php\/wp-json\/wp\/v2\/categories?post=2146"},{"taxonomy":"post_tag","embeddable":true,"href":"https:\/\/la-presse-anarchiste.net\/index.php\/wp-json\/wp\/v2\/tags?post=2146"},{"taxonomy":"author","embeddable":true,"href":"https:\/\/la-presse-anarchiste.net\/index.php\/wp-json\/wp\/v2\/ppma_author?post=2146"}],"curies":[{"name":"wp","href":"https:\/\/api.w.org\/{rel}","templated":true}]}}