{"id":2169,"date":"2009-07-11T17:17:58","date_gmt":"2009-07-11T17:17:58","guid":{"rendered":"https:\/\/la-presse-anarchiste.net\/index.php\/2009\/07\/11\/le-tract-caillaux\/"},"modified":"2009-07-11T17:17:58","modified_gmt":"2009-07-11T17:17:58","slug":"le-tract-caillaux","status":"publish","type":"post","link":"https:\/\/la-presse-anarchiste.net\/index.php\/2009\/07\/11\/le-tract-caillaux\/","title":{"rendered":"Le tract Caillaux"},"content":{"rendered":"<div class=\"pdfprnt-buttons pdfprnt-buttons-post pdfprnt-top-right\"><a href=\"https:\/\/la-presse-anarchiste.net\/index.php\/wp-json\/wp\/v2\/posts\/2169?print=pdf\" class=\"pdfprnt-button pdfprnt-button-pdf\" target=\"_blank\"><img decoding=\"async\" src=\"https:\/\/la-presse-anarchiste.net\/wp-content\/plugins\/pdf-print\/images\/pdf.png\" alt=\"image_pdf\" title=\"Afficher le PDF\"><\/a><a href=\"https:\/\/la-presse-anarchiste.net\/index.php\/wp-json\/wp\/v2\/posts\/2169?print=print\" class=\"pdfprnt-button pdfprnt-button-print\" target=\"_blank\"><img decoding=\"async\" src=\"https:\/\/la-presse-anarchiste.net\/wp-content\/plugins\/pdf-print\/images\/print.png\" alt=\"image_print\" title=\"Contenu imprim\u00e9\"><\/a><\/div><p>M.&nbsp;Joseph Caillaux, ancien pr\u00e9\u00adsident du Conseil, appe\u00adl\u00e9 \u00e0 rede\u00adve\u00adnir ministre demain, a publi\u00e9 r\u00e9cem\u00adment un article dans <i>Le Soir<\/i>, jour\u00adnal de gauche. Cet article, inti\u00adtu\u00adl\u00e9 \u00ab&nbsp;Encha\u00ee\u00adner Pro\u00adm\u00e9\u00adth\u00e9e&nbsp;\u00bb, d\u00e9nonce les hor\u00adreurs de la pro\u00adchaine guerre\u200a\u2014\u200ala guerre des Gaz.\u200a\u2014\u200a<i>Le Soir<\/i> ayant offert gra\u00adcieu\u00adse\u00adment le papier n\u00e9ces\u00adsaire au tirage de 100.000 exem\u00adplaires, il a paru sous la forme de tract, contre\u00adsi\u00adgn\u00e9 par plu\u00adsieurs p\u00e9rio\u00addiques, dont cer\u00adtains sont des organes repr\u00e9\u00adsen\u00adta\u00adtifs d\u2019une ten\u00addance de l\u2019anarchisme.<\/p>\n<p>Cela a pas\u00ads\u00e9 comme une lettre \u00e0 la poste. Cepen\u00addant, une publi\u00adca\u00adtion men\u00adsuelle, <i>Notre Point de Vue<\/i>, organe syn\u00addi\u00adca\u00adliste ind\u00e9\u00adpen\u00addant, a \u00e9mis une r\u00e9flexion fort juste&nbsp;: \u00ab&nbsp;M.&nbsp;Caillaux contre la guerre, c\u2019est plu\u00adt\u00f4t farce.\u200a\u2014\u200a(n<sup>O<\/sup> du 31 octobre 1930).\u200a\u2014\u200aLui et ses pareils sont pour la paix durant la paix et pour la guerre pen\u00addant la  tue\u00adrie\u2026\u00bb Puis il ajou\u00adtait qu\u2019en cette aven\u00adture, l\u2019un des quo\u00adti\u00addiens de la presse capi\u00adta\u00adliste et M.&nbsp;Caillaux \u00ab&nbsp;font figure de chefs des anar\u00adchistes fran\u00e7ais&nbsp;\u00bb.<\/p>\n<p>Nous avons lu soi\u00adgneu\u00adse\u00adment l\u2019ar\u00adticle de M.&nbsp;Caillaux.<\/p>\n<p>1<sup>O<\/sup> Nous n\u2019y avons rien vu qui motive un contre\u00adseing anar\u00adchiste. Nous n\u2019y aper\u00adce\u00advons rien qui com\u00adbatte l\u2019ar\u00adchisme, rien qui soit de nature \u00e0 jeter dans l\u2019es\u00adprit du lec\u00adteur un doute quel\u00adconque sur l\u2019ef\u00adfi\u00adca\u00adci\u00adt\u00e9 de l\u2019\u00c9\u00adtat comme r\u00e9gu\u00adla\u00adteur des rap\u00adports inter\u00adhu\u00admains&nbsp;; rien qui fasse remon\u00adter \u00e0 l\u2019\u00c9\u00adtat la res\u00adpon\u00adsa\u00adbi\u00adli\u00adt\u00e9 de toutes les guerres. De m\u00eame qu\u2019elle croit la jalou\u00adsie natu\u00adrelle, la masse croit la guerre natu\u00adrelle&nbsp;; et cette croyance a \u00e9t\u00e9 et est encore soi\u00adgneu\u00adse\u00adment entre\u00adte\u00adnue par les diri\u00adgeants et l\u2019\u00c9\u00adtat, qui est leur ex\u00e9\u00adcu\u00adteur, leur homme d\u2019af\u00adfaires. Ce n\u2019est pas la guerre qu\u2019il faut mettre hors la loi, c\u2019est la men\u00adta\u00adli\u00adt\u00e9 qui la rend pos\u00adsible qu\u2019il faut extir\u00adper de l\u2019es\u00adp\u00e8ce humaine. Ce qui est n\u00e9ces\u00adsaire, ce n\u2019est pas faire pres\u00adsion sur l\u2019\u00c9\u00adtat, c\u2019est le sup\u00adpri\u00admer. C\u2019est seule\u00adment par la sup\u00adpres\u00adsion de l\u2019\u00c9\u00adtat, la d\u00e9mons\u00adtra\u00adtion de son inuti\u00adli\u00adt\u00e9, sa ridi\u00adcu\u00adli\u00adsa\u00adtion, que la guerre pour\u00adra \u00eatre conjur\u00e9e.<\/p>\n<p>M.&nbsp;Caillaux ne parle m\u00eame pas dans son article de l\u2019ab\u00adsur\u00addi\u00adt\u00e9 ou de l\u2019a\u00adbo\u00adli\u00adtion des fron\u00adti\u00e8res, des patries, des arm\u00e9es. N\u2019im\u00adporte quel archiste bras\u00adseur d\u2019af\u00adfaires, mono\u00adpo\u00adleur, juge, poli\u00adcier, gar\u00addien de pri\u00adson, tenan\u00adcier de mai\u00adson de pros\u00adti\u00adtu\u00adtion ou patriote peut contre\u00adsi\u00adgner ce tract, du moment qu\u2019il redoute la guerre et ses cons\u00e9\u00adquences. Il n\u2019y est m\u00eame pas fait allu\u00adsion \u00e0 ce qui rend si ha\u00efs\u00adsable toute guerre&nbsp;: le sacri\u00adfice de l\u2019au\u00adto\u00adno\u00admie indi\u00advi\u00adduelle, de l\u2019i\u00adni\u00adtia\u00adtive de l\u2019u\u00adni\u00adt\u00e9 humaine sur l\u2019au\u00adtel d\u2019un soi-disant int\u00e9\u00adr\u00eat g\u00e9n\u00e9\u00adral ou col\u00adlec\u00adtif. Le s\u00e9na\u00adteur de la Sarthe traite la plaie super\u00adfi\u00adciel\u00adle\u00adment&nbsp;: il ne s\u2019at\u00adtaque pas \u00e0 la racine du&nbsp;mal.<\/p>\n<p>2<sup>O<\/sup> M.&nbsp;Caillaux est un homme poli\u00adtique. Il adopte le point de vue anglo-saxon, oppo\u00ads\u00e9 \u00e0 la guerre non par huma\u00adni\u00adta\u00adrisme, mais pour des rai\u00adsons de supr\u00e9\u00adma\u00adtie et de d\u00e9bou\u00adch\u00e9s \u00e9co\u00adno\u00admiques que nous ne pou\u00advons exa\u00admi\u00adner ici et qui sont bien connues. M.&nbsp;Caillaux est un \u00e9mi\u00adnent finan\u00adcier. Cer\u00adtains magnats de la finance voient dans la guerre une source de pro\u00adfits, d\u2019autres y aper\u00ad\u00e7oivent une op\u00e9\u00adra\u00adtion d\u00e9sa\u00advan\u00adta\u00adgeuse pour leurs capi\u00adtaux. M.&nbsp;Caillaux opine pour ce der\u00adnier clan. C\u2019est son droit, mais le sort de l\u2019un comme de l\u2019autre groupe nous est fort indif\u00adf\u00e9\u00adrent. Peut-\u00eatre avant de contre\u00adsi\u00adgner ce tract aurait-il fal\u00adlu se deman\u00adder les rai\u00adsons pro\u00adfondes de l\u2019at\u00adti\u00adtude et de la cam\u00adpagne de cet ancien pr\u00e9\u00adsident du Conseil&nbsp;?<\/p>\n<p>3<sup>O<\/sup> M.&nbsp;Caillaux si\u00e8ge au S\u00e9nat. Il y est \u00e9cou\u00adt\u00e9. Il n\u2019y est pas, certes, parce que c\u2019est son gagne-pain. Com\u00adment se fait-il qu\u2019il reste muet alors qu\u2019au Maroc et en Indo-Chine, on fait la guerre, la vraie. Ce n\u2019est pas un fait \u00e0 venir que cette guerre-l\u00e0, c\u2019est un fait pr\u00e9\u00adsent, actuel, de tous les jours. M.&nbsp;Caillaux pos\u00ads\u00e8de l\u00e0 une tri\u00adbune remar\u00adquable pour faire entendre ses pro\u00adtes\u00adta\u00adtions, les dis\u00adsi\u00addents maro\u00adcains et les insur\u00adg\u00e9s indo-chi\u00adnois nous parais\u00adsant aus\u00adsi int\u00e9\u00adres\u00adsants que les pari\u00adsiens, bruxel\u00adlois et autres mena\u00adc\u00e9s d\u2019\u00eatre exter\u00admi\u00adn\u00e9s lors de la pro\u00adchaine h\u00e9ca\u00adtombe. Le tract, dont s\u2019a\u00adgit ne parle m\u00eame pas des hor\u00adreurs de la guerre que les euro\u00adp\u00e9ens m\u00e8nent actuel\u00adle\u00adment dans leurs colo\u00adnies. Y a\u2011t-il l\u00e0 des sus\u00adcep\u00adti\u00adbi\u00adli\u00adt\u00e9s finan\u00adci\u00e8res, des mono\u00adpoles \u00e0 m\u00e9nager&nbsp;?<\/p>\n<p>4<sup>O<\/sup> Enfin l\u2019a\u00adnar\u00adchisme manque-t-il \u00e0 ce point d\u2019hommes sachant tenir une plume qu\u2019il ne puisse se trou\u00adver en son sein quel\u00adqu\u2019un capable de r\u00e9di\u00adger un tract anti\u00adbel\u00adli\u00adqueux \u00e0 grande dif\u00adfu\u00adsion&nbsp;? Pour\u00adquoi s\u2019a\u00adbri\u00adter der\u00adri\u00e8re un homme d\u2019\u00c9\u00adtat, un homme poli\u00adtique, un sp\u00e9\u00adcia\u00adliste de la Finance, quelque \u00e9mi\u00adnent et quelque popu\u00adlaire (ce n\u2019est pas le cas) soit-il&nbsp;? Faut-il ajou\u00adter que M.&nbsp;Caillaux ne s\u2019est pas mon\u00adtr\u00e9 tel\u00adle\u00adment hos\u00adtile \u00e0 la dic\u00adta\u00adture et que nous ne l\u2019a\u00advons pas vu, au Pou\u00advoir, se mon\u00adtrer plus tendre que ses col\u00adl\u00e8gues de droite pour les antimilitaristes&nbsp;!<\/p>\n<p>Nous esti\u00admons donc d\u00e9plo\u00adrable et pr\u00ea\u00adtant \u00e0 confu\u00adsion le contre\u00adseing appo\u00ads\u00e9 \u00e0 cet article par des organes anar\u00adchistes et anarchisants.<\/p>\n<p>Il ne s\u2019a\u00adgit pas ici en effet de d\u00e9marches ou de gestes par\u00adti\u00adcu\u00adliers accom\u00adplis par une per\u00adson\u00adna\u00adli\u00adt\u00e9 ou une asso\u00adcia\u00adtion res\u00adtreinte qui n\u2019en\u00adgage qu\u2019elle-m\u00eame, mais d\u2019une atti\u00adtude col\u00adlec\u00adtive. Qu\u2019un pro\u00adpa\u00adgan\u00addiste ou un th\u00e9o\u00adri\u00adcien anar\u00adchiste d\u00e9fende les th\u00e8ses qui lui sont ch\u00e8res dans un quo\u00adti\u00addien quel\u00adconque, qu\u2019il fasse publier un ouvrage chez un \u00e9di\u00adteur bour\u00adgeois, c\u2019est son affaire per\u00adson\u00adnelle&nbsp;: les moyens peuvent lui man\u00adquer pour pro\u00adc\u00e9\u00adder autre\u00adment&nbsp;; cet inter\u00adm\u00e9\u00addiaire peut lui per\u00admettre de r\u00e9pandre ses id\u00e9es dans un plus grand cercle. Non seule\u00adment son acte ne com\u00adpro\u00admet aucun milieu, mais il s\u2019ex\u00adplique par\u00adfai\u00adte\u00adment, envi\u00adsa\u00adg\u00e9 \u00e0 la lueur de la notion de la \u00ab&nbsp;reprise indi\u00advi\u00adduelle&nbsp;\u00bb. Ce contre\u00adseing d\u2019or\u00adganes repr\u00e9\u00adsen\u00adta\u00adtifs de l\u2019a\u00adnar\u00adchisme ne se jus\u00adti\u00adfie pas, au contraire&nbsp;; il engage des col\u00adlec\u00adti\u00advi\u00adt\u00e9s&nbsp;; il semble les pla\u00adcer \u00e0 la remorque\u200a\u2014\u200ale terme des cama\u00adrades Mayoux est carac\u00adt\u00e9\u00adris\u00adtique et leur pro\u00adfes\u00adsion n\u2019a plus d\u2019im\u00adpor\u00adtance en l\u2019oc\u00adcu\u00adrence que celle de M.&nbsp;A. Bar\u00adb\u00e9\u200a\u2014\u200a\u00e0 la remorque des d\u00e9fen\u00adseurs les plus en vue de la bour\u00adgeoi\u00adsie r\u00e9pu\u00adbli\u00adcaine de  gauche (p\u00e2le), de sa situa\u00adtion fian\u00adci\u00e8re, poli\u00adtique et diplomatique.<\/p>\n<p>C\u2019est pour\u00adquoi je suis fier de ne pas voir <i>l\u2019en dehors<\/i> figu\u00adrer par\u00admi les organes qui ont par\u00adti\u00adci\u00adp\u00e9 au lan\u00adce\u00adment, sous forme de tract, de l\u2019ar\u00adticle de M.&nbsp;Caillaux.<\/p>\n<p>E. Armand<\/p>\n","protected":false},"excerpt":{"rendered":"<p>M.&nbsp;Joseph Caillaux, ancien pr\u00e9\u00adsident du Conseil, appe\u00adl\u00e9 \u00e0 rede\u00adve\u00adnir ministre demain, a publi\u00e9 r\u00e9cem\u00adment un article dans Le Soir, jour\u00adnal de gauche. Cet article, inti\u00adtu\u00adl\u00e9 \u00ab&nbsp;Encha\u00ee\u00adner Pro\u00adm\u00e9\u00adth\u00e9e&nbsp;\u00bb, d\u00e9nonce les hor\u00adreurs de la pro\u00adchaine guerre\u200a\u2014\u200ala guerre des Gaz.\u200a\u2014\u200aLe Soir ayant offert gra\u00adcieu\u00adse\u00adment le papier n\u00e9ces\u00adsaire au tirage de 100.000 exem\u00adplaires, il a paru sous la&nbsp;forme&nbsp;[\u2026]<\/p>\n","protected":false},"author":1,"featured_media":0,"comment_status":"closed","ping_status":"closed","sticky":false,"template":"","format":"standard","meta":{"wp_typography_post_enhancements_disabled":false,"footnotes":""},"categories":[277],"tags":[],"ppma_author":[540],"class_list":["post-2169","post","type-post","status-publish","format-standard","hentry","category-len-dehors-n196-197-15-decembre-1930"],"authors":[{"term_id":540,"user_id":1,"is_guest":0,"slug":"admin_3gikpwyf","display_name":"Vincent Dubuc","avatar_url":"https:\/\/secure.gravatar.com\/avatar\/d015720652c25fd2ced191ade86430094e1f288a17483713e3b34d26dea52507?s=96&d=mm&r=g","author_category":"","user_url":"https:\/\/la-presse-anarchiste.net","last_name":"Dubuc","first_name":"Vincent","job_title":"","description":""}],"_links":{"self":[{"href":"https:\/\/la-presse-anarchiste.net\/index.php\/wp-json\/wp\/v2\/posts\/2169","targetHints":{"allow":["GET"]}}],"collection":[{"href":"https:\/\/la-presse-anarchiste.net\/index.php\/wp-json\/wp\/v2\/posts"}],"about":[{"href":"https:\/\/la-presse-anarchiste.net\/index.php\/wp-json\/wp\/v2\/types\/post"}],"author":[{"embeddable":true,"href":"https:\/\/la-presse-anarchiste.net\/index.php\/wp-json\/wp\/v2\/users\/1"}],"replies":[{"embeddable":true,"href":"https:\/\/la-presse-anarchiste.net\/index.php\/wp-json\/wp\/v2\/comments?post=2169"}],"version-history":[{"count":0,"href":"https:\/\/la-presse-anarchiste.net\/index.php\/wp-json\/wp\/v2\/posts\/2169\/revisions"}],"wp:attachment":[{"href":"https:\/\/la-presse-anarchiste.net\/index.php\/wp-json\/wp\/v2\/media?parent=2169"}],"wp:term":[{"taxonomy":"category","embeddable":true,"href":"https:\/\/la-presse-anarchiste.net\/index.php\/wp-json\/wp\/v2\/categories?post=2169"},{"taxonomy":"post_tag","embeddable":true,"href":"https:\/\/la-presse-anarchiste.net\/index.php\/wp-json\/wp\/v2\/tags?post=2169"},{"taxonomy":"author","embeddable":true,"href":"https:\/\/la-presse-anarchiste.net\/index.php\/wp-json\/wp\/v2\/ppma_author?post=2169"}],"curies":[{"name":"wp","href":"https:\/\/api.w.org\/{rel}","templated":true}]}}