{"id":2176,"date":"2009-07-11T17:39:28","date_gmt":"2009-07-11T17:39:28","guid":{"rendered":"https:\/\/la-presse-anarchiste.net\/index.php\/2009\/07\/11\/prelude\/"},"modified":"2009-07-11T17:39:28","modified_gmt":"2009-07-11T17:39:28","slug":"prelude","status":"publish","type":"post","link":"https:\/\/la-presse-anarchiste.net\/index.php\/2009\/07\/11\/prelude\/","title":{"rendered":"Pr\u00e9lude"},"content":{"rendered":"<div class=\"pdfprnt-buttons pdfprnt-buttons-post pdfprnt-top-right\"><a href=\"https:\/\/la-presse-anarchiste.net\/index.php\/wp-json\/wp\/v2\/posts\/2176?print=pdf\" class=\"pdfprnt-button pdfprnt-button-pdf\" target=\"_blank\"><img decoding=\"async\" src=\"https:\/\/la-presse-anarchiste.net\/wp-content\/plugins\/pdf-print\/images\/pdf.png\" alt=\"image_pdf\" title=\"Afficher le PDF\"><\/a><a href=\"https:\/\/la-presse-anarchiste.net\/index.php\/wp-json\/wp\/v2\/posts\/2176?print=print\" class=\"pdfprnt-button pdfprnt-button-print\" target=\"_blank\"><img decoding=\"async\" src=\"https:\/\/la-presse-anarchiste.net\/wp-content\/plugins\/pdf-print\/images\/print.png\" alt=\"image_print\" title=\"Contenu imprim\u00e9\"><\/a><\/div><blockquote><p>D\u00e9die \u00e0 ceux que repousse mon Indi\u00advi\u00addua\u00adlisme militant.<\/p><\/blockquote>\n<p>Je bri\u00adse\u00adrai tout tis\u00adsu en train sur le m\u00e9tier et je file\u00adrai ma lumi\u00e8re et mes t\u00e9n\u00e8bres sur l\u2019u\u00adni\u00advers pour l\u2019en couvrir.<\/p>\n<p>J\u2019a\u00adbat\u00adtrai les hautes tours de la pen\u00ads\u00e9e et je pr\u00e9\u00adci\u00adpi\u00adte\u00adrai l\u2019arche sociale de l\u2019al\u00adliance dans les ab\u00eemes de l\u2019Ether.<\/p>\n<p>Je d\u00e9chi\u00adre\u00adrai la tapis\u00adse\u00adrie de l\u2019illu\u00adsion et je mon\u00adtre\u00adrai \u00e0 l\u2019hu\u00adma\u00adni\u00adt\u00e9 sa vie et ses dogmes \u00e0 la lumi\u00e8re de l\u2019\u00c9ternit\u00e9.<\/p>\n<p>Je suis l\u2019Illi\u00adcite. Mes assem\u00adbl\u00e9es ont \u00e9t\u00e9 tenues dans l\u2019air humide du matin antique, avant que n\u2019eut clai\u00adron\u00adn\u00e9 le pre\u00admier cri de la pen\u00ads\u00e9e humaine.<\/p>\n<p>Je suis le b\u00e2tard d\u2019un Hasard infi\u00adni qui peut bien jamais ne se repro\u00adduire. Du z\u00e9nith de ma pen\u00ads\u00e9e, je ricane et dans la toile de ma concep\u00adtion se pr\u00e9\u00adci\u00adpitent mil\u00adliards sur mil\u00adliards de mouches de la terre et de l\u2019\u00e9ther.<\/p>\n<p>Juch\u00e9 l\u00e0, je me ris de vous \u2015 d\u2019un rire qu\u2019ont gla\u00adc\u00e9 les vents bor\u00e9als de l\u2019In\u00adfi\u00adni, d\u2019un rire que g\u00e8le le givre de mon inexo\u00adrable Ricanement.<\/p>\n<p>\u00c0 l\u2019en\u00adtour des bivouacs de vos croyances et des feux de vos exal\u00adta\u00adtions saintes, j\u2019erre et r\u00f4de et des embus\u00adcades que je dresse, en mon Monde du \u00ab&nbsp;par del\u00e0\u2026\u00bb je d\u00e9coche de temps \u00e0 autre une fl\u00e8che qui d\u00e9chire vos tentes, \u00f4 phi\u00adlis\u00adtins, et vous fait vous sou\u00adve\u00adnir de moi comme d\u2019un marau\u00addeur cach\u00e9 dans les cata\u00adcombes, comme d\u2019un pirate \u00e0 bord d\u2019un cor\u00adsaire rapide, comme d\u2019un fan\u00adt\u00f4me mys\u00adtique des\u00adcen\u00addu d\u2019une r\u00e9gion \u00e9th\u00e9rique.<\/p>\n<p>\u00c9vo\u00adque\u00adrai-je pour vous les spasmes de tor\u00adture et les san\u00adglots des mondes depuis long\u00adtemps dis\u00adpa\u00adrus&nbsp;? Ils sont ras\u00adsem\u00adbl\u00e9s sur mon c\u0153ur comme les br\u00e8ches sur le bou\u00adclier d\u2019un assi\u00e9\u00adgeant. M\u2019\u00e9\u00adcou\u00adte\u00adrez-vous, moi, qu\u2019ont for\u00adm\u00e9 les ions sur\u00adai\u00adgus de l\u2019es\u00adprit et de la mati\u00e8re&nbsp;? Pr\u00ea\u00adte\u00adrez-vous l\u2019o\u00adreille au Bee\u00adtho\u00adven de la N\u00e9gation&nbsp;?<\/p>\n<p>Toutes les illu\u00adsions tombent comme des cadavres en pous\u00adsi\u00e8re du haut du gibet de ma Connais\u00adsance. Je p\u00e8le les cosses de l\u2019Es\u00adp\u00e9\u00adrance jus\u00adqu\u2019\u00e0 ce que le N\u00e9ant momi\u00adfi\u00e9 appa\u00adraisse dans toute sa nudit\u00e9.<\/p>\n<p>Je danse sur le cata\u00adfalque de tous mes r\u00eaves&nbsp;; je me mue en chry\u00adsa\u00adlide de songes plus beaux encore&nbsp;; je dirige ma course vers des fir\u00adma\u00adments inima\u00adgi\u00adnables, o\u00f9 je m\u2019en\u00adgouffre dans les creu\u00adsets puri\u00adfi\u00adca\u00adteurs de soleils monstrueux.<\/p>\n<p>Et les dieux se r\u00e9veillent de temps \u00e0 autre, jetant leurs fila\u00adments aux vents du matin, tis\u00adsant leurs lin\u00adceuls dans les cr\u00e9\u00adpus\u00adcules gla\u00adc\u00e9s. Cepen\u00addant, je sais ce que je&nbsp;sais.<\/p>\n<p>Des arbres ed\u00e9\u00adniques refleu\u00adrissent et de nou\u00advelles Eves sortent de leurs cavernes, et une myriade de Christs r\u00e9citent mono\u00adto\u00adn\u00e9\u00adment leur com\u00adplainte dou\u00adlou\u00adreuse, \u00e9bran\u00adlant leurs Cal\u00advaires. Cepen\u00addant je garde pour moi et mes pleurs et mes ricanements.<\/p>\n<p>O po\u00e8te, n\u2019as-tu pas aper\u00ad\u00e7u mon empreinte, l\u00e0-haut, sur la col\u00adline de ton ima\u00adgi\u00adna\u00adtion la plus \u00e9le\u00adv\u00e9e&nbsp;? O phi\u00adlo\u00adsophe, n\u2019as-tu pas dis\u00adtin\u00adgu\u00e9 ma trace dans ta m\u00e9di\u00adta\u00adtion la plus pro\u00adfonde&nbsp;? N\u2019a\u00advez-vous pas dis\u00adtin\u00adgu\u00e9 celui qui sonne de la trom\u00adpette par del\u00e0 les soleils, celui qui doigte la flute du&nbsp;temps&nbsp;?<\/p>\n<p>Com\u00adbien de fois ai-je sus\u00adpen\u00addu mes audiences dans le Royaume des Sen\u00adtences&nbsp;? Dans mes anti\u00adchambres et mes salles d\u2019hon\u00adneur, ils m\u2019at\u00adten\u00addaient eux, les ilotes du Hasard, les par\u00adve\u00adnus de l\u2019Ac\u00adci\u00addent, mais je res\u00adtais dis\u00adsi\u00admu\u00adl\u00e9 au dedans de mon palais, ense\u00adve\u00adli dans mes Pens\u00e9es.<\/p>\n<p>Il me h\u00e9laient du Dehors, jetant des pierres par mes croi\u00ads\u00e9es, tous, sans excep\u00adtion&nbsp;: fils de char\u00adpen\u00adtiers, faunes et nymphes, troupes olym\u00adpiennes, Bac\u00adchus et V\u00e9nus et Momus, Titans de Wei\u00admar et de Franc\u00adfort et de Cam\u00adden&nbsp;: tous ils me reven\u00addi\u00adquaient pour eux, moi, celui qui ne porte pas de cha\u00eenes. Mais je n\u2019\u00e9\u00adtais pas l\u00e0, p\u00eachant les l\u00e9via\u00adthans de l\u2019\u00c9\u00adter\u00adni\u00adt\u00e9 au moyen d\u2019un app\u00e2t extrait de mon cerveau.<\/p>\n<p>Car tous les dieux et tous les sau\u00adveurs passent sur ma pen\u00ads\u00e9e comme une nu\u00e9e fri\u00advole sur le bleu de l\u2019im\u00adpas\u00adsible firmament.<\/p>\n<p>J\u2019ai ran\u00ad\u00e7on\u00adn\u00e9 chaque atome, cher\u00adchant un Des\u00adsein&nbsp;; j\u2019ai racl\u00e9 les feux d\u2019in\u00adnom\u00adbrables soleils, cher\u00adchant au fond de leurs cendres le secret de leurs flammes&nbsp;; j\u2019ai m\u00eal\u00e9 mon \u00e2me \u00e0 l\u2019\u00e9\u00adther trans\u00adlu\u00adnaire. J\u2019ai tou\u00adjours et par\u00adtout ren\u00adcon\u00adtr\u00e9 cet Ano\u00adnyme, que je n\u2019ai jamais pu&nbsp;fixer.<\/p>\n<p>J\u2019ai l\u00e0, sur la nuque, l\u2019empreinte d\u2019un inef\u00adfa\u00ad\u00e7able bai\u00adser, lais\u00ads\u00e9e par Aphro\u00addite. Et, sur mon front, luit une marque \u00e9cla\u00adtante gra\u00adv\u00e9e par Luci\u00adfer, l\u2019h\u00e9\u00adri\u00adtier l\u00e9gi\u00adtime du Tr\u00f4ne. Car, jadis, je suis n\u00e9 de la mer et jadis aus\u00adsi, j\u2019ai son\u00adn\u00e9 la fan\u00adfare de la r\u00e9volte dans les hau\u00adteurs c\u00e9lestes.<\/p>\n<p>Je suis le mys\u00adt\u00e8re de la M\u00e9moire, le jeu de patience du Rire, l\u2019arc ten\u00addu de l\u2019Ex\u00adpec\u00adta\u00adtion, la s\u00e8ve mon\u00adtante de la Pas\u00adsion. Dans l\u2019es\u00adprit des hommes, je lais\u00adse\u00adrai les empreintes inef\u00adfa\u00ad\u00e7ables de mes talons \u00e9cra\u00adsants. Dans leurs c\u0153urs, ces cla\u00adviers de la dou\u00adleur, reten\u00adti\u00adront \u00e0 jamais et le bour\u00addon\u00adne\u00adment de mes n\u00e9ga\u00adtions et les doux bai\u00adsers de ma compassion.<\/p>\n<p>Je m\u2019ap\u00adpelle Pro\u00adt\u00e9e. Mon \u00e2me aujourd\u2019\u00adhui est un papillon aux ailes \u00e9tranges et je me suis pos\u00e9 sur de curieuses murailles. La nuit der\u00adni\u00e8re, j\u2019\u00e9\u00adtais une chauve-sou\u00adris et un mou\u00adrant m\u2019a\u00advait don\u00adn\u00e9 nais\u00adsance. Demain, je serai l\u2019\u0153il hi\u00e9\u00adro\u00adgly\u00adtique d\u2019un nouveau-n\u00e9.<\/p>\n<p>Il est des jours o\u00f9 je suis un cou\u00adsin qui pique les dieux, action\u00adn\u00e9 par une fr\u00e9\u00adn\u00e9\u00adsie de des\u00adtruc\u00adtion. Il est des cr\u00e9\u00adpus\u00adcules sinistres o\u00f9 je campe dans l\u2019ombre et o\u00f9 je bivouaque avec des feux-follets.<\/p>\n<p>Mon cer\u00adveau est un fan\u00adtas\u00adtique ver \u00e0 soie qui tisse des uni\u00advers sans len\u00adde\u00admain et qu\u2019au\u00adcune ann\u00e9e n\u2019a engen\u00addr\u00e9&nbsp;; des rythmes \u00e9tranges le font vibrer. J\u2019o\u00adb\u00e9is \u00e0 l\u2019ap\u00adpel de visions ata\u00adviques imp\u00e9\u00adrieuses, de sou\u00adve\u00adnirs gra\u00adv\u00e9s sur le par\u00adche\u00admin d\u2019an\u00adtiques \u00e9mo\u00adtions et qui s\u2019illu\u00adminent soudainement.<\/p>\n<p>Je suis sans rime, sans rai\u00adson, d\u00e9pour\u00advu de sens&nbsp;; et m\u00eame de bon sens. Je suis, j\u2019\u00e9\u00adtais, je serai, je&nbsp;vois.<\/p>\n<p>Je suis l\u2019es\u00adprit de toutes les r\u00e9vo\u00adlu\u00adtions. Je suis la fan\u00adfare qui s\u2019\u00e9\u00adl\u00e8ve de la bar\u00adri\u00adcade qui se dresse l\u00e0-bas, en pleine rue. Je suis l\u2019homme ligo\u00adt\u00e9 qui veut se d\u00e9bar\u00adras\u00adser des sangles de la Res\u00adtric\u00adtion. On m\u2019a br\u00fb\u00adl\u00e9 avec Gior\u00adda\u00adno Bru\u00adno, et fusill\u00e9 avec Fer\u00adrer. Je suis socia\u00adliste, anar\u00adchiste, indi\u00advi\u00addua\u00adliste&nbsp;; je suis le R\u00eave Dyna\u00admique, la bombe qui mine toute puis\u00adsance cher\u00adchant \u00e0 noyer le feu pro\u00adm\u00e9\u00adth\u00e9en dans la vase des sen\u00adtines de la rou\u00adtine et de la&nbsp;foi.<\/p>\n<p>Je suis l\u2019une de la che\u00advau\u00adch\u00e9e des walk\u00fcres wag\u00adn\u00e9\u00adriennes. Venez, \u00f4 hommes, sai\u00adsis\u00adsez-moi aux che\u00adveux, attra\u00adpez mes san\u00addales de flamme, sus\u00adpen\u00addez-vous \u00e0 mes paroles. Au del\u00e0 des Wal\u00adhal\u00adlas, et de tout ce qui a p\u00e9ri, et de toutes les salles de mas\u00adsacres, dans l\u2019in\u00adfi\u00adni, dans les infi\u00adnis, nous che\u00advau\u00adchons sur l\u2019\u00e9\u00adcume et sur la h\u00e2te de notre volon\u00adt\u00e9 tumultueuse.<\/p>\n<p>Qui donc ajou\u00adte\u00adra une cou\u00add\u00e9e \u00e0 l\u2019In\u00adfi\u00adni et une minute \u00e0 l\u2019\u00c9\u00adter\u00adni\u00adt\u00e9&nbsp;? Moi, par ces deux mots&nbsp;: <i>Je suis<\/i>.<\/p>\n<p>Le corps, cet auge de chair o\u00f9 le temps fouille, fur\u00e8te, p\u00eache, met en pi\u00e8ces&nbsp;: je ne suis pas cela.\u200a\u2014\u200aLe soleil conge\u00adl\u00e9 de la Rai\u00adson&nbsp;: je ne suis pas cela.\u200a\u2014\u200aLe Centre opaque de la lumi\u00e8re uni\u00adver\u00adselle&nbsp;: je ne suis pas cela.\u200a\u2014\u200aLa divi\u00adni\u00adt\u00e9 du Bien je ne suis pas cela. Pas plus que le Centre pas\u00adsion\u00adn\u00e9 du Plai\u00adsir. Je suis le Mys\u00adt\u00e8re et le Puits mer\u00adveilleux, l\u2019\u0152il fabu\u00adleux qui n\u2019est point fix\u00e9 \u00e0 un visage, le Mil\u00adl\u00e9\u00adnium de la Transformation.<\/p>\n<p>Je suis un enfer las\u00ads\u00e9 du feu \u00e9ter\u00adnel, un ciel fati\u00adgu\u00e9 de la b\u00e9a\u00adti\u00adtude, un olympe vid\u00e9 de ses&nbsp;dieux.<\/p>\n<p>Je suis un pa\u00efen qui vomit la vigne, un chr\u00e9\u00adtien qui d\u00e9f\u00e8que sur la croix et\u200a\u2014\u200achose la plus incroyable qui soit\u200a\u2014\u200aun juif qui crache sur le Veau&nbsp;d\u2019Or.<\/p>\n<p>Je parle, situ\u00e9 de l\u2019autre c\u00f4t\u00e9 de la mati\u00e8re. Je nie et je crois&nbsp;; je ricane et j\u2019aime. Je suis un incons\u00adtant et un apos\u00adtat. Je pos\u00ads\u00e8de l\u2019u\u00adni\u00adt\u00e9 du Nia\u00adga\u00adra, les bornes de l\u2019\u00e9\u00adclair, le mou\u00adve\u00adment ryth\u00adm\u00e9 des trem\u00adble\u00adments de&nbsp;terre.<\/p>\n<p>Vie, \u00f4 Vie&nbsp;! Airain, gra\u00adnit inexo\u00adrable. Cha\u00eenes indes\u00adtruc\u00adtibles de nos \u00e9ter\u00adnelles lamen\u00adta\u00adtions&nbsp;! Hosan\u00adna \u00e0 la Vie, de ma part, \u00e0 moi, qui suis le per\u00adp\u00e9\u00adtuel h\u00e9r\u00e9\u00adsiarque cosmique.<\/p>\n<p>Ben\u00adja\u00admin de Casseres<\/p>\n","protected":false},"excerpt":{"rendered":"<p>D\u00e9die \u00e0 ceux que repousse mon Indi\u00advi\u00addua\u00adlisme mili\u00adtant. Je bri\u00adse\u00adrai tout tis\u00adsu en train sur le m\u00e9tier et je file\u00adrai ma lumi\u00e8re et mes t\u00e9n\u00e8bres sur l\u2019u\u00adni\u00advers pour l\u2019en cou\u00advrir. J\u2019a\u00adbat\u00adtrai les hautes tours de la pen\u00ads\u00e9e et je pr\u00e9\u00adci\u00adpi\u00adte\u00adrai l\u2019arche sociale de l\u2019al\u00adliance dans les ab\u00eemes de l\u2019Ether. Je d\u00e9chi\u00adre\u00adrai la tapis\u00adse\u00adrie de l\u2019illu\u00adsion [\u2026]<\/p>\n","protected":false},"author":1,"featured_media":0,"comment_status":"closed","ping_status":"closed","sticky":false,"template":"","format":"standard","meta":{"wp_typography_post_enhancements_disabled":false,"footnotes":""},"categories":[277],"tags":[],"ppma_author":[540],"class_list":["post-2176","post","type-post","status-publish","format-standard","hentry","category-len-dehors-n196-197-15-decembre-1930"],"authors":[{"term_id":540,"user_id":1,"is_guest":0,"slug":"admin_3gikpwyf","display_name":"Vincent Dubuc","avatar_url":"https:\/\/secure.gravatar.com\/avatar\/d015720652c25fd2ced191ade86430094e1f288a17483713e3b34d26dea52507?s=96&d=mm&r=g","author_category":"","user_url":"https:\/\/la-presse-anarchiste.net","last_name":"Dubuc","first_name":"Vincent","job_title":"","description":""}],"_links":{"self":[{"href":"https:\/\/la-presse-anarchiste.net\/index.php\/wp-json\/wp\/v2\/posts\/2176","targetHints":{"allow":["GET"]}}],"collection":[{"href":"https:\/\/la-presse-anarchiste.net\/index.php\/wp-json\/wp\/v2\/posts"}],"about":[{"href":"https:\/\/la-presse-anarchiste.net\/index.php\/wp-json\/wp\/v2\/types\/post"}],"author":[{"embeddable":true,"href":"https:\/\/la-presse-anarchiste.net\/index.php\/wp-json\/wp\/v2\/users\/1"}],"replies":[{"embeddable":true,"href":"https:\/\/la-presse-anarchiste.net\/index.php\/wp-json\/wp\/v2\/comments?post=2176"}],"version-history":[{"count":0,"href":"https:\/\/la-presse-anarchiste.net\/index.php\/wp-json\/wp\/v2\/posts\/2176\/revisions"}],"wp:attachment":[{"href":"https:\/\/la-presse-anarchiste.net\/index.php\/wp-json\/wp\/v2\/media?parent=2176"}],"wp:term":[{"taxonomy":"category","embeddable":true,"href":"https:\/\/la-presse-anarchiste.net\/index.php\/wp-json\/wp\/v2\/categories?post=2176"},{"taxonomy":"post_tag","embeddable":true,"href":"https:\/\/la-presse-anarchiste.net\/index.php\/wp-json\/wp\/v2\/tags?post=2176"},{"taxonomy":"author","embeddable":true,"href":"https:\/\/la-presse-anarchiste.net\/index.php\/wp-json\/wp\/v2\/ppma_author?post=2176"}],"curies":[{"name":"wp","href":"https:\/\/api.w.org\/{rel}","templated":true}]}}