{"id":2192,"date":"1922-02-01T00:10:50","date_gmt":"1922-02-01T00:10:50","guid":{"rendered":"https:\/\/la-presse-anarchiste.net\/index.php\/2009\/08\/02\/le-centralisme-et-le-federalisme-dans-la-revolution\/"},"modified":"2024-05-20T17:33:11","modified_gmt":"2024-05-20T17:33:11","slug":"le-centralisme-et-le-federalisme-dans-la-revolution","status":"publish","type":"post","link":"https:\/\/la-presse-anarchiste.net\/index.php\/1922\/02\/01\/le-centralisme-et-le-federalisme-dans-la-revolution\/","title":{"rendered":"Le centralisme et le f\u00e9d\u00e9ralisme dans la r\u00e9volution"},"content":{"rendered":"<div class=\"pdfprnt-buttons pdfprnt-buttons-post pdfprnt-top-right\"><a href=\"https:\/\/la-presse-anarchiste.net\/index.php\/wp-json\/wp\/v2\/posts\/2192?print=pdf\" class=\"pdfprnt-button pdfprnt-button-pdf\" target=\"_blank\"><img decoding=\"async\" src=\"https:\/\/la-presse-anarchiste.net\/wp-content\/plugins\/pdf-print\/images\/pdf.png\" alt=\"image_pdf\" title=\"Afficher le PDF\"><\/a><a href=\"https:\/\/la-presse-anarchiste.net\/index.php\/wp-json\/wp\/v2\/posts\/2192?print=print\" class=\"pdfprnt-button pdfprnt-button-print\" target=\"_blank\"><img decoding=\"async\" src=\"https:\/\/la-presse-anarchiste.net\/wp-content\/plugins\/pdf-print\/images\/print.png\" alt=\"image_print\" title=\"Contenu imprim\u00e9\"><\/a><\/div>\n<figure class=\"wp-block-image alignleft\" style=\"text-align: justify;\"><a href=\"https:\/\/la-presse-anarchiste.net\/index.php\/1922\/01\/01\/anarchie-et-democratie\/discuttons\/\" rel=\"attachment wp-att-8133\"><img loading=\"lazy\" decoding=\"async\" width=\"500\" height=\"181\" class=\"wp-image-8133\" src=\"https:\/\/la-presse-anarchiste.net\/wp-content\/uploads\/2009\/05\/discuttons.jpg\" alt srcset=\"https:\/\/la-presse-anarchiste.net\/wp-content\/uploads\/2009\/05\/discuttons.jpg 500w, https:\/\/la-presse-anarchiste.net\/wp-content\/uploads\/2009\/05\/discuttons-300x109.jpg 300w\" sizes=\"auto, (max-width: 500px) 100vw, 500px\"><\/a><\/figure>\n\n\n<p style=\"text-align: justify;\">Ma pen\u00ads\u00e9e sur cette ques\u00adtion heur\u00adte\u00adra de front celle de nom\u00adbreux cama\u00adrades anar\u00adchistes et celle des com\u00admu\u00adnistes auto\u00adri\u00adtaires. Contrai\u00adre\u00adment, \u00e0 ce que cer\u00adtains pour\u00adraient croire, je ne cherche donc pas \u00e0 jouer un r\u00f4le de m\u00e9dia\u00adteur sen\u00adti\u00admen\u00adtal, mais \u00e0 expo\u00adser des concep\u00adtions que je crois logiques, et au sujet des\u00adquelles j\u2019ac\u00adcepte par avance la confron\u00adta\u00adtion avec des th\u00e8ses oppo\u00ads\u00e9es ou diff\u00e9rentes.<\/p>\n\n\n<p style=\"text-align: justify;\">Tout d\u2019a\u00adbord, qu\u2019est-ce qu\u2019une r\u00e9vo\u00adlu\u00adtion dans le domaine humain&nbsp;? Un acci\u00addent de l\u2019\u00e9\u00advo\u00adlu\u00adtion engen\u00addr\u00e9 arti\u00adfi\u00adciel\u00adle\u00adment par des obs\u00adtacles dres\u00ads\u00e9s contre le pro\u00adgr\u00e8s nor\u00admal et libre de l\u2019es\u00adp\u00e8ce humaine. Le r\u00f4le de la r\u00e9vo\u00adlu\u00adtion consiste \u00e0 jeter bas ces obs\u00adtacles, et \u00e0 rame\u00adner sur son che\u00admin natu\u00adrel la marche ascen\u00addante de l\u2019humanit\u00e9.<\/p>\n\n\n<p style=\"text-align: justify;\">Toute \u0153uvre r\u00e9vo\u00adlu\u00adtion\u00adnaire implique par cons\u00e9\u00adquent deux grands cou\u00adrants d\u2019ac\u00adti\u00advi\u00adt\u00e9&nbsp;: de des\u00adtruc\u00adtion et d\u2019\u00e9\u00addi\u00adfi\u00adca\u00adtion. Il serait cepen\u00addant erro\u00adn\u00e9 de les s\u00e9pa\u00adrer l\u2019un de l\u2019autre&nbsp;; les deux s\u2019en\u00adgendrent, se d\u00e9ter\u00adminent, se limitent mutuel\u00adle\u00adment. Nous vou\u00adlons d\u00e9truire pour recons\u00adtruire&nbsp;; nous pour\u00adrons recons\u00adtruire <em>Parce que<\/em> nous aurons d\u00e9truit. Notre besogne de des\u00adtruc\u00adtion sera orien\u00adt\u00e9e et \u00e9ten\u00addue au gr\u00e9 de nos pro\u00adjets de recons\u00adtruc\u00adteurs. Et notre t\u00e2che \u00e9di\u00adfi\u00adca\u00adtrice aura comme limites celles de notre action de destructeurs.<\/p>\n\n\n<p style=\"text-align: justify;\">Avec plus ou moins d\u2019in\u00adten\u00adsi\u00adt\u00e9, ces deux aspects du pro\u00adbl\u00e8me r\u00e9vo\u00adlu\u00adtion\u00adnaire s\u2019im\u00adpo\u00adse\u00adront d\u00e8s le pre\u00admier jour du com\u00adbat&nbsp;; simul\u00adta\u00adn\u00e9\u00adment nous devrons les r\u00e9soudre. \u00c9cra\u00adser les par\u00adti\u00adsans du vieux monde, assu\u00adrer notre exis\u00adtence com\u00admune de telle fa\u00e7on que les formes impro\u00advi\u00ads\u00e9es de pro\u00adduc\u00adtion ne soient plus un obs\u00adtacle \u00e0 l\u2019a\u00adche\u00admi\u00adne\u00adment de la soci\u00e9\u00adt\u00e9 vers le com\u00admu\u00adnisme\u200a\u2014\u200aet en dehors de la base liber\u00adtaire, le com\u00admu\u00adnisme est irr\u00e9a\u00adli\u00adsable,\u200a\u2014\u200avoi\u00adl\u00e0 vers quoi devra \u00eatre orien\u00adt\u00e9e notre activit\u00e9.<\/p>\n\n\n<p style=\"text-align: justify;\">Nous ne pou\u00advons pas pr\u00ea\u00adcher et pr\u00e9\u00adpa\u00adrer la r\u00e9vo\u00adlu\u00adtion sans pous\u00adser \u00e0 bout l\u2019\u00e9\u00adtude de ses cons\u00e9\u00adquences, sans affron\u00adter tout ce qui doit en d\u00e9cou\u00adler. Quel prin\u00adcipe nous gui\u00adde\u00adra dans notre double action, le Cen\u00adtra\u00adlisme ou le F\u00e9d\u00e9ralisme&nbsp;?<\/p>\n\n\n<p style=\"text-align: justify;\">Il importe, \u00e0 mon avis, de d\u00e9par\u00adta\u00adger bien net\u00adte\u00adment la dif\u00adf\u00e9\u00adrence essen\u00adtielle des deux cou\u00adrants pr\u00e9\u00adci\u00adt\u00e9s. Le pre\u00admier est cir\u00adcons\u00adtan\u00adciel&nbsp;; l\u2019autre est aus\u00adsi pro\u00adlon\u00adg\u00e9 que l\u2019exis\u00adtence m\u00eame de l\u2019hu\u00adma\u00adni\u00adt\u00e9. L\u2019un est un ins\u00adtru\u00adment dont l\u2019\u0153uvre est limi\u00adt\u00e9e \u00e0 une dur\u00e9e rela\u00adti\u00adve\u00adment courte&nbsp;; l\u2019autre est un but aus\u00adsi ample, aus\u00adsi infi\u00adni que l\u2019au\u00addace et la puis\u00adsance cr\u00e9a\u00adtrice de notre esp\u00e8ce.<\/p>\n\n\n<p style=\"text-align: justify;\">Ins\u00adtru\u00adment et but ne doivent pas \u00eatre confon\u00addus&nbsp;; pour for\u00adger celui-l\u00e0 et nous en ser\u00advir, notre m\u00e9thode devra \u00eatre sen\u00adsi\u00adble\u00adment dis\u00adtincte de la tac\u00adtique employ\u00e9e pour atteindre celui-ci.<\/p>\n\n\n<p style=\"text-align: justify;\">Vou\u00adlant \u00eatre plus com\u00adpr\u00e9\u00adhen\u00adsible, je pren\u00addrai comme exemple la France, en sou\u00adli\u00adgnant que, dans ses grandes lignes, le pro\u00adbl\u00e8me fon\u00adda\u00admen\u00adtal est le m\u00eame pour tous les pays. La r\u00e9vo\u00adlu\u00adtion n\u2019\u00e9\u00adcla\u00adte\u00adra pas par\u00adtout \u00e0 une date fixe et pr\u00e9\u00adcise. Elle nous a devan\u00adc\u00e9s hier en Rus\u00adsie, elle devan\u00adce\u00adra demain bien d\u2019autres nations encore. Admet\u00adtons donc, pire hypo\u00adth\u00e8se\u200a\u2014\u200aque ce soit la France qui bran\u00addisse la pre\u00admi\u00e8re la torche r\u00e9vo\u00adlu\u00adtion\u00adnaire. L\u2019im\u00adp\u00e9\u00adria\u00adlisme anglais vien\u00addrait imm\u00e9\u00addia\u00adte\u00adment au secours de la plou\u00adto\u00adcra\u00adtie fran\u00ad\u00e7aise. Les c\u00f4tes seraient blo\u00adqu\u00e9s, chose peu impor\u00adtante au fond, puisque nous aurions le pri\u00advi\u00adl\u00e8ge de pou\u00advoir, dans l\u2019en\u00adsemble, nous suf\u00adfire \u00e0 nous-m\u00eames. Alors sur\u00advien\u00addraient le bom\u00adbar\u00adde\u00adment des ports, les d\u00e9bar\u00adque\u00adments de troupes contre-r\u00e9vo\u00adlu\u00adtion\u00adnaires. Bru\u00adtal, le dilemme se pose\u00adra&nbsp;: vaincre ou \u00eatre vain\u00adcus. Ceux qui ne luttent pas par sno\u00adbisme opte\u00adront pour la pre\u00admi\u00e8re solution.<\/p>\n\n\n<p style=\"text-align: justify;\">Eh bien&nbsp;! Avec les m\u00e9thodes de lutte pra\u00adti\u00adqu\u00e9es par les stra\u00adt\u00e8ges mili\u00adtaires du capi\u00adta\u00adlisme, ne serons-nous pas for\u00adc\u00e9s d\u2019u\u00adni\u00adfier aus\u00adsi rapi\u00adde\u00adment que pos\u00adsible nos forces et nos efforts r\u00e9vo\u00adlu\u00adtion\u00adnaires&nbsp;? La dis\u00adper\u00adsion des uni\u00adt\u00e9s de com\u00adbat navales qui nous seraient acquises, la non coor\u00addi\u00adna\u00adtion et m\u00eame la contra\u00addic\u00adtion de leur acti\u00advi\u00adt\u00e9 ne pro\u00advo\u00adque\u00adraient-elles pas leur d\u00e9faite&nbsp;? D\u2019autres part, si sur terre des arm\u00e9es marchent contre les prin\u00adci\u00adpaux foyers du mou\u00adve\u00adment, ne fau\u00addrait-il pas une action d\u2019en\u00adsemble des grou\u00adpe\u00adments de com\u00adbat\u00adtants&nbsp;? Et cette action d\u2019en\u00adsemble, ne sup\u00adpose-t-elle pas la cen\u00adtra\u00adli\u00adsa\u00adtion de l\u2019initiative&nbsp;?<\/p>\n\n\n<p style=\"text-align: justify;\">Makh\u00adno lui-m\u00eame, au cours de toute son acti\u00advi\u00adt\u00e9 r\u00e9vo\u00adlu\u00adtion\u00adnaire, avait cen\u00adtra\u00adli\u00ads\u00e9 la direc\u00adtion de son arm\u00e9e de par\u00adti\u00adsans. Un conseil mili\u00adtaire, com\u00adpo\u00ads\u00e9 de d\u00e9l\u00e9\u00adgu\u00e9s-sol\u00addats, repr\u00e9\u00adsen\u00adtants leurs r\u00e9gi\u00adments res\u00adpec\u00adtifs ain\u00adsi qu\u2019un conseil d\u2019of\u00adfi\u00adciers, pre\u00adnaient les d\u00e9ci\u00adsions impo\u00ads\u00e9es par les cir\u00adcons\u00adtances, et ordon\u00adnaient aux r\u00e9gi\u00adments de se mou\u00advoir et d\u2019a\u00adgir selon les plans d\u2019at\u00adtaque ou de d\u00e9fense tra\u00adc\u00e9s d\u2019a\u00adpr\u00e8s les ren\u00adsei\u00adgne\u00adments re\u00e7us, confron\u00adt\u00e9s, v\u00e9ri\u00adfi\u00e9s, qui per\u00admet\u00adtaient de d\u00e9ci\u00adder d\u2019a\u00adpr\u00e8s la situa\u00adtion g\u00e9n\u00e9rale.<\/p>\n\n\n<p style=\"text-align: justify;\">Tant \u00e0 Petro\u00adgrad qu\u2019\u00e0 Mos\u00adcou, des anar\u00adchistes avaient for\u00adm\u00e9, au cours des batailles livr\u00e9es coutre les d\u00e9fen\u00adseurs de l\u2019an\u00adcien r\u00e9gime, des Comi\u00adt\u00e9s mili\u00adtaires dont le but \u00e9taient de coor\u00addon\u00adner les forces, de diri\u00adger la&nbsp;lutte.<\/p>\n\n\n<p style=\"text-align: justify;\">Qu\u2019entre cela et le mili\u00adta\u00adrisme d\u2019un Foch ou d\u2019un Trots\u00adki il y ait une dif\u00adf\u00e9\u00adrence \u00e9norme, c\u2019est ce que je ne sau\u00adrais nier. Et le dis\u00adsi\u00admu\u00adler serait cri\u00admi\u00adnel. L\u2019exemple de Makh\u00adno est plu\u00adt\u00f4t une syn\u00adth\u00e8se du f\u00e9d\u00e9\u00adra\u00adlisme et du centralisme.<\/p>\n\n\n<p style=\"text-align: justify;\">Dans les pays o\u00f9 l\u2019a\u00adgi\u00adta\u00adtion r\u00e9vo\u00adlu\u00adtion\u00adnaire est fi\u00e9\u00advreuse et constante, cette ques\u00adtion ne se pose m\u00eame pas. La vie impose, les faits com\u00admandent. Mais en France, o\u00f9 l\u2019on est dans une \u00e9poque de p\u00e2le dilet\u00adtan\u00adtisme r\u00e9vo\u00adlu\u00adtion\u00adnaire, il est, je crois, utile, de com\u00admen\u00adcer \u00e0 abor\u00adder fran\u00adche\u00adment ces ques\u00adtions \u00e9pi\u00adneuses, et de ne pas craindre de par\u00adler de cen\u00adtra\u00adlisme aux f\u00e9d\u00e9\u00adra\u00adlistes sec\u00adtaires, ni de f\u00e9d\u00e9\u00adra\u00adlisme aux cen\u00adtra\u00adlistes \u00e0 outrance.<\/p>\n\n\n<h5 style=\"text-align: center;\"><b>* * * *<\/b><\/h5>\n\n\n<p style=\"text-align: justify;\">Un bou\u00adle\u00adver\u00adse\u00adment de l\u2019en\u00adver\u00adgure de celui au sujet duquel nous dis\u00adser\u00adtons depuis long\u00adtemps est si immense dans sa por\u00adt\u00e9e, que bien peu d\u2019hommes l\u2019ap\u00adpr\u00e9\u00adcient \u00e0 sa juste valeur. C\u2019est l\u2019ef\u00adfon\u00addre\u00adment, la d\u00e9sar\u00adti\u00adcu\u00adla\u00adtion, la para\u00adly\u00adsie du m\u00e9ca\u00adnisme de l\u2019or\u00adga\u00adni\u00adsa\u00adtion sociale qui assure, quoique bien impar\u00adfai\u00adte\u00adment, la vie de la soci\u00e9\u00adt\u00e9. Usines d\u00e9truites, voies et moyens de com\u00admu\u00adni\u00adca\u00adtions cou\u00adp\u00e9s, an\u00e9an\u00adtis, rela\u00adtions inter\u00adrom\u00adpues sur toute l\u2019\u00e9\u00adten\u00addue du ter\u00adri\u00adtoire en lutte, d\u00e9p\u00f4ts d\u2019ap\u00adpro\u00advi\u00adsion\u00adne\u00adment pill\u00e9s, maga\u00adsins incen\u00addi\u00e9s, et le meilleur des \u00e9ner\u00adgies, des consciences r\u00e9vo\u00adlu\u00adtion\u00adnaires absor\u00adb\u00e9 par le com\u00adbat!\u2026 Allez donc consti\u00adtuer dans ces condi\u00adtions un Conseil d\u2019\u00c9\u00adco\u00adno\u00admie Sup\u00e9\u00adrieur qui indi\u00adque\u00adra ou impo\u00adse\u00adra \u00e0 Lille, Bor\u00addeaux, Mar\u00adseille, les dis\u00adpo\u00adsi\u00adtions \u00e0 prendre pour orga\u00adni\u00adser la pro\u00adduc\u00adtion des choses \u00e9l\u00e9\u00admen\u00adtaires des\u00adti\u00adn\u00e9es \u00e0 rem\u00adplir les esto\u00admacs, afin que les cer\u00adveaux puissent fonc\u00adtion\u00adner et les bras&nbsp;agir&nbsp;!<\/p>\n\n\n<p style=\"text-align: justify;\">Le manque ou la des\u00adtruc\u00adtion des mati\u00e8res pre\u00admi\u00e8res auront lieu sur une \u00e9chelle plus ou moins vaste, selon les condi\u00adtions dans les\u00adquelles la lutte se sera d\u00e9rou\u00adl\u00e9e, et conti\u00adnue\u00adra \u00e0 se d\u00e9rou\u00adler. Le rythme de la pro\u00adduc\u00adtion sera bri\u00ads\u00e9. Quelles sta\u00adtis\u00adtiques peut-on dres\u00adser, assez cer\u00adtaines pour cen\u00adtra\u00adli\u00adser l\u2019or\u00adga\u00adni\u00adsa\u00adtion du tra\u00advail&nbsp;? Est-il pos\u00adsible de construire si rapi\u00adde\u00adment un appa\u00adreil de pro\u00adduc\u00adtion, d\u2019in\u00adno\u00adver quelque chose d\u2019as\u00adsez par\u00adfait pour ne pas per\u00admettre l\u2019in\u00adter\u00adven\u00adtion des autres fac\u00adteurs (syn\u00addi\u00adcats, comi\u00adt\u00e9s d\u2019u\u00adsines, coop\u00e9\u00adra\u00adtives, asso\u00adcia\u00adtions sur\u00adgies spon\u00adta\u00adn\u00e9\u00adment, etc), d\u2019\u0153u\u00advrer en toute liber\u00adt\u00e9, avec la sou\u00adplesse et l\u2019\u00e9\u00adlas\u00adti\u00adci\u00adt\u00e9 requises par les \u00e9v\u00e8\u00adne\u00adments&nbsp;? Quelle absur\u00addi\u00adt\u00e9!\u2026 N\u2019en d\u00e9plaise aux ravau\u00addeurs de \u00ab&nbsp;g\u00e9o\u00adm\u00e9\u00adtrie sociale&nbsp;\u00bb, cette concep\u00adtion rigide d\u00e9montre leur inca\u00adpa\u00adci\u00adt\u00e9 abso\u00adlue de faire face aux pro\u00adbl\u00e8mes quo\u00adti\u00addiens de la vie en p\u00e9riode r\u00e9vo\u00adlu\u00adtion\u00adnaire. Et plus d\u2019un simple manuel \u00e0 peu pr\u00e8s illet\u00adtr\u00e9 ren\u00addrait des ser\u00advices plus impor\u00adtants \u00e0 la soci\u00e9\u00adt\u00e9 que tous ces intel\u00adlec\u00adtuels sans intelligence.<\/p>\n\n\n<p style=\"text-align: justify;\">Toute la r\u00e9vo\u00adlu\u00adtion russe est la condam\u00adna\u00adtion de cette m\u00e9thode. \u00ab&nbsp;Nous ordon\u00adnons de n\u2019a\u00adgir que d\u2019a\u00adpr\u00e8s les ordres par nous trans\u00admis. Et ceux qui trans\u00adgres\u00adse\u00adront cette ordon\u00adnance seront consi\u00add\u00e9\u00adr\u00e9s comme contre-r\u00e9vo\u00adlu\u00adtion\u00adnaires, et trai\u00adt\u00e9s comme tel&nbsp;\u00bb, a pro\u00adcla\u00adm\u00e9, de Mos\u00adcou, le Comi\u00adt\u00e9 Cen\u00adtral du P.C. Les forces de r\u00e9pres\u00adsion sont entr\u00e9es en jeu et ont emp\u00ea\u00adch\u00e9 par une oppres\u00adsion conti\u00adnuelle que les dif\u00adf\u00e9\u00adrents grou\u00adpe\u00adments cr\u00e9\u00e9s par la masse du peuple au cours de la r\u00e9vo\u00adlu\u00adtion ne mettent \u00e0 ex\u00e9\u00adcu\u00adtion les pro\u00adjets de leurs cr\u00e9a\u00adteurs. Mais Mos\u00adcou ne peut pas orga\u00adni\u00adser la pro\u00adduc\u00adtion. En cons\u00e9\u00adquence, tout s\u2019ar\u00adr\u00eate, s\u2019im\u00admo\u00adbi\u00adlise. La faim fait son appa\u00adri\u00adtion, le m\u00e9con\u00adten\u00adte\u00adment sur\u00adgit, l\u2019es\u00adpoir tombe, la flamme r\u00e9vo\u00adlu\u00adtion\u00adnaire s\u2019\u00e9\u00adteint. Pour faire mar\u00adcher ces masses, les dic\u00adta\u00adteurs ren\u00adforcent leur appa\u00adreil d\u2019im\u00adpo\u00adsi\u00adtion, ce qui inten\u00adsi\u00adfie la que\u00adrelle, et abou\u00adtit \u00e0\u2026 la r\u00e9sis\u00adtance pas\u00adsive des ouvriers et des pay\u00adsans qui ne tra\u00advaillent pas (c\u2019est le seul moyen de pro\u00adtes\u00adta\u00adtion qui leur reste), ou \u00e0 l\u2019in\u00adsur\u00adrec\u00adtion arm\u00e9e comme celle de Cronstadt.<\/p>\n\n\n<p style=\"text-align: justify;\">L\u2019\u00e9\u00adla\u00adbo\u00adra\u00adtion d\u2019une soci\u00e9\u00adt\u00e9 com\u00admu\u00adniste est trop dif\u00adfi\u00adcile et trop com\u00adplexe pour que des r\u00e9sul\u00adtats d\u00e9fi\u00adni\u00adtifs soient acquis en dix ou quinze ans. Pen\u00addant long\u00adtemps nous devrons, par manque d\u2019ap\u00adpro\u00advi\u00adsion\u00adne\u00adment, de ravi\u00adtaille\u00adment, de trans\u00adports faire en sorte que chaque r\u00e9gion, chaque contr\u00e9e, se suf\u00adfise \u00e0 elle-m\u00eame, par ses propres moyens. Dans cer\u00adtaines cas, le retour \u00e0 des formes pri\u00admi\u00adtives de pro\u00adduc\u00adtion sera in\u00e9vi\u00adtable. Puis, len\u00adte\u00adment, les obs\u00adtacles seront \u00e9li\u00admi\u00adn\u00e9s, la coh\u00e9\u00adsion se r\u00e9ta\u00adbli\u00adra, le concert des machines et de l\u2019Ef\u00adfort humain s\u2019\u00e9\u00adl\u00e8\u00adve\u00adra, dont la direc\u00adtion sera cen\u00adtra\u00adli\u00ads\u00e9e, ration\u00adnel\u00adle\u00adment, de bas eu haut, par de simples ex\u00e9\u00adcu\u00adteurs de la volon\u00adt\u00e9 des producteurs.<\/p>\n\n\n<p style=\"text-align: justify;\">Car, la nor\u00adma\u00adli\u00adt\u00e9 reve\u00adnue, nous serons obli\u00adg\u00e9s d\u2019a\u00advoir recours \u00e0 la syn\u00adth\u00e8se cen\u00adtra\u00adliste-f\u00e9d\u00e9\u00adra\u00adliste. Si les besoins de l\u2019in\u00addus\u00adtrie et du chauf\u00adfage rendent n\u00e9ces\u00adsaire l\u2019ex\u00adtrac\u00adtion de qua\u00adrante mil\u00adlions de tonnes de char\u00adbon par an, il nous fau\u00addra savoir ce que les mineurs du Nord, de l\u2019Ouest, du Centre, etc., pour\u00adront four\u00adnir selon la richesse des puits, les pos\u00adsi\u00adbi\u00adli\u00adt\u00e9s de tra\u00advail, le per\u00adfec\u00adtion\u00adne\u00adment et l\u2019a\u00adbon\u00addance de l\u2019ou\u00adtillage, l\u2019im\u00adpor\u00adtance de la main\u2011d\u2019\u0153uvre. Se basant sur ces contin\u00adgences, les tech\u00adni\u00adciens qui auront cen\u00adtra\u00adli\u00ads\u00e9 le mat\u00e9\u00adriel d\u2019\u00e9\u00adtude n\u00e9ces\u00adsaire, pour\u00adront pro\u00adc\u00e9\u00adder \u00e0 la r\u00e9par\u00adti\u00adtion du tra\u00advail. Et les mineurs pour\u00adront contr\u00f4\u00adler les rai\u00adsons des mesures prises par leurs d\u00e9l\u00e9\u00adgu\u00e9s. Il en sera de m\u00eame pour toutes les branches de la production.<\/p>\n\n\n<p style=\"text-align: justify;\">L\u2019in\u00adter\u00add\u00e9\u00adpen\u00addance des nations, des contr\u00e9es, des r\u00e9gions est aujourd\u2019\u00adhui si d\u00e9ve\u00adlop\u00adp\u00e9e qu\u2019elle ne peut dis\u00adpa\u00adra\u00eetre qu\u2019a\u00adpr\u00e8s un long pro\u00adces\u00adsus d\u2019\u00e9\u00advo\u00adlu\u00adtion. Nous ne devons pas, pour cette rai\u00adson, ne pas nous effor\u00adcer d\u2019y parvenir.<\/p>\n\n\n<p style=\"text-align: justify;\">Car, par\u00adti\u00adsan du pro\u00adgr\u00e8s v\u00e9ri\u00adtable, de celui qui d\u00e9ve\u00adloppe har\u00admo\u00adnieu\u00adse\u00adment par le jeu de leur acti\u00advi\u00adt\u00e9 conti\u00adnuelle toutes les facul\u00adt\u00e9s humaines, je pense qu\u2019il nous faut tendre vers la d\u00e9cen\u00adtra\u00adli\u00adsa\u00adtion dans tous les domaines de l\u2019exis\u00adtence, pour arri\u00adver \u00e0 la for\u00adma\u00adtion de l\u2019Homme Int\u00e9gral.<\/p>\n\n\n<p style=\"text-align: justify;\">Et je repousse avec toute mon \u00e9ner\u00adgie la concep\u00adtion m\u00e9ca\u00adnique qu\u2019ont de la vie les adeptes du \u00ab&nbsp;mat\u00e9\u00adria\u00adlisme his\u00adto\u00adrique&nbsp;\u00bb, dont l\u2019es\u00adprit bis\u00admar\u00adkien nous condui\u00adrait \u00e0 faire de l\u2019\u00eatre humain un auto\u00admate dans lequel aurait dis\u00adpa\u00adru tout ce qui vibre, tout ce qui pense, tout ce qui&nbsp;veut.<\/p>\n\n\n<p style=\"text-align: right;\">Max Ste\u00adphen<\/p>\n","protected":false},"excerpt":{"rendered":"<p>Ma pen\u00ads\u00e9e sur cette ques\u00adtion heur\u00adte\u00adra de front celle de nom\u00adbreux cama\u00adrades anar\u00adchistes et celle des com\u00admu\u00adnistes auto\u00adri\u00adtaires. Contrai\u00adre\u00adment, \u00e0 ce que cer\u00adtains pour\u00adraient croire, je ne cherche donc pas \u00e0 jouer un r\u00f4le de m\u00e9dia\u00adteur sen\u00adti\u00admen\u00adtal, mais \u00e0 expo\u00adser des concep\u00adtions que je crois logiques, et au sujet des\u00adquelles j\u2019ac\u00adcepte par avance la confrontation&nbsp;[\u2026]<\/p>\n","protected":false},"author":296,"featured_media":8089,"comment_status":"closed","ping_status":"closed","sticky":false,"template":"wp-custom-template-page-d-article","format":"standard","meta":{"wp_typography_post_enhancements_disabled":false,"footnotes":""},"categories":[278],"tags":[1007],"ppma_author":[1087],"class_list":["post-2192","post","type-post","status-publish","format-standard","has-post-thumbnail","hentry","category-la-revue-anarchiste-n2-fevrier-1922","tag-revolution"],"authors":[{"term_id":1087,"user_id":296,"is_guest":0,"slug":"max-stephen","display_name":"Max St\u00e9phen","avatar_url":"https:\/\/secure.gravatar.com\/avatar\/fd3a6282c3e7b17356441a92b4bde3aa6af8519ad47824604bfbed6652646ce4?s=96&d=mm&r=g","author_category":"","user_url":"","last_name":"St\u00e9phen","first_name":"Max","job_title":"","description":"Pseudonyme de Pierre Piller dit Gaston Leval"}],"_links":{"self":[{"href":"https:\/\/la-presse-anarchiste.net\/index.php\/wp-json\/wp\/v2\/posts\/2192","targetHints":{"allow":["GET"]}}],"collection":[{"href":"https:\/\/la-presse-anarchiste.net\/index.php\/wp-json\/wp\/v2\/posts"}],"about":[{"href":"https:\/\/la-presse-anarchiste.net\/index.php\/wp-json\/wp\/v2\/types\/post"}],"author":[{"embeddable":true,"href":"https:\/\/la-presse-anarchiste.net\/index.php\/wp-json\/wp\/v2\/users\/296"}],"replies":[{"embeddable":true,"href":"https:\/\/la-presse-anarchiste.net\/index.php\/wp-json\/wp\/v2\/comments?post=2192"}],"version-history":[{"count":6,"href":"https:\/\/la-presse-anarchiste.net\/index.php\/wp-json\/wp\/v2\/posts\/2192\/revisions"}],"predecessor-version":[{"id":8274,"href":"https:\/\/la-presse-anarchiste.net\/index.php\/wp-json\/wp\/v2\/posts\/2192\/revisions\/8274"}],"wp:featuredmedia":[{"embeddable":true,"href":"https:\/\/la-presse-anarchiste.net\/index.php\/wp-json\/wp\/v2\/media\/8089"}],"wp:attachment":[{"href":"https:\/\/la-presse-anarchiste.net\/index.php\/wp-json\/wp\/v2\/media?parent=2192"}],"wp:term":[{"taxonomy":"category","embeddable":true,"href":"https:\/\/la-presse-anarchiste.net\/index.php\/wp-json\/wp\/v2\/categories?post=2192"},{"taxonomy":"post_tag","embeddable":true,"href":"https:\/\/la-presse-anarchiste.net\/index.php\/wp-json\/wp\/v2\/tags?post=2192"},{"taxonomy":"author","embeddable":true,"href":"https:\/\/la-presse-anarchiste.net\/index.php\/wp-json\/wp\/v2\/ppma_author?post=2192"}],"curies":[{"name":"wp","href":"https:\/\/api.w.org\/{rel}","templated":true}]}}