{"id":220,"date":"2007-03-08T23:23:51","date_gmt":"2007-03-08T23:23:51","guid":{"rendered":"https:\/\/la-presse-anarchiste.net\/index.php\/2007\/03\/08\/qui-sommes-nous-que-voulons-nous-faire\/"},"modified":"2007-03-08T23:23:51","modified_gmt":"2007-03-08T23:23:51","slug":"qui-sommes-nous-que-voulons-nous-faire","status":"publish","type":"post","link":"https:\/\/la-presse-anarchiste.net\/index.php\/2007\/03\/08\/qui-sommes-nous-que-voulons-nous-faire\/","title":{"rendered":"Qui sommes-nous&nbsp;? Que voulons-nous faire&nbsp;?"},"content":{"rendered":"<div class=\"pdfprnt-buttons pdfprnt-buttons-post pdfprnt-top-right\"><a href=\"https:\/\/la-presse-anarchiste.net\/index.php\/wp-json\/wp\/v2\/posts\/220?print=pdf\" class=\"pdfprnt-button pdfprnt-button-pdf\" target=\"_blank\"><img decoding=\"async\" src=\"https:\/\/la-presse-anarchiste.net\/wp-content\/plugins\/pdf-print\/images\/pdf.png\" alt=\"image_pdf\" title=\"Afficher le PDF\"><\/a><a href=\"https:\/\/la-presse-anarchiste.net\/index.php\/wp-json\/wp\/v2\/posts\/220?print=print\" class=\"pdfprnt-button pdfprnt-button-print\" target=\"_blank\"><img decoding=\"async\" src=\"https:\/\/la-presse-anarchiste.net\/wp-content\/plugins\/pdf-print\/images\/print.png\" alt=\"image_print\" title=\"Contenu imprim\u00e9\"><\/a><\/div><div align=\"justify\">\nNous sommes issus de deux groupes qui exis\u00adtaient avant mai 68&nbsp;: \u00ab&nbsp;Noir et Rouge&nbsp;\u00bb et \u00ab&nbsp;ICO&nbsp;\u00bb ( Infor\u00adma\u00adtions, Cor\u00adres\u00adpon\u00addances Ouvri\u00e8res). N&amp;R \u00e9tait une revue d\u2019\u00e9\u00adtudes qui d\u00e9si\u00adrait abor\u00adder tous les pro\u00adbl\u00e8mes, sans tabous id\u00e9o\u00adlo\u00adgiques tout en se r\u00e9cla\u00admant de l\u2019a\u00adnar\u00adchisme. ICO \u00e9tait \u00e0 l\u2019o\u00adri\u00adgine un groupe de tra\u00advailleurs qui d\u00e9non\u00ad\u00e7ait le syn\u00addi\u00adca\u00adlisme comme alli\u00e9 indis\u00adpen\u00adsable du capi\u00adta\u00adlisme\u200a\u2014\u200ade l\u2019Est et de l\u2019Ouest. Apr\u00e8s mai 68, ces deux groupes subirent une \u00e9vo\u00adlu\u00adtion qui fit \u00e9cla\u00adter leur struc\u00adture tra\u00addi\u00adtion\u00adnelle. N&amp;R devint un car\u00adre\u00adfour de ren\u00adcontres, d\u2019i\u00adni\u00adtia\u00adtives, tout en vou\u00adlant conti\u00adnuer un tra\u00advail col\u00adlec\u00adtif d\u2019\u00e9\u00adtudes. Mais apr\u00e8s un der\u00adnier num\u00e9\u00adro d\u2019a\u00adna\u00adlyse, le groupe d\u00e9ci\u00adda de sabor\u00adder la revue \u00e0 la suite de l\u2019im\u00adpuis\u00adsance col\u00adlec\u00adtive \u00e0 pou\u00advoir conci\u00adlier les deux. ICO re\u00e7ut un afflux de mili\u00adtants de mai, plus int\u00e9\u00adres\u00ads\u00e9s par des pro\u00adbl\u00e8mes li\u00e9s \u00e0 la vie quo\u00adti\u00addienne hors des bo\u00eetes que par une r\u00e9flexion sur les pro\u00adbl\u00e8mes plus stric\u00adte\u00adment li\u00e9s aux \u00ab&nbsp;lieux de tra\u00advail&nbsp;\u00bb. Ces deux optiques coha\u00adbi\u00adt\u00e8rent jus\u00adqu\u2019en 1973 pour \u00e9cla\u00adter ensuite. Une ana\u00adlyse, \u00ab&nbsp;un point de vue[[SIMON Hen\u00adri, 34 rue Saint-S\u00e9bas\u00adtien, 75011 Paris]]&nbsp;\u00bb a \u00e9t\u00e9 \u00e9crit \u00e0 ce sujet par un camarade.&nbsp;\n<p>De ces trois posi\u00adtions\u200a\u2014\u200arevue d\u2019\u00e9\u00adtude, pro\u00adbl\u00e8mes du tra\u00advail, pro\u00adbl\u00e8mes id\u00e9o\u00adlo\u00adgi\u00adco-indi\u00advi\u00adduels \u2014, laquelle choisissons-nous&nbsp;?&nbsp;<\/p>\n<p>En fait, il n\u2019est pas fait une s\u00e9pa\u00adra\u00adtion a prio\u00adri, et sans tom\u00adber dans l\u2019\u00e9\u00adclec\u00adtisme du groupe qui veut publier pour admi\u00adrer sa propre signa\u00adture \u00e0 d\u00e9faut d\u2019\u00eatre publi\u00e9 par \u00ab&nbsp;Le Monde&nbsp;\u00bb ou le \u00ab&nbsp;Nou\u00advel Obs&nbsp;\u00bb, nous sen\u00adtons que nous ne nous recon\u00adnais\u00adsons pas dans d\u2019autres revues et que nous avons \u00e0 faire \u0153uvre de pr\u00e9sence.&nbsp;<\/p>\n<p>Nous avons com\u00admen\u00adc\u00e9 \u00e0 nous d\u00e9fi\u00adnir plus pro\u00adfon\u00add\u00e9\u00adment en abor\u00addant le titre de la revue. Mis \u00e0 part le f\u00e9ti\u00adchisme mi-reli\u00adgieux mi-baroque que cer\u00adtains accordent au titre, et au sous-titre, il est appa\u00adru que pour les uns la r\u00e9f\u00e9\u00adrence \u00e0 l\u2019a\u00adnar\u00adchisme est n\u00e9ces\u00adsaire parce qu\u2019ils s\u2019i\u00adden\u00adti\u00adfient \u00e0 des ana\u00adlyses et des exp\u00e9\u00adriences et que, sans tom\u00adber dans le dogme, il y a des prin\u00adcipes fon\u00adda\u00admen\u00adtaux que nous recon\u00adnais\u00adsons tous (anti-\u00c9tat, non-hi\u00e9\u00adrar\u00adchie, r\u00e9vo\u00adca\u00adtion imm\u00e9\u00addiate, rota\u00adtion, \u2026). Pour les autres, toute \u00e9ti\u00adquette est \u00e0 aban\u00addon\u00adner car elle nuit \u00e0 la com\u00admu\u00adni\u00adca\u00adtion avec les lec\u00adteurs et adop\u00adter un \u00ab&nbsp;isme&nbsp;\u00bb, c\u2019est accep\u00adter cer\u00adtaines pro\u00adpo\u00adsi\u00adtions qui peuvent cacher, blo\u00adquer la com\u00adpr\u00e9\u00adhen\u00adsion de la r\u00e9a\u00adli\u00adt\u00e9. D\u2019autres cama\u00adrades n\u2019ac\u00adcor\u00addaient que peu d\u2019im\u00adpor\u00adtance \u00e0 ce type de pro\u00adbl\u00e8me. C\u2019est pour l\u2019ins\u00adtant la pre\u00admi\u00e8re posi\u00adtion qui s\u2019est trou\u00adv\u00e9e \u00ab&nbsp;majoritaire&nbsp;\u00bb.&nbsp;<\/p>\n<p>Cette divi\u00adsion au d\u00e9part ne semble pas un obs\u00adtacle \u00e0 la fabri\u00adca\u00adtion d\u2019une revue en com\u00admun, avec les dis\u00adcus\u00adsions qui en surgiront.&nbsp;<\/p>\n<p>Et socia\u00adle\u00adment, qui somme-nous&nbsp;? Une majo\u00adri\u00adt\u00e9 d\u2019en\u00adsei\u00adgnants (sup\u00e9\u00adrieurs et secon\u00addaires&nbsp;!), des employ\u00e9s et ouvriers. De toute fa\u00e7on, tous plus ou moins des intel\u00adlec\u00adtuels, si ce n\u2019est par la pro\u00adfes\u00adsion du moins par le fait que nous sommes \u00ab&nbsp;militants&nbsp;\u00bb.&nbsp;<\/p>\n<p>\u2014 Pour\u00adrons-nous d\u00e9pas\u00adser ces oppo\u00adsi\u00adtions sociales&nbsp;?<br>\n<br>\u2014 Ce que cha\u00adcun \u00e9cri\u00adra sera-t-il li\u00e9 \u00e0 ce qu\u2019il est socialement&nbsp;?&nbsp;<\/p>\n<p>Le d\u00e9bat est ouvert et la r\u00e9ponse vien\u00addra de nous et aus\u00adsi des lecteurs.&nbsp;<\/p>\n<p>Ce qui nous ras\u00adsemble ce sont bien enten\u00addu nos posi\u00adtions de base, celles expri\u00adm\u00e9es dans les points com\u00admuns, mais aus\u00adsi un cer\u00adtain nombre de \u00ab&nbsp;r\u00e9flexes&nbsp;\u00bb com\u00admuns face \u00e0 des situa\u00adtions pr\u00e9\u00adcises, r\u00e9flexes dont nous consta\u00adtons la r\u00e9a\u00adli\u00adt\u00e9 ponc\u00adtuel\u00adle\u00adment, \u00e9pi\u00adso\u00addi\u00adque\u00adment et n\u00e9ga\u00adti\u00adve\u00adment, par rap\u00adport \u00e0 tel \u00e9v\u00e8\u00adne\u00adment, par rap\u00adport \u00e0 tel ou tel groupe, telle ou telle position.&nbsp;<\/p>\n<p>M\u00eame si nous ne nous recon\u00adnais\u00adsons pas dans les groupes et publi\u00adca\u00adtions exis\u00adtantes, cer\u00adtains nous sont proches, mais en par\u00adtie seule\u00adment. Aus\u00adsi envi\u00adsa\u00adgeons-nous de dis\u00adcu\u00adter, avec dif\u00adf\u00e9\u00adrents groupes anti-auto\u00adri\u00adtaires, d\u2019ho\u00adri\u00adzons divers, et de par\u00adti\u00adci\u00adper \u00e0 un d\u00e9bat qui doit avoir lieu sur toute une s\u00e9rie de pro\u00adbl\u00e8mes (voir Th\u00e8mes pour la Controverse).&nbsp;<\/p>\n<p>Nous ferons une part appro\u00adfon\u00addie aux comptes ren\u00addus, cri\u00adtiques de dif\u00adf\u00e9\u00adrents livres, jour\u00adnaux, revues, bro\u00adchures, etc.&nbsp;<\/p>\n<p>De plus, par la suite, chaque num\u00e9\u00adro sera pour moi\u00adti\u00e9 au moins consa\u00adcr\u00e9 \u00e0 un sujet par\u00adti\u00adcu\u00adlier avec des articles contra\u00addic\u00adtoires, \u00e9crits par nous ou que nous rece\u00advrons ou tra\u00addui\u00adrons. Place sera faite \u00e9ga\u00adle\u00adment au cour\u00adrier des lecteurs\u2026&nbsp;<\/p>\n<p>Cepen\u00addant, il va de soi que nous ne sommes pas une tri\u00adbune libre, ni un fourre-tout, et que nous res\u00adtons les seuls ma\u00eetres (en bons anar\u00adchistes&nbsp;!) de d\u00e9ci\u00adder de ce que nous publions.&nbsp;<\/p><\/div>\n","protected":false},"excerpt":{"rendered":"<p>Nous sommes issus de deux groupes qui exis\u00adtaient avant mai 68&nbsp;: \u00ab&nbsp;Noir et Rouge&nbsp;\u00bb et \u00ab&nbsp;ICO&nbsp;\u00bb ( Infor\u00adma\u00adtions, Cor\u00adres\u00adpon\u00addances Ouvri\u00e8res). N&amp;R \u00e9tait une revue d\u2019\u00e9\u00adtudes qui d\u00e9si\u00adrait abor\u00adder tous les pro\u00adbl\u00e8mes, sans tabous id\u00e9o\u00adlo\u00adgiques tout en se r\u00e9cla\u00admant de l\u2019a\u00adnar\u00adchisme. ICO \u00e9tait \u00e0 l\u2019o\u00adri\u00adgine un groupe de tra\u00advailleurs qui d\u00e9non\u00ad\u00e7ait le syn\u00addi\u00adca\u00adlisme comme alli\u00e9 indispensable&nbsp;[\u2026]<\/p>\n","protected":false},"author":1,"featured_media":0,"comment_status":"closed","ping_status":"closed","sticky":false,"template":"","format":"standard","meta":{"wp_typography_post_enhancements_disabled":false,"footnotes":""},"categories":[35],"tags":[],"ppma_author":[540],"class_list":["post-220","post","type-post","status-publish","format-standard","hentry","category-la-lanterne-noire-n1-juillet-aout-1974"],"authors":[{"term_id":540,"user_id":1,"is_guest":0,"slug":"admin_3gikpwyf","display_name":"Vincent Dubuc","avatar_url":"https:\/\/secure.gravatar.com\/avatar\/d015720652c25fd2ced191ade86430094e1f288a17483713e3b34d26dea52507?s=96&d=mm&r=g","author_category":"","user_url":"https:\/\/la-presse-anarchiste.net","last_name":"Dubuc","first_name":"Vincent","job_title":"","description":""}],"_links":{"self":[{"href":"https:\/\/la-presse-anarchiste.net\/index.php\/wp-json\/wp\/v2\/posts\/220","targetHints":{"allow":["GET"]}}],"collection":[{"href":"https:\/\/la-presse-anarchiste.net\/index.php\/wp-json\/wp\/v2\/posts"}],"about":[{"href":"https:\/\/la-presse-anarchiste.net\/index.php\/wp-json\/wp\/v2\/types\/post"}],"author":[{"embeddable":true,"href":"https:\/\/la-presse-anarchiste.net\/index.php\/wp-json\/wp\/v2\/users\/1"}],"replies":[{"embeddable":true,"href":"https:\/\/la-presse-anarchiste.net\/index.php\/wp-json\/wp\/v2\/comments?post=220"}],"version-history":[{"count":0,"href":"https:\/\/la-presse-anarchiste.net\/index.php\/wp-json\/wp\/v2\/posts\/220\/revisions"}],"wp:attachment":[{"href":"https:\/\/la-presse-anarchiste.net\/index.php\/wp-json\/wp\/v2\/media?parent=220"}],"wp:term":[{"taxonomy":"category","embeddable":true,"href":"https:\/\/la-presse-anarchiste.net\/index.php\/wp-json\/wp\/v2\/categories?post=220"},{"taxonomy":"post_tag","embeddable":true,"href":"https:\/\/la-presse-anarchiste.net\/index.php\/wp-json\/wp\/v2\/tags?post=220"},{"taxonomy":"author","embeddable":true,"href":"https:\/\/la-presse-anarchiste.net\/index.php\/wp-json\/wp\/v2\/ppma_author?post=220"}],"curies":[{"name":"wp","href":"https:\/\/api.w.org\/{rel}","templated":true}]}}