{"id":2207,"date":"2009-10-14T23:22:40","date_gmt":"2009-10-14T23:22:40","guid":{"rendered":"https:\/\/la-presse-anarchiste.net\/index.php\/2009\/10\/14\/informations-internationales\/"},"modified":"2009-10-14T23:22:40","modified_gmt":"2009-10-14T23:22:40","slug":"informations-internationales","status":"publish","type":"post","link":"https:\/\/la-presse-anarchiste.net\/index.php\/2009\/10\/14\/informations-internationales\/","title":{"rendered":"Informations internationales"},"content":{"rendered":"<div class=\"pdfprnt-buttons pdfprnt-buttons-post pdfprnt-top-right\"><a href=\"https:\/\/la-presse-anarchiste.net\/index.php\/wp-json\/wp\/v2\/posts\/2207?print=pdf\" class=\"pdfprnt-button pdfprnt-button-pdf\" target=\"_blank\"><img decoding=\"async\" src=\"https:\/\/la-presse-anarchiste.net\/wp-content\/plugins\/pdf-print\/images\/pdf.png\" alt=\"image_pdf\" title=\"Afficher le PDF\"><\/a><a href=\"https:\/\/la-presse-anarchiste.net\/index.php\/wp-json\/wp\/v2\/posts\/2207?print=print\" class=\"pdfprnt-button pdfprnt-button-print\" target=\"_blank\"><img decoding=\"async\" src=\"https:\/\/la-presse-anarchiste.net\/wp-content\/plugins\/pdf-print\/images\/print.png\" alt=\"image_print\" title=\"Contenu imprim\u00e9\"><\/a><\/div><p>[(Nous publions ci-des\u00adsous un article de nos cama\u00adrades d\u2019Es\u00adpagne, qui ont tenu \u00e0 s\u2019u\u00adnir \u00e0 nous pour com\u00adm\u00e9\u00admo\u00adrer la Com\u00admune de&nbsp;Paris.<\/p>\n<p>Les cama\u00adrades de l\u2019Al\u00adliance tiennent \u00e0 r\u00e9af\u00adfir\u00admer solen\u00adnel\u00adle\u00adment, en cette occa\u00adsion, qu\u2019ils ne sau\u00adraient esqui\u00adver leurs res\u00adpon\u00adsa\u00adbi\u00adli\u00adt\u00e9s d\u2019in\u00adter\u00adna\u00adtio\u00adna\u00adlistes, et qu\u2019ils ne sont pas sans savoir que l\u2019u\u00adni\u00adt\u00e9 des luttes ouvri\u00e8res et r\u00e9vo\u00adlu\u00adtion\u00adnaires ne peut se fon\u00adder que sur une pra\u00adtique inter\u00adna\u00adtio\u00adna\u00adliste efficace.<\/p>\n<p>A los tra\u00adba\u00adja\u00addores de Espa\u00adna en lucha, a nues\u00adtros com\u00adpa\u00f1e\u00adros de siempre, man\u00adda\u00admos noso\u00adtros, mili\u00adtantes de la Alian\u00adza Sin\u00addi\u00adca\u00adlis\u00adta de Fran\u00adcia, nues\u00adtro fra\u00adter\u00adnal salu\u00addo revolucionario.<\/p>\n<p>Esta\u00admos a su lado, respal\u00addan\u00addo\u00adnos jun\u00adtos, ire\u00admos has\u00adta nues\u00adtra eman\u00adci\u00adpa\u00adci\u00f4n integral&nbsp;!<\/p>\n<p>Salud.)]<\/p>\n<p>En \u00e9vo\u00adquant le sou\u00adl\u00e8\u00adve\u00adment du peuple de Paris en 1871, nous pour\u00adrions mettre l\u2019ac\u00adcent sur ses causes, sur la cri\u00adtique de ses faits, sur les effets de son action ou sur la cruelle r\u00e9pres\u00adsion s\u2019a\u00adbat\u00adtant sur les Com\u00admu\u00adnards. Mais, bien que tout cela soit tr\u00e8s impor\u00adtant et doive \u00eatre men\u00adtion\u00adn\u00e9 pour dres\u00adser un pano\u00adra\u00adma, ce que la Com\u00admune conti\u00adnue de repr\u00e9\u00adsen\u00adter en tant qu\u2019ex\u00adp\u00e9\u00adrience sti\u00admu\u00adlante pour le pro\u00adgr\u00e8s social et humain pr\u00e9\u00adsente, pour nous, plus d\u2019in\u00adt\u00e9\u00adr\u00eat en ce moment.<\/p>\n<p>Ce peuple de Paris qui n\u2019a\u00advait pas \u00e9t\u00e9 vain\u00adcu et qui, pour se d\u00e9fendre contre les Alle\u00admands, ache\u00adta 250 canons par col\u00adlecte popu\u00adlaire, et qui, de plus, refu\u00adsait le d\u00e9sastre de Sedan et les capi\u00adtu\u00adla\u00adtions impo\u00ads\u00e9es par Bis\u00admarck, se sou\u00adle\u00adva contre l\u2019As\u00adsem\u00adbl\u00e9e r\u00e9unie \u00e0 Ver\u00adsailles&nbsp;; entre autres raisons&nbsp;:<\/p>\n<p>1\u00b0 parce qu\u2019il se rend compte, lors de la consti\u00adtu\u00adtion du gou\u00adver\u00adne\u00adment de Ver\u00adsailles, que celui-ci refuse d\u2019\u00e9\u00adcou\u00adter les Pari\u00adsiens, et parce que l\u2019As\u00adsem\u00adbl\u00e9e lais\u00adsait sans solde la garde natio\u00adnale et sans tra\u00advail les ouvriers&nbsp;;<\/p>\n<p>2\u00b0 parce que les Ver\u00adsaillais d\u00e9ci\u00add\u00e8rent une poli\u00adtique de red\u00addi\u00adtion sans consul\u00adter le pays et sans tenir compte de Paris qui avait pour\u00adtant son mot \u00e0 dire de droit. De m\u00eame, ce qui joua un r\u00f4le impor\u00adtant ce fut le d\u00e9sir ardent des Pari\u00adsiens de se d\u00e9cla\u00adrer contre l\u2019empereur Bona\u00adparte qui avait oppri\u00adm\u00e9 la nation et les hommes les plus \u00e9mi\u00adnents de Paris, en particulier.<\/p>\n<p>L\u2019ac\u00adcu\u00admu\u00adla\u00adtion de ces causes s\u2019en\u00adcha\u00ee\u00adnant, Paris se jeta dans la rue, pr\u00eat \u00e0 lut\u00adter pour sa liber\u00adt\u00e9 et avec le d\u00e9sir pro\u00adfond de trans\u00adfor\u00admer les struc\u00adtures h\u00e9t\u00e9\u00adro\u00adg\u00e8nes, ceux-ci sur\u00adent s\u2019u\u00adnir face \u00e0 Ver\u00adsailles repr\u00e9\u00adsen\u00adtant la capi\u00adtu\u00adla\u00adtion et l\u2019im\u00adp\u00e9\u00adria\u00adlisme avec son injus\u00adtice et autres abus.<\/p>\n<p>Donc, mal\u00adgr\u00e9 ce qui les s\u00e9pa\u00adrait, les groupes sur\u00adent se f\u00e9d\u00e9\u00adrer et mettre en place une orga\u00adni\u00adsa\u00adtion com\u00admu\u00adnale qui culmi\u00adna dans des faits r\u00e9el\u00adle\u00adment plau\u00adsibles, tels que&nbsp;: pro\u00adcla\u00adma\u00adtion de la jour\u00adn\u00e9e de huit heures&nbsp;; la terre aux pay\u00adsans&nbsp;; les ate\u00adliers et les outils de tra\u00advail aux ouvriers&nbsp;; la richesse au ser\u00advice de tous&nbsp;; l\u2019\u00e9\u00addu\u00adca\u00adtion libre et g\u00e9n\u00e9\u00adra\u00adli\u00ads\u00e9e&nbsp;; plus de ch\u00f4\u00admage pour les pauvres, plus de pri\u00advi\u00adl\u00e8ges pour les riches, sinon la jouis\u00adsance pour tous les citoyens. Et tout cela sanc\u00adtion\u00adn\u00e9 par un Conseil de la Com\u00admune au sein duquel \u00e9taient repr\u00e9\u00adsen\u00adt\u00e9s tous les groupes poli\u00adtiques et o\u00f9 les repr\u00e9\u00adsen\u00adtants \u00e9taient \u00e9lus par le vote libre et direct du peuple.<\/p>\n<p>Il est vrai que Paris, avec ses pro\u00adjec\u00adtions reven\u00addi\u00adca\u00adtives, ne pou\u00advait se d\u00e9fendre long\u00adtemps contre les arm\u00e9es fran\u00ad\u00e7aises qui, appuy\u00e9es par des bataillons alle\u00admands, assi\u00e9\u00adgeaient la ville, l\u2019i\u00adso\u00adlant du reste de la nation. Les com\u00adbats furent san\u00adglants, et l\u2019in\u00adhu\u00admaine r\u00e9pres\u00adsion qui s\u2019en\u00adsui\u00advit, avec plus de trente milles assas\u00adsi\u00adn\u00e9s et des mil\u00adliers de d\u00e9por\u00adt\u00e9s et de pri\u00adson\u00adniers, consti\u00adtue le bilan d\u2019une r\u00e9sis\u00adtance h\u00e9ro\u00efque. Mal\u00adgr\u00e9 cela, l\u2019ac\u00adtion de la Com\u00admune dans sa capa\u00adci\u00adt\u00e9 orga\u00adni\u00adsa\u00adtrice et les pers\u00adpec\u00adtives qu\u2019elle ouvrit dans diverses direc\u00adtions put chan\u00adger de nom\u00adbreuses choses et ouvrir des hori\u00adzons d\u2019espoir.<\/p>\n<p>Un si\u00e8cle apr\u00e8s ce 18 mars qui vit le sou\u00adl\u00e8\u00adve\u00adment du peuple de Paris contre la capi\u00adtu\u00adla\u00adtion et le des\u00adpo\u00adtisme, nous pou\u00advons consta\u00adter que cer\u00adtaines des reven\u00addi\u00adca\u00adtions et ini\u00adtia\u00adtives de la Com\u00admune de 1871 sont deve\u00adnues r\u00e9a\u00adli\u00adt\u00e9 et que d\u2019autres sont en voie de r\u00e9a\u00adli\u00adsa\u00adtion&nbsp;: jour\u00adn\u00e9e de huit heures, \u00e9du\u00adca\u00adtion g\u00e9n\u00e9\u00adra\u00adli\u00ads\u00e9e, repos et vacances pour les ouvriers et, sur\u00adtout, le sen\u00adti\u00adment de la liber\u00adt\u00e9 qui n\u2019a ces\u00ads\u00e9 de se mani\u00adfes\u00adter depuis lors et qui va d\u00e9trui\u00adsant les struc\u00adtures rigides d\u2019hier. Mais, les aspi\u00adra\u00adtions de la Com\u00admune qui ne sont pas encore satis\u00adfaites ne sont pas minimes&nbsp;: f\u00e9d\u00e9\u00adra\u00adtion des groupes et des peuples, \u00e9ga\u00adli\u00adt\u00e9 des pos\u00adsi\u00adbi\u00adli\u00adt\u00e9s pour tous, d\u00e9mo\u00adcra\u00adtie directe, jus\u00adtice et paix universelles.<\/p>\n<p>Jugeant ce bilan, nous devrions voir dans la Com\u00admune le flam\u00adbeau de la liber\u00adt\u00e9 qui doit \u00e9clai\u00adrer notre che\u00admin vers le pro\u00adgr\u00e8s poli\u00adtique et humain, et aus\u00adsi la lumi\u00e8re qui doit nous indi\u00adquer les erreurs et d\u00e9via\u00adtions qu\u2019elle ne sut \u00e9vi\u00adter et des\u00adquelles furent vic\u00adtimes d\u2019autres peuples dans des mou\u00adve\u00adments pos\u00adt\u00e9\u00adrieurs. Les fac\u00adteurs qui affai\u00adblirent l\u2019ac\u00adtion de la Com\u00admune, et qui ont conti\u00adnu\u00e9 de d\u00e9gra\u00adder d\u2019autres \u00e9v\u00e9\u00adne\u00adments r\u00e9vo\u00adlu\u00adtion\u00adnaires depuis lors, furent l\u2019es\u00adprit de cha\u00adpelle des groupes par\u00adti\u00adci\u00adpant \u00e0 cette geste de 1871 et leur manque de coh\u00e9\u00adsion et de responsabilit\u00e9.<\/p>\n<p>Si, par\u00admi les hommes cou\u00adra\u00adgeux et se don\u00adnant \u00e0 leur cause, nous pre\u00adnons comme sym\u00adbole Var\u00adlin, ouvrier inter\u00adna\u00adtio\u00adna\u00adliste qui offrit sa vie en holo\u00adcauste \u00e0 la liber\u00adt\u00e9, c\u2019est pr\u00e9\u00adci\u00ads\u00e9\u00adment parce qu\u2019il lut\u00adta en faveur de l\u2019\u00e9\u00adman\u00adci\u00adpa\u00adtion des hommes et de la jus\u00adtice uni\u00adver\u00adselle. Il vou\u00adlait la f\u00e9d\u00e9\u00adra\u00adtion des peuples, la liber\u00adt\u00e9 des oppri\u00adm\u00e9s, le bien-\u00eatre pour tous. Sa figure est pour nous l\u2019\u00e9\u00adten\u00addard de la Com\u00admune et du d\u00e9sir ardent de jus\u00adtice que tous les hommes devraient ressentir.<\/p>\n<p>\u00c0 c\u00f4t\u00e9 de notre admi\u00adra\u00adtion pour ces h\u00e9ros de la liber\u00adt\u00e9 et consi\u00add\u00e9\u00adrant les pro\u00adjets de la Com\u00admune qui ne sont pas encore r\u00e9a\u00adli\u00ads\u00e9s, nous devons tenir compte des \u00e9normes chan\u00adge\u00adments de fond et de sur\u00adface que voit notre si\u00e8cle&nbsp;: nous sommes plus d\u2019un mil\u00adliard d\u2019hommes sur terre&nbsp;; la science et la tech\u00adnique se sont d\u00e9ve\u00adlop\u00adp\u00e9es dans un rap\u00adport de cent pour un approxi\u00adma\u00adti\u00adve\u00adment&nbsp;; la famille pay\u00adsanne\u200a\u2014\u200aqui pr\u00e9\u00addo\u00admi\u00adnait en 1871\u200a\u2014\u200aa \u00e9t\u00e9 r\u00e9duite \u00e0 un quart, ou moins, de la popu\u00adla\u00adtion dans les pays indus\u00adtria\u00adli\u00ads\u00e9s&nbsp;; les tra\u00advailleurs de l\u2019ad\u00admi\u00adnis\u00adtra\u00adtion et des ser\u00advices d\u00e9passent en nombre les pro\u00adduc\u00adteurs&nbsp;; l\u2019ins\u00adtruc\u00adtion, les moyens de com\u00admu\u00adni\u00adca\u00adtion et les tech\u00adniques de dif\u00adfu\u00adsion ont atteint des dimen\u00adsions qui ne furent jamais ima\u00adgi\u00adn\u00e9es. Ain\u00adsi, nous voyons que le cadre de notre vie a \u00e9nor\u00adm\u00e9\u00adment chan\u00adg\u00e9, et nous devons lui adop\u00adter nos rap\u00adports si nous vou\u00adlons sor\u00adtir de l\u2019in\u00adjus\u00adtice et du mal-\u00eatre r\u00e9gnant.<\/p>\n<p>\u00c9ga\u00adle\u00adment \u00e0 ce pro\u00adpos, la Com\u00admune nous offre une solu\u00adtion th\u00e9o\u00adrique quand elle pro\u00adclame dans son d\u00e9cret du 19 avril&nbsp;: \u00ab&nbsp;Nous vou\u00adlons cr\u00e9er une poli\u00adtique d\u2019ex\u00adp\u00e9\u00adri\u00admen\u00adta\u00adtion, posi\u00adtive et scien\u00adti\u00adfique&nbsp;\u00bb. C\u2019est-\u00e0-dire une poli\u00adtique exp\u00e9\u00adri\u00admen\u00adtale s\u2019op\u00adpo\u00adsant aux struc\u00adtures rigides, une poli\u00adtique posi\u00adtive face aux abs\u00adtrac\u00adtions, et scien\u00adti\u00adfique face au dog\u00adma\u00adtisme fomen\u00adta\u00adteur des riva\u00adli\u00adt\u00e9s et des guerres.<\/p>\n<p>Si nous nous en tenons \u00e0 cette pro\u00adjec\u00adtion de la Com\u00admune, les chan\u00adge\u00adments tech\u00adniques n\u2019ont en rien chan\u00adg\u00e9 notre objec\u00adtif fon\u00adda\u00admen\u00adtal&nbsp;; car l\u2019ac\u00adtion soli\u00addaire qui se rap\u00adporte aux faits scien\u00adti\u00adfiques et \u00e0 l\u2019ex\u00adp\u00e9\u00adri\u00admen\u00adta\u00adtion ouverte doit nous conduire in\u00e9vi\u00adta\u00adble\u00adment \u00e0 la coop\u00e9\u00adra\u00adtion ration\u00adnelle et solidaire.<\/p>\n<p>Pour apprendre de ses ini\u00adtia\u00adtives et rec\u00adti\u00adfier les pas \u00e9qui\u00advoques que nous indique l\u2019his\u00adtoire, nous ren\u00addons hom\u00admage \u00e0 la Com\u00admune et nous sommes pr\u00eats \u00e0 \u0153uvrer tou\u00adjours et sans cesse \u00e0 l\u2019\u00e9\u00adman\u00adci\u00adpa\u00adtion des peuples.<\/p>\n<p>Movi\u00admien\u00adto de Coor\u00addi\u00adna\u00adci\u00f3n Sindical<br>\n<br>Espagne \u2013 Mars&nbsp;1971<\/p>\n","protected":false},"excerpt":{"rendered":"<p>[(Nous publions ci-des\u00ad\u00adsous un article de nos cama\u00adrades d\u2019Es\u00adpagne, qui ont tenu \u00e0 s\u2019u\u00adnir \u00e0 nous pour com\u00adm\u00e9\u00admo\u00adrer la Com\u00admune de&nbsp;Paris. Les cama\u00adrades de l\u2019Al\u00adliance tiennent \u00e0 r\u00e9af\u00adfir\u00admer solen\u00adnel\u00adle\u00adment, en cette occa\u00adsion, qu\u2019ils ne sau\u00adraient esqui\u00adver leurs res\u00adpon\u00adsa\u00adbi\u00adli\u00adt\u00e9s d\u2019in\u00adter\u00adna\u00adtio\u00adna\u00adlistes, et qu\u2019ils ne sont pas sans savoir que l\u2019u\u00adni\u00adt\u00e9 des luttes ouvri\u00e8res et r\u00e9vo\u00adlu\u00adtion\u00adnaires ne&nbsp;peut&nbsp;[\u2026]<\/p>\n","protected":false},"author":1,"featured_media":0,"comment_status":"closed","ping_status":"closed","sticky":false,"template":"","format":"standard","meta":{"wp_typography_post_enhancements_disabled":false,"footnotes":""},"categories":[261],"tags":[],"ppma_author":[540],"class_list":["post-2207","post","type-post","status-publish","format-standard","hentry","category-solidarite-ouvriere-n1-avril-1971"],"authors":[{"term_id":540,"user_id":1,"is_guest":0,"slug":"admin_3gikpwyf","display_name":"Vincent Dubuc","avatar_url":"https:\/\/secure.gravatar.com\/avatar\/d015720652c25fd2ced191ade86430094e1f288a17483713e3b34d26dea52507?s=96&d=mm&r=g","author_category":"","user_url":"https:\/\/la-presse-anarchiste.net","last_name":"Dubuc","first_name":"Vincent","job_title":"","description":""}],"_links":{"self":[{"href":"https:\/\/la-presse-anarchiste.net\/index.php\/wp-json\/wp\/v2\/posts\/2207","targetHints":{"allow":["GET"]}}],"collection":[{"href":"https:\/\/la-presse-anarchiste.net\/index.php\/wp-json\/wp\/v2\/posts"}],"about":[{"href":"https:\/\/la-presse-anarchiste.net\/index.php\/wp-json\/wp\/v2\/types\/post"}],"author":[{"embeddable":true,"href":"https:\/\/la-presse-anarchiste.net\/index.php\/wp-json\/wp\/v2\/users\/1"}],"replies":[{"embeddable":true,"href":"https:\/\/la-presse-anarchiste.net\/index.php\/wp-json\/wp\/v2\/comments?post=2207"}],"version-history":[{"count":0,"href":"https:\/\/la-presse-anarchiste.net\/index.php\/wp-json\/wp\/v2\/posts\/2207\/revisions"}],"wp:attachment":[{"href":"https:\/\/la-presse-anarchiste.net\/index.php\/wp-json\/wp\/v2\/media?parent=2207"}],"wp:term":[{"taxonomy":"category","embeddable":true,"href":"https:\/\/la-presse-anarchiste.net\/index.php\/wp-json\/wp\/v2\/categories?post=2207"},{"taxonomy":"post_tag","embeddable":true,"href":"https:\/\/la-presse-anarchiste.net\/index.php\/wp-json\/wp\/v2\/tags?post=2207"},{"taxonomy":"author","embeddable":true,"href":"https:\/\/la-presse-anarchiste.net\/index.php\/wp-json\/wp\/v2\/ppma_author?post=2207"}],"curies":[{"name":"wp","href":"https:\/\/api.w.org\/{rel}","templated":true}]}}