{"id":2209,"date":"2009-10-15T00:19:13","date_gmt":"2009-10-15T00:19:13","guid":{"rendered":"https:\/\/la-presse-anarchiste.net\/index.php\/2009\/10\/15\/congres-syndicat-f-o-energie-nucleaire\/"},"modified":"2009-10-15T00:19:13","modified_gmt":"2009-10-15T00:19:13","slug":"congres-syndicat-f-o-energie-nucleaire","status":"publish","type":"post","link":"https:\/\/la-presse-anarchiste.net\/index.php\/2009\/10\/15\/congres-syndicat-f-o-energie-nucleaire\/","title":{"rendered":"Congr\u00e8s syndicat F.O. \u00e9nergie nucl\u00e9aire"},"content":{"rendered":"<div class=\"pdfprnt-buttons pdfprnt-buttons-post pdfprnt-top-right\"><a href=\"https:\/\/la-presse-anarchiste.net\/index.php\/wp-json\/wp\/v2\/posts\/2209?print=pdf\" class=\"pdfprnt-button pdfprnt-button-pdf\" target=\"_blank\"><img decoding=\"async\" src=\"https:\/\/la-presse-anarchiste.net\/wp-content\/plugins\/pdf-print\/images\/pdf.png\" alt=\"image_pdf\" title=\"Afficher le PDF\"><\/a><a href=\"https:\/\/la-presse-anarchiste.net\/index.php\/wp-json\/wp\/v2\/posts\/2209?print=print\" class=\"pdfprnt-button pdfprnt-button-print\" target=\"_blank\"><img decoding=\"async\" src=\"https:\/\/la-presse-anarchiste.net\/wp-content\/plugins\/pdf-print\/images\/print.png\" alt=\"image_print\" title=\"Contenu imprim\u00e9\"><\/a><\/div><p>[(Il nous a sem\u00adbl\u00e9 utile de pr\u00e9\u00adsen\u00adter \u00e0 nos cama\u00adrades deux r\u00e9so\u00adlu\u00adtions, tr\u00e8s int\u00e9\u00adres\u00adsantes, adop\u00adt\u00e9es par le Congr\u00e8s du syn\u00addi\u00adcat natio\u00adnal de l\u2019\u00e9ner\u00adgie nucl\u00e9aire Force ouvri\u00e8re (11\/\u200b15 novembre 1970).)]<\/p>\n<h2>Le syndicalisme dans la soci\u00e9t\u00e9 d\u2019aujourd\u2019hui<\/h2>\n<p>Nous vivons dans une soci\u00e9\u00adt\u00e9 hi\u00e9\u00adrar\u00adchi\u00ads\u00e9e, r\u00e9pres\u00adsive o\u00f9 la majo\u00adri\u00adt\u00e9 des \u00eatres humains est exploi\u00adt\u00e9e par une mino\u00adri\u00adt\u00e9 qui d\u00e9cide du des\u00adtin de tous sous des appa\u00adrences de \u00ab&nbsp;d\u00e9mocratie&nbsp;\u00bb.<\/p>\n<p>Cette soci\u00e9\u00adt\u00e9 ne peut don\u00adner \u00e0 l\u2019homme la place qui lui revient de droit par son impor\u00adtance dans le pro\u00adces\u00adsus \u00e9co\u00adno\u00admique, ne peut lui per\u00admettre de se d\u00e9ter\u00admi\u00adner, de s\u2019\u00e9\u00adpa\u00adnouir, de cr\u00e9er dans la liber\u00adt\u00e9 et la digni\u00adt\u00e9, ne peut satis\u00adfaire aux besoins de la soli\u00adda\u00adri\u00adt\u00e9 mon\u00addiale de tous les hommes, ne peut donc pas assu\u00adrer la paix et le pro\u00adgr\u00e8s per\u00adma\u00adnent des condi\u00adtions de vie des peuples.<\/p>\n<p>Tout cela doit \u00eatre obte\u00adnu par la dis\u00adpa\u00adri\u00adtion de l\u2019ex\u00adploi\u00adta\u00adtion, c\u2019est-\u00e0-dire&nbsp;:<br> \u2013 L\u2019ap\u00adpro\u00adpria\u00adtion col\u00adlec\u00adtive des moyens de pro\u00adduc\u00adtion et d\u2019\u00e9\u00adchange pour une \u00e9qui\u00adtable r\u00e9par\u00adti\u00adtion du tra\u00advail et de ses fruits afin de r\u00e9a\u00adli\u00adser la soci\u00e9\u00adt\u00e9 col\u00adlec\u00adti\u00adviste \u00e0 carac\u00adt\u00e8re socialiste.<br> \u2013 La ges\u00adtion des entre\u00adprises par l\u2019en\u00adsemble des tra\u00advailleurs (et non par une mino\u00adri\u00adt\u00e9 qui se trans\u00adforme rapi\u00adde\u00adment en une nou\u00advelle classe domi\u00adnante comme le montrent les exp\u00e9\u00adriences pas\u00ads\u00e9es et en&nbsp;cours).<br> \u2013 La sup\u00adpres\u00adsion de la for\u00adma\u00adtion r\u00e9ser\u00adv\u00e9e \u00e0 une \u00ab&nbsp;\u00e9lite&nbsp;\u00bb par le droit et les moyens d\u2019ac\u00adc\u00e9\u00adder r\u00e9el\u00adle\u00adment \u00e0 la culture \u00e0 tous, dans un sys\u00adt\u00e8me d\u2019\u00e9\u00addu\u00adca\u00adtion g\u00e9r\u00e9 par&nbsp;tous.<br> \u2013 En cons\u00e9\u00adquence, l\u2019ac\u00adtion du syn\u00addi\u00adca\u00adlisme tel que nous le conce\u00advons doit \u00eatre une lutte per\u00adma\u00adnente, sur tous les aspects de la vie quo\u00adti\u00addienne \u00e0 par\u00adtir d\u2019une contes\u00adta\u00adtion glo\u00adbale de la soci\u00e9\u00adt\u00e9 actuelle.<\/p>\n<h2>de demain<\/h2>\n<p>Le syn\u00addi\u00adca\u00adlisme devra se per\u00adp\u00e9\u00adtuer pour main\u00adte\u00adnir l\u2019arme de contes\u00adta\u00adtion et de com\u00adbat n\u00e9ces\u00adsaire aux tra\u00advailleurs pour l\u2019a\u00adm\u00e9\u00adlio\u00adra\u00adtion per\u00adma\u00adnente de la condi\u00adtion sociale et humaine pour tou\u00adjours plus de jus\u00adtice et de libert\u00e9.<\/p>\n<p>Una\u00adni\u00admi\u00adt\u00e9 (\u2014 2 abstentions)<\/p>\n<h2>L\u2019unit\u00e9<\/h2>\n<p>LE MONDE OUVRIER EST FAIBLE, PARCE QUE DIVIS\u00c9 PAR SOUCI DE PROGR\u00c8S, LE MONOLITHISME ID\u00c9OLOGIQUE EST \u00c0 PROSCRIRE<\/p>\n<p>Fort de l\u2019ex\u00adp\u00e9\u00adrience pas\u00ads\u00e9e et des r\u00e9sul\u00adtats obte\u00adnus au pro\u00adfit des tra\u00advailleurs lorsque ceux-ci ont agi dans l\u2019u\u00adni\u00adt\u00e9 inter\u00adsyn\u00addi\u00adcale, conscient que l\u2019as\u00adpi\u00adra\u00adtion com\u00admune au mieux-\u00eatre ne peut abou\u00adtir qu\u2019en oppo\u00adsant un front com\u00admun face \u00e0 tous les sys\u00adt\u00e8mes oppres\u00adsifs, le congr\u00e8s d\u00e9clare&nbsp;:<\/p>\n<p>Il est \u00e9vident que cette union ne pour\u00adra se concr\u00e9\u00adti\u00adser par une uni\u00adt\u00e9 orga\u00adnique que si les condi\u00adtions mini\u00admum sont r\u00e9alis\u00e9es&nbsp;:<br> \u2013 Recon\u00adnais\u00adsance de la diver\u00adsi\u00adt\u00e9 des cou\u00adrants de pen\u00ads\u00e9es syndicalistes.<br> \u2013 Pos\u00adsi\u00adbi\u00adli\u00adt\u00e9, au niveau de l\u2019in\u00addi\u00advi\u00addu, de se pro\u00adnon\u00adcer sur les id\u00e9es fondamentales.<br> \u2013 Pos\u00adsi\u00adbi\u00adli\u00adt\u00e9 d\u2019or\u00adga\u00adni\u00adsa\u00adtion en tendances.<br> \u2013 Liber\u00adt\u00e9 d\u2019ex\u00adpres\u00adsion de ces ten\u00addances \u00e0 l\u2019in\u00adt\u00e9\u00adrieur et \u00e0 l\u2019ext\u00e9rieur.<\/p>\n<p>Ce sera l\u2019u\u00adni\u00adt\u00e9 dans la diver\u00adsi\u00adt\u00e9. celle pra\u00adti\u00adqu\u00e9e \u00e0 la base sur des objec\u00adtifs communs.<\/p>\n<p>La d\u00e9ter\u00admi\u00adna\u00adtion de ces objec\u00adtifs n\u00e9ces\u00adsite le dia\u00adlogue, \u00e0 tous les \u00e9che\u00adlons des ins\u00adtances syn\u00addi\u00adcales, dia\u00adlogue devant d\u00e9bou\u00adcher \u00e0 terme sur la r\u00e9a\u00adli\u00adsa\u00adtion des condi\u00adtions de l\u2019u\u00adni\u00adt\u00e9 organique.<\/p>\n<p>Una\u00adni\u00admi\u00adt\u00e9 (Abst. 10)<\/p>\n<p><i>Le congr\u00e8s a d\u00e9ci\u00add\u00e9 que ce texte ferait l\u2019ob\u00adjet d\u2019une inter\u00adven\u00adtion, au nom de toutes les sec\u00adtions C.G.T.\/F.O. du C.E.A., aux congr\u00e8s, f\u00e9d\u00e9\u00adral et conf\u00e9d\u00e9ral.<\/i><\/p>\n<p>Una\u00adni\u00admi\u00adt\u00e9 des Sections<\/p>\n","protected":false},"excerpt":{"rendered":"<p>[(Il nous a sem\u00adbl\u00e9 utile de pr\u00e9\u00adsen\u00adter \u00e0 nos cama\u00adrades deux r\u00e9so\u00adlu\u00adtions, tr\u00e8s int\u00e9\u00adres\u00adsantes, adop\u00adt\u00e9es par le Congr\u00e8s du syn\u00addi\u00adcat natio\u00adnal de l\u2019\u00e9ner\u00adgie nucl\u00e9aire Force ouvri\u00e8re (11\/\u200b\u200b15 novembre 1970).)] Le syn\u00addi\u00adca\u00adlisme dans la soci\u00e9\u00adt\u00e9 d\u2019aujourd\u2019hui Nous vivons dans une soci\u00e9\u00adt\u00e9 hi\u00e9\u00adrar\u00adchi\u00ads\u00e9e, r\u00e9pres\u00adsive o\u00f9 la majo\u00adri\u00adt\u00e9 des \u00eatres humains est exploi\u00adt\u00e9e par une mino\u00adri\u00adt\u00e9 qui d\u00e9cide&nbsp;[\u2026]<\/p>\n","protected":false},"author":1,"featured_media":0,"comment_status":"closed","ping_status":"closed","sticky":false,"template":"","format":"standard","meta":{"wp_typography_post_enhancements_disabled":false,"footnotes":""},"categories":[261],"tags":[],"ppma_author":[540],"class_list":["post-2209","post","type-post","status-publish","format-standard","hentry","category-solidarite-ouvriere-n1-avril-1971"],"authors":[{"term_id":540,"user_id":1,"is_guest":0,"slug":"admin_3gikpwyf","display_name":"Vincent Dubuc","avatar_url":"https:\/\/secure.gravatar.com\/avatar\/d015720652c25fd2ced191ade86430094e1f288a17483713e3b34d26dea52507?s=96&d=mm&r=g","author_category":"","user_url":"https:\/\/la-presse-anarchiste.net","last_name":"Dubuc","first_name":"Vincent","job_title":"","description":""}],"_links":{"self":[{"href":"https:\/\/la-presse-anarchiste.net\/index.php\/wp-json\/wp\/v2\/posts\/2209","targetHints":{"allow":["GET"]}}],"collection":[{"href":"https:\/\/la-presse-anarchiste.net\/index.php\/wp-json\/wp\/v2\/posts"}],"about":[{"href":"https:\/\/la-presse-anarchiste.net\/index.php\/wp-json\/wp\/v2\/types\/post"}],"author":[{"embeddable":true,"href":"https:\/\/la-presse-anarchiste.net\/index.php\/wp-json\/wp\/v2\/users\/1"}],"replies":[{"embeddable":true,"href":"https:\/\/la-presse-anarchiste.net\/index.php\/wp-json\/wp\/v2\/comments?post=2209"}],"version-history":[{"count":0,"href":"https:\/\/la-presse-anarchiste.net\/index.php\/wp-json\/wp\/v2\/posts\/2209\/revisions"}],"wp:attachment":[{"href":"https:\/\/la-presse-anarchiste.net\/index.php\/wp-json\/wp\/v2\/media?parent=2209"}],"wp:term":[{"taxonomy":"category","embeddable":true,"href":"https:\/\/la-presse-anarchiste.net\/index.php\/wp-json\/wp\/v2\/categories?post=2209"},{"taxonomy":"post_tag","embeddable":true,"href":"https:\/\/la-presse-anarchiste.net\/index.php\/wp-json\/wp\/v2\/tags?post=2209"},{"taxonomy":"author","embeddable":true,"href":"https:\/\/la-presse-anarchiste.net\/index.php\/wp-json\/wp\/v2\/ppma_author?post=2209"}],"curies":[{"name":"wp","href":"https:\/\/api.w.org\/{rel}","templated":true}]}}