{"id":2218,"date":"2009-10-15T01:50:39","date_gmt":"2009-10-15T01:50:39","guid":{"rendered":"https:\/\/la-presse-anarchiste.net\/index.php\/2009\/10\/15\/linterim-les-nouveaux-negriers\/"},"modified":"2009-10-15T01:50:39","modified_gmt":"2009-10-15T01:50:39","slug":"linterim-les-nouveaux-negriers","status":"publish","type":"post","link":"https:\/\/la-presse-anarchiste.net\/index.php\/2009\/10\/15\/linterim-les-nouveaux-negriers\/","title":{"rendered":"L\u2019int\u00e9rim&nbsp;: les nouveaux n\u00e9griers"},"content":{"rendered":"<div class=\"pdfprnt-buttons pdfprnt-buttons-post pdfprnt-top-right\"><a href=\"https:\/\/la-presse-anarchiste.net\/index.php\/wp-json\/wp\/v2\/posts\/2218?print=pdf\" class=\"pdfprnt-button pdfprnt-button-pdf\" target=\"_blank\"><img decoding=\"async\" src=\"https:\/\/la-presse-anarchiste.net\/wp-content\/plugins\/pdf-print\/images\/pdf.png\" alt=\"image_pdf\" title=\"Afficher le PDF\"><\/a><a href=\"https:\/\/la-presse-anarchiste.net\/index.php\/wp-json\/wp\/v2\/posts\/2218?print=print\" class=\"pdfprnt-button pdfprnt-button-print\" target=\"_blank\"><img decoding=\"async\" src=\"https:\/\/la-presse-anarchiste.net\/wp-content\/plugins\/pdf-print\/images\/print.png\" alt=\"image_print\" title=\"Contenu imprim\u00e9\"><\/a><\/div><p>Un grand nombre de tra\u00advailleurs stables ne sont pas encore convain\u00adcus des m\u00e9faits de l\u2019in\u00adt\u00e9\u00adrim. Voi\u00adci un des nom\u00adbreux exemples de la sur\u00adex\u00adploi\u00adta\u00adtion qui se passe chez \u00ab&nbsp;Technap&nbsp;\u00bb.<\/p>\n<p>Le 30 octobre 1970, dans \u00ab&nbsp;la Voix du Nord&nbsp;\u00bb, \u00e9di\u00adtion de Mau\u00adbeuge, parait une petite annonce offrant du tra\u00advail \u00e0 une \u00e9quipe de mon\u00adteurs. \u00ab&nbsp;Pour ren\u00addez-vous t\u00e9l\u00e9\u00adpho\u00adner \u00e0\u2026\u00bb et suit le num\u00e9\u00adro de t\u00e9l\u00e9\u00adphone du bis\u00adtrot \u00ab&nbsp;Chez Michel&nbsp;\u00bb en face de la gare d\u2019Aul\u00adnoy. Six gars se pr\u00e9\u00adsentent au ren\u00addez-vous auquel les attend Hein\u00adrich Bosch, ser\u00adgent recru\u00adteur de \u00ab&nbsp;Tech\u00adnap&nbsp;\u00bb. Un enga\u00adge\u00adment ver\u00adbal est conclu entre les par\u00adties et le rabat\u00adteur envoie \u00e0 leurs frais les six com\u00adpa\u00adgnons \u00e0 l\u2019a\u00adgence \u00ab&nbsp;Tech\u00adnap&nbsp;\u00bb d\u2019An\u00advers, au 52, Simons\u00adtraat, o\u00f9, d\u2019a\u00adpr\u00e8s ses dires, le contrat devrait \u00eatre sign\u00e9. Bien enten\u00addu, encore une fois le contrat est ver\u00adbal, et on demande aux six mon\u00adteurs de se pr\u00e9\u00adsen\u00adter chez \u00ab&nbsp;Stalh-Werke-Peine-Salz\u00adgit\u00adter&nbsp;\u00bb \u00e0 Lob\u00adma\u00adche\u00adreen, \u00e0 80 kilo\u00adm\u00e8tres de Ber\u00adlin pour la d\u00e9mo\u00adli\u00adtion de hauts four\u00adneaux&nbsp;; le voyage est tou\u00adjours aux frais des com\u00adpa\u00adgnons. Dans le contrat ver\u00adbal conclu, le salaire \u00e0 la t\u00e2che devait \u00eatre de 25&nbsp;DM la tonne de fer\u00adraille, 5&nbsp;DM la tonne de brique r\u00e9frac\u00adtaire et 33&nbsp;DM de d\u00e9pla\u00adce\u00adment par jour. La d\u00e9mo\u00adli\u00adtion de hauts four\u00adneaux \u00e9tant l\u2019af\u00adfaire de sp\u00e9\u00adcia\u00adlistes, et compte tenu du ren\u00adde\u00adment escomp\u00adt\u00e9, cela aurait d\u00fb faire un salaire de 5.000 \u00e0 7.000&nbsp;F par&nbsp;mois.<\/p>\n<p>Arri\u00adv\u00e9s sur les lieux du tra\u00advail, la soci\u00e9\u00adt\u00e9 \u00ab&nbsp;S.W.P.S.&nbsp;\u00bb leur donne un lais\u00adsez-pas\u00adser comme employ\u00e9s de \u00ab&nbsp;Tech\u00adnap&nbsp;\u00bb&nbsp;: ce sera leur seul papier offi\u00adciel o\u00f9 le nom de \u00ab&nbsp;Tech\u00adnap&nbsp;\u00bb est men\u00adtion\u00adn\u00e9. Pen\u00addant le mois de d\u00e9cembre, de fa\u00e7on \u00e0 pou\u00advoir prendre quelques jours de cong\u00e9 pour les f\u00eates, nos six cama\u00adrades avaient tota\u00adli\u00ads\u00e9 cha\u00adcun cent quatre-vingt-dix-huit heures de tra\u00advail jus\u00adqu\u2019au 24 d\u00e9cembre. N\u2019ayant pas encore tou\u00adch\u00e9 leur paie, ils durent man\u00adger \u00e0 cr\u00e9\u00addit pen\u00addant huit jours et \u00e0 rai\u00adson d\u2019un repas quo\u00adti\u00addien\u2026 Bien enten\u00addu, les condi\u00adtions de tra\u00advail \u00e9taient d\u00e9plo\u00adrables&nbsp;: pas de pro\u00adtec\u00adtion pour le tra\u00advail \u00e0 plus de 50 m\u00e8tres de hau\u00adteur, pas de cein\u00adture de s\u00e9cu\u00adri\u00adt\u00e9, pas de casque, pas de lunettes pour l\u2019oxyd\u00e9coupage.<\/p>\n<p>Le 24 d\u00e9cembre, ils des\u00adcendent donc \u00e0 Anvers, le trans\u00adport tou\u00adjours \u00e0 leurs frais, o\u00f9 le patron, Van den Bosch, leur donne un acompte de 3.000&nbsp;F belges. Motif, il n\u2019y a pas d\u2019argent en caisse et les banques sont fer\u00adm\u00e9es. \u00ab&nbsp;De toute fa\u00e7on, vous en avez assez pour pas\u00adser les f\u00eates.&nbsp;\u00bb Apr\u00e8s quelques jours de cong\u00e9, les gars retournent \u00e0 Lob\u00adma\u00adche\u00adreen et, le 9 jan\u00advier 1971, n\u2019ayant tou\u00adjours pas tou\u00adch\u00e9 leur d\u00fb, ils se d\u00e9cident \u00e0 aller \u00e0 Paris, au si\u00e8ge de \u00ab&nbsp;Tech\u00adnap&nbsp;\u00bb, 23, rue de la Folie-M\u00e9ri\u00adcourt. L\u00e0, le chef d\u2019a\u00adgence leur donne 2.300&nbsp;F d\u2019a\u00adcompte. La feuille de paie n\u2019est ni sign\u00e9e ni tam\u00adpon\u00adn\u00e9e au nom de \u00ab&nbsp;Tech\u00adnap&nbsp;\u00bb, et on leur dit que s\u2019ils sont m\u00e9con\u00adtents de l\u2019a\u00adgence d\u2019An\u00advers, Paris les engage (le comble!). Le 12, ils retournent\u200a\u2014\u200atou\u00adjours \u00e0 leurs frais\u200a\u2014\u200a\u00e0 Anvers pour essayer de tou\u00adcher les 7.000&nbsp;F que \u00ab&nbsp;Tech\u00adnap&nbsp;\u00bb leur doit encore. Le sieur Van den Bosch leur signale que le chef de chan\u00adtier, Bill, s\u2019est enfui avec la caisse et toutes les feuilles de cal\u00adcul de paie, il demande m\u00eame aux com\u00adpa\u00adgnons de por\u00adter plainte, ce qu\u2019ils firent. Quelques jours apr\u00e8s, ils s\u2019a\u00adper\u00adce\u00advront que Bill, en liber\u00adt\u00e9, parade au volant d\u2019une luxueuse voi\u00adture dans les rues d\u2019Anvers.<\/p>\n<p>Bien enten\u00addu, \u00ab&nbsp;Tech\u00adnap&nbsp;\u00bb n\u2019a fait aucune d\u00e9cla\u00adra\u00adtion \u00e0 la S\u00e9cu\u00adri\u00adt\u00e9 sociale, pas plus qu\u2019\u00e0 la caisse d\u2019Al\u00adlo\u00adca\u00adtions familiales.<\/p>\n<p>L\u2019af\u00adfaire est por\u00adt\u00e9e en jus\u00adtice par le syn\u00addi\u00adcat pari\u00adsien des int\u00e9\u00adri\u00admaires C.F.D.T.<\/p>\n<p>Un jour de f\u00e9vrier, on apprend chez Hurel-Dubois, \u00e0 Meu\u00addon, impor\u00adtant chan\u00adtier de \u00ab&nbsp;Tech\u00adnap&nbsp;\u00bb, que la soci\u00e9\u00adt\u00e9 est en faillite&nbsp;; les paies ne sont pas vir\u00e9es, ou les ch\u00e8ques sont sans pro\u00advi\u00adsion. Des bruits de cou\u00adloir courent, c\u2019est une man\u0153uvre pour ne pas payer les imp\u00f4ts\u2026, tout va s\u2019ar\u00adran\u00adger, il suf\u00adfit d\u2019attendre\u2026<\/p>\n<p>Ce qui est s\u00fbr, c\u2019est que le patron est en&nbsp;fuite.<\/p>\n<p>Depuis le 3 mars, les tra\u00advailleurs, m\u00e9con\u00adtents\u200a\u2014\u200aon le serait \u00e0 moins\u200a\u2014\u200aoccupent le si\u00e8ge de \u00ab&nbsp;Tech\u00adnap&nbsp;\u00bb, et c\u2019est le d\u00e9l\u00e9\u00adgu\u00e9 C.G.T. de Hurel-Dubois qui s\u2019oc\u00adcupe du ver\u00adse\u00adment des acomptes au fur et \u00e0 mesure de l\u2019ar\u00adri\u00adv\u00e9e de l\u2019argent.<\/p>\n<p>De nou\u00advelles rumeurs cir\u00adculent&nbsp;: la femme du P.D.G. remonte une boite d\u2019in\u00adt\u00e9\u00adrim du nom de \u00ab&nbsp;Sur\u00adcouf&nbsp;\u00bb, et va embau\u00adcher les gars de \u00ab&nbsp;Tech\u00adnap&nbsp;\u00bb, la paie va \u00eatre ver\u00ads\u00e9e inces\u00adsam\u00adment (voire m\u00eame avant). Chez Hurel-Dubois, o\u00f9 des gr\u00e8ves entra\u00ee\u00adnant fixes et int\u00e9\u00adri\u00admaires ont eu lieu en novembre et d\u00e9cembre (voir \u00ab&nbsp;la V.O.&nbsp;\u00bb) et ont \u00e9t\u00e9 \u00e0 la nais\u00adsance de la sec\u00adtion C.G.T. de l\u2019in\u00adt\u00e9\u00adrim, la posi\u00adtion de cette m\u00eame sec\u00adtion reste ind\u00e9\u00adcise et m\u00eame elle calme les esprits. Il faut dire que nous sommes dans la p\u00e9riode pr\u00e9\u00ad\u00e9lec\u00adto\u00adrale, et l\u2019a\u00adgi\u00adta\u00adtion ouvri\u00e8re risque d\u2019af\u00adfo\u00adler quelques \u00e9lec\u00adteurs de \u00ab&nbsp;gauche&nbsp;\u00bb. En outre, la sec\u00adtion C.G.T. semble sur\u00adtout un lieu pri\u00advi\u00adl\u00e9\u00adgi\u00e9 pour la pro\u00adpa\u00adgande \u00e9lec\u00adto\u00adrale du P.C.F.<\/p>\n<p>Exc\u00e9\u00add\u00e9 par l\u2019at\u00adti\u00adtude des deux sec\u00adtions C.G.T., le S.P.T.I.-C.F.D.T., non repr\u00e9\u00adsen\u00adt\u00e9 chez \u00ab&nbsp;Tech\u00adnap&nbsp;\u00bb, d\u00e9cide mal\u00adgr\u00e9 ce han\u00addi\u00adcap de sor\u00adtir un tract qui pose le pro\u00adbl\u00e8me et alerte les travailleurs.<\/p>\n<p>[(<\/p>\n<h2>Les int\u00e9rimaires travaillent, Technap ne paie&nbsp;pas<\/h2>\n<p>Depuis deux semaines, les patrons de la Tech\u00adnap sont par\u00adtis avec notre&nbsp;fric.<\/p>\n<p>Depuis ce jour, les bruits les plus divers et les plus incon\u00adtr\u00f4\u00adlables circulent.<\/p>\n<p>On dit&nbsp;que&nbsp;:<br> \u2013 le bilan est d\u00e9pos\u00e9,<br> \u2013 que la paie sera ver\u00ads\u00e9e tel jour, puis tel autre&nbsp;jour,<br> \u2013 que le patron va mon\u00adter une nou\u00advelle boite au nom de sa femme (avec quel fric sinon le&nbsp;n\u00f4tre),<br> \u2013 qu\u2019un admi\u00adnis\u00adtra\u00adteur judi\u00adciaire a \u00e9t\u00e9 nom\u00adm\u00e9&nbsp;; pour\u00adquoi et par&nbsp;qui&nbsp;?<\/p>\n<p>Chez Hurel-Dubois, on dit que les heures tra\u00advaill\u00e9es depuis le 1<sup>er<\/sup> mars seront pay\u00e9es par les boites d\u2019in\u00adt\u00e9\u00adrim qui pren\u00addront le chantier.<\/p>\n<p>Il ne fait aucun doute que tous ces bruits ne servent qu\u2019\u00e0 nous faire prendre patience.<\/p>\n<p>Que le bilan soit d\u00e9po\u00ads\u00e9 ou pas, il faut agir vite et tous ensemble pour que l\u2019argent qui rentre nous soit ver\u00ads\u00e9 en priorit\u00e9.<\/p>\n<p>Ce qui arrive chez Tech\u00adnap s\u2019est d\u00e9j\u00e0 pro\u00adduit dans de nom\u00adbreuses boites d\u2019in\u00adt\u00e9\u00adrim (Asin\u00adco, etc.) et peut se repro\u00adduire demain dans toutes les boites d\u2019in\u00adt\u00e9\u00adrim dont la seule acti\u00advi\u00adt\u00e9 consiste \u00e0 vendre notre force de tra\u00advail uni\u00adque\u00adment pour leur profit.)]<\/p>\n<p>O\u00f9 en sommes-nous aujourd\u2019\u00adhui&nbsp;? Les gars ne sont pas pay\u00e9s, seule\u00adment quelques acomptes. Les sec\u00adtions C.G.T. ne font tou\u00adjours rien sur le plan de l\u2019ac\u00adtion. La soli\u00adda\u00adri\u00adt\u00e9 des \u00ab&nbsp;fixes&nbsp;\u00bb ne s\u2019est pas mani\u00adfes\u00adt\u00e9e, une cer\u00adtaine r\u00e9ti\u00adcence de la part de ces sec\u00adtions se manifeste.<\/p>\n<p>Oui, le capi\u00adta\u00adlisme a bien trou\u00adv\u00e9 l\u00e0 son arme de divi\u00adsion de la classe ouvri\u00e8re. C\u2019est un pro\u00adbl\u00e8me qui regarde la classe ouvri\u00e8re tout enti\u00e8re&nbsp;; il nous faut sup\u00adpri\u00admer les offi\u00adcines de louage de main-d\u2019\u0153uvre. Aux conf\u00e9\u00add\u00e9\u00adra\u00adtions de rem\u00adplir leur r\u00f4le&nbsp;: reven\u00addi\u00adquons l\u2019embauche imm\u00e9\u00addiate de tous les int\u00e9\u00adri\u00admaires par les entre\u00adprises qui font appel \u00e0 leur service.<\/p>\n","protected":false},"excerpt":{"rendered":"<p>Un grand nombre de tra\u00advailleurs stables ne sont pas encore convain\u00adcus des m\u00e9faits de l\u2019in\u00adt\u00e9\u00adrim. Voi\u00adci un des nom\u00adbreux exemples de la sur\u00adex\u00adploi\u00adta\u00adtion qui se passe chez \u00ab&nbsp;Tech\u00adnap&nbsp;\u00bb. Le 30 octobre 1970, dans \u00ab&nbsp;la Voix du Nord&nbsp;\u00bb, \u00e9di\u00adtion de Mau\u00adbeuge, parait une petite annonce offrant du tra\u00advail \u00e0 une \u00e9quipe de mon\u00adteurs. \u00ab&nbsp;Pour ren\u00ad\u00addez-vous t\u00e9l\u00e9phoner&nbsp;[\u2026]<\/p>\n","protected":false},"author":1,"featured_media":0,"comment_status":"closed","ping_status":"closed","sticky":false,"template":"","format":"standard","meta":{"wp_typography_post_enhancements_disabled":false,"footnotes":""},"categories":[261],"tags":[],"ppma_author":[540],"class_list":["post-2218","post","type-post","status-publish","format-standard","hentry","category-solidarite-ouvriere-n1-avril-1971"],"authors":[{"term_id":540,"user_id":1,"is_guest":0,"slug":"admin_3gikpwyf","display_name":"Vincent Dubuc","avatar_url":"https:\/\/secure.gravatar.com\/avatar\/d015720652c25fd2ced191ade86430094e1f288a17483713e3b34d26dea52507?s=96&d=mm&r=g","author_category":"","user_url":"https:\/\/la-presse-anarchiste.net","last_name":"Dubuc","first_name":"Vincent","job_title":"","description":""}],"_links":{"self":[{"href":"https:\/\/la-presse-anarchiste.net\/index.php\/wp-json\/wp\/v2\/posts\/2218","targetHints":{"allow":["GET"]}}],"collection":[{"href":"https:\/\/la-presse-anarchiste.net\/index.php\/wp-json\/wp\/v2\/posts"}],"about":[{"href":"https:\/\/la-presse-anarchiste.net\/index.php\/wp-json\/wp\/v2\/types\/post"}],"author":[{"embeddable":true,"href":"https:\/\/la-presse-anarchiste.net\/index.php\/wp-json\/wp\/v2\/users\/1"}],"replies":[{"embeddable":true,"href":"https:\/\/la-presse-anarchiste.net\/index.php\/wp-json\/wp\/v2\/comments?post=2218"}],"version-history":[{"count":0,"href":"https:\/\/la-presse-anarchiste.net\/index.php\/wp-json\/wp\/v2\/posts\/2218\/revisions"}],"wp:attachment":[{"href":"https:\/\/la-presse-anarchiste.net\/index.php\/wp-json\/wp\/v2\/media?parent=2218"}],"wp:term":[{"taxonomy":"category","embeddable":true,"href":"https:\/\/la-presse-anarchiste.net\/index.php\/wp-json\/wp\/v2\/categories?post=2218"},{"taxonomy":"post_tag","embeddable":true,"href":"https:\/\/la-presse-anarchiste.net\/index.php\/wp-json\/wp\/v2\/tags?post=2218"},{"taxonomy":"author","embeddable":true,"href":"https:\/\/la-presse-anarchiste.net\/index.php\/wp-json\/wp\/v2\/ppma_author?post=2218"}],"curies":[{"name":"wp","href":"https:\/\/api.w.org\/{rel}","templated":true}]}}