{"id":2220,"date":"2009-10-16T10:02:31","date_gmt":"2009-10-16T10:02:31","guid":{"rendered":"https:\/\/la-presse-anarchiste.net\/index.php\/2009\/10\/16\/de-leducation-populaire-a-la-formation-permanente\/"},"modified":"2009-10-16T10:02:31","modified_gmt":"2009-10-16T10:02:31","slug":"de-leducation-populaire-a-la-formation-permanente","status":"publish","type":"post","link":"https:\/\/la-presse-anarchiste.net\/index.php\/2009\/10\/16\/de-leducation-populaire-a-la-formation-permanente\/","title":{"rendered":"De l\u2019\u00e9ducation populaire \u00e0 la formation permanente"},"content":{"rendered":"<div class=\"pdfprnt-buttons pdfprnt-buttons-post pdfprnt-top-right\"><a href=\"https:\/\/la-presse-anarchiste.net\/index.php\/wp-json\/wp\/v2\/posts\/2220?print=pdf\" class=\"pdfprnt-button pdfprnt-button-pdf\" target=\"_blank\"><img decoding=\"async\" src=\"https:\/\/la-presse-anarchiste.net\/wp-content\/plugins\/pdf-print\/images\/pdf.png\" alt=\"image_pdf\" title=\"Afficher le PDF\"><\/a><a href=\"https:\/\/la-presse-anarchiste.net\/index.php\/wp-json\/wp\/v2\/posts\/2220?print=print\" class=\"pdfprnt-button pdfprnt-button-print\" target=\"_blank\"><img decoding=\"async\" src=\"https:\/\/la-presse-anarchiste.net\/wp-content\/plugins\/pdf-print\/images\/print.png\" alt=\"image_print\" title=\"Contenu imprim\u00e9\"><\/a><\/div><p>Depuis mai 68, il est de bon ton dans les uni\u00adver\u00adsi\u00adt\u00e9s de se \u00ab&nbsp;pen\u00adcher&nbsp;\u00bb sur le sort des ouvriers. Dans le cadre de cet ouvri\u00e9\u00adrisme d\u2019un nou\u00adveau style on se pr\u00e9\u00adoc\u00adcupe d\u2019\u00e9\u00addu\u00adca\u00adtion per\u00adma\u00adnente et c\u2019est l\u00e0 que les tra\u00advailleurs doivent \u00eatre vigi\u00adlants. En sep\u00adtembre 68, ceux d\u2019entre eux qui s\u2019\u00e9\u00adtaient expri\u00adm\u00e9s dans les Comi\u00adt\u00e9s d\u2019Ac\u00adtion, avaient reven\u00addi\u00adqu\u00e9 le droit pour tous \u00e0 l\u2019en\u00adsei\u00adgne\u00adment dans les uni\u00adver\u00adsi\u00adt\u00e9s. Plu\u00adsieurs pro\u00adjets de centres d\u2019\u00e9\u00addu\u00adca\u00adtion popu\u00adlaire avaient \u00e9t\u00e9 \u00e9la\u00adbo\u00adr\u00e9s et l\u2019on a pu croire pen\u00addant quelques semaines, que tra\u00advailleurs d\u2019u\u00adsines et tra\u00advailleurs de l\u2019en\u00adsei\u00adgne\u00adment sup\u00e9\u00adrieur pour\u00adraient dans un libre \u00e9change de leurs connais\u00adsances abo\u00adlir r\u00e9el\u00adle\u00adment les prin\u00adcipes cultu\u00adrels. Ce que sou\u00adhai\u00adtaient les cama\u00adrades dont la vie sco\u00adlaire a \u00e9t\u00e9 br\u00e8ve, c\u2019\u00e9\u00adtait que leur soit offerte la pos\u00adsi\u00adbi\u00adli\u00adt\u00e9 de venir le soir ou le same\u00addi, dans les uni\u00adver\u00adsi\u00adt\u00e9s, acqu\u00e9\u00adrir aupr\u00e8s des ensei\u00adgnants d\u2019a\u00adbord les connais\u00adsances n\u00e9ces\u00adsaires \u00e0 la d\u00e9fense de leurs droits. Puis, \u00e0 par\u00adtir de ces pre\u00admiers \u00e9l\u00e9\u00adments d\u2019in\u00adfor\u00adma\u00adtion, des ensei\u00adgne\u00adments plus appro\u00adfon\u00addis devaient \u00eatre pr\u00e9\u00advus pour ceux qui en auraient expri\u00adm\u00e9 le&nbsp;d\u00e9sir.<\/p>\n<p>Tout \u00e9tait pos\u00adsible \u00e0 la ren\u00adtr\u00e9e 68 dans ce domaine si les ensei\u00adgnants du sup\u00e9\u00adrieur avaient mis leur pra\u00adtique en accord avec leur dis\u00adcours. H\u00e9las!\u2026 les grands r\u00e9vo\u00adlu\u00adtion\u00adnaires nan\u00adtis \u00e9taient sou\u00advent plus sou\u00adcieux d\u2019u\u00adti\u00adli\u00adser leur titre d\u2019\u00abancien com\u00adbat\u00adtant de mai&nbsp;\u00bb pour publier chez quelques \u00e9di\u00adteurs bour\u00adgeois des ouvrages fort ren\u00adtables que de voir abo\u00adlir l\u2019un de leurs pri\u00advi\u00adl\u00e8ges assez \u00ab&nbsp;payants&nbsp;\u00bb&nbsp;: celui de la connaissance.<\/p>\n<p>Alors\u2026 l\u2019es\u00adpoir s\u2019est \u00e9crou\u00adl\u00e9. Plus ques\u00adtion des libres d\u00e9bats envi\u00adsa\u00adg\u00e9s sur les pro\u00adbl\u00e8mes quo\u00adti\u00addiens&nbsp;: la S\u00e9cu\u00adri\u00adt\u00e9 sociale, les menaces d\u2019ex\u00adpul\u00adsion du loge\u00adment, les \u00ab&nbsp;mani\u00adpu\u00adla\u00adtions&nbsp;\u00bb du patron ou de ses sbires entra\u00ee\u00adn\u00e9s aux m\u00e9thodes d\u2019une cer\u00adtaine psy\u00adcho-socio\u00adlo\u00adgie. Plus ques\u00adtion, \u00e0 par\u00adtir de ces pre\u00admiers \u00e9changes, de d\u00e9bou\u00adcher sur des connais\u00adsances&nbsp;: juri\u00addiques, \u00e9co\u00adno\u00admiques, de sciences humaines qu\u2019une p\u00e9da\u00adgo\u00adgie liber\u00adtaire rend ais\u00e9\u00adment acces\u00adsible aux non-sp\u00e9\u00adcia\u00adlistes leur don\u00adnant ain\u00adsi des armes contre les exploiteurs.<\/p>\n<p>Tout est l\u00e0, la v\u00e9ri\u00adtable \u00e9du\u00adca\u00adtion popu\u00adlaire est liber\u00adtaire et elle est un dan\u00adger pour toute direc\u00adtion auto\u00adri\u00adtaire au niveau de l\u2019u\u00adsine, de l\u2019u\u00adni\u00adver\u00adsi\u00adt\u00e9, de l\u2019\u00c9\u00adtat puis\u00adqu\u2019elle ne dis\u00adpense des connais\u00adsances que pour per\u00admettre de pen\u00adser libre\u00adment et d\u2019a\u00adgir en connais\u00adsance de cause. Une telle \u00e9du\u00adca\u00adtion a pour enne\u00admi l\u2019u\u00adna\u00adni\u00admi\u00adt\u00e9 des cou\u00adrants favo\u00adrables <i>\u00e0 un endoc\u00adtri\u00adne\u00adment<\/i>.<\/p>\n<p>Voi\u00adl\u00e0 pour\u00adquoi une alliance&nbsp;: CNPF, CGT, FO, CFDT, CGC adop\u00adtait le 9 juillet 1970 un accord sur l\u2019\u00e9\u00addu\u00adca\u00adtion, non plus popu\u00adlaire, mais per\u00adma\u00adnente. Gr\u00e2ce \u00e0 cet accord, \u00ab&nbsp;le tra\u00advailleur sera consi\u00add\u00e9\u00adr\u00e9 comme un inves\u00adtis\u00adse\u00adment&nbsp;\u00bb (sic); cela se passe de commentaires.<\/p>\n<p>Deve\u00adnue res\u00adpec\u00adtable, l\u2019\u00e9\u00addu\u00adca\u00adtion des tra\u00advailleurs va \u00eatre encou\u00adra\u00adg\u00e9e, on accor\u00adde\u00adra 4 heures de cong\u00e9 par semaine aux bons ouvriers qui iront se \u00ab&nbsp;recy\u00adcler&nbsp;\u00bb \u00e0 l\u2019u\u00adni\u00adver\u00adsi\u00adt\u00e9, \u00e0 condi\u00adtion \u00e9vi\u00addem\u00adment qu\u2019ils suivent des ensei\u00adgne\u00adments s\u00e9rieux, li\u00e9s \u00e0 leur m\u00e9tier.<\/p>\n<p>On n\u2019ac\u00adcor\u00adde\u00adra pas d\u2019au\u00adto\u00adri\u00adsa\u00adtions d\u2019ab\u00adsence \u00e0 qui\u00adconque vou\u00addrait, par exemple, entre\u00adprendre des \u00e9tudes de psy\u00adcho\u00adlo\u00adgie sociale ou de socio\u00adlo\u00adgie. L\u2019<i>\u00c9du\u00adca\u00adtion<\/i> per\u00adma\u00adnente est d\u2019ailleurs d\u00e9sor\u00admais deve\u00adnue <i>For\u00adma\u00adtion<\/i> per\u00adma\u00adnente et il ne sau\u00adrait \u00eatre ques\u00adtion de consi\u00add\u00e9\u00adrer qu\u2019ap\u00adprendre \u00e0 ana\u00adly\u00adser les pro\u00adces\u00adsus sociaux, \u00e0 d\u00e9tec\u00adter les groupes de pres\u00adsion, \u00e0 d\u00e9cou\u00advrir les rami\u00adfi\u00adca\u00adtions \u00e9co\u00adno\u00admiques des diverses ins\u00adti\u00adtu\u00adtions puisse \u00eatre une for\u00adma\u00adtion s\u00e9rieuse pour les tra\u00advailleurs manuels ou les employ\u00e9s de bureau.<\/p>\n<p>Il se cr\u00e9e dans cer\u00adtaines uni\u00adver\u00adsi\u00adt\u00e9s des conseils de ges\u00adtion de la for\u00adma\u00adtion per\u00adma\u00adnente, les grandes cen\u00adtrales ouvri\u00e8res y sont repr\u00e9\u00adsen\u00adt\u00e9es par\u00adfois et il arrive que l\u2019ac\u00adcord soit par\u00adfait entre leurs d\u00e9l\u00e9\u00adgu\u00e9s et ceux du patronat.<\/p>\n<p>Il est temps d\u2019a\u00adler\u00adter les tra\u00advailleurs. L\u2019\u00e9\u00addu\u00adca\u00adtion popu\u00adlaire ne peut \u00eatre ni \u00ab&nbsp;cha\u00adri\u00adtable&nbsp;\u00bb, ni \u00ab&nbsp;contr\u00f4\u00adl\u00e9e&nbsp;\u00bb. Elle n\u2019a de sens que si elle est \u00e9change. \u00c9change d\u2019ex\u00adp\u00e9\u00adriences dif\u00adf\u00e9\u00adrentes au sein d\u2019un groupe o\u00f9 cha\u00adcun inter\u00adroge et o\u00f9 cha\u00adcun apprend, o\u00f9 nul n\u2019a un sta\u00adtut dif\u00adf\u00e9\u00adrent de celui des autres. C\u2019est-\u00e0-dire que l\u2019\u00e9\u00addu\u00adca\u00adtion popu\u00adlaire est l\u2019af\u00adfaire des tra\u00advailleurs libertaires.<\/p>\n","protected":false},"excerpt":{"rendered":"<p>Depuis mai 68, il est de bon ton dans les uni\u00adver\u00adsi\u00adt\u00e9s de se \u00ab&nbsp;pen\u00adcher&nbsp;\u00bb sur le sort des ouvriers. Dans le cadre de cet ouvri\u00e9\u00adrisme d\u2019un nou\u00adveau style on se pr\u00e9\u00adoc\u00adcupe d\u2019\u00e9\u00addu\u00adca\u00adtion per\u00adma\u00adnente et c\u2019est l\u00e0 que les tra\u00advailleurs doivent \u00eatre vigi\u00adlants. En sep\u00adtembre 68, ceux d\u2019entre eux qui s\u2019\u00e9\u00adtaient expri\u00adm\u00e9s dans les Comi\u00adt\u00e9s d\u2019Ac\u00adtion, [\u2026]<\/p>\n","protected":false},"author":1,"featured_media":0,"comment_status":"closed","ping_status":"closed","sticky":false,"template":"","format":"standard","meta":{"wp_typography_post_enhancements_disabled":false,"footnotes":""},"categories":[281],"tags":[],"ppma_author":[540],"class_list":["post-2220","post","type-post","status-publish","format-standard","hentry","category-solidarite-ouvriere-n2-mai-1971"],"authors":[{"term_id":540,"user_id":1,"is_guest":0,"slug":"admin_3gikpwyf","display_name":"Vincent Dubuc","avatar_url":"https:\/\/secure.gravatar.com\/avatar\/d015720652c25fd2ced191ade86430094e1f288a17483713e3b34d26dea52507?s=96&d=mm&r=g","author_category":"","user_url":"https:\/\/la-presse-anarchiste.net","last_name":"Dubuc","first_name":"Vincent","job_title":"","description":""}],"_links":{"self":[{"href":"https:\/\/la-presse-anarchiste.net\/index.php\/wp-json\/wp\/v2\/posts\/2220","targetHints":{"allow":["GET"]}}],"collection":[{"href":"https:\/\/la-presse-anarchiste.net\/index.php\/wp-json\/wp\/v2\/posts"}],"about":[{"href":"https:\/\/la-presse-anarchiste.net\/index.php\/wp-json\/wp\/v2\/types\/post"}],"author":[{"embeddable":true,"href":"https:\/\/la-presse-anarchiste.net\/index.php\/wp-json\/wp\/v2\/users\/1"}],"replies":[{"embeddable":true,"href":"https:\/\/la-presse-anarchiste.net\/index.php\/wp-json\/wp\/v2\/comments?post=2220"}],"version-history":[{"count":0,"href":"https:\/\/la-presse-anarchiste.net\/index.php\/wp-json\/wp\/v2\/posts\/2220\/revisions"}],"wp:attachment":[{"href":"https:\/\/la-presse-anarchiste.net\/index.php\/wp-json\/wp\/v2\/media?parent=2220"}],"wp:term":[{"taxonomy":"category","embeddable":true,"href":"https:\/\/la-presse-anarchiste.net\/index.php\/wp-json\/wp\/v2\/categories?post=2220"},{"taxonomy":"post_tag","embeddable":true,"href":"https:\/\/la-presse-anarchiste.net\/index.php\/wp-json\/wp\/v2\/tags?post=2220"},{"taxonomy":"author","embeddable":true,"href":"https:\/\/la-presse-anarchiste.net\/index.php\/wp-json\/wp\/v2\/ppma_author?post=2220"}],"curies":[{"name":"wp","href":"https:\/\/api.w.org\/{rel}","templated":true}]}}