{"id":2221,"date":"2009-10-16T10:04:30","date_gmt":"2009-10-16T10:04:30","guid":{"rendered":"https:\/\/la-presse-anarchiste.net\/index.php\/2009\/10\/16\/les-douze-points-du-capital-espagnol-et-international\/"},"modified":"2009-10-16T10:04:30","modified_gmt":"2009-10-16T10:04:30","slug":"les-douze-points-du-capital-espagnol-et-international","status":"publish","type":"post","link":"https:\/\/la-presse-anarchiste.net\/index.php\/2009\/10\/16\/les-douze-points-du-capital-espagnol-et-international\/","title":{"rendered":"Les douze points du Capital espagnol et international"},"content":{"rendered":"<div class=\"pdfprnt-buttons pdfprnt-buttons-post pdfprnt-top-right\"><a href=\"https:\/\/la-presse-anarchiste.net\/index.php\/wp-json\/wp\/v2\/posts\/2221?print=pdf\" class=\"pdfprnt-button pdfprnt-button-pdf\" target=\"_blank\"><img decoding=\"async\" src=\"https:\/\/la-presse-anarchiste.net\/wp-content\/plugins\/pdf-print\/images\/pdf.png\" alt=\"image_pdf\" title=\"Afficher le PDF\"><\/a><a href=\"https:\/\/la-presse-anarchiste.net\/index.php\/wp-json\/wp\/v2\/posts\/2221?print=print\" class=\"pdfprnt-button pdfprnt-button-print\" target=\"_blank\"><img decoding=\"async\" src=\"https:\/\/la-presse-anarchiste.net\/wp-content\/plugins\/pdf-print\/images\/print.png\" alt=\"image_print\" title=\"Contenu imprim\u00e9\"><\/a><\/div><p>[(Ce com\u00admu\u00adni\u00adqu\u00e9 confi\u00adden\u00adtiel de la sec\u00adtion patro\u00adnale du \u00ab&nbsp;Syn\u00addi\u00adcat&nbsp;\u00bb offi\u00adciel de la M\u00e9tal\u00adlur\u00adgie de la pro\u00advince de Bar\u00adce\u00adlone, que nous repro\u00addui\u00adsons ci-apr\u00e8s, est un exemple de la r\u00e9ac\u00adtion patro\u00adnale face \u00e0 la pres\u00adsion de la classe ouvri\u00e8re espa\u00adgnole qui r\u00e9or\u00adga\u00adnise son com\u00adbat et qui, apr\u00e8s tant d\u2019an\u00adn\u00e9es de souf\u00adfrances, de nou\u00adveau jette ses ponts d\u2019es\u00adpoir vers un ave\u00adnir meilleur.<\/p>\n<p>Ce texte n\u2019in\u00adt\u00e9\u00adresse pas que les tra\u00advailleurs d\u2019Es\u00adpagne, il concerne l\u2019in\u00adter\u00adna\u00adtio\u00adnale ouvri\u00e8re qui subit l\u2019ex\u00adploi\u00adta\u00adtion des m\u00eames patrons. Les masques peuvent \u00eatre dif\u00adf\u00e9\u00adrents, mais dans leurs com\u00admu\u00adni\u00adqu\u00e9s \u00ab&nbsp;confi\u00adden\u00adtiels&nbsp;\u00bb, dans leurs r\u00e9unions \u00ab&nbsp;syn\u00addi\u00adcales&nbsp;\u00bb, ils tiennent les m\u00eames rai\u00adson\u00adne\u00adments, le m\u00eame langage.<\/p>\n<p>Au moment o\u00f9 des sec\u00adteurs impor\u00adtants du patro\u00adnat fran\u00ad\u00e7ais mul\u00adti\u00adplient les contacts avec leurs col\u00adl\u00e8gues espa\u00adgnols, concluant des accords indus\u00adtriels et finan\u00adciers, il est indis\u00adpen\u00adsable que les tra\u00advailleurs de langue fran\u00ad\u00e7aise soient infor\u00adm\u00e9s de la r\u00e9a\u00adli\u00adt\u00e9 de la \u00ab&nbsp;lib\u00e9ration&nbsp;\u00bb.<\/p>\n<p>Mais face \u00e0 ces rai\u00adson\u00adne\u00adments, \u00e0 ces pro\u00adjets de r\u00e9pres\u00adsion, la classe ouvri\u00e8re peut \u00eatre vic\u00adto\u00adrieuse si elle ne cesse de d\u00e9ve\u00adlop\u00adper et de for\u00admu\u00adler par une pra\u00adtique tou\u00adjours plus effi\u00adcace son sens de la soli\u00adda\u00adri\u00adt\u00e9, de l\u2019ef\u00adfi\u00adca\u00adci\u00adt\u00e9, sa conscience et son action de classe, son pro\u00adjet d\u2019\u00e9\u00adman\u00adci\u00adpa\u00adtion int\u00e9grale.)]<\/p>\n<h2>Gamete Tecnico-economico sidero-metalurgico<\/h2>\n<p><b>Sin\u00addi\u00adca\u00adto Pro\u00advin\u00adcial del&nbsp;metal<\/b><\/p>\n<p>1. \u2013 Les entre\u00adprises se sentent le devoir de convaincre notre gou\u00adver\u00adne\u00adment d\u2019a\u00adgir avec la plus grande \u00e9ner\u00adgie afin d\u2019\u00e9\u00advi\u00adter, en dehors des entre\u00adprises, le d\u00e9ve\u00adlop\u00adpe\u00adment de conflits poli\u00adtiques qui, une fois ins\u00adtal\u00adl\u00e9s au sein m\u00eame des entre\u00adprises, s\u2019y camouflent sous la forme de conflits du tra\u00advail avec beau\u00adcoup d\u2019habilet\u00e9.<\/p>\n<p>Le d\u00e9ni\u00adgre\u00adment des faits r\u00e9els ne pou\u00advant en aucun cas mas\u00adquer le v\u00e9ri\u00adtable fond du pro\u00adbl\u00e8me, essaie de conso\u00adli\u00adder des situa\u00adtions sala\u00adriales conflic\u00adtuelles en abu\u00adsant de la tol\u00e9\u00adrance de l\u2019au\u00adto\u00adri\u00adt\u00e9, per\u00admet\u00adtant de fausses acti\u00advi\u00adt\u00e9s \u00ab&nbsp;d\u00e9mocratiques&nbsp;\u00bb.<\/p>\n<p>La s\u00e9cu\u00adri\u00adt\u00e9 et la sta\u00adbi\u00adli\u00adt\u00e9 de notre r\u00e9gime n\u2019ont aucune rai\u00adson de craindre des orga\u00adni\u00adsa\u00adtions uni\u00adque\u00adment appuy\u00e9es par des int\u00e9\u00adr\u00eats inter\u00adna\u00adtio\u00adnaux aux mau\u00advaises inten\u00adtions connues.<\/p>\n<p>L\u2019en\u00adtre\u00adprise ne peut agir avec une grande \u00e9ner\u00adgie en son sein et encore moins a l\u2019ex\u00adt\u00e9\u00adrieur contre ces orga\u00adni\u00adsa\u00adtions subversives.<\/p>\n<p>2. \u2013 L\u2019au\u00adto\u00adri\u00adt\u00e9 devrait agir ins\u00adtan\u00adta\u00adn\u00e9\u00adment et net\u00adte\u00adment, en dehors de l\u2019en\u00adtre\u00adprise, contre les indi\u00advi\u00addus, les \u00ab&nbsp;com\u00adman\u00addos&nbsp;\u00bb et les groupes acti\u00advistes qui, sans cesse, sont en train de faire na\u00eetre des situa\u00adtions conflictuelles.<\/p>\n<p>L\u2019ac\u00adtion de l\u2019au\u00adto\u00adri\u00adt\u00e9 au sein des entre\u00adprises ne devrait se r\u00e9a\u00adli\u00adser qu\u2019en cas de situa\u00adtion d\u2019\u00e9\u00admer\u00adgence, qui sont les cons\u00e9\u00adquences d\u2019une impr\u00e9\u00advoyance ou de cir\u00adcons\u00adtances excep\u00adtion\u00adnelles qui doivent \u00eatre tran\u00adch\u00e9es afin d\u2019\u00e9\u00advi\u00adter un plus grand&nbsp;mal.<\/p>\n<p>3. \u2013 Les entre\u00adprises ne connaissent pas tou\u00adjours les acti\u00advistes, mais elles peuvent four\u00adnir des pistes et des infor\u00adma\u00adtions afin que l\u2019au\u00adto\u00adri\u00adt\u00e9 puisse agir et mener des enqu\u00eates sur les acti\u00advi\u00adt\u00e9s de ces acti\u00advistes en dehors de l\u2019en\u00adtre\u00adprise. Actuel\u00adle\u00adment, cela n\u2019est pas men\u00e9 avec une \u00e9ner\u00adgie suf\u00adfi\u00adsante pour \u00e9vi\u00adter ce qui pour\u00adrait l\u2019\u00eatre.<\/p>\n<p>L\u2019en\u00adtre\u00adprise ne dis\u00adpose pas de moyens pour mener ces enqu\u00eates, et l\u00e0 n\u2019est pas sa mission.<\/p>\n<p>4. \u2013 Les jur\u00e9s d\u2019en\u00adtre\u00adprise doivent \u00eatre d\u00fbment pro\u00adt\u00e9\u00adg\u00e9s et pos\u00ads\u00e9\u00adder assez d\u2019au\u00adto\u00adri\u00adt\u00e9 pour \u00eatre le v\u00e9ri\u00adtable ins\u00adtru\u00adment du dia\u00adlogue avec la direc\u00adtion de l\u2019en\u00adtre\u00adprise. Les jur\u00e9s ne devraient pas \u00eatre mon\u00adt\u00e9s contre les entre\u00adprises par le vice-secr\u00e9\u00adta\u00adriat, l\u2019A\u00adm\u00e9\u00adna\u00adge\u00adment social ou les asses\u00adseurs socio\u00adsyn\u00addi\u00adcaux qui, par\u00adfois, orientent mal\u00adadroi\u00adte\u00adment les jur\u00e9s vers une posi\u00adtion d\u00e9ma\u00adgo\u00adgique qui ne par\u00advient pas \u00e0 satis\u00adfaire les acti\u00advistes et qui cr\u00e9e, en revanche, une situa\u00adtion de confu\u00adsion\u00adnisme entre les jur\u00e9s-repr\u00e9\u00adsen\u00adtants et la direc\u00adtion de l\u2019en\u00adtre\u00adprise, ce qui se tra\u00adduit en perte de pres\u00adtige pour tous deux, et dont pro\u00adfitent les groupes sub\u00adver\u00adsifs pour atteindre leur objectif.<\/p>\n<p>5. \u2013 L\u2019ex\u00adp\u00e9\u00adrience qui res\u00adsort de la d\u00e9ci\u00adsion des Magis\u00adtra\u00adtures du tra\u00advail est le d\u00e9ve\u00adlop\u00adpe\u00adment de nou\u00adveaux et de plus amples conflits qui d\u00e9t\u00e9\u00adriorent la situa\u00adtion, les entre\u00adprises devant modi\u00adfier des d\u00e9ci\u00adsions ren\u00addues n\u00e9ces\u00adsaires pour \u00e9ta\u00adblir l\u2019ordre et la discipline.<\/p>\n<p>6. \u2013 Les ren\u00advois jus\u00adti\u00adfi\u00e9s, encore plus dans les cas qui nous int\u00e9\u00adressent ici, devraient tou\u00adjours \u00eatre effec\u00adtu\u00e9s SANS INDEMNISATION, vu que le contraire serait de cr\u00e9er un pro\u00adfes\u00adsion\u00adna\u00adlisme du conflit social et de l\u2019indemnisation.<\/p>\n<p>7. \u2013 En ce qui concerne les pro\u00adchaines \u00e9lec\u00adtions syn\u00addi\u00adcales, il est n\u00e9ces\u00adsaire de prendre toutes les pr\u00e9\u00adcau\u00adtions utiles pour \u00e9vi\u00adter que, \u00e0 l\u2019a\u00adbri d\u2019une fausse d\u00e9mo\u00adcra\u00adtie, les groupes de pres\u00adsion acti\u00advistes ne puissent s\u2019emparer d\u2019une pr\u00e9\u00adten\u00addue repr\u00e9\u00adsen\u00adta\u00adti\u00advi\u00adt\u00e9, tant dans l\u2019or\u00adga\u00adni\u00adsa\u00adtion syn\u00addi\u00adcale qu\u2019au sein m\u00eame des entreprises.<\/p>\n<p>8. \u2013 Le Social et l\u2019\u00c9\u00adco\u00adno\u00admique sont infailli\u00adble\u00adment li\u00e9s. La pros\u00adp\u00e9\u00adri\u00adt\u00e9 du pays se mesure \u00e0 celle de ses entre\u00adprises. Le scep\u00adti\u00adcisme le plus abso\u00adlu a enva\u00adhi actuel\u00adle\u00adment le milieu de la direc\u00adtion de l\u2019en\u00adtre\u00adprise, qui doit employer la plu\u00adpart de son acti\u00advi\u00adt\u00e9 \u00e0 la solu\u00adtion de situa\u00adtions conflic\u00adtuelles, d\u00e9lais\u00adsant ain\u00adsi sa mis\u00adsion fon\u00adda\u00admen\u00adtale qui est la cr\u00e9a\u00adtion de richesses.<\/p>\n<p>9. \u2013 Il est indis\u00adpen\u00adsable de mettre au point un sys\u00adt\u00e8me pour que les entre\u00adprises n\u2019en\u00adgagent pas du per\u00adson\u00adnel ayant des ant\u00e9\u00adc\u00e9\u00addents conflic\u00adtuels et pro\u00adfes\u00adsion\u00adna\u00adli\u00ads\u00e9s dans ce genre d\u2019activit\u00e9.<\/p>\n<p>10. \u2013 La situa\u00adtion pr\u00e9\u00adsente de r\u00e9ces\u00adsion avec infla\u00adtion n\u2019est pas une ambiance favo\u00adrable pour trou\u00adver l\u2019\u00e9\u00adqui\u00adlibre \u00e9co\u00adno\u00admique de l\u2019en\u00adtre\u00adprise n\u00e9ces\u00adsaire \u00e0 l\u2019ob\u00adten\u00adtion de b\u00e9n\u00e9\u00adfices per\u00admet\u00adtant le d\u00e9ve\u00adlop\u00adpe\u00adment, l\u2019in\u00adves\u00adtis\u00adse\u00adment et l\u2019au\u00adto\u00adfi\u00adnan\u00adce\u00adment. Dans cette situa\u00adtion de scep\u00adti\u00adcisme, tant dans le domaine social que dans le domaine \u00e9co\u00adno\u00admique, on peut dif\u00adfi\u00adci\u00adle\u00adment prendre soin des pro\u00adbl\u00e8mes sociaux, d\u2019une part, et fis\u00adcaux, d\u2019autre part, qui sont chaque fors plus exigeants.<\/p>\n<p>11. \u2013 Les mesures \u00e9co\u00adno\u00admiques prises par le gou\u00adver\u00adne\u00adment pour le relan\u00adce\u00adment ne r\u00e9sou\u00addront pas le pro\u00adbl\u00e8me de l\u2019en\u00adtre\u00adprise avec la rapi\u00addi\u00adt\u00e9 exi\u00adg\u00e9e par les cir\u00adcons\u00adtances. Le pro\u00adbl\u00e8me a atteint une trop grande pro\u00adfon\u00addeur pour pou\u00advoir cor\u00adres\u00adpondre \u00e0 une mesure net\u00adte\u00adment timide.<\/p>\n<p>La meilleure mesure de relan\u00adce\u00adment est la confiance.<\/p>\n<p>L\u2019am\u00adbiance mal\u00adsaine ne se dis\u00adsipe&nbsp;pas.<\/p>\n<p>12. \u2013 Une action poli\u00adtique et \u00e9co\u00adno\u00admique plus com\u00adba\u00adtive, qui garan\u00adtisse le libre exer\u00adcice de l\u2019en\u00adtre\u00adprise, l\u2019en\u00adti\u00e8re tran\u00adquilli\u00adt\u00e9 socio-\u00e9co\u00adno\u00admique et le sain espoir dans l\u2019a\u00adve\u00adnir du pays, dans la sta\u00adbi\u00adli\u00adt\u00e9 et avec \u00e9ner\u00adgie, est de la plus haute n\u00e9cessit\u00e9.<\/p>\n<p>Bar\u00adce\u00adlone, le 4 f\u00e9vrier 1971.<\/p>\n","protected":false},"excerpt":{"rendered":"<p>[(Ce com\u00admu\u00adni\u00adqu\u00e9 confi\u00adden\u00adtiel de la sec\u00adtion patro\u00adnale du \u00ab&nbsp;Syn\u00addi\u00adcat&nbsp;\u00bb offi\u00adciel de la M\u00e9tal\u00adlur\u00adgie de la pro\u00advince de Bar\u00adce\u00adlone, que nous repro\u00addui\u00adsons ci-apr\u00e8s, est un exemple de la r\u00e9ac\u00adtion patro\u00adnale face \u00e0 la pres\u00adsion de la classe ouvri\u00e8re espa\u00adgnole qui r\u00e9or\u00adga\u00adnise son com\u00adbat et qui, apr\u00e8s tant d\u2019an\u00adn\u00e9es de souf\u00adfrances, de nou\u00adveau jette ses ponts d\u2019es\u00adpoir [\u2026]<\/p>\n","protected":false},"author":1,"featured_media":0,"comment_status":"closed","ping_status":"closed","sticky":false,"template":"","format":"standard","meta":{"wp_typography_post_enhancements_disabled":false,"footnotes":""},"categories":[281],"tags":[],"ppma_author":[540],"class_list":["post-2221","post","type-post","status-publish","format-standard","hentry","category-solidarite-ouvriere-n2-mai-1971"],"authors":[{"term_id":540,"user_id":1,"is_guest":0,"slug":"admin_3gikpwyf","display_name":"Vincent Dubuc","avatar_url":"https:\/\/secure.gravatar.com\/avatar\/d015720652c25fd2ced191ade86430094e1f288a17483713e3b34d26dea52507?s=96&d=mm&r=g","author_category":"","user_url":"https:\/\/la-presse-anarchiste.net","last_name":"Dubuc","first_name":"Vincent","job_title":"","description":""}],"_links":{"self":[{"href":"https:\/\/la-presse-anarchiste.net\/index.php\/wp-json\/wp\/v2\/posts\/2221","targetHints":{"allow":["GET"]}}],"collection":[{"href":"https:\/\/la-presse-anarchiste.net\/index.php\/wp-json\/wp\/v2\/posts"}],"about":[{"href":"https:\/\/la-presse-anarchiste.net\/index.php\/wp-json\/wp\/v2\/types\/post"}],"author":[{"embeddable":true,"href":"https:\/\/la-presse-anarchiste.net\/index.php\/wp-json\/wp\/v2\/users\/1"}],"replies":[{"embeddable":true,"href":"https:\/\/la-presse-anarchiste.net\/index.php\/wp-json\/wp\/v2\/comments?post=2221"}],"version-history":[{"count":0,"href":"https:\/\/la-presse-anarchiste.net\/index.php\/wp-json\/wp\/v2\/posts\/2221\/revisions"}],"wp:attachment":[{"href":"https:\/\/la-presse-anarchiste.net\/index.php\/wp-json\/wp\/v2\/media?parent=2221"}],"wp:term":[{"taxonomy":"category","embeddable":true,"href":"https:\/\/la-presse-anarchiste.net\/index.php\/wp-json\/wp\/v2\/categories?post=2221"},{"taxonomy":"post_tag","embeddable":true,"href":"https:\/\/la-presse-anarchiste.net\/index.php\/wp-json\/wp\/v2\/tags?post=2221"},{"taxonomy":"author","embeddable":true,"href":"https:\/\/la-presse-anarchiste.net\/index.php\/wp-json\/wp\/v2\/ppma_author?post=2221"}],"curies":[{"name":"wp","href":"https:\/\/api.w.org\/{rel}","templated":true}]}}