{"id":2225,"date":"2009-10-16T10:13:59","date_gmt":"2009-10-16T10:13:59","guid":{"rendered":"https:\/\/la-presse-anarchiste.net\/index.php\/2009\/10\/16\/les-routiers\/"},"modified":"2009-10-16T10:13:59","modified_gmt":"2009-10-16T10:13:59","slug":"les-routiers","status":"publish","type":"post","link":"https:\/\/la-presse-anarchiste.net\/index.php\/2009\/10\/16\/les-routiers\/","title":{"rendered":"Les routiers"},"content":{"rendered":"<div class=\"pdfprnt-buttons pdfprnt-buttons-post pdfprnt-top-right\"><a href=\"https:\/\/la-presse-anarchiste.net\/index.php\/wp-json\/wp\/v2\/posts\/2225?print=pdf\" class=\"pdfprnt-button pdfprnt-button-pdf\" target=\"_blank\"><img decoding=\"async\" src=\"https:\/\/la-presse-anarchiste.net\/wp-content\/plugins\/pdf-print\/images\/pdf.png\" alt=\"image_pdf\" title=\"Afficher le PDF\"><\/a><a href=\"https:\/\/la-presse-anarchiste.net\/index.php\/wp-json\/wp\/v2\/posts\/2225?print=print\" class=\"pdfprnt-button pdfprnt-button-print\" target=\"_blank\"><img decoding=\"async\" src=\"https:\/\/la-presse-anarchiste.net\/wp-content\/plugins\/pdf-print\/images\/print.png\" alt=\"image_print\" title=\"Contenu imprim\u00e9\"><\/a><\/div><p>[(L\u2019esclavage abo\u00adli depuis long\u00adtemps est encore pra\u00adti\u00adqu\u00e9 de nos jours et en par\u00adti\u00adcu\u00adlier dans notre pro\u00adfes\u00adsion, o\u00f9 les camions sont les car\u00adcans modernes de chauf\u00adfeurs sou\u00advent inconscients.<\/p>\n<p>Ces esclaves du XX<sup>e<\/sup> si\u00e8cle, d\u00e9peints en assas\u00adsins par des quo\u00adti\u00addiens \u00e0 grand tirage, sont les ins\u00adtru\u00adments invo\u00adlon\u00adtaires d\u2019un capi\u00adta\u00adlisme de plus en plus avide de pro\u00adfits&nbsp;; si par\u00adfois l\u2019un d\u2019eux tente de secouer le joug de l\u2019es\u00adcla\u00advage, il est vive\u00adment rame\u00adn\u00e9 \u00e0 la r\u00e9a\u00adli\u00adt\u00e9, car son ma\u00eetre a pour lui tout un \u00e9ven\u00adtail de sanc\u00adtions et b\u00e9n\u00e9\u00adfi\u00adcie tr\u00e8s sou\u00advent de la b\u00e9n\u00e9\u00addic\u00adtion des pou\u00advoirs publics.)]<\/p>\n<p>Le public, mis en condi\u00adtion par les pro\u00adpos incon\u00adsi\u00add\u00e9\u00adr\u00e9s des jour\u00adnaux \u00e0 la solde des capi\u00adta\u00adlistes, ne se rend pas compte de cet \u00e9tat de fait. Bien au contraire, il applau\u00addit par\u00adfois les mesures et les sanc\u00adtions appli\u00adqu\u00e9es par les magis\u00adtrats qui ne sont jamais le pro\u00adduit de la classe ouvri\u00e8re. Ces sanc\u00adtions impla\u00adcables brisent par\u00adfois une situa\u00adtion sou\u00advent modeste d\u2019un invo\u00adlon\u00adtaire res\u00adpon\u00adsable d\u2019ac\u00adci\u00addent reten\u00adtis\u00adsant. Le vrai res\u00adpon\u00adsable est pra\u00adti\u00adque\u00adment tou\u00adjours le patron avec ses ren\u00adta\u00adbi\u00adli\u00adt\u00e9s et ses primes au rendement.<\/p>\n<p>Seule\u00adment ce que l\u2019on cache \u00e0 ce public, ce sont les carences d\u2019un gou\u00adver\u00adne\u00adment trop pro\u00addigue des deniers de la nation en d\u00e9penses inutiles&nbsp;; cela aux d\u00e9pens d\u2019un r\u00e9seau rou\u00adtier pan\u00adte\u00adlant \u00e0 la suite de quelques hivers rigoureux.<\/p>\n<p>Nos condi\u00adtions sociales d\u00e9sas\u00adtreuses ne risquent pas d\u2019\u00eatre am\u00e9\u00adlio\u00adr\u00e9es, car nous lais\u00adsons se d\u00e9gra\u00adder tout cela sans rien dire&nbsp;; par\u00adfois un sur\u00adsaut se mani\u00adfeste loca\u00adle\u00adment, mais sans grands effets&nbsp;; les rou\u00adtiers sont de tra\u00addi\u00adtion trop pacifique.<\/p>\n<p>Le VI<sup>e<\/sup> Plan pr\u00e9\u00advoit-il la dis\u00adpa\u00adri\u00adtion \u00e0 plus ou moins longue \u00e9ch\u00e9ance de notre pro\u00adfes\u00adsion au m\u00eame titre que les mineurs, pour fer\u00admer volon\u00adtai\u00adre\u00adment les yeux \u00e0 nos condi\u00adtions sociales&nbsp;? La ques\u00adtion est&nbsp;pos\u00e9e.<\/p>\n<p>Pour l\u2019ins\u00adtant, afin d\u2019\u00e9\u00adtan\u00adcher leur soif d\u2019argent tou\u00adjours crois\u00adsante, les patrons trans\u00adpor\u00adteurs r\u00e9novent les car\u00adcans. \u00ab&nbsp;Voyez l\u00e0 les camions&nbsp;!&nbsp;\u00bb Ceux-ci tou\u00adjours plus rapides se pro\u00adpulsent \u00e0 100km \u00e0 l\u2019heure, voire plus avec un poids res\u00adpec\u00adtable de 35.000 kilos.<\/p>\n<p>Inutile de pr\u00e9\u00adci\u00adser que ce genre d\u2019o\u00adbus, lors\u00adqu\u2019il per\u00adcute une voi\u00adture, a t\u00f4t fait de la r\u00e9duire en bouillie.<\/p>\n<p>Sou\u00advent, des cama\u00adrades fri\u00adsant la cin\u00adquan\u00adtaine me confient leur frousse de la route. Alors qu\u2019ils approchent de la retraite, ils doivent suivre l\u2019ac\u00adc\u00e9\u00adl\u00e9\u00adra\u00adtion du rythme de la vie au d\u00e9tri\u00adment de la&nbsp;leur.<\/p>\n<p>Au mois de mars 1970, les bar\u00adrages rou\u00adtiers avaient don\u00adn\u00e9 l\u2019\u00e9\u00adveil au gou\u00adver\u00adne\u00adment qui pro\u00adpo\u00adsa des n\u00e8fles&nbsp;; c\u2019\u00e9\u00adtait le d\u00e9part de la pr\u00e9\u00adten\u00addue concer\u00adta\u00adtion avec les orga\u00adni\u00adsa\u00adtions ouvri\u00e8res plus ou moins repr\u00e9\u00adsen\u00adta\u00adtives de notre cor\u00adpo\u00adra\u00adtion. Ces orga\u00adni\u00adsa\u00adtions repr\u00e9\u00adsen\u00adta\u00adtives ne regroupent \u00e0 elles toutes que 4 pour 1.000 des tra\u00advailleurs, dont quelques-unes ont une pas\u00adsion par\u00adti\u00adcu\u00adli\u00e8re des paillas\u00adsons de portes minist\u00e9rielles.<\/p>\n<p>L\u2019or\u00adga\u00adni\u00adsa\u00adtion des rou\u00adtiers de la rue d\u2019Is\u00adly, qui a sp\u00e9\u00adcia\u00adli\u00adt\u00e9 d\u2019\u00eatre tou\u00adjours \u00e0 l\u2019a\u00advant-garde des bataillons en retraite, d\u00e9cla\u00adrait \u00e0 la t\u00e9l\u00e9\u00advi\u00adsion la fin de nos pro\u00adbl\u00e8mes&nbsp;: ils existent encore, que je sache&nbsp;! Mais cette orga\u00adni\u00adsa\u00adtion miracle sait de quoi elle parle dans son jour\u00adnal de d\u00e9cembre (num\u00e9\u00adro 431, article \u00ab&nbsp;Les appren\u00adtis sor\u00adciers&nbsp;\u00bb) en ce qui concerne les coti\u00adsa\u00adtions juteuses&nbsp;: si elle n\u2019a rien r\u00e9so\u00adlu syn\u00addi\u00adca\u00adle\u00adment, elle a tout de m\u00eame r\u00e9us\u00adsi la vente de pas\u00adse\u00adports d\u2019en\u00adtraide, cartes pro\u00adfes\u00adsion\u00adnelles bidon, maca\u00adrons, insignes et que sais-je encore, et de sur\u00adcro\u00eet la mise en sc\u00e8ne du cham\u00adpion\u00adnat de conduc\u00adteurs sous le haut patro\u00adnage de ministres trop heu\u00adreux de r\u00e9soudre un pro\u00adbl\u00e8me fic\u00adtif. C\u2019est un peu le pr\u00e9\u00adlude au bain de foule et dans ces cas-l\u00e0 il y a tou\u00adjours un fes\u00adtin offert aux invi\u00adt\u00e9s, c\u2019est de cette mani\u00e8re bien sou\u00advent que l\u2019on r\u00e8gle cer\u00adtains pro\u00adbl\u00e8mes \u00e9pineux\u2026<\/p>\n<p>M.&nbsp;Fran\u00ad\u00e7ois de Sau\u00adlieu, alias d\u2019Urnes, grand monarque du ch\u00e2\u00adteau du m\u00eame nom, \u00e9crit en outre&nbsp;: \u00ab&nbsp;Les appren\u00adtis sor\u00adciers auront fait le jeu du patro\u00adnat et des par\u00adtis politiques.&nbsp;\u00bb<\/p>\n<p>Sou\u00adhai\u00adtons que l\u2019am\u00adbi\u00adtion des Gau\u00adlois du XX<sup>e<\/sup> si\u00e8cle, dont fait tou\u00adjours \u00e9tat ce jour\u00adna\u00adliste d\u2019o\u00adp\u00e9\u00adrette dans le m\u00eame article, sau\u00adra mieux r\u00e9soudre les pro\u00adbl\u00e8mes syn\u00addi\u00adcaux que la bureau\u00adcra\u00adtie qu\u2019il cha\u00adpe\u00adronne amou\u00adreu\u00adse\u00adment rue d\u2019Is\u00adly&nbsp;; en tout cas, ils ne seront jamais com\u00adpro\u00admis avec les orga\u00adni\u00adsa\u00adtions patro\u00adnales, c\u2019est ce qui tran\u00adquillise les petits Gau\u00adlois, \u00ab&nbsp;dont je suis&nbsp;\u00bb (dixit de Saulieu)&nbsp;.<\/p>\n<p>\u00c0 vous tous, cama\u00adrades des trans\u00adports, je lance un appel solennel&nbsp;:<\/p>\n<p>Il est temps de ser\u00adrer les rangs, sinon nous serons irr\u00e9\u00adm\u00e9\u00addia\u00adble\u00adment absor\u00adb\u00e9s, voire dig\u00e9\u00adr\u00e9s, par les orga\u00adni\u00adsa\u00adtions pseu\u00addoou\u00advri\u00e8res des trans\u00adports, ins\u00adtru\u00adments du gou\u00adver\u00adne\u00adment actuel. Ces orga\u00adni\u00adsa\u00adtions qui ne connaissent pas vrai\u00adment notre pro\u00adfes\u00adsion et n\u2019ar\u00adrivent jamais \u00e0 se mettre d\u2019ac\u00adcord pour d\u00e9truire enfin le joug capi\u00adta\u00adliste, fau\u00adteur de tous les mal\u00adheurs des ouvriers.<\/p>\n<p>C\u2019est \u00e0 la suite des bar\u00adrages de mars 70 aux portes de Paris que des mili\u00adtants rou\u00adtiers \u00e9c\u0153u\u00adr\u00e9s des agis\u00adse\u00adments de leur orga\u00adni\u00adsa\u00adtion d\u00e9ci\u00add\u00e8rent de cr\u00e9er une orga\u00adni\u00adsa\u00adtion syn\u00addi\u00adcale uni\u00adtaire, bas\u00e9e sur la lutte de classes et fai\u00adsant r\u00e9f\u00e9\u00adrence \u00e0 la Charte d\u2019A\u00admiens, base des statuts.<\/p>\n<p>L\u00e0, cha\u00adcun des adh\u00e9\u00adrents donne son avis et dis\u00adcute libre\u00adment de nos pro\u00adbl\u00e8mes, \u00e7a n\u2019est pas le petit c\u00e9nacle o\u00f9 l\u2019on papote dis\u00adcr\u00e8\u00adte\u00adment. C\u2019est votre refuge \u00e0 tous, il vous attend afin qu\u2019en\u00adsemble nous puis\u00adsions nous faire entendre et abattre \u00e0 jamais nos liens d\u2019esclaves.<\/p>\n<p>Nous vou\u00adlons vivre comme les hommes que nous sommes et non pas \u00eatre cocu\u00adfi\u00e9s constam\u00adment par tous ces d\u00e9ma\u00adgogues sou\u00adriants de plai\u00adsir aux s\u00e9vices de nos ma\u00eetres. CAR NOUS NE VOULONS PLUS DE MAITRES.<\/p>\n<p>Jean Mon\u00adti\u00adgaud, rou\u00adtier T.I.R.<\/p>\n","protected":false},"excerpt":{"rendered":"<p>[(L\u2019esclavage abo\u00adli depuis long\u00adtemps est encore pra\u00adti\u00adqu\u00e9 de nos jours et en par\u00adti\u00adcu\u00adlier dans notre pro\u00adfes\u00adsion, o\u00f9 les camions sont les car\u00adcans modernes de chauf\u00adfeurs sou\u00advent incons\u00adcients. Ces esclaves du XXe si\u00e8cle, d\u00e9peints en assas\u00adsins par des quo\u00adti\u00addiens \u00e0 grand tirage, sont les ins\u00adtru\u00adments invo\u00adlon\u00adtaires d\u2019un capi\u00adta\u00adlisme de plus en plus avide de pro\u00adfits&nbsp;;&nbsp;si&nbsp;[\u2026]<\/p>\n","protected":false},"author":1,"featured_media":0,"comment_status":"closed","ping_status":"closed","sticky":false,"template":"","format":"standard","meta":{"wp_typography_post_enhancements_disabled":false,"footnotes":""},"categories":[281],"tags":[],"ppma_author":[540],"class_list":["post-2225","post","type-post","status-publish","format-standard","hentry","category-solidarite-ouvriere-n2-mai-1971"],"authors":[{"term_id":540,"user_id":1,"is_guest":0,"slug":"admin_3gikpwyf","display_name":"Vincent Dubuc","avatar_url":"https:\/\/secure.gravatar.com\/avatar\/d015720652c25fd2ced191ade86430094e1f288a17483713e3b34d26dea52507?s=96&d=mm&r=g","author_category":"","user_url":"https:\/\/la-presse-anarchiste.net","last_name":"Dubuc","first_name":"Vincent","job_title":"","description":""}],"_links":{"self":[{"href":"https:\/\/la-presse-anarchiste.net\/index.php\/wp-json\/wp\/v2\/posts\/2225","targetHints":{"allow":["GET"]}}],"collection":[{"href":"https:\/\/la-presse-anarchiste.net\/index.php\/wp-json\/wp\/v2\/posts"}],"about":[{"href":"https:\/\/la-presse-anarchiste.net\/index.php\/wp-json\/wp\/v2\/types\/post"}],"author":[{"embeddable":true,"href":"https:\/\/la-presse-anarchiste.net\/index.php\/wp-json\/wp\/v2\/users\/1"}],"replies":[{"embeddable":true,"href":"https:\/\/la-presse-anarchiste.net\/index.php\/wp-json\/wp\/v2\/comments?post=2225"}],"version-history":[{"count":0,"href":"https:\/\/la-presse-anarchiste.net\/index.php\/wp-json\/wp\/v2\/posts\/2225\/revisions"}],"wp:attachment":[{"href":"https:\/\/la-presse-anarchiste.net\/index.php\/wp-json\/wp\/v2\/media?parent=2225"}],"wp:term":[{"taxonomy":"category","embeddable":true,"href":"https:\/\/la-presse-anarchiste.net\/index.php\/wp-json\/wp\/v2\/categories?post=2225"},{"taxonomy":"post_tag","embeddable":true,"href":"https:\/\/la-presse-anarchiste.net\/index.php\/wp-json\/wp\/v2\/tags?post=2225"},{"taxonomy":"author","embeddable":true,"href":"https:\/\/la-presse-anarchiste.net\/index.php\/wp-json\/wp\/v2\/ppma_author?post=2225"}],"curies":[{"name":"wp","href":"https:\/\/api.w.org\/{rel}","templated":true}]}}