{"id":2228,"date":"2009-10-16T10:19:46","date_gmt":"2009-10-16T10:19:46","guid":{"rendered":"https:\/\/la-presse-anarchiste.net\/index.php\/2009\/10\/16\/motions-adoptees-par-la-conference-nationale-de-la-s-r-a-s-a-niort-les-10-11-et-12-avril-1971\/"},"modified":"2009-10-16T10:19:46","modified_gmt":"2009-10-16T10:19:46","slug":"motions-adoptees-par-la-conference-nationale-de-la-s-r-a-s-a-niort-les-10-11-et-12-avril-1971","status":"publish","type":"post","link":"https:\/\/la-presse-anarchiste.net\/index.php\/2009\/10\/16\/motions-adoptees-par-la-conference-nationale-de-la-s-r-a-s-a-niort-les-10-11-et-12-avril-1971\/","title":{"rendered":"Motions adopt\u00e9es par la Conf\u00e9rence nationale de l\u2019A.S.R.A.S. \u00e0 Niort les 10, 11 et 12 avril&nbsp;1971"},"content":{"rendered":"<div class=\"pdfprnt-buttons pdfprnt-buttons-post pdfprnt-top-right\"><a href=\"https:\/\/la-presse-anarchiste.net\/index.php\/wp-json\/wp\/v2\/posts\/2228?print=pdf\" class=\"pdfprnt-button pdfprnt-button-pdf\" target=\"_blank\"><img decoding=\"async\" src=\"https:\/\/la-presse-anarchiste.net\/wp-content\/plugins\/pdf-print\/images\/pdf.png\" alt=\"image_pdf\" title=\"Afficher le PDF\"><\/a><a href=\"https:\/\/la-presse-anarchiste.net\/index.php\/wp-json\/wp\/v2\/posts\/2228?print=print\" class=\"pdfprnt-button pdfprnt-button-print\" target=\"_blank\"><img decoding=\"async\" src=\"https:\/\/la-presse-anarchiste.net\/wp-content\/plugins\/pdf-print\/images\/print.png\" alt=\"image_print\" title=\"Contenu imprim\u00e9\"><\/a><\/div><h2>Gauchisme et r\u00e9pression<\/h2>\n<p>Les mili\u00adtants de l\u2019A.S.R.A.S., r\u00e9unis en conf\u00e9\u00adrence natio\u00adnale \u00e0 Niort les 10, 11 et 12 avril 1971, r\u00e9af\u00adfirment leur soli\u00adda\u00adri\u00adt\u00e9 agis\u00adsante \u00e0 l\u2019\u00e9\u00adgard des vic\u00adtimes de la r\u00e9pression.<\/p>\n<p>Sou\u00adcieux de d\u00e9mo\u00adcra\u00adtie ouvri\u00e8re, les mili\u00adtants de l\u2019A.S.R.A.S. affirment, dans le cadre du mou\u00adve\u00adment ouvrier orga\u00adni\u00ads\u00e9, le droit aux tendances.<\/p>\n<p>Aujourd\u2019\u00adhui, un cer\u00adtain nombre de groupes se r\u00e9cla\u00admant du gau\u00adchisme, par\u00adfois vic\u00adtimes de la r\u00e9pres\u00adsion, remettent en cause la n\u00e9ces\u00adsi\u00adt\u00e9 des orga\u00adni\u00adsa\u00adtions de la classe ouvri\u00e8re.<\/p>\n<p>L\u2019A.S.R.A.S. d\u00e9clare que la n\u00e9ces\u00adsaire soli\u00adda\u00adri\u00adt\u00e9 contre la r\u00e9pres\u00adsion ne sau\u00adrait conduire \u00e0 limi\u00adter ou \u00e0 inter\u00addire le droit pour les mili\u00adtants de com\u00adbattre une id\u00e9o\u00adlo\u00adgie qu\u2019ils peuvent esti\u00admer dangereuse.<\/p>\n<h2>Action du 26 avril&nbsp;1971<\/h2>\n<p>L\u2019of\u00adfen\u00adsive anti\u00adla\u00efque pour\u00adsui\u00advie depuis Vichy par les dif\u00adf\u00e9\u00adrents gou\u00adver\u00adne\u00adments, et qui abou\u00adtit aujourd\u2019\u00adhui \u00e0 la loi Debr\u00e9-Pom\u00adpi\u00addou, est par\u00adtie int\u00e9\u00adgrante de l\u2019of\u00adfen\u00adsive glo\u00adbale du gou\u00adver\u00adne\u00adment et du patro\u00adnat contre l\u2019en\u00adsemble des conqu\u00eates ouvri\u00e8res.<\/p>\n<p>Nous consta\u00adtons la d\u00e9gra\u00adda\u00adtion constante depuis 1945 de la la\u00ef\u00adci\u00adt\u00e9 de l\u2019\u00e9\u00adcole et de l\u2019\u00c9\u00adtat bour\u00adgeois pr\u00e9\u00adten\u00addu\u00adment la\u00efque et, paral\u00adl\u00e8\u00adle\u00adment, l\u2019i\u00adna\u00adni\u00adt\u00e9 des moyens employ\u00e9s par les orga\u00adnismes dits de d\u00e9fense de la la\u00efcit\u00e9.<\/p>\n<p>Dans le cadre g\u00e9n\u00e9\u00adral de la poli\u00adtique de pri\u00adva\u00adti\u00adsa\u00adtion pra\u00adti\u00adqu\u00e9e par le pou\u00advoir (san\u00adt\u00e9, t\u00e9l\u00e9\u00adphone, auto\u00adroutes, recherche scien\u00adti\u00adfique appli\u00adqu\u00e9e, etc.), la pri\u00adva\u00adti\u00adsa\u00adtion de l\u2019en\u00adsei\u00adgne\u00adment tend, notam\u00adment, \u00e0 remettre en cause les garan\u00adties du sta\u00adtut de la fonc\u00adtion publique qui per\u00admettent aux ensei\u00adgnants de l\u2019\u00c9\u00addu\u00adca\u00adtion natio\u00adnale une rela\u00adtive autonomie.<\/p>\n<p>C\u2019est pour\u00adquoi, tout en conti\u00adnuant \u00e0 lut\u00adter contre le carac\u00adt\u00e8re de classe de la poli\u00adtique sco\u00adlaire pro\u00adduit de la soci\u00e9\u00adt\u00e9 capi\u00adta\u00adliste, les mili\u00adtants de l\u2019A.S.R.A.S. sou\u00adtien\u00addront l\u2019ac\u00adtion enga\u00adg\u00e9e sous la res\u00adpon\u00adsa\u00adbi\u00adli\u00adt\u00e9 de la FEN et du CNAL, le 26 avril&nbsp;1971.<\/p>\n<p>Les mili\u00adtants de l\u2019A.S.R.A.S., r\u00e9unis les 10, 11 et 12 avril 1971 \u00e0&nbsp;Niort,<\/p>\n<p>\u00c9tant don\u00adn\u00e9 les illu\u00adsions sem\u00e9es par\u00admi les tra\u00advailleurs sur leurs pos\u00adsi\u00adbi\u00adli\u00adt\u00e9s de faire ces\u00adser leur exploi\u00adta\u00adtion par le bul\u00adle\u00adtin de vote, condamnent sans r\u00e9ti\u00adcence toute adh\u00e9\u00adsion au mythe \u00e9lec\u00adto\u00adra\u00adliste dit \u00ab&nbsp;union de la gauche&nbsp;\u00bb,<\/p>\n<p>R\u00e9af\u00adfirment les prin\u00adcipes d\u00e9fen\u00addus dans le mani\u00adfeste de l\u2019Al\u00adliance en ce qui concerne les res\u00adpon\u00adsa\u00adbi\u00adli\u00adt\u00e9s et notam\u00adment les res\u00adpon\u00adsa\u00adbi\u00adli\u00adt\u00e9s syndicales&nbsp;:<\/p>\n<p><b>Uni\u00adfi\u00adca\u00adtion du mou\u00adve\u00adment ouvrier sur la base de la libre expres\u00adsion de toutes ses tendances.<\/b><\/p>\n<p>Les tra\u00advailleurs unis dans l\u2019AL\u00adLIANCE ouvre\u00adront pour l\u2019u\u00adni\u00adt\u00e9 de tous les tra\u00advailleurs dans l\u2019ac\u00adtion directe r\u00e9vo\u00adlu\u00adtion\u00adnaire, pr\u00e9\u00adface indis\u00adpen\u00adsable \u00e0 toute uni\u00adt\u00e9 orga\u00adni\u00adsa\u00adtion\u00adnelle natio\u00adnale et internationale.<\/p>\n<p>L\u2019ALLIANCE pro\u00adpose, pour l\u2019\u00e9\u00adtude et la d\u00e9ter\u00admi\u00adna\u00adtion \u00e0 la base des condi\u00adtions de la r\u00e9uni\u00adfi\u00adca\u00adtion ouvri\u00e8re future, les prin\u00adcipes suivants&nbsp;:<\/p>\n<ul>\n<li> libre expres\u00adsion\u200a\u2014\u200aou repr\u00e9\u00adsen\u00adta\u00adtion\u200a\u2014\u200ade toutes les tendances,<\/li>\n<li> non-cumul des man\u00addats poli\u00adtiques et syndicaux,<\/li>\n<li> sup\u00adpres\u00adsion du car\u00adri\u00e9\u00adrisme syn\u00addi\u00adcal par la limi\u00adta\u00adtion de la dur\u00e9e des man\u00addats syn\u00addi\u00adcaux \u00e0 tous les \u00e9che\u00adlons et le contr\u00f4le per\u00adma\u00adnent des man\u00adda\u00adt\u00e9s et d\u00e9l\u00e9gu\u00e9s&nbsp;:&nbsp;<ul>\n<li> non-cumul de man\u00addats syndicaux,<\/li>\n<li> d\u00e9l\u00e9\u00adga\u00adtion \u00e9lue par l\u2019as\u00adsem\u00adbl\u00e9e des gr\u00e9vistes,<\/li>\n<li> ges\u00adtion directe des orga\u00adni\u00adsa\u00adtions syn\u00addi\u00adcales par les tra\u00advailleurs en d\u00e9ve\u00adlop\u00adpant conti\u00adnuel\u00adle\u00adment la d\u00e9mo\u00adcra\u00adtie interne&nbsp;;&nbsp;<\/li>\n<li> consti\u00adtu\u00adtion sur des bases f\u00e9d\u00e9\u00adra\u00adtives d\u2019or\u00adga\u00adnismes de liai\u00adson, de pro\u00adpa\u00adgande et d\u2019ac\u00adtion sur le plan local, r\u00e9gio\u00adnal et national,<\/li>\n<li> convo\u00adca\u00adtion p\u00e9rio\u00addique de conf\u00e9\u00adrences r\u00e9gio\u00adnales et natio\u00adnales d\u2019in\u00adfor\u00adma\u00adtion et de coor\u00addi\u00adna\u00adtion, ins\u00adti\u00adtu\u00adtion, sur le plan natio\u00adnal, d\u2019un comi\u00adt\u00e9 de d\u00e9fense et de soli\u00adda\u00adri\u00adt\u00e9 et d\u2019un fonds de&nbsp;gr\u00e8ve.<\/li>\n<\/ul>\n<\/li>\n<\/ul>\n<h2>Communiqu\u00e9 de l\u2019Alliance Syndicaliste, groupe de Limoges, r\u00e9gion Limousin<\/h2>\n<p>Nous pen\u00adsons que l\u2019A.S. doit consti\u00adtuer une ten\u00addance anar\u00adcho-syn\u00addi\u00adca\u00adliste et syn\u00addi\u00adca\u00adliste r\u00e9vo\u00adlu\u00adtion\u00adnaire, orga\u00adni\u00adsa\u00adtion de la mino\u00adri\u00adt\u00e9 r\u00e9volutionnaire.<\/p>\n<p>Donc que notre pro\u00adpa\u00adgande doit s\u2019o\u00adrien\u00adter vers une cri\u00adtique per\u00adma\u00adnente des syn\u00addi\u00adcats&nbsp;: int\u00e9\u00adgra\u00adtion, bureau\u00adcra\u00adti\u00adsa\u00adtion, col\u00adla\u00adbo\u00adra\u00adtion, que notre com\u00adbat doit aller dans le sens d\u2019un constant d\u00e9bor\u00adde\u00adment des bureau\u00adcra\u00adties syn\u00addi\u00adcales, et de l\u2019au\u00adtoor\u00adga\u00adni\u00adsa\u00adtion des tra\u00advailleurs pen\u00addant et apr\u00e8s les luttes.<\/p>\n<p>Nous esti\u00admons qu\u2019il est indis\u00adpen\u00adsable que l\u2019Al\u00adliance se consti\u00adtue en orga\u00adni\u00adsa\u00adtion qui per\u00admette \u00e0 ses mili\u00adtants de faire face le plus rapi\u00adde\u00adment pos\u00adsible aux diverses \u00e9ventualit\u00e9s.<\/p>\n","protected":false},"excerpt":{"rendered":"<p>Gau\u00adchisme et r\u00e9pres\u00adsion Les mili\u00adtants de l\u2019A.S.R.A.S., r\u00e9unis en conf\u00e9\u00adrence natio\u00adnale \u00e0 Niort les 10, 11 et 12 avril 1971, r\u00e9af\u00adfirment leur soli\u00adda\u00adri\u00adt\u00e9 agis\u00adsante \u00e0 l\u2019\u00e9\u00adgard des vic\u00adtimes de la r\u00e9pres\u00adsion. Sou\u00adcieux de d\u00e9mo\u00adcra\u00adtie ouvri\u00e8re, les mili\u00adtants de l\u2019A.S.R.A.S. affirment, dans le cadre du mou\u00adve\u00adment ouvrier orga\u00adni\u00ads\u00e9, le droit aux ten\u00addances. Aujourd\u2019\u00adhui, un cer\u00adtain nombre&nbsp;[\u2026]<\/p>\n","protected":false},"author":1,"featured_media":0,"comment_status":"closed","ping_status":"closed","sticky":false,"template":"","format":"standard","meta":{"wp_typography_post_enhancements_disabled":false,"footnotes":""},"categories":[281],"tags":[],"ppma_author":[540],"class_list":["post-2228","post","type-post","status-publish","format-standard","hentry","category-solidarite-ouvriere-n2-mai-1971"],"authors":[{"term_id":540,"user_id":1,"is_guest":0,"slug":"admin_3gikpwyf","display_name":"Vincent Dubuc","avatar_url":"https:\/\/secure.gravatar.com\/avatar\/d015720652c25fd2ced191ade86430094e1f288a17483713e3b34d26dea52507?s=96&d=mm&r=g","author_category":"","user_url":"https:\/\/la-presse-anarchiste.net","last_name":"Dubuc","first_name":"Vincent","job_title":"","description":""}],"_links":{"self":[{"href":"https:\/\/la-presse-anarchiste.net\/index.php\/wp-json\/wp\/v2\/posts\/2228","targetHints":{"allow":["GET"]}}],"collection":[{"href":"https:\/\/la-presse-anarchiste.net\/index.php\/wp-json\/wp\/v2\/posts"}],"about":[{"href":"https:\/\/la-presse-anarchiste.net\/index.php\/wp-json\/wp\/v2\/types\/post"}],"author":[{"embeddable":true,"href":"https:\/\/la-presse-anarchiste.net\/index.php\/wp-json\/wp\/v2\/users\/1"}],"replies":[{"embeddable":true,"href":"https:\/\/la-presse-anarchiste.net\/index.php\/wp-json\/wp\/v2\/comments?post=2228"}],"version-history":[{"count":0,"href":"https:\/\/la-presse-anarchiste.net\/index.php\/wp-json\/wp\/v2\/posts\/2228\/revisions"}],"wp:attachment":[{"href":"https:\/\/la-presse-anarchiste.net\/index.php\/wp-json\/wp\/v2\/media?parent=2228"}],"wp:term":[{"taxonomy":"category","embeddable":true,"href":"https:\/\/la-presse-anarchiste.net\/index.php\/wp-json\/wp\/v2\/categories?post=2228"},{"taxonomy":"post_tag","embeddable":true,"href":"https:\/\/la-presse-anarchiste.net\/index.php\/wp-json\/wp\/v2\/tags?post=2228"},{"taxonomy":"author","embeddable":true,"href":"https:\/\/la-presse-anarchiste.net\/index.php\/wp-json\/wp\/v2\/ppma_author?post=2228"}],"curies":[{"name":"wp","href":"https:\/\/api.w.org\/{rel}","templated":true}]}}