{"id":2231,"date":"2009-10-16T10:24:27","date_gmt":"2009-10-16T10:24:27","guid":{"rendered":"https:\/\/la-presse-anarchiste.net\/index.php\/2009\/10\/16\/editorial-20\/"},"modified":"2009-10-16T10:24:27","modified_gmt":"2009-10-16T10:24:27","slug":"editorial-20","status":"publish","type":"post","link":"https:\/\/la-presse-anarchiste.net\/index.php\/2009\/10\/16\/editorial-20\/","title":{"rendered":"\u00c9ditorial"},"content":{"rendered":"<div class=\"pdfprnt-buttons pdfprnt-buttons-post pdfprnt-top-right\"><a href=\"https:\/\/la-presse-anarchiste.net\/index.php\/wp-json\/wp\/v2\/posts\/2231?print=pdf\" class=\"pdfprnt-button pdfprnt-button-pdf\" target=\"_blank\"><img decoding=\"async\" src=\"https:\/\/la-presse-anarchiste.net\/wp-content\/plugins\/pdf-print\/images\/pdf.png\" alt=\"image_pdf\" title=\"Afficher le PDF\"><\/a><a href=\"https:\/\/la-presse-anarchiste.net\/index.php\/wp-json\/wp\/v2\/posts\/2231?print=print\" class=\"pdfprnt-button pdfprnt-button-print\" target=\"_blank\"><img decoding=\"async\" src=\"https:\/\/la-presse-anarchiste.net\/wp-content\/plugins\/pdf-print\/images\/print.png\" alt=\"image_print\" title=\"Contenu imprim\u00e9\"><\/a><\/div><p>C\u2019est avec une joie pro\u00adfonde et non sans \u00e9mo\u00adtion qu\u2019en ce deuxi\u00e8me num\u00e9\u00adro de \u00ab&nbsp;Soli\u00adda\u00adri\u00adt\u00e9 ouvri\u00e8re&nbsp;\u00bb dat\u00e9 du 1<sup>er<\/sup> mai, jour de la lutte et de la soli\u00adda\u00adri\u00adt\u00e9 ouvri\u00e8res, nous annon\u00ad\u00e7ons que \u00ab&nbsp;Soli\u00adda\u00adri\u00adt\u00e9 ouvri\u00e8re&nbsp;\u00bb, d\u00e8s ce num\u00e9\u00adro, devient l\u2019or\u00adgane du cou\u00adrant anar\u00adcho-syn\u00addi\u00adca\u00adliste et syn\u00addi\u00adca\u00adliste r\u00e9vo\u00adlu\u00adtion\u00adnaire d\u2019ex\u00adpres\u00adsion fran\u00ad\u00e7aise \u00e0 la demande de nos cama\u00adrades de Bel\u00adgique et de Suisse.<\/p>\n<p>Cette orien\u00adta\u00adtion est le pre\u00admier pas vers une <i>pra\u00adtique<\/i> inter\u00adna\u00adtio\u00adna\u00adliste authentique.<\/p>\n<p>Les mili\u00adtants de l\u2019Al\u00adliance n\u2019ont jamais cher\u00adch\u00e9 \u00e0 mettre la char\u00adrue devant les b\u0153ufs&nbsp;: nous avons tou\u00adjours sui\u00advi une d\u00e9marche objec\u00adtive dans notre d\u00e9ve\u00adlop\u00adpe\u00adment, chaque chose venant en son&nbsp;temps.<\/p>\n<p>L\u2019im\u00adpul\u00adsion orga\u00adni\u00adsa\u00adtion\u00adnelle de notre ten\u00addance\u200a\u2014\u200aten\u00addance puis\u00adsam\u00adment ancr\u00e9e dans l\u2019in\u00adter\u00adna\u00adtio\u00adnale ouvri\u00e8re puisque pr\u00e9\u00adci\u00ads\u00e9\u00adment le 1<sup>er<\/sup> mai 1886 les mar\u00adtyrs de Chi\u00adca\u00adgo \u00e9taient des anar\u00adcho-syn\u00addi\u00adca\u00adlistes et syn\u00addi\u00adca\u00adlistes r\u00e9vo\u00adlu\u00adtion\u00adnaires&nbsp;: Spies, Lingg, Engel, Fischer, Par\u00adson \u2014, donc, cette impul\u00adsion venant de France et nous expri\u00admant en fran\u00ad\u00e7ais, il \u00e9tait natu\u00adrel et logique que nous retrou\u00advions dans un pre\u00admier temps les tra\u00advailleurs des pays d\u2019ex\u00adpres\u00adsion fran\u00ad\u00e7aise, tout en main\u00adte\u00adnant des contacts \u00e9troits avec nos cama\u00adrades des autres pays.<\/p>\n<p>Le deuxi\u00e8me pas vien\u00addra, car il est n\u00e9ces\u00adsaire face \u00e0 la pla\u00adni\u00adfi\u00adca\u00adtion de l\u2019ex\u00adploi\u00adta\u00adtion capi\u00adta\u00adliste et \u00e9ta\u00adtique euro\u00adp\u00e9enne. Par ce deuxi\u00e8me pas, nous retrou\u00adve\u00adrons nos cama\u00adrades d\u2019Es\u00adpagne, d\u2019I\u00adta\u00adlie, du Por\u00adtu\u00adgal, de Hol\u00adlande, d\u2019Al\u00adle\u00admagne, d\u2019An\u00adgle\u00adterre, du Luxembourg.<\/p>\n<p>La pers\u00adpec\u00adtive de l\u2019or\u00adga\u00adni\u00adsa\u00adtion de notre cou\u00adrant, au niveau euro\u00adp\u00e9en, \u00e9tait une n\u00e9ces\u00adsi\u00adt\u00e9 et un espoir, elle demeure une n\u00e9ces\u00adsi\u00adt\u00e9 pres\u00adsante et prend&nbsp;corps\u2026<\/p>\n<p>Notre t\u00e2che en est encore \u00e0 son d\u00e9but et nous devons conti\u00adnuer \u00e0 r\u00e9unir toutes nos forces avec fer\u00adme\u00adt\u00e9 et luci\u00addi\u00adt\u00e9 pour pro\u00admou\u00advoir notre \u00e9man\u00adci\u00adpa\u00adtion et par\u00adti\u00adci\u00adper acti\u00adve\u00adment \u00e0 la construc\u00adtion du socialisme.<\/p>\n<p>Ce pas que nous venons de faire, c\u2019est notre fa\u00e7on \u00e0 nous, fa\u00e7on pra\u00adtique et authen\u00adti\u00adque\u00adment ouvri\u00e8re, de rendre hom\u00admage aux mar\u00adtyrs de Chi\u00adca\u00adgo et de c\u00e9l\u00e9\u00adbrer le 1<sup>er<\/sup> mai, jour par excel\u00adlence de la lutte et de la soli\u00adda\u00adri\u00adt\u00e9 ouvri\u00e8res, tout en pour\u00adsui\u00advant notre chemin.<\/p>\n<p>L\u2019Al\u00adliance syndicaliste.<\/p>\n","protected":false},"excerpt":{"rendered":"<p>C\u2019est avec une joie pro\u00adfonde et non sans \u00e9mo\u00adtion qu\u2019en ce deuxi\u00e8me num\u00e9\u00adro de \u00ab&nbsp;Soli\u00adda\u00adri\u00adt\u00e9 ouvri\u00e8re&nbsp;\u00bb dat\u00e9 du 1<sup>er<\/sup> mai, jour de la lutte et de la soli\u00adda\u00adri\u00adt\u00e9 ouvri\u00e8res, nous annon\u00ad\u00e7ons que \u00ab&nbsp;Soli\u00adda\u00adri\u00adt\u00e9 ouvri\u00e8re&nbsp;\u00bb, d\u00e8s ce num\u00e9\u00adro, devient l\u2019or\u00adgane du cou\u00adrant anar\u00ad\u00adcho-syn\u00ad\u00addi\u00ad\u00adca\u00ad\u00adliste et syn\u00addi\u00adca\u00adliste r\u00e9vo\u00adlu\u00adtion\u00adnaire d\u2019ex\u00adpres\u00adsion fran\u00ad\u00e7aise \u00e0 la demande de nos cama\u00adrades de Belgique&nbsp;[\u2026]<\/p>\n","protected":false},"author":1,"featured_media":0,"comment_status":"closed","ping_status":"closed","sticky":false,"template":"","format":"standard","meta":{"wp_typography_post_enhancements_disabled":false,"footnotes":""},"categories":[281],"tags":[],"ppma_author":[540],"class_list":["post-2231","post","type-post","status-publish","format-standard","hentry","category-solidarite-ouvriere-n2-mai-1971"],"authors":[{"term_id":540,"user_id":1,"is_guest":0,"slug":"admin_3gikpwyf","display_name":"Vincent Dubuc","avatar_url":"https:\/\/secure.gravatar.com\/avatar\/d015720652c25fd2ced191ade86430094e1f288a17483713e3b34d26dea52507?s=96&d=mm&r=g","author_category":"","user_url":"https:\/\/la-presse-anarchiste.net","last_name":"Dubuc","first_name":"Vincent","job_title":"","description":""}],"_links":{"self":[{"href":"https:\/\/la-presse-anarchiste.net\/index.php\/wp-json\/wp\/v2\/posts\/2231","targetHints":{"allow":["GET"]}}],"collection":[{"href":"https:\/\/la-presse-anarchiste.net\/index.php\/wp-json\/wp\/v2\/posts"}],"about":[{"href":"https:\/\/la-presse-anarchiste.net\/index.php\/wp-json\/wp\/v2\/types\/post"}],"author":[{"embeddable":true,"href":"https:\/\/la-presse-anarchiste.net\/index.php\/wp-json\/wp\/v2\/users\/1"}],"replies":[{"embeddable":true,"href":"https:\/\/la-presse-anarchiste.net\/index.php\/wp-json\/wp\/v2\/comments?post=2231"}],"version-history":[{"count":0,"href":"https:\/\/la-presse-anarchiste.net\/index.php\/wp-json\/wp\/v2\/posts\/2231\/revisions"}],"wp:attachment":[{"href":"https:\/\/la-presse-anarchiste.net\/index.php\/wp-json\/wp\/v2\/media?parent=2231"}],"wp:term":[{"taxonomy":"category","embeddable":true,"href":"https:\/\/la-presse-anarchiste.net\/index.php\/wp-json\/wp\/v2\/categories?post=2231"},{"taxonomy":"post_tag","embeddable":true,"href":"https:\/\/la-presse-anarchiste.net\/index.php\/wp-json\/wp\/v2\/tags?post=2231"},{"taxonomy":"author","embeddable":true,"href":"https:\/\/la-presse-anarchiste.net\/index.php\/wp-json\/wp\/v2\/ppma_author?post=2231"}],"curies":[{"name":"wp","href":"https:\/\/api.w.org\/{rel}","templated":true}]}}