{"id":2236,"date":"2009-10-26T13:48:00","date_gmt":"2009-10-26T13:48:00","guid":{"rendered":"https:\/\/la-presse-anarchiste.net\/index.php\/2009\/10\/26\/pour-ouvrir-le-dossier-de-la-revolution-espagnole-3\/"},"modified":"2009-10-26T13:48:00","modified_gmt":"2009-10-26T13:48:00","slug":"pour-ouvrir-le-dossier-de-la-revolution-espagnole-3","status":"publish","type":"post","link":"https:\/\/la-presse-anarchiste.net\/index.php\/2009\/10\/26\/pour-ouvrir-le-dossier-de-la-revolution-espagnole-3\/","title":{"rendered":"Pour ouvrir le dossier de la R\u00e9volution espagnole"},"content":{"rendered":"<div class=\"pdfprnt-buttons pdfprnt-buttons-post pdfprnt-top-right\"><a href=\"https:\/\/la-presse-anarchiste.net\/index.php\/wp-json\/wp\/v2\/posts\/2236?print=pdf\" class=\"pdfprnt-button pdfprnt-button-pdf\" target=\"_blank\"><img decoding=\"async\" src=\"https:\/\/la-presse-anarchiste.net\/wp-content\/plugins\/pdf-print\/images\/pdf.png\" alt=\"image_pdf\" title=\"Afficher le PDF\"><\/a><a href=\"https:\/\/la-presse-anarchiste.net\/index.php\/wp-json\/wp\/v2\/posts\/2236?print=print\" class=\"pdfprnt-button pdfprnt-button-print\" target=\"_blank\"><img decoding=\"async\" src=\"https:\/\/la-presse-anarchiste.net\/wp-content\/plugins\/pdf-print\/images\/print.png\" alt=\"image_print\" title=\"Contenu imprim\u00e9\"><\/a><\/div><p>Il est impos\u00adsible de com\u00adprendre la r\u00e9vo\u00adlu\u00adtion espa\u00adgnole en ouvrant une \u00e9tude au 18 juillet 1936, il serait \u00e9ga\u00adle\u00adment arti\u00adfi\u00adciel d\u2019expliquer cette r\u00e9vo\u00adlu\u00adtion en com\u00admen\u00ad\u00e7ant avec la p\u00e9n\u00e9\u00adtra\u00adtion des id\u00e9es socia\u00adlistes en g\u00e9n\u00e9\u00adral et anar\u00adchistes en par\u00adti\u00adcu\u00adlier \u00e0 la fin du si\u00e8cle dernier.<\/p>\n<p>Le cama\u00adrade Atchen\u00adko a mon\u00adtr\u00e9 dans \u00ab&nbsp;Rava\u00adchol&nbsp;\u00bb n\u00b01 com\u00adment toute \u00e9tude du mou\u00adve\u00adment de Makh\u00adno en Ukraine devait se r\u00e9f\u00e9\u00adrer \u00e0 la tra\u00addi\u00adtion plu\u00adsieurs fois cen\u00adte\u00adnaire des cosaques libres du Dnie\u00adpr. Ces cosaques rebelles \u00e0 toute auto\u00adri\u00adt\u00e9, \u00e9ta\u00adtique, f\u00e9o\u00addale ou cl\u00e9\u00adri\u00adcale, refu\u00adsait toute s\u00e9pa\u00adra\u00adtion de classe, tout racisme, tout natio\u00adna\u00adlisme, pra\u00adti\u00adquaient la col\u00adlec\u00adti\u00advisme, l\u2019auto-organisation et se livraient \u00e0 des acti\u00advi\u00adt\u00e9s guer\u00adri\u00e8res, r\u00e9vo\u00adlu\u00adtion\u00adnaires se tra\u00addui\u00adsant notam\u00adment par des expro\u00adpria\u00adtiens. \u2013 En der\u00adni\u00e8re ana\u00adlyse l\u2019apport ori\u00adgi\u00adnal et d\u00e9ci\u00adsif de l\u2019anarchisme et de Makh\u00adno semble \u00eatre la sub\u00adsti\u00adtu\u00adtion de l\u2019ath\u00e9isme \u00e0 la vague reli\u00adgio\u00adsi\u00adt\u00e9 ortho\u00addoxe des cosaques zaperogues.&nbsp;\u2013&nbsp;<\/p>\n<p><quote>\u00ab&nbsp;L\u2019ouvrage \u201cpar\u00adfait\u201d, exhaus\u00adtif, sur le makh\u00adno\u00advisme devrait comp\u00adter trois par\u00adties dont l\u2019ordre et les titres seraient les suivants&nbsp;:<\/quote><\/p>\n<ol>\n<li> His\u00adtoire de l\u2019Ukraine&nbsp;: le tra\u00addi\u00adtion cosaque<\/li>\n<li> L\u2019Anarchisme th\u00e9o\u00adrique et son influence sur le makhnovchtchina.<\/li>\n<li> Makh\u00adno, le makh\u00adno\u00advisme et la makh\u00adno\u00advitcht\u00adchi\u00adna (1917 \u2013&nbsp;1921)<\/li>\n<\/ol>\n<p>Alors seule\u00adment on pour\u00adra consi\u00add\u00e9\u00adrer le sujet non pas comme \u00e9pui\u00ads\u00e9 mais comme cor\u00adrec\u00adte\u00adment trait\u00e9.&nbsp;\u00bb<\/p>\n<p>(\u00ab&nbsp;Nes\u00adtor Makh\u00adno et la tra\u00addi\u00adtion cosaque&nbsp;\u00bb\u200a\u2014\u200a\u00ab&nbsp;Rava\u00adchol&nbsp;\u00bb n\u00b01 )<\/p>\n<p>Puisque, comme l\u2019a dit Reclus \u00ab&nbsp;la g\u00e9o\u00adgra\u00adphie fait l\u2019histoire&nbsp;\u00bb, la pre\u00admi\u00e8re par\u00adtie d\u2019un tel ouvrage devrait \u00eatre d\u2019abord g\u00e9o\u00adgra\u00adphique. Elle mon\u00adtre\u00adrait peut-\u00eatre com\u00adment les condi\u00adtions natu\u00adrelles de la steppe ont influ\u00e9 de fa\u00e7on ana\u00adlogue des soci\u00e9\u00adt\u00e9s ant\u00e9\u00adrieures \u00e0 l\u2019Ukraine cosaque.<\/p>\n<p>Pour la r\u00e9vo\u00adlu\u00adtion espa\u00adgnole il fau\u00addrait pro\u00adc\u00e9\u00adder de fa\u00e7on simi\u00adlaire. Recher\u00adcher les conti\u00adnui\u00adt\u00e9s g\u00e9o\u00adgra\u00adphi\u00adco-his\u00adto\u00adriques ib\u00e9\u00adriques \u00ab&nbsp;ver\u00adti\u00adcales&nbsp;\u00bb si l\u2019on peut dire, avant les ana\u00adlo\u00adgies \u00ab&nbsp;hori\u00adzon\u00adtales&nbsp;\u00bb avec les ph\u00e9\u00adno\u00adm\u00e8nes contem\u00adpo\u00adrains des autres pays (Fas\u00adcismes, Fronts populaires\u2026).<\/p>\n<p>Sans faire inter\u00adve\u00adnir les \u00e9ter\u00adnelles sor\u00adnettes sur 1\u2019\u00e2me et le carac\u00adt\u00e8re espa\u00adgnols, il convient de voir que la r\u00e9vo\u00adlu\u00adtion de 1936 s\u2019inscrit dans la ligne d\u2019une tra\u00addi\u00adtion constante et tr\u00e8s ancienne.<\/p>\n<p>D\u2019une part le sou\u00adl\u00e8\u00adve\u00adment de Fran\u00adco s\u2019apparentait beau\u00adcoup moins au fas\u00adcisme pro\u00adpre\u00adment dit, de style mus\u00adso\u00adli\u00adnien ou hit\u00adle\u00adrien, qu\u2019au sys\u00adt\u00e8me ib\u00e9\u00adrique des \u00ab&nbsp;pro\u00adnun\u00adcia\u00admien\u00adtos&nbsp;\u00bb mili\u00adtaires. Com\u00adment expli\u00adquer l\u2019\u00e9lan de ce mou\u00adve\u00adment sans remar\u00adquer qu\u2019\u00e0 bien des \u00e9gards il s\u2019agissait de la der\u00adni\u00e8re guerre car\u00adliste&nbsp;? Les volon\u00adtaires car\u00adlistes&nbsp;: les \u00ab&nbsp;Requetes&nbsp;\u00bb \u00e9taient deux fois plus nom\u00adbreux (80.000) que les fas\u00adcistes (pha\u00adlan\u00adgistes 40.000). Non seule\u00adment absence d\u2019un par\u00adti fas\u00adciste de masse, mais main\u00adtien au pre\u00admier plan des forces r\u00e9ac\u00adtion\u00adnaires s\u00e9cu\u00adlaires&nbsp;: cl\u00e9\u00adri\u00adcale et monar\u00adchiste. L\u2019appareil auto\u00adri\u00adtaire et cen\u00adtra\u00adli\u00adsa\u00adteur, qui au cours de l\u2019histoire a ten\u00adt\u00e9 de lami\u00adner une \u00e0 une toute liber\u00adt\u00e9, se recons\u00adtruit, et l\u2019id\u00e9e obs\u00adcu\u00adran\u00adtiste et tota\u00adli\u00adtaire \u2013 en un mot typi\u00adque\u00adment chr\u00e9\u00adtienne \u2013 de croi\u00adsade est a nou\u00adveau \u00e0 l\u2019\u0153uvre. L\u2019Es\u00adpagne est le seul pays o\u00f9 la croi\u00adsade-recon\u00adqu\u00eate ait \u00ab&nbsp;r\u00e9us\u00adsi\u00bb&nbsp;; exer\u00ad\u00e7ant ses ravages jusqu\u2019\u00e0 la rui\u00adner d\u00e9fi\u00adni\u00adti\u00adve\u00adment depuis le XIII<sup>e<\/sup> si\u00e8cle. Et le mou\u00adve\u00adment de Fran\u00adco, par conti\u00adnua\u00adtion, sera bap\u00adtise \u00ab&nbsp;Croi\u00adsade Nationale&nbsp;\u00bb.<\/p>\n<p>Sym\u00e9\u00adtri\u00adque\u00adment l\u2019ampleur de la r\u00e9sis\u00adtance anti\u00adfran\u00adquiste doit beau\u00adcoup aux fac\u00adteurs g\u00e9o\u00adgra\u00adphiques-his\u00adto\u00adriques&nbsp;: dis\u00adper\u00adsion p\u00e9ri\u00adph\u00e9\u00adrique des zones vitales en com\u00admu\u00adnau\u00adt\u00e9s tr\u00e8s indi\u00advi\u00addua\u00adli\u00ads\u00e9s et cen\u00adtri\u00adfuges&nbsp;: Pays Basque et Astu\u00adries, Cata\u00adlogne et levant. \u00c0 ce moment a jou\u00e9 for\u00adte\u00adment la ten\u00addance natu\u00adrelle \u00e0 la d\u00e9cen\u00adtra\u00adli\u00adsa\u00adtion, \u00e0 l\u2019autonomie, a l\u2019auto-gestion des r\u00e9gions, mais aus\u00adsi des villes, des corps de m\u00e9tier, des vil\u00adlages pay\u00adsans. Com\u00adment par\u00adler de r\u00e9vo\u00adlu\u00adtion en Espagne sans la relier aux efforts des \u00ab&nbsp;Muni\u00adci\u00adpios Libres&nbsp;\u00bb (Muni\u00adcipes libres), des \u00ab&nbsp;Com\u00admu\u00adne\u00adros&nbsp;\u00bb (Com\u00admu\u00adneux), des \u00ab&nbsp;Ger\u00adma\u00adnias&nbsp;\u00bb (Fra\u00adter\u00adni\u00adt\u00e9s), des \u00ab&nbsp;Remen\u00adsas&nbsp;\u00bb (Remue\u00adments) pour affir\u00admer au cours des si\u00e8cles leurs droits, leurs \u00ab&nbsp;fue\u00adros&nbsp;\u00bb. Rocker dans \u00ab&nbsp;Natio\u00adna\u00adlisme et Culture&nbsp;\u00bb (Cha\u00adpitre VI) signale que le syn\u00addi\u00adca\u00adlisme espa\u00adgnol remonte au moins \u00e0 l\u2019\u00e9poque mau\u00adresque. M\u00eame les mots d\u2019ordre les plus r\u00e9vo\u00adlu\u00adtion\u00adnaires au XX<sup>e<\/sup> si\u00e8cle comme la col\u00adlec\u00adti\u00advi\u00adsa\u00adtion des terres avaient en Espagne des racines pro\u00adfondes. Un Joa\u00adquin Cos\u00adta pou\u00advait d\u00e8s le fin du XIX<sup>e<\/sup> si\u00e8cle dans un volu\u00admi\u00adneux ouvrage \u00e9tu\u00addier \u00ab&nbsp;Le Col\u00adlec\u00adti\u00advisme agraire en Espagne&nbsp;\u00bb et son exp\u00e9\u00adrience mil\u00adl\u00e9\u00adnaire tou\u00adjours renouvel\u00e9e.<\/p>\n<p>En conclu\u00adsion pour para\u00adphra\u00adser Atchen\u00adko nous ne pou\u00advons qu\u2019exprimer le v\u0153u que tout ouvrage exhaus\u00adtif sur la d\u00e9vo\u00adlu\u00adtion espa\u00adgnol soit arti\u00adcu\u00adl\u00e9 en trois par\u00adties ain\u00adsi d\u00e9finies&nbsp;:<\/p>\n<ol>\n<li> G\u00e9o\u00adgra\u00adphie et his\u00adtoire de l\u2019Espagne&nbsp;: la tra\u00addi\u00adtion libertaire<\/li>\n<li> L\u2019Anarchisme et son influence en Espagne&nbsp;: l\u2019Internationale, l\u2019Alliance et le C.N.T.-F.A.I.<\/li>\n<li> La R\u00e9vo\u00adlu\u00adtion espa\u00adgnole 1936 et ses r\u00e9a\u00adli\u00adsa\u00adtions&nbsp;: col\u00adlec\u00adti\u00advi\u00adsa\u00adtions agraires et industrielles.<\/li>\n<\/ol>\n","protected":false},"excerpt":{"rendered":"<p>Il est impos\u00adsible de com\u00adprendre la r\u00e9vo\u00adlu\u00adtion espa\u00adgnole en ouvrant une \u00e9tude au 18 juillet 1936, il serait \u00e9ga\u00adle\u00adment arti\u00adfi\u00adciel d\u2019expliquer cette r\u00e9vo\u00adlu\u00adtion en com\u00admen\u00ad\u00e7ant avec la p\u00e9n\u00e9\u00adtra\u00adtion des id\u00e9es socia\u00adlistes en g\u00e9n\u00e9\u00adral et anar\u00adchistes en par\u00adti\u00adcu\u00adlier \u00e0 la fin du si\u00e8cle der\u00adnier. Le cama\u00adrade Atchen\u00adko a mon\u00adtr\u00e9 dans \u00ab&nbsp;Rava\u00adchol&nbsp;\u00bb n\u00b01 com\u00adment toute \u00e9tude&nbsp;du&nbsp;[\u2026]<\/p>\n","protected":false},"author":1,"featured_media":0,"comment_status":"closed","ping_status":"closed","sticky":false,"template":"","format":"standard","meta":{"wp_typography_post_enhancements_disabled":false,"footnotes":""},"categories":[282],"tags":[],"ppma_author":[540],"class_list":["post-2236","post","type-post","status-publish","format-standard","hentry","category-noir-rouge-na14-hiver-1959"],"authors":[{"term_id":540,"user_id":1,"is_guest":0,"slug":"admin_3gikpwyf","display_name":"Vincent Dubuc","avatar_url":"https:\/\/secure.gravatar.com\/avatar\/d015720652c25fd2ced191ade86430094e1f288a17483713e3b34d26dea52507?s=96&d=mm&r=g","author_category":"","user_url":"https:\/\/la-presse-anarchiste.net","last_name":"Dubuc","first_name":"Vincent","job_title":"","description":""}],"_links":{"self":[{"href":"https:\/\/la-presse-anarchiste.net\/index.php\/wp-json\/wp\/v2\/posts\/2236","targetHints":{"allow":["GET"]}}],"collection":[{"href":"https:\/\/la-presse-anarchiste.net\/index.php\/wp-json\/wp\/v2\/posts"}],"about":[{"href":"https:\/\/la-presse-anarchiste.net\/index.php\/wp-json\/wp\/v2\/types\/post"}],"author":[{"embeddable":true,"href":"https:\/\/la-presse-anarchiste.net\/index.php\/wp-json\/wp\/v2\/users\/1"}],"replies":[{"embeddable":true,"href":"https:\/\/la-presse-anarchiste.net\/index.php\/wp-json\/wp\/v2\/comments?post=2236"}],"version-history":[{"count":0,"href":"https:\/\/la-presse-anarchiste.net\/index.php\/wp-json\/wp\/v2\/posts\/2236\/revisions"}],"wp:attachment":[{"href":"https:\/\/la-presse-anarchiste.net\/index.php\/wp-json\/wp\/v2\/media?parent=2236"}],"wp:term":[{"taxonomy":"category","embeddable":true,"href":"https:\/\/la-presse-anarchiste.net\/index.php\/wp-json\/wp\/v2\/categories?post=2236"},{"taxonomy":"post_tag","embeddable":true,"href":"https:\/\/la-presse-anarchiste.net\/index.php\/wp-json\/wp\/v2\/tags?post=2236"},{"taxonomy":"author","embeddable":true,"href":"https:\/\/la-presse-anarchiste.net\/index.php\/wp-json\/wp\/v2\/ppma_author?post=2236"}],"curies":[{"name":"wp","href":"https:\/\/api.w.org\/{rel}","templated":true}]}}