{"id":2237,"date":"2009-10-26T13:49:55","date_gmt":"2009-10-26T13:49:55","guid":{"rendered":"https:\/\/la-presse-anarchiste.net\/index.php\/2009\/10\/26\/pour-ouvrir-le-dossier-de-la-revolution-espagnole-4\/"},"modified":"2009-10-26T13:49:55","modified_gmt":"2009-10-26T13:49:55","slug":"pour-ouvrir-le-dossier-de-la-revolution-espagnole-4","status":"publish","type":"post","link":"https:\/\/la-presse-anarchiste.net\/index.php\/2009\/10\/26\/pour-ouvrir-le-dossier-de-la-revolution-espagnole-4\/","title":{"rendered":"Pour ouvrir le dossier de la R\u00e9volution espagnole"},"content":{"rendered":"<div class=\"pdfprnt-buttons pdfprnt-buttons-post pdfprnt-top-right\"><a href=\"https:\/\/la-presse-anarchiste.net\/index.php\/wp-json\/wp\/v2\/posts\/2237?print=pdf\" class=\"pdfprnt-button pdfprnt-button-pdf\" target=\"_blank\"><img decoding=\"async\" src=\"https:\/\/la-presse-anarchiste.net\/wp-content\/plugins\/pdf-print\/images\/pdf.png\" alt=\"image_pdf\" title=\"Afficher le PDF\"><\/a><a href=\"https:\/\/la-presse-anarchiste.net\/index.php\/wp-json\/wp\/v2\/posts\/2237?print=print\" class=\"pdfprnt-button pdfprnt-button-print\" target=\"_blank\"><img decoding=\"async\" src=\"https:\/\/la-presse-anarchiste.net\/wp-content\/plugins\/pdf-print\/images\/print.png\" alt=\"image_print\" title=\"Contenu imprim\u00e9\"><\/a><\/div><poesie>sou\u00addain une&nbsp;voix<br>\nune voix venant de tr\u00e8s&nbsp;loin<br>\nune voix d\u00e9solante<br>\nune voix d\u2019os<br>\nune voix&nbsp;morte<br>\nla voix d\u2019un vieux ven\u00adtri\u00adloque cre\u00adv\u00e9 depuis des mil\u00adliers d\u2019ann\u00e9es<br>\net qui dans le fond de sa tombe conti\u00adnue \u00e0 ventriloquer<br>\nAll\u00f4 all\u00f4 Radio-S\u00e9ville<br>\nAll\u00f4 all\u00f4 Radio-charnier<br>\nc\u2019est le g\u00e9n\u00e9\u00adral Qui\u00e9\u00adpo micro de Lla\u00adno qui pos\u00adtillonne \u00e0 la&nbsp;radio<br>\nPour un natio\u00adna\u00adliste tu\u00e9 je tue\u00adrai dix mar\u00adxistes\u2026 et s\u2019il ne s\u2019en trouve pas assez je d\u00e9ter\u00adre\u00adrai les morts pour les fusilier\u2026<br>\net cette atroce voix cari\u00e9e<br>\ncette voix pouacre\u2026 cette voix n\u00e9cro\u00adlo\u00adgique reli\u00adgieuse sol\u00adda\u00adtesque ver\u00admi\u00adneuse n\u00e9o-mauresque<br>\ncette voix capitaliste<br>\ncette voix obsc\u00e8ne<br>\ncette voix hid\u00e9aliste<br>\ncette voix parle pour la ver\u00admine du monde entier et la ver\u00admine du monde entier l\u2019\u00e9coute<br>\net elle lui r\u00e9pond en hurlant<br>\n[|<b>.\u2026.\u2026.\u2026.\u2026.\u2026.\u2026.\u2026.\u2026<\/b>|]<br>\nau-des\u00adsus des Bal\u00e9ares j\u2019ai vu l\u2019\u00e9t\u00e9 qui s\u2019en allait et sur le bord de la&nbsp;mer<br>\nla Cata\u00adlogne qui bou\u00adgeait et par\u00adtout des vivants\u2026 des gar\u00ad\u00e7ons et des filles qui se pr\u00e9\u00adpa\u00adraient \u00e0 mou\u00adrir et qui riaient<br>\nj\u2019ai&nbsp;vu<br>\nla pre\u00admi\u00e8re neige sur Madrid<br>\nla pre\u00admi\u00e8re neige sur un d\u00e9cor de suie de cendres et de&nbsp;sang<br>\net j\u2019ai revu celle qui \u00e9tait si&nbsp;belle<br>\nla jolie fille du printemps<br>\nelle \u00e9tait debout au milieu de l\u2019hiver<br>\nelle tenait \u00e0 la main une car\u00adtouche de dyna\u00admite ses espa\u00addrilles pre\u00adnaient l\u2019eau<br>\nle soleil qu\u2019elle por\u00adtait sur l\u2019oreille<br>\n\u00e9tait d\u2019un rouge \u00e9clatant<br>\nc\u2019\u00e9tait la fleur de la guerre civile<br>\nla fleur vivante comme un sourire<br>\nla fleur rouge de la libert\u00e9<br>\ndou\u00adce\u00adment j\u2019ai vol\u00e9 autour d\u2019elle<br>\nsous son sein gauche son c\u0153ur battait<br>\ntout le monde l\u2019entendait battre<br>\nle c\u0153ur de la r\u00e9volution<br>\nce c\u0153ur que rien ne peut emp\u00ea\u00adcher d\u2019abattre ceux qui veulent l\u2019emp\u00eacher de battre\u2026 de se battre\u2026 de battre\u2026 de battre\u2026\n<p>Jacques Pr\u00e9\u00advert,<br>\nLa crosse en l\u2019air, 1936.<\/p><\/poesie>\n<h2>Avant-propos<\/h2>\n<p>La r\u00e9vo\u00adlu\u00adtion espa\u00adgnole donne au mou\u00adve\u00adment anar\u00adchiste sa plus grande fier\u00adt\u00e9 et lui per\u00admet ses plus hauts espoirs. Elle fut le th\u00e9\u00e2tre de ses r\u00e9a\u00adli\u00adsa\u00adtions les plus r\u00e9vo\u00adlu\u00adtion\u00adnaires, l\u2019occasion de d\u00e9mon\u00adtrer ses capa\u00adci\u00adt\u00e9s les plus cr\u00e9a\u00adtrices. Elle fut aus\u00adsi le champ de ses plus lourdes erreurs.<\/p>\n<p>Vingt ans ont pas\u00ads\u00e9 depuis que la der\u00adni\u00e8re page du cha\u00adpitre a \u00e9t\u00e9 tour\u00adn\u00e9e. Cha\u00adpitre extra\u00ador\u00addi\u00adnai\u00adre\u00adment riche, divers, pas\u00adsion\u00adnant de l\u2019histoire des luttes humaines de lib\u00e9ration.<\/p>\n<p>Beau\u00adcoup d\u2019\u00e9motion il y a vingt ans\u2026 et puis des th\u00e8mes pour romans, deux ou trois films, un tableau c\u00e9l\u00e8bre de Picas\u00adso\u2026 Le loin\u00adtain sou\u00adve\u00adnir d\u2019horreurs bien d\u00e9pas\u00ads\u00e9es depuis\u2026<\/p>\n<p>Beau\u00adcoup de dif\u00adfa\u00adma\u00adtions, quelques jus\u00adti\u00adfi\u00adca\u00adtions per\u00adson\u00adnelles, de l\u2019encens rituel pour les anniversaires\u2026<\/p>\n<p>Tr\u00e8s rares les livres en librai\u00adrie, encore plus rares les tra\u00advaux s\u00e9rieux sur ce que fut ce chan\u00adtier incom\u00adpa\u00adr\u00e9 de la libert\u00e9.<\/p>\n<p>Notre but n\u2019est pour l\u2019instant pr\u00e9\u00adci\u00ads\u00e9\u00adment que d\u2019essayer de cer\u00adner les \u0153uvres pou\u00advant nous aider \u00e0 appr\u00e9\u00adcier la valeur et le sens pro\u00adfond de la R\u00e9vo\u00adlu\u00adtion espa\u00adgnole. Puis nous ren\u00addrons compte des plus impor\u00adtantes de ces \u0153uvres. \u00c0 com\u00admen\u00adcer dans ce num\u00e9\u00adro par un des livres qui ont eu le plus de reten\u00adtis\u00adse\u00adment dans le grand public, celui de Orwell, \u00ab&nbsp;La Cata\u00adlogne&nbsp;Libre&nbsp;\u00bb.<\/p>\n","protected":false},"excerpt":{"rendered":"<p>sou\u00addain une&nbsp;voix une voix venant de tr\u00e8s&nbsp;loin une voix d\u00e9so\u00adlante une voix d\u2019os une voix&nbsp;morte la voix d\u2019un vieux ven\u00adtri\u00adloque cre\u00adv\u00e9 depuis des mil\u00adliers d\u2019ann\u00e9es et qui dans le fond de sa tombe conti\u00adnue \u00e0 ven\u00adtri\u00adlo\u00adquer All\u00f4 all\u00f4 Radio-S\u00e9ville All\u00f4 all\u00f4 Radio-char\u00adnier c\u2019est le g\u00e9n\u00e9\u00adral Qui\u00e9\u00adpo micro de Lla\u00adno qui pos\u00adtillonne \u00e0 la&nbsp;radio Pour&nbsp;un&nbsp;[\u2026]<\/p>\n","protected":false},"author":1,"featured_media":0,"comment_status":"closed","ping_status":"closed","sticky":false,"template":"","format":"standard","meta":{"wp_typography_post_enhancements_disabled":false,"footnotes":""},"categories":[282],"tags":[],"ppma_author":[540],"class_list":["post-2237","post","type-post","status-publish","format-standard","hentry","category-noir-rouge-na14-hiver-1959"],"authors":[{"term_id":540,"user_id":1,"is_guest":0,"slug":"admin_3gikpwyf","display_name":"Vincent Dubuc","avatar_url":"https:\/\/secure.gravatar.com\/avatar\/d015720652c25fd2ced191ade86430094e1f288a17483713e3b34d26dea52507?s=96&d=mm&r=g","author_category":"","user_url":"https:\/\/la-presse-anarchiste.net","last_name":"Dubuc","first_name":"Vincent","job_title":"","description":""}],"_links":{"self":[{"href":"https:\/\/la-presse-anarchiste.net\/index.php\/wp-json\/wp\/v2\/posts\/2237","targetHints":{"allow":["GET"]}}],"collection":[{"href":"https:\/\/la-presse-anarchiste.net\/index.php\/wp-json\/wp\/v2\/posts"}],"about":[{"href":"https:\/\/la-presse-anarchiste.net\/index.php\/wp-json\/wp\/v2\/types\/post"}],"author":[{"embeddable":true,"href":"https:\/\/la-presse-anarchiste.net\/index.php\/wp-json\/wp\/v2\/users\/1"}],"replies":[{"embeddable":true,"href":"https:\/\/la-presse-anarchiste.net\/index.php\/wp-json\/wp\/v2\/comments?post=2237"}],"version-history":[{"count":0,"href":"https:\/\/la-presse-anarchiste.net\/index.php\/wp-json\/wp\/v2\/posts\/2237\/revisions"}],"wp:attachment":[{"href":"https:\/\/la-presse-anarchiste.net\/index.php\/wp-json\/wp\/v2\/media?parent=2237"}],"wp:term":[{"taxonomy":"category","embeddable":true,"href":"https:\/\/la-presse-anarchiste.net\/index.php\/wp-json\/wp\/v2\/categories?post=2237"},{"taxonomy":"post_tag","embeddable":true,"href":"https:\/\/la-presse-anarchiste.net\/index.php\/wp-json\/wp\/v2\/tags?post=2237"},{"taxonomy":"author","embeddable":true,"href":"https:\/\/la-presse-anarchiste.net\/index.php\/wp-json\/wp\/v2\/ppma_author?post=2237"}],"curies":[{"name":"wp","href":"https:\/\/api.w.org\/{rel}","templated":true}]}}