{"id":2241,"date":"2009-10-26T14:02:39","date_gmt":"2009-10-26T14:02:39","guid":{"rendered":"https:\/\/la-presse-anarchiste.net\/index.php\/2009\/10\/26\/editorial-21\/"},"modified":"2009-10-26T14:02:39","modified_gmt":"2009-10-26T14:02:39","slug":"editorial-21","status":"publish","type":"post","link":"https:\/\/la-presse-anarchiste.net\/index.php\/2009\/10\/26\/editorial-21\/","title":{"rendered":"\u00c9ditorial"},"content":{"rendered":"<div class=\"pdfprnt-buttons pdfprnt-buttons-post pdfprnt-top-right\"><a href=\"https:\/\/la-presse-anarchiste.net\/index.php\/wp-json\/wp\/v2\/posts\/2241?print=pdf\" class=\"pdfprnt-button pdfprnt-button-pdf\" target=\"_blank\"><img decoding=\"async\" src=\"https:\/\/la-presse-anarchiste.net\/wp-content\/plugins\/pdf-print\/images\/pdf.png\" alt=\"image_pdf\" title=\"Afficher le PDF\"><\/a><a href=\"https:\/\/la-presse-anarchiste.net\/index.php\/wp-json\/wp\/v2\/posts\/2241?print=print\" class=\"pdfprnt-button pdfprnt-button-print\" target=\"_blank\"><img decoding=\"async\" src=\"https:\/\/la-presse-anarchiste.net\/wp-content\/plugins\/pdf-print\/images\/print.png\" alt=\"image_print\" title=\"Contenu imprim\u00e9\"><\/a><\/div><h2>La grandeur \u00e0 tout&nbsp;prix<\/h2>\n<p>On dira ce qu\u2019on vou\u00addra la gran\u00addeur est en bonne voie. Ce pays, r\u00e9pu\u00adt\u00e9 grand, aim\u00e9 et esti\u00adm\u00e9 du monde entier pour sa \u00ab&nbsp;culture&nbsp;\u00bb, son \u00ab&nbsp;huma\u00adnisme&nbsp;\u00bb, sa prise quo\u00adti\u00addienne de Pas\u00adtilles \u00e9tait vrai\u00adment tom\u00adb\u00e9 bien&nbsp;bas.<\/p>\n<p>Lib\u00e9\u00adr\u00e9 par les Alli\u00e9s, nour\u00adri\t(\u00e0 la petite cuill\u00e8re) par le plan Mar\u00adshall, vain\u00adcu par quelques bandes d\u2019Asiates dans la cuvette de Dien-Bien-Phu, humi\u00adli\u00e9 par la spec\u00adta\u00adcu\u00adlaire ascen\u00adsion \u00e9co\u00adno\u00admique de l\u2019Allemagne, ce pays n\u2019\u00e9tait plus au fond qu\u2019une puis\u00adsance d\u2019avant-dernier ordre, une sorte de colo\u00adnie am\u00e9\u00adri\u00adcaine. Un pays sans bombe atomique.<\/p>\n<p>Mais, de Gaulle \u00e9tait l\u00e0\u2026 Grand chef d\u2019une petite puis\u00adsance il lui fal\u00adlait se faire remar\u00adquer. Mais com\u00adment atti\u00adrer l\u2019attention des Grands lorsqu\u2019on n\u2019est pas capable de venir \u00e0 bout, m\u00eame avec les moyens les plus bar\u00adbares, de \u00ab&nbsp;quelques bandes d\u2019Arabes&nbsp;\u00bb, lorsque, sur le mar\u00adch\u00e9 mon\u00addial, on n\u2019est pas fichu d\u2019avoir des prix com\u00adp\u00e9\u00adti\u00adtifs, lorsqu\u2019on n\u2019a pas de bombe&nbsp;A\u2026?<\/p>\n<p>Faute de pou\u00advoir jouer les molosses, de Gaulle choi\u00adsit la tac\u00adtique du roquet, du petit qui fait ch\u2026 les grands, qui mor\u00addille les che\u00advilles et s\u2019attache aux basques.<\/p>\n<p>Alors, comme une star\u00adlette pique sa crise de nerfs au milieu des grandes vedettes pour se faire remar\u00adquer du pro\u00adduc\u00adteur, de Gaulle fit du tapage&nbsp;: et de sous\u00adtraire la flotte fran\u00ad\u00e7aise de la M\u00e9di\u00adter\u00adra\u00adn\u00e9e \u00e0 l\u2019emprise de l\u2019OTAN, et de retar\u00adder la Conf\u00e9\u00adrence au som\u00admet, et de mon\u00adtrer \u00e0 la \u00ab&nbsp;per\u00adfide Albion&nbsp;\u00bb qu\u2019on est pas moins per\u00adfide qu\u2019elle\u2026 Et de faire entendre \u00e0 Mr. L. qu\u2019au fond, on pour\u00adrait s\u2019arranger puisque dans 50 ans il nous fau\u00addra tous ensemble, nous les Blancs, nous d\u00e9fendre contre le p\u00e9ril des Jaunes de P\u00e9kin. Et d\u2019inviter le Mr. K. \u00e0 venir mon\u00adtrer patte blanche blanche en France\u2026<\/p>\n<p>Pour bien mon\u00adtrer qu\u2019on est grand, on se paye le luxe d\u2019essayer de faire explo\u00adser une petite bombe de rien du tout, du type foire \u00e0 la f\u00e9raille d\u2019Hiroschima 1945. Laquelle vola\u00adti\u00adli\u00adsa tout de m\u00eame plus de 200.000 habi\u00adtants de l\u2019infortun\u00e9e ville japo\u00adnaise, sans comp\u00adter les morts \u00ab&nbsp;\u00e0 retar\u00adde\u00adment&nbsp;\u00bb dont la liste, depuis cette \u00e9poque, jour apr\u00e8s jour s\u2019allonge\u2026 Mais de ces babioles la \u00ab&nbsp;France&nbsp;\u00bb n\u2019a cure. D\u2019ailleurs, il n\u2019y a qu\u2019a \u00e9cou\u00adter le Grand Charles lui-m\u00eame, Debr\u00e9, Nocher, gr\u00e2ce \u00e0 \u00ab&nbsp;notre&nbsp;\u00bb bombe, on pour\u00adra faire la paix. En atten\u00addant, on fait donc la bombe. Ce qui \u00ab&nbsp;nous&nbsp;\u00bb vaut d\u2019\u00eatre condam\u00adn\u00e9 par les <sup class=\"numerator\">2<\/sup>\u2044<sub class=\"denominator\">3<\/sub> des Nations unies (la voi\u00adl\u00e0 bien l\u2019Anti-France!). Alors on d\u00e9clare pas\u00adser&nbsp;outre\u2026<\/p>\n<p>Qu\u2019on le veuille ou non, la tac\u00adtique De Gaulle r\u00e9us\u00adsit, on tient d\u00e9sor\u00admais compte de la France, cette emmerdeuse\u2026<\/p>\n<p>D\u2019ailleurs, tout le monde y trouve son compte&nbsp;:<\/p>\n<p>Les U.S.A. Le mot auto\u00add\u00e9\u00adter\u00admi\u00adna\u00adtion valant pour les \u00ab&nbsp;Am\u00e9\u00adri\u00adcains&nbsp;\u00bb son pesant de p\u00e9trole, les incite \u00e0, fer\u00admer les yeux sur les fre\u00addaines gaullistes.<\/p>\n<p>L\u2019U.R.S.S.: La France \u00e9tant tout de m\u00e8ne le plus court che\u00admin entre les \u00c9tats-Unis et l\u2019Allemagne f\u00e9d\u00e9\u00adrale et une cha\u00eene n\u2019ayant que la r\u00e9sis\u00adtance de son plus faible maillon\u2026 Mr. K. n\u2019a qu\u2019a se f\u00e9li\u00adci\u00adter de voir la France ruer dans les bran\u00adcards de l\u2019OTAN.<\/p>\n<p>Que ce soit sur le plan inter\u00adna\u00adtio\u00adnal ou sur le plan natio\u00adnal, le style De Gaulle varie&nbsp;peu.<\/p>\n<p>Au monde divi\u00ads\u00e9, \u00e0 la France divi\u00ads\u00e9e, il s\u2019offre en arbitre flat\u00adtant ou gour\u00adman\u00addant a tour de r\u00f4le, les uns et les autres, brouillant les cartes de cha\u00adcun pour mieux glis\u00adser la sienne.<\/p>\n<p>Comme tout bluff, c\u2019est un jeu dan\u00adge\u00adreux. Il peut r\u00e9us\u00adsir pen\u00addant quelques temps, mais s\u2019\u00e9crouler au moindre inci\u00addent, une peau de banane d\u00e9po\u00ads\u00e9e n\u00e9gli\u00adgem\u00adment par un membre de Jeune Nation dans l\u2019escalier de l\u2019\u00c9lys\u00e9e, ou une pin\u00adc\u00e9e de poudre de per\u00adlim\u00adpin\u00adpin dans le potage Biag\u00adgi du g\u00e9n\u00e9\u00adral et tout serait consomm\u00e9.<\/p>\n<h2>Un Ca\u00efd<\/h2>\n<p>Mais ras\u00adsu\u00adrons-nous&nbsp;: pour l\u2019instant, il est l\u00e0, et un peu l\u00e0, il parle d\u2019or (et acces\u00adsoi\u00adre\u00adment du p\u00e9trole saharien).<\/p>\n<p>Le peuple, dans sa g\u00e9n\u00e9\u00adra\u00adli\u00adt\u00e9, est ras\u00adsu\u00adr\u00e9 \u00ab&nbsp;De Gaulle va faire la paix en Alg\u00e9\u00adrie&nbsp;\u00bb, et com\u00admence \u00e0 le regar\u00adder  comme un bon papa fai\u00adsant le don de sa per\u00adsonne ce qui quoi qu\u2019on en dise, est tou\u00adjours bien vu en France.<\/p>\n<p>Ren\u00addons \u00e0 C\u00e9sar ce qui lui revient&nbsp;: sa paix, elle prend des allures de c\u00e9sarienne.<\/p>\n<p>Et sur\u00adtout les Fran\u00ad\u00e7ais, incor\u00adri\u00adgibles cocar\u00addiers, se r\u00e9jouissent de la \u00ab&nbsp;gran\u00addeur&nbsp;\u00bb retrou\u00adv\u00e9e. Car enfin, Sta\u00adline e\u00fbt ri au nez d\u2019un Vincent Auriol si celui-ci s\u2019\u00e9tait avi\u00ads\u00e9 de l\u2019inviter, et l\u2019Am\u00e9rique e\u00fbt cou\u00adp\u00e9 illi\u00adco les cr\u00e9\u00addits Mar\u00adshall d\u00e8s la moindre rumeur d\u2019une bombe A fran\u00ad\u00e7aise, sous le r\u00e8gne d\u2019un des quel\u00adconques pr\u00e9\u00adsi\u00addents \u00ab&nbsp;le&nbsp;\u00bb pr\u00e9c\u00e9dent.<\/p>\n<p>Les fins  let\u00adtr\u00e9s dode\u00adlinent de la t\u00eate sur les \u00ab&nbsp;M\u00e9moires de Guerre&nbsp;\u00bb non par som\u00admeil, mais parce qu\u2019ils recon\u00adnaissent que ce De Gaulle, pour un g\u00e9n\u00e9\u00adral, a de la syn\u00adtaxe, est p\u00e9tri de lati\u00adni\u00adt\u00e9s et est m\u00eame dou\u00e9 d\u2019un cer\u00adtain sens de l\u2019Histoire.<\/p>\n<p>Quand \u00e0 la \u00ab&nbsp;gauche&nbsp;\u00bb, la voi\u00adl\u00e0 bien ras\u00adsu\u00adr\u00e9e&nbsp;: plus besoin de faire sem\u00adblant de lut\u00adter pour la paix en Alg\u00e9\u00adrie puisque l\u2019autod\u00e9termination est pro\u00adpo\u00ads\u00e9e par De Gaulle\u2026<\/p>\n<p>Et puisque Tho\u00adrez vous le dit, en fai\u00adsant cris\u00adser les pneus du Par\u00adti dans un virage digne de la S\u00e9rie Noire, \u00ab&nbsp;il faut savoir ter\u00admi\u00adner une guerre&nbsp;\u00bb et De Gaulle sau\u00adra bien, lui qui y est \u00ab&nbsp;contraint par l\u2019action des masses gui\u00add\u00e9es par le P.C.<\/p>\n<h2>Du G\u00e9n\u00e9ral au particulier<\/h2>\n<p>Oui, pas d\u2019erreur, le \u00ab&nbsp;style&nbsp;\u00bb De Gaulle, c\u2019est quelque chose de nou\u00adveau et il nous faut essayer d\u2019y voir clair, de ne pas tom\u00adber dans le panneau.<\/p>\n<p>Car \u00e0 ce \u00ab&nbsp;style&nbsp;\u00bb, qui, par cer\u00adtaine c\u00f4t\u00e9s, s\u2019apparente du point de vue tech\u00adnique \u00e0 la \u00ab&nbsp;diplo\u00adma\u00adtie&nbsp;\u00bb d\u2019un Nas\u00adser ou d\u2019un Kroucht\u00adchev, la gauche beno\u00eete qui n\u2019y voyait encore, il y a peu,  que de l\u2019\u00abempirisme&nbsp;\u00bb risque bien de se lais\u00adser prendre.<\/p>\n<p>Parce que De Gaulle n\u2019installe pas le fas\u00adcisme qu\u2019on croyait, parce qu\u2019il veut \u00ab&nbsp;auto\u00add\u00e9\u00adter\u00admi\u00adner&nbsp;\u00bb les Alg\u00e9\u00adriens, parce que Mr.K. vient voir si la soupe est bonne, une cer\u00adtaine gauche a ten\u00addance a croire que c\u2019est arri\u00adv\u00e9 et que le pro\u00adbl\u00e8me n\u00b01 qui ce pose au par\u00adti ou au syn\u00addi\u00adcat est la reprise des cartes 1960\u2026<\/p>\n<p>Une seule lec\u00adture&nbsp;: la feuille de paye&nbsp;! tel pour\u00adrait \u00eatre le mot d\u2019ordre.<\/p>\n<h2>La trahison des Leclerc<\/h2>\n<p>Sur le plan \u00e9co\u00adno\u00admique le gaul\u00adlisme a mis en som\u00admeil ses beaux pro\u00adjets d\u2019association Capital-Travail.<\/p>\n<p>Il mise actuel\u00adle\u00adment sur la baisse des prix et pour cela n\u2019a pas h\u00e9si\u00adt\u00e9 \u00e0 favo\u00adri\u00adser l\u2019\u00abexp\u00e9rience Leclerc&nbsp;\u00bb quitte \u00e0 se mettre \u00e0 dos les \u00ab&nbsp;petits com\u00admer\u00ad\u00e7ants&nbsp;\u00bb. Bien que les ouvriers omettent rare\u00adment, lorsqu\u2019ils sont en vacances a Pala\u00advas-les-Flots, d\u2019envoyer une carte \u00e0 leur cr\u00e9\u00admi\u00e8re, ils ont au fond du c\u0153ur une sourde haine des com\u00admer\u00ad\u00e7ants, haine posi\u00adtive en ce sens que le com\u00admer\u00ad\u00e7ant vivant de l\u2019exploitation des tra\u00advailleurs au stade de la dis\u00adtri\u00adbu\u00adtion, rejoint le patron qui exploite a celui de la pro\u00adduc\u00adtion. Les com\u00admer\u00ad\u00e7ants sont par\u00adtie du r\u00e9gime d\u2019exploitation que les tra\u00advailleurs devront t\u00f4t ou tard abattre.<\/p>\n<p>En ce domaine l\u2019\u00abexp\u00e9rience Leclerc&nbsp;\u00bb conna\u00eet quelque popu\u00adla\u00adri\u00adt\u00e9 puisque ses maga\u00adsins font une baisse r\u00e9elle de 20%, et qu\u2019ils ren\u00adcontrent l\u2019hostilit\u00e9 du com\u00admerce traditionnel.<\/p>\n<p>L\u2019\u00abexp\u00e9rience&nbsp;\u00bb Leclerc une fois d\u00e9bar\u00adras\u00ads\u00e9e de son tam-tam d\u00e9ma\u00adgo\u00adgique, qu\u2019en reste-t-il&nbsp;?&nbsp;<\/p>\n<p>1\u00b0) Un super-patron, (cha\u00eene de suc\u00adcur\u00adsales) qui rac\u00adcour\u00adcit le cir\u00adcuit tra\u00addi\u00adtion\u00adnel de dis\u00adtri\u00adbu\u00adtion en se pas\u00adsant des inter\u00adm\u00e9\u00addiaires ce qui lui per\u00admet d\u2019abandonner 20% de son chiffre d\u2019affaire et <i>d\u2019accro\u00eetre ses b\u00e9n\u00e9\u00adfices<\/i> et, par le c\u00f4t\u00e9 inha\u00adbi\u00adtuel de l\u2019op\u00e9ration, de se pas\u00adser d\u2019un bud\u00adget de publi\u00adci\u00adt\u00e9 celle-ci \u00e9tant assu\u00adr\u00e9e par la presse et radio gouvernementales.<\/p>\n<p>2\u00b0) Une entre\u00adprise qui sur\u00admonte par la concen\u00adtra\u00adtion le des\u00adtin du petit com\u00admerce qui est vou\u00e9 \u00e9co\u00adno\u00admi\u00adque\u00adment \u00e0 un pro\u00adces\u00adsus de disparition.<\/p>\n<p>Quoi de \u00ab&nbsp;r\u00e9vo\u00adlu\u00adtion\u00adnaire&nbsp;\u00bb en tout cela&nbsp;? Ah&nbsp;! oui le rac\u00adcour\u00adcis\u00adse\u00adment du cir\u00adcuit&nbsp;! Mais les Pri\u00adsu\u00adnics et Mono\u00adprix avaient d\u00e9j\u00e0 pra\u00adti\u00adqu\u00e9 cette m\u00e9thode, seule adap\u00adt\u00e9e au capi\u00adta\u00adlisme actuel.<\/p>\n<p>Alors&nbsp;? Pour qu\u2019il y ait r\u00e9vo\u00adlu\u00adtion dans l\u2019\u00e9picerie il fau\u00addrait qu\u2019il y ait, non seule\u00adment rac\u00adcour\u00adcis\u00adse\u00adment du cir\u00adcuit, mais liai\u00adson directe pro\u00adduc\u00adtion-consom\u00adma\u00adtion et sup\u00adpres\u00adsion du PROFIT. Hors cela, i1 n\u2019y a qu\u2019am\u00e9nagement au sein du capi\u00adta\u00adlisme et au fond nous n\u2019en avons rien a foutre \u2013 \u00ab&nbsp;Am\u00e9\u00adna\u00adgeons&nbsp;\u00bb plu\u00adt\u00f4t notre propre classe pour abr\u00e9\u00adger notre exploitation.<\/p>\n<h2>Le capitalisme \u00e9volue, l\u2019exploitation demeure<\/h2>\n<p>Quant \u00e0 De Gaulle, il reste \u00ab&nbsp;l\u2019homme des mono\u00adpoles&nbsp;\u00bb. Il est donc l\u2019homme du capi\u00adta\u00adlisme moderne. Quoi de plus nor\u00admal qu\u2019il soit avec les trusts p\u00e9tro\u00adliers pour l\u2019exploitation du p\u00e9trole du Saha\u00adra, contre le capi\u00adta\u00adlisme local d\u2019Alg\u00e9rie, \u00e0 forme colo\u00adniale v\u00e9tuste.<\/p>\n<p>Quoi de plus nor\u00admal qu\u2019il joue le super Mar\u00adket et le \u00ab&nbsp;Leclerc&nbsp;\u00bb contre l\u2019\u00e9picier du&nbsp;coin.<\/p>\n<p>Car l\u2019Ultra vinas\u00adsier d\u2019Alg\u00e9rie, tout comme l\u2019\u00e9picier ou l\u2019artisan sont des ves\u00adtiges d\u2019un capi\u00adta\u00adlisme d\u00e9pas\u00ads\u00e9, absor\u00adb\u00e9 par l\u2019\u00e9volution \u00e9conomique.<\/p>\n<p>Ce qui nous int\u00e9\u00adresse en tout cela ce sont les modi\u00adfi\u00adca\u00adtions qui r\u00e9sultent de cette \u00e9vo\u00adlu\u00adtion sur les condi\u00adtions de notre exploitation.<\/p>\n<p>En Sch\u00e9\u00adma\u00adti\u00adsant et d\u2019un coup d\u2019\u0153il rapide on voit que ces concen\u00adtra\u00adtions auront pour effet d\u2019absorber les entre\u00adprises fortes et de reje\u00adter vers le pro\u00adl\u00e9\u00adta\u00adriat la majeure par\u00adtie du petit com\u00admerce apr\u00e8s sa faillite. Apr\u00e8s que la lutte des classes eut souf\u00adfert de l\u2019\u00e9cran consti\u00adtu\u00e9 par les classes moyennes il semble que la redis\u00adtri\u00adbu\u00adtion des classes doive s\u2019op\u00e9rer vers un retour \u00e0 deux classes plus d\u00e9li\u00admi\u00adt\u00e9es&nbsp;: pro\u00adl\u00e9\u00adta\u00adriat et monopoles.<\/p>\n<p>Le Mar\u00adch\u00e9 Com\u00admun, apr\u00e8s quelques ann\u00e9es confir\u00adme\u00adra cette ten\u00addance. D\u00e9j\u00e0 les plus grandes soci\u00e9\u00adt\u00e9s des 6 pays op\u00e8rent des jume\u00adlages inter\u00adna\u00adtio\u00adnaux, jume\u00adlages qui pour\u00adraient \u00eatre bien\u00adt\u00f4t sui\u00advis de fusions. \u00c0 ces concen\u00adtra\u00adtions supra\u00adna\u00adtio\u00adnales il fau\u00addra bien que les tra\u00advailleurs r\u00e9pondent par une coor\u00addi\u00adna\u00adtion de leur lutte et un accrois\u00adse\u00adment de celle-ci. Il fau\u00addra bien renouer avec un inter\u00adna\u00adtio\u00adna\u00adlisme&nbsp;actif.<\/p>\n<p>Le pro\u00adbl\u00e8me, pour les tra\u00advailleurs ne sera pas r\u00e9so\u00adlu par une auto\u00add\u00e9\u00adfense chau\u00advine. Il ne pour\u00adra l\u2019\u00eatre que par une soli\u00adda\u00adri\u00adt\u00e9 constante dans la lutte des ouvriers des 6&nbsp;pays.<\/p>\n<p>Les ouvriers auront alors \u00e0 sur\u00admon\u00adter leurs par\u00adti\u00adcu\u00adla\u00adrismes, \u00e0 se d\u00e9bar\u00adras\u00adser de leurs influences (d\u00e9mo\u00adcra\u00adtie chr\u00e9\u00adtienne et P.C. en Ita\u00adlie, Sociale-d\u00e9mo\u00adcra\u00adtie en Alle\u00admagne, P.C. en France, D\u00e9mo-chr\u00e9\u00adtienne et sociale d\u00e9mo\u00adcra\u00adtie en Bel\u00adgique) \u00e0 cr\u00e9er leurs orga\u00adnismes de lutte de classe, faute de quoi la sur\u00adex\u00adploi\u00adta\u00adtion pour les uns, le ch\u00f4\u00admage per\u00adma\u00adnent pour les autres seraient leur&nbsp;lot.<\/p>\n<p>Noir &amp;&nbsp;Rouge<\/p>\n","protected":false},"excerpt":{"rendered":"<p>La gran\u00addeur \u00e0 tout&nbsp;prix On dira ce qu\u2019on vou\u00addra la gran\u00addeur est en bonne voie. Ce pays, r\u00e9pu\u00adt\u00e9 grand, aim\u00e9 et esti\u00adm\u00e9 du monde entier pour sa \u00ab&nbsp;culture&nbsp;\u00bb, son \u00ab&nbsp;huma\u00adnisme&nbsp;\u00bb, sa prise quo\u00adti\u00addienne de Pas\u00adtilles \u00e9tait vrai\u00adment tom\u00adb\u00e9 bien&nbsp;bas. Lib\u00e9\u00adr\u00e9 par les Alli\u00e9s, nour\u00adri (\u00e0 la petite cuill\u00e8re) par le plan Mar\u00adshall, vain\u00adcu par quelques&nbsp;[\u2026]<\/p>\n","protected":false},"author":1,"featured_media":0,"comment_status":"closed","ping_status":"closed","sticky":false,"template":"","format":"standard","meta":{"wp_typography_post_enhancements_disabled":false,"footnotes":""},"categories":[282],"tags":[],"ppma_author":[540],"class_list":["post-2241","post","type-post","status-publish","format-standard","hentry","category-noir-rouge-na14-hiver-1959"],"authors":[{"term_id":540,"user_id":1,"is_guest":0,"slug":"admin_3gikpwyf","display_name":"Vincent Dubuc","avatar_url":"https:\/\/secure.gravatar.com\/avatar\/d015720652c25fd2ced191ade86430094e1f288a17483713e3b34d26dea52507?s=96&d=mm&r=g","author_category":"","user_url":"https:\/\/la-presse-anarchiste.net","last_name":"Dubuc","first_name":"Vincent","job_title":"","description":""}],"_links":{"self":[{"href":"https:\/\/la-presse-anarchiste.net\/index.php\/wp-json\/wp\/v2\/posts\/2241","targetHints":{"allow":["GET"]}}],"collection":[{"href":"https:\/\/la-presse-anarchiste.net\/index.php\/wp-json\/wp\/v2\/posts"}],"about":[{"href":"https:\/\/la-presse-anarchiste.net\/index.php\/wp-json\/wp\/v2\/types\/post"}],"author":[{"embeddable":true,"href":"https:\/\/la-presse-anarchiste.net\/index.php\/wp-json\/wp\/v2\/users\/1"}],"replies":[{"embeddable":true,"href":"https:\/\/la-presse-anarchiste.net\/index.php\/wp-json\/wp\/v2\/comments?post=2241"}],"version-history":[{"count":0,"href":"https:\/\/la-presse-anarchiste.net\/index.php\/wp-json\/wp\/v2\/posts\/2241\/revisions"}],"wp:attachment":[{"href":"https:\/\/la-presse-anarchiste.net\/index.php\/wp-json\/wp\/v2\/media?parent=2241"}],"wp:term":[{"taxonomy":"category","embeddable":true,"href":"https:\/\/la-presse-anarchiste.net\/index.php\/wp-json\/wp\/v2\/categories?post=2241"},{"taxonomy":"post_tag","embeddable":true,"href":"https:\/\/la-presse-anarchiste.net\/index.php\/wp-json\/wp\/v2\/tags?post=2241"},{"taxonomy":"author","embeddable":true,"href":"https:\/\/la-presse-anarchiste.net\/index.php\/wp-json\/wp\/v2\/ppma_author?post=2241"}],"curies":[{"name":"wp","href":"https:\/\/api.w.org\/{rel}","templated":true}]}}