{"id":2242,"date":"2009-10-31T14:38:27","date_gmt":"2009-10-31T14:38:27","guid":{"rendered":"https:\/\/la-presse-anarchiste.net\/index.php\/2009\/10\/31\/dans-les-revues\/"},"modified":"2009-10-31T14:38:27","modified_gmt":"2009-10-31T14:38:27","slug":"dans-les-revues","status":"publish","type":"post","link":"https:\/\/la-presse-anarchiste.net\/index.php\/2009\/10\/31\/dans-les-revues\/","title":{"rendered":"Dans les revues"},"content":{"rendered":"<div class=\"pdfprnt-buttons pdfprnt-buttons-post pdfprnt-top-right\"><a href=\"https:\/\/la-presse-anarchiste.net\/index.php\/wp-json\/wp\/v2\/posts\/2242?print=pdf\" class=\"pdfprnt-button pdfprnt-button-pdf\" target=\"_blank\"><img decoding=\"async\" src=\"https:\/\/la-presse-anarchiste.net\/wp-content\/plugins\/pdf-print\/images\/pdf.png\" alt=\"image_pdf\" title=\"Afficher le PDF\"><\/a><a href=\"https:\/\/la-presse-anarchiste.net\/index.php\/wp-json\/wp\/v2\/posts\/2242?print=print\" class=\"pdfprnt-button pdfprnt-button-print\" target=\"_blank\"><img decoding=\"async\" src=\"https:\/\/la-presse-anarchiste.net\/wp-content\/plugins\/pdf-print\/images\/print.png\" alt=\"image_print\" title=\"Contenu imprim\u00e9\"><\/a><\/div><p>L\u2019en\u00adcom\u00adbre\u00adment du d\u00e9but se fait un peu moins lourd et je pour\u00adrai d\u00e9sor\u00admais signa\u00adler, par\u00adfois ana\u00adly\u00adser avec plus de m\u00e9thode les articles ou les publi\u00adca\u00adtions des revues qui luttent contre les tra\u00addi\u00adtions sociales, intel\u00adlec\u00adtuelles, artis\u00adtiques et qui col\u00adla\u00adborent \u00e0 l\u2019\u00e9\u00addu\u00adca\u00adtion r\u00e9vo\u00adlu\u00adtion\u00adnaire des contemporains.<\/p>\n<h2>Les gains<\/h2>\n<p>En Bel\u00adgique, le <i>Coq Rouge<\/i> a \u00e9t\u00e9 fon\u00add\u00e9 en mai par plu\u00adsieurs \u00e9cri\u00advains et pen\u00adseurs qui se sont s\u00e9pa\u00adr\u00e9s de la <i>Jeune Bel\u00adgique<\/i>. Le Comi\u00adt\u00e9 de r\u00e9dac\u00adtion est com\u00adpo\u00ads\u00e9 de Louis Delattre, Eug\u00e8ne Demol\u00adder, Georges Eekhoud, Hubert. Krains, Mau\u00adrice Ma\u00eb\u00adter\u00adlinck, Fran\u00adcis Nau\u00adtet, \u00c9mile Verhae\u00adren (Secr\u00e9\u00adtaire&nbsp;: Long\u00fcs, 6, Mon\u00adtagne-aux-Herbes-Pota\u00adg\u00e8res, Bruxelles). \u00c0 noter, dans le n<sup>O<\/sup>2&nbsp;: \u00ab&nbsp;La patrie des intel\u00adlec\u00adtuels&nbsp;\u00bb. d\u00e9cla\u00adra\u00adtion inter\u00adna\u00adtio\u00adna\u00adliste publi\u00e9e \u00e0 pro\u00adpos de la r\u00e9cente enqu\u00eate du <i>Mer\u00adcure de France<\/i>. J\u2019y rel\u00e8ve l\u2019af\u00adfir\u00adma\u00adtion sui\u00advante&nbsp;: <q>\u00ab&nbsp;Pas plus que les conven\u00adtions reli\u00adgieuses et sociales, les conve\u00adnances poli\u00adtiques ne sont faites pour asser\u00advir les artistes et entra\u00adver les mou\u00adve\u00adments de l\u2019art. Nous dirons m\u00eame que de toutes ces conven\u00adtions sur\u00adan\u00adn\u00e9es, celles-ci nous paraissent des\u00adti\u00adn\u00e9es \u00e0 \u00eatre balay\u00e9es les pre\u00admi\u00e8res.&nbsp;\u00bb<\/q> Dans le n<sup>O<\/sup>1, \u00ab&nbsp;Au vil\u00adlage&nbsp;\u00bb par \u00c9mile Verhae\u00adren, est un petit tableau ou l\u2019on guette la repr\u00e9\u00adsen\u00adta\u00adtion nette du monde ext\u00e9\u00adrieur et o\u00f9 l\u2019on recon\u00adna\u00eet sous les images le sym\u00adbole de la tra\u00addi\u00adtion. L\u2019imagination concr\u00e8te et la r\u00e9flexion \u00e9mue carac\u00adt\u00e9\u00adrisent tout ce que Verhae\u00adren publie dans le <i>Coq Rouge<\/i>, dans la <i>Soci\u00e9\u00adt\u00e9 Nou\u00advelle<\/i>, dans le <i>R\u00e9veil<\/i>&nbsp;; cet article est d\u2019un Th\u00e9o\u00adphile Gau\u00adtier pensant.<\/p>\n<p>\u00c0 Paris, l\u2019<i>Enclos<\/i>, diri\u00adg\u00e9 par Louis Lumet, para\u00eet depuis le mois de mars (7, rue de l\u2019An\u00adnon\u00adcia\u00adtion, Paris). C\u2019est une revue \u00e0 la fois lit\u00adt\u00e9\u00adraire et sociale. Nos amis Ren\u00e9 Ghil, Hamon, Fer\u00adnand Pel\u00adlou\u00adtier col\u00adla\u00adborent \u00e0 l\u2019<i>Enclos<\/i>. Les articles y sont courts et pr\u00e9\u00adcis, deux qualit\u00e9s.<\/p>\n<p>La <i>Revue Blanche<\/i>, deve\u00adnue bimen\u00adsuelle en f\u00e9vrier, a des chro\u00adniques nou\u00advelles dont l\u2019une, inti\u00adtu\u00adl\u00e9e \u00ab&nbsp;Mou\u00adve\u00adments poli\u00adtiques&nbsp;\u00bb, par Georges Dal\u00adbert, est une cri\u00adtique liber\u00adtaire des faits gou\u00adver\u00adne\u00admen\u00adtaux et des \u00e9v\u00e9\u00adne\u00adments de partis.<\/p>\n<p>Le pre\u00admier article de cette s\u00e9rie (num\u00e9\u00adro du 15 juin), sous le titre&nbsp;: \u00ab&nbsp;\u00c9lo\u00adquence r\u00e9vo\u00adlu\u00adtion\u00adnaire&nbsp;\u00bb com\u00adpare Guesde, Jau\u00adr\u00e8s et S\u00e9bas\u00adtien Faure&nbsp;; le der\u00adnier montre que les krachs suc\u00adces\u00adsifs des lib\u00e9\u00adraux dans les pays scan\u00addi\u00adnaves, en Bel\u00adgique, en Angle\u00adterre, d\u00e9bar\u00adrassent le ter\u00adrain pour la lutte pro\u00adchaine \u00ab&nbsp;des conser\u00adva\u00adteurs qui, sans phrases, d\u00e9fendent leurs pro\u00adpri\u00e9\u00adt\u00e9s et des r\u00e9vo\u00adlu\u00adtion\u00adnaires qui croient que la soci\u00e9\u00adt\u00e9 sera mieux assise sur l\u2019\u00e9galit\u00e9 mat\u00e9\u00adrielle que sur les prin\u00adcipes tout purs&nbsp;\u00bb. Paul Adam conti\u00adnue sa \u00ab&nbsp;Cri\u00adtique des m\u0153urs&nbsp;\u00bb&nbsp;\u00bb dans la <i>Revue Blanche<\/i>&nbsp;; \u00ab&nbsp;De l\u2019An\u00adglais&nbsp;\u00bb, son der\u00adnier mor\u00adceau, est une \u00e9vo\u00adca\u00adtion de Londres sin\u00adc\u00e8re et tout ori\u00adgi\u00adnale, m\u00eame pour ceux qui connaissent \u00ab&nbsp;La rue \u00e0 Londres&nbsp;\u00bb de Vall\u00e8s.<\/p>\n<p>La revue agran\u00addit son champ, qui com\u00adprend main\u00adte\u00adnant l\u2019his\u00adtoire et les ques\u00adtions sociales. Les articles de Vic\u00adtor Bar\u00adru\u00adcand sur le pain gra\u00adtuit ont \u00e9t\u00e9 dis\u00adcu\u00adt\u00e9s ici m\u00eame. Je dois dire que je consi\u00add\u00e8re la pro\u00adpo\u00adsi\u00adtion de Bar\u00adru\u00adcand comme un excellent moyeu d\u2019agitation mat\u00e9\u00adrielle&nbsp;: je recon\u00adnais qu\u2019elle ne ren\u00adferme qu\u2019une tr\u00e8s petite par\u00adtie de l\u2019i\u00add\u00e9al com\u00admu\u00adniste, mais anar\u00adchiste, je repousse toute ser\u00advi\u00adtude, y com\u00adpris l\u2019or\u00adtho\u00addoxie r\u00e9vo\u00adlu\u00adtion\u00adnaire, je m\u2019oc\u00adcupe moins \u00e0 conser\u00adver un dogme qu\u2019\u00e0 remuer les cama\u00adrades&nbsp;; et la gra\u00adtui\u00adt\u00e9 du pain me parait une des voies pour les ame\u00adner \u00e0 r\u00e9cla\u00admer l\u2019\u00e9\u00adga\u00adli\u00adt\u00e9 mat\u00e9\u00adrielle imm\u00e9\u00addiate. Je ne veux pas d\u2019in\u00adter\u00adm\u00e9\u00addiaires tels que les par\u00adle\u00adments ou les com\u00admunes \u00e9lues&nbsp;; je n\u2019ac\u00adcepte qu\u2019une coop\u00e9\u00adra\u00adtion libre en dehors de tout pou\u00advoirs publics&nbsp;: sur ce point, je m\u2019as\u00adso\u00adcie aux cri\u00adtiques de Grave et d\u2019An\u00addr\u00e9 Girard&nbsp;; quant au fond de l\u2019i\u00add\u00e9e de Bar\u00adru\u00adcand, je l\u2019ac\u00adcepte, non comme r\u00e9forme satis\u00adfai\u00adsante, mais comme moyen d\u2019agitation. Dans la <i>Revue Banche<\/i> encore, Bar\u00adru\u00adcand s\u2019est fait l\u2019\u00e9\u00addi\u00adteur des m\u00e9moires du g\u00e9n\u00e9\u00adral Ros\u00adsi\u00adgnol, chef de l\u2019arm\u00e9e de Ven\u00add\u00e9e, en 1793. De la m\u00eame revue, un grand nombre d\u2019autres publi\u00adca\u00adtions ou articles, int\u00e9\u00adres\u00adsant nos amis, ont d\u00e9j\u00e0 \u00e9t\u00e9 signa\u00adl\u00e9s dans ce jour\u00adnal&nbsp;; le sup\u00adpl\u00e9\u00adment lit\u00adt\u00e9\u00adraire en a repro\u00adduit quelques-uns.<\/p>\n<h2>Les pertes<\/h2>\n<p>Nous avons re\u00e7u beau\u00adcoup de p\u00e9rio\u00addiques, fon\u00add\u00e9s pour d\u00e9fendre le f\u00e9d\u00e9\u00adra\u00adlisme. Quand je vois le sens qu\u2019at\u00adtri\u00adbuent \u00e0 ce mot des artistes comme Jean Baf\u00adfier, r\u00e9dac\u00adteur en chef du <i>R\u00e9veil de la Gaule<\/i>, je pense que lui et ses amis perdent leurs efforts et m\u00eame qu\u2019ils les emploient contre nous. D\u00e9cen\u00adtra\u00adli\u00adsa\u00adtion peut \u00eatre un moyeu de pro\u00adpa\u00adger l\u2019a\u00adnar\u00adchie, comme pain gra\u00adtuit est un pro\u00adc\u00e9\u00add\u00e9 d\u2019\u00e9\u00addu\u00adca\u00adtion com\u00admu\u00adniste. Mais il ne faut prendre \u00e0 la lettre ni l\u2019une ni l\u2019autre de ces for\u00admules. Encore, si vous r\u00e9a\u00adli\u00adsiez la gra\u00adtui\u00adt\u00e9 du pain, feriez-vous un petit pro\u00adgr\u00e8s mat\u00e9\u00adriel qui aide\u00adrait \u00e0 la r\u00e9vo\u00adlu\u00adtion. Mais r\u00e9ta\u00adblis\u00adsez les pro\u00advinces, ou ins\u00adti\u00adtuez des r\u00e9gions nou\u00advelles avec des pou\u00advoirs locaux et vous aurez pour\u00advu la soci\u00e9\u00adt\u00e9 capi\u00adta\u00adliste d\u2019un nombre plus grand d\u2019or\u00adga\u00adni\u00adsa\u00adtions de r\u00e9sis\u00adtance&nbsp;! Contre le gou\u00adver\u00adne\u00adment cen\u00adtral, tant que vous vou\u00addrez, mais en m\u00eame temps contre tous les autres, f\u00e9d\u00e9\u00adraux ou pro\u00advin\u00adciaux, voi\u00adl\u00e0 notre pro\u00adgramme. \u00c0 ce sujet, on peut lire l\u2019ar\u00adticle \u00ab&nbsp;F\u00e9d\u00e9\u00adra\u00adlisme et pro\u00advin\u00adcia\u00adlisme&nbsp;\u00bb dans la <i>Revue Blanche<\/i>, du 15 juillet.<\/p>\n<h2>Des faits<\/h2>\n<p>Je rap\u00adpelle une fois pour toutes que l\u2019on peut consul\u00adter avec fruit, dans la <i>Soci\u00e9\u00adt\u00e9 Nou\u00advelle<\/i>, le \u00ab&nbsp;Mois&nbsp;\u00bb (ano\u00adnyme), et \u00ab&nbsp;la Vie men\u00adtale&nbsp;\u00bb, par Gus\u00adtave Kahn, cri\u00adtiques des \u00e9v\u00e9\u00adne\u00adments et des publi\u00adca\u00adtions faites \u00e0 un point de vue tr\u00e8s voi\u00adsin du n\u00f4tre&nbsp;; dans la <i>Revue Socia\u00adliste<\/i>, le \u00ab&nbsp;Mou\u00adve\u00adment social&nbsp;\u00bb, par Adrien Veber, expo\u00ads\u00e9 tr\u00e8s net de l\u2019o\u00adrien\u00adta\u00adtion poli\u00adtique et de l\u2019or\u00adga\u00adni\u00adsa\u00adtion cor\u00adpo\u00adra\u00adtive des par\u00adtis ouvriers de tous les pays&nbsp;; dans le <i>Jour\u00adnal des \u00e9co\u00adno\u00admistes<\/i>, la Revue du mois o\u00f9 M.&nbsp;A. Moli\u00adna\u00adri m\u00e9lange, \u00e0 l\u2019a\u00adpo\u00adlo\u00adgie na\u00efve de la sp\u00e9\u00adcu\u00adla\u00adtion et a l\u2019ex\u00adpres\u00adsion d\u2019une indi\u00adgna\u00adtion vieillotte contre les socia\u00adlistes, une bonne cri\u00adtique de la colo\u00adni\u00adsa\u00adtion, du pro\u00adtec\u00adtion\u00adnisme et, en g\u00e9n\u00e9\u00adral, de toutes les inter\u00adven\u00adtions de l\u2019\u00c9\u00adtat dans le domaine \u00e9co\u00adno\u00admique. Nous aurons sou\u00advent \u00e0 signa\u00adler d\u2019ex\u00adcel\u00adlentes expo\u00adsi\u00adtions de faits dans ces revues, sur\u00adtout dans les deux premi\u00e8res.<\/p>\n<p>Pour l\u2019his\u00adtoire, la <i>Soci\u00e9\u00adt\u00e9 Nou\u00advelle<\/i> vient de ter\u00admi\u00adner la publi\u00adca\u00adtion des Notes sur la Sib\u00e9\u00adrie, \u00e9crites il y a dix ans par le jour\u00adna\u00adliste am\u00e9\u00adri\u00adcain Ken\u00adnan&nbsp;; ce livre est la pre\u00admi\u00e8re expo\u00adsi\u00adtion sin\u00adc\u00e8re des trai\u00adte\u00adments qu\u2019on inflige aux pri\u00adson\u00adniers poli\u00adtiques russes&nbsp;: l\u2019\u00e9\u00addi\u00adtion am\u00e9\u00adri\u00adcaine avait sou\u00adle\u00adv\u00e9 une grande \u00e9mo\u00adtion que l\u2019\u00e9\u00addi\u00adtion fran\u00ad\u00e7aise vient de r\u00e9veiller. La <i>Soci\u00e9\u00adt\u00e9 Nou\u00advelle<\/i> a encore publi\u00e9 l\u2019\u00abEntente en Sicile&nbsp;\u00bb, d\u2019An\u00adto\u00adnio Agres\u00adti, tableau de l\u2019or\u00adga\u00adni\u00adsa\u00adtion des fais\u00adceaux des tra\u00advailleurs (fas\u00adci dei lavo\u00adra\u00adto\u00adri), de leur sou\u00adl\u00e8\u00adve\u00adment en 1893, et la r\u00e9pres\u00adsion qui sui\u00advit. Enfin, les Lettres de Bakou\u00adnine \u00e0 Her\u00adzen et \u00e0 Oga\u00adreff, dans le der\u00adnier num\u00e9\u00adro de la <i>Soci\u00e9\u00adt\u00e9 Nou\u00advelle<\/i>, donnent la ver\u00adsion du r\u00e9vo\u00adlu\u00adtion\u00adnaire lui-m\u00eame sur son exil en Sib\u00e9\u00adrie et son \u00e9va\u00adsion par le Japon et San Francisco.<\/p>\n<p>Sur les ques\u00adtions \u00e9co\u00adno\u00admiques et sociales, on peut com\u00adpa\u00adrer les articles de la <i>Revue Socia\u00adliste<\/i> inti\u00adtu\u00adl\u00e9s&nbsp;: \u00ab&nbsp;la D\u00e9pres\u00adsion \u00e9co\u00adno\u00admique et sociale et l\u2019his\u00adtoire des prix&nbsp;\u00bb, par Roua\u00adnet (avril-juin), \u00ab&nbsp;le P\u00e9ril bim\u00e9\u00adtal\u00adliste&nbsp;\u00bb, par L\u00e9on Wal\u00adras (juillet), avec les dis\u00adcus\u00adsions des col\u00adla\u00adbo\u00adra\u00adteurs du <i>Jour\u00adnal des \u00c9co\u00adno\u00admistes<\/i> sur les m\u00eames sujets.<\/p>\n<p>Pour l\u2019\u00e9\u00adtude et la cri\u00adtique des orga\u00adni\u00adsa\u00adtions poli\u00adtiques, par\u00adcou\u00adrez, dans le num\u00e9\u00adro de juillet de la <i>Revue Socia\u00adlisteO \u00e0 l\u2019As\u00adsem\u00adbl\u00e9e f\u00e9d\u00e9\u00adrale&nbsp;;  2<sup>O<\/sup> a cin\u00adquante mille citoyens qui peuvent deman\u00adder, soit la r\u00e9vi\u00adsion totale, soit une r\u00e9vi\u00adsion par\u00adtielle, et, dans ce der\u00adnier cas, peuvent for\u00admu\u00adler le texte, le pro\u00adjet d\u2019ar\u00adticle consti\u00adtu\u00adtion\u00adnel, sur lequel le peuple et les can\u00adtons sont appe\u00adl\u00e9s \u00e0 se pro\u00adnon\u00adcer.&nbsp;\u00bb \u00c9vi\u00addem\u00adment, en Suisse, le Par\u00adle\u00adment n\u2019a pas tout \u00e0 fait le der\u00adnier mot&nbsp;: c\u2019est pour le peuple une satis\u00adfac\u00adtion d\u2019a\u00admour-propre&nbsp;; mais nous vou\u00adlons lui don\u00adner la sou\u00adve\u00adrai\u00adne\u00adt\u00e9 sans limites en fait comme en prin\u00adcipe, et nous ne sau\u00adrions nous conten\u00adter de ce qui para\u00eet le terme de la d\u00e9mo\u00adcra\u00adtie aux radi\u00adcaux helv\u00e9tiques.<\/i><\/p>\n<p><i>L\u00e9gis\u00adla\u00adtion directe<\/i> et <i>par\u00adle\u00admen\u00adta\u00adrisme<\/i>, tel est le sujet d\u2019une bro\u00adchure r\u00e9cente de notre ami Char\u00adnay. L\u2019au\u00adteur fait sur\u00adtout l\u2019his\u00adto\u00adrique de la ques\u00adtion&nbsp;; mais, dans la conclu\u00adsion, il se pro\u00adnonce contre le par\u00adle\u00admen\u00adta\u00adrisme dans les termes sui\u00advants&nbsp;: \u00ab&nbsp;Cer\u00adtains doc\u00adteurs en socia\u00adlisme, \u00e9crit-il, p\u00e9dants de cabi\u00adnet ou de r\u00e9union publique, s\u2019ac\u00adcordent avec les gou\u00adver\u00adne\u00adments pour entra\u00adver l\u2019af\u00adfran\u00adchis\u00adse\u00adment des tra\u00advailleurs par le moyen de l\u2019as\u00adso\u00adcia\u00adtion&nbsp;; pleins de res\u00adpect et d\u2019ad\u00admi\u00adra\u00adtion pour les syn\u00addi\u00adcats, tant qu\u2019ils peuvent les diri\u00adger, mais, par-der\u00adri\u00e8re, j\u00e9sui\u00adti\u00adque\u00adment, s\u2019ef\u00adfor\u00ad\u00e7ant d\u2019y intro\u00adduire le d\u00e9cou\u00adra\u00adge\u00adment, la divi\u00adsion, applau\u00addis\u00adsant \u00e0 la fer\u00adme\u00adture des Bourses du tra\u00advail, atti\u00adsant les haines poli\u00adtiques\u2026 Ils ne veulent pas de la l\u00e9gis\u00adla\u00adtion directe \u00ab&nbsp;par la m\u00eame rai\u00adson, dirait Consi\u00add\u00e9\u00adrant, que les conduc\u00adteurs des mes\u00adsa\u00adge\u00adries sont oppo\u00ads\u00e9s \u00e0 tout sys\u00adt\u00e8me de loco\u00admo\u00adtion qui les met \u00e0 pied&nbsp;\u00bb. Dans la future soci\u00e9\u00adt\u00e9 \u00e9ga\u00adli\u00adtaire, leur fonc\u00adtion \u00e0 eux, c\u2019est d\u2019\u00eatre pape, direc\u00adteur ou g\u00e9n\u00e9\u00adral&nbsp;; autre\u00adment ils n\u2019en sont&nbsp;plus.&nbsp;\u00bb<\/p>\n<p>On ne sau\u00adrait mieux dire. Mais pour\u00adquoi gar\u00adder ce mot de l\u00e9gis\u00adla\u00adtion qui n\u2019a de sens qu\u2019a\u00advec des juges et des gen\u00addarmes&nbsp;? Dans la soci\u00e9\u00adt\u00e9 com\u00admu\u00adniste \u00e9ga\u00adli\u00adtaire, le libre accord rem\u00adpla\u00adce\u00adra les lois. Je le pense et je trouve un peu \u00e9qui\u00advoque le titre de la \u00ab&nbsp;Ligue pour la r\u00e9vi\u00adsion par le peuple&nbsp;\u00bb que vient de fon\u00adder le Comi\u00adt\u00e9 r\u00e9vo\u00adlu\u00adtion\u00adnaire cen\u00adtral, c\u2019est-\u00e0- dire le minis\u00adt\u00e8re du par\u00adti blan\u00adquiste. J\u2019at\u00adtends pour por\u00adter un juge\u00adment d\u00e9fi\u00adni\u00adtif que les blan\u00adquistes, c\u2019est-\u00e0-dire Vaillant et ses amis, se soient net\u00adte\u00adment pro\u00adnon\u00adc\u00e9s contre le par\u00adle\u00admen\u00adta\u00adrisme et aient renon\u00adc\u00e9 \u00e0 pro\u00adfi\u00adter de la \u00ab&nbsp;conqu\u00eate des pou\u00advoirs publics&nbsp;\u00bb. En atten\u00addant, je signale la revue la <i>Ques\u00adtion Sociale<\/i>, \u00e9di\u00adt\u00e9e par Argy\u00adria\u00add\u00e8s et Paule Minck, blan\u00adquistes tous deux&nbsp;: elle contient un \u00ab&nbsp;Mou\u00adve\u00adment inter\u00adna\u00adtio\u00adnal&nbsp;\u00bb qui serait tr\u00e8s bon s\u2019il n\u2019\u00e9\u00adtait un peu bref. Le <i>Par\u00adti Ouvrier<\/i>, heb\u00addo\u00adma\u00addaire, diri\u00adg\u00e9 par Jean Alle\u00admane, est l\u2019or\u00adgane des com\u00admu\u00adnistes r\u00e9vo\u00adlu\u00adtion\u00adnaires qui veulent faire la r\u00e9vo\u00adlu\u00adtion par la gr\u00e8ve g\u00e9n\u00e9\u00adrale. Il est plein de faits sur l\u2019a\u00adgi\u00adta\u00adtion et les orga\u00adni\u00adsa\u00adtions ouvri\u00e8res. J\u2019en recom\u00admande la lec\u00adture aux cama\u00adrades. Il est bon de suivre ce que font les gens sin\u00adc\u00e8res, actifs et intel\u00adli\u00adgents des autres par\u00adtis, sur\u00adtout quand ils sont tout voi\u00adsins de&nbsp;nous.<\/p>\n<p>(\u00e0 suivre)<\/p>\n<p>Cama\u00adrade&nbsp;CX<\/p>\n","protected":false},"excerpt":{"rendered":"<p>L\u2019en\u00adcom\u00adbre\u00adment du d\u00e9but se fait un peu moins lourd et je pour\u00adrai d\u00e9sor\u00admais signa\u00adler, par\u00adfois ana\u00adly\u00adser avec plus de m\u00e9thode les articles ou les publi\u00adca\u00adtions des revues qui luttent contre les tra\u00addi\u00adtions sociales, intel\u00adlec\u00adtuelles, artis\u00adtiques et qui col\u00adla\u00adborent \u00e0 l\u2019\u00e9\u00addu\u00adca\u00adtion r\u00e9vo\u00adlu\u00adtion\u00adnaire des contem\u00adpo\u00adrains. Les gains En Bel\u00adgique, le Coq Rouge a \u00e9t\u00e9 fon\u00add\u00e9 en&nbsp;mai&nbsp;[\u2026]<\/p>\n","protected":false},"author":1,"featured_media":0,"comment_status":"closed","ping_status":"closed","sticky":false,"template":"","format":"standard","meta":{"wp_typography_post_enhancements_disabled":false,"footnotes":""},"categories":[283],"tags":[],"ppma_author":[540],"class_list":["post-2242","post","type-post","status-publish","format-standard","hentry","category-les-temps-nouveaux-n14-3-9-aout-1895"],"authors":[{"term_id":540,"user_id":1,"is_guest":0,"slug":"admin_3gikpwyf","display_name":"Vincent Dubuc","avatar_url":"https:\/\/secure.gravatar.com\/avatar\/d015720652c25fd2ced191ade86430094e1f288a17483713e3b34d26dea52507?s=96&d=mm&r=g","author_category":"","user_url":"https:\/\/la-presse-anarchiste.net","last_name":"Dubuc","first_name":"Vincent","job_title":"","description":""}],"_links":{"self":[{"href":"https:\/\/la-presse-anarchiste.net\/index.php\/wp-json\/wp\/v2\/posts\/2242","targetHints":{"allow":["GET"]}}],"collection":[{"href":"https:\/\/la-presse-anarchiste.net\/index.php\/wp-json\/wp\/v2\/posts"}],"about":[{"href":"https:\/\/la-presse-anarchiste.net\/index.php\/wp-json\/wp\/v2\/types\/post"}],"author":[{"embeddable":true,"href":"https:\/\/la-presse-anarchiste.net\/index.php\/wp-json\/wp\/v2\/users\/1"}],"replies":[{"embeddable":true,"href":"https:\/\/la-presse-anarchiste.net\/index.php\/wp-json\/wp\/v2\/comments?post=2242"}],"version-history":[{"count":0,"href":"https:\/\/la-presse-anarchiste.net\/index.php\/wp-json\/wp\/v2\/posts\/2242\/revisions"}],"wp:attachment":[{"href":"https:\/\/la-presse-anarchiste.net\/index.php\/wp-json\/wp\/v2\/media?parent=2242"}],"wp:term":[{"taxonomy":"category","embeddable":true,"href":"https:\/\/la-presse-anarchiste.net\/index.php\/wp-json\/wp\/v2\/categories?post=2242"},{"taxonomy":"post_tag","embeddable":true,"href":"https:\/\/la-presse-anarchiste.net\/index.php\/wp-json\/wp\/v2\/tags?post=2242"},{"taxonomy":"author","embeddable":true,"href":"https:\/\/la-presse-anarchiste.net\/index.php\/wp-json\/wp\/v2\/ppma_author?post=2242"}],"curies":[{"name":"wp","href":"https:\/\/api.w.org\/{rel}","templated":true}]}}