{"id":2243,"date":"2009-10-31T14:40:18","date_gmt":"2009-10-31T14:40:18","guid":{"rendered":"https:\/\/la-presse-anarchiste.net\/index.php\/2009\/10\/31\/mouvement-social-42\/"},"modified":"2009-10-31T14:40:18","modified_gmt":"2009-10-31T14:40:18","slug":"mouvement-social-42","status":"publish","type":"post","link":"https:\/\/la-presse-anarchiste.net\/index.php\/2009\/10\/31\/mouvement-social-42\/","title":{"rendered":"Mouvement social"},"content":{"rendered":"<div class=\"pdfprnt-buttons pdfprnt-buttons-post pdfprnt-top-right\"><a href=\"https:\/\/la-presse-anarchiste.net\/index.php\/wp-json\/wp\/v2\/posts\/2243?print=pdf\" class=\"pdfprnt-button pdfprnt-button-pdf\" target=\"_blank\"><img decoding=\"async\" src=\"https:\/\/la-presse-anarchiste.net\/wp-content\/plugins\/pdf-print\/images\/pdf.png\" alt=\"image_pdf\" title=\"Afficher le PDF\"><\/a><a href=\"https:\/\/la-presse-anarchiste.net\/index.php\/wp-json\/wp\/v2\/posts\/2243?print=print\" class=\"pdfprnt-button pdfprnt-button-print\" target=\"_blank\"><img decoding=\"async\" src=\"https:\/\/la-presse-anarchiste.net\/wp-content\/plugins\/pdf-print\/images\/print.png\" alt=\"image_print\" title=\"Contenu imprim\u00e9\"><\/a><\/div><h2>France<\/h2>\n<p>Le magis\u00adtrat \u00e0 tout faire qui a ins\u00adtruit le pro\u00adc\u00e8s des Trente vient de tou\u00adcher la r\u00e9com\u00adpense de la r\u00e9pu\u00adgnante besogne que bien \u00e0 regret, n\u2019en dou\u00adtons pas, il accom\u00adplit l\u2019an der\u00adnier. Il est de ces tra\u00advaux mal\u00adpropres et nau\u00ads\u00e9a\u00adbonds qui exigent une juste com\u00adpen\u00adsa\u00adtion aux haut-le-c\u0153ur qu\u2019ils ont pro\u00advo\u00adqu\u00e9s chez qui y fut astreint. Donc, Meyer a m\u00e9ri\u00adt\u00e9 de por\u00adter ce stig\u00admate qui signale \u00e0 la m\u00e9fiance publique les prin\u00adci\u00adpaux conta\u00admi\u00adn\u00e9s de la pour\u00adri\u00adture sociale. En incar\u00adc\u00e9\u00adrant durant des mois sans inter\u00adro\u00adga\u00adtoires de pai\u00adsibles citoyens, soup\u00ad\u00e7on\u00adn\u00e9s sim\u00adple\u00adment d\u2019une trop expan\u00adsive et trop franche hon\u00adn\u00ea\u00adte\u00adt\u00e9, en les salis\u00adsant ensuite bas\u00adse\u00adment, l\u00e2che\u00adment, et en affa\u00admant leurs familles sans autre motif que son bon plai\u00adsir, il a gagn\u00e9 le droit d\u2019\u00eatre admis \u00e0 confra\u00adter\u00adni\u00adser avec les Eif\u00adfel, les Ray\u00adnal et autres for\u00adbans, et \u00e0 piquer sur son c\u0153ur le signe de l\u2019hon\u00adneur qu\u2019au\u00adpa\u00adra\u00advant il n\u2019a\u00advait&nbsp;pas.<\/p>\n<p>Qui donc pr\u00e9\u00adtend que la jus\u00adtice ne rend que des arr\u00eats&nbsp;? La nomi\u00adna\u00adtion de Meyer ne porte-t-elle pas qu\u2019il a ren\u00addu des ser\u00advices\u2026 exceptionnels&nbsp;?<\/p>\n<p>[|<b>*   *   *   *<\/b>|]<\/p>\n<p>Puisque nous en sommes sur la jus\u00adtice, par\u00adlons de celle que d\u00e9bitent. les arbitres en k\u00e9pi galon\u00adn\u00e9, et fai\u00adsons, pour n\u2019en point perdre l\u2019ha\u00adbi\u00adtude, une petite com\u00adpa\u00adrai\u00adson, his\u00adtoire de voir une fois de plus les pla\u00adteaux de la balance gigo\u00adter \u00e0 des hau\u00adteurs in\u00e9gales, \u00e0 la recherche d\u2019un \u00e9qui\u00adlibre introuvable&nbsp;:<\/p>\n<p>Le ser\u00adgent Bour\u00addeau du 6<sup>e<\/sup> de ligne en gar\u00adni\u00adson \u00e0 Sainte, accu\u00ads\u00e9 d\u2019a\u00advoir, le 8 juin der\u00adnier, gifl\u00e9 un sol\u00addat de sa com\u00adpa\u00adgnie, nom\u00adm\u00e9 Dupont, passe au conseil de guerre. Le conseil, esti\u00admant que le ser\u00adgent Bour\u00addeau a ob\u00e9i \u00e0 un mou\u00adve\u00adment d\u2019im\u00adpa\u00adtience, l\u2019a acquit\u00adt\u00e9 \u00e0 l\u2019unanimit\u00e9.<\/p>\n<p>Le sol\u00addat Joli\u00advet, du 36<sup>e<\/sup> d\u2019ar\u00adtille\u00adrie, accu\u00ads\u00e9 d\u2019a\u00advoir repous\u00ads\u00e9 de la main son mar\u00e9\u00adchal des logis qui lui inti\u00admait l\u2019ordre de se rendre \u00e0 la salle de police, passe \u00e9ga\u00adle\u00adment au conseil de guerre. Ce der\u00adnier l\u2019a condam\u00adn\u00e9 \u00e0&nbsp;mort.<\/p>\n<p>[|<b>*   *   *   *<\/b>|]<\/p>\n<p>Comme r\u00e9con\u00adfor\u00adtant, citons l\u2019arr\u00eat ren\u00addu par un juge de la pro\u00advince d\u2019On\u00adta\u00adrio (Cana\u00adda), \u00e0 l\u2019\u00e9\u00adgard d\u2019un jour\u00adnal pour\u00adsui\u00advi pour avoir vio\u00adlem\u00adment atta\u00adqu\u00e9 la d\u00e9ci\u00adsion d\u2019un tri\u00adbu\u00adnal du pays. Le juge en ques\u00adtion a ren\u00advoy\u00e9 le pr\u00e9\u00adve\u00adnu, esti\u00admant que \u00ab&nbsp;s\u2019il avait man\u00adqu\u00e9 de cour\u00adtoi\u00adsie, ce serait une faute dix fois plus grave de res\u00adtreindre la liber\u00adt\u00e9 de la presse&nbsp;\u00bb.<\/p>\n<p>O Denoix!\u2026<\/p>\n<p>[|<b>*   *   *   *<\/b>|]<\/p>\n<p>Un sous-pr\u00e9\u00adfet qui aspire sans doute, lui aus\u00adsi, \u00e0 la d\u00e9co\u00adra\u00adtion, a adres\u00ads\u00e9 la lettre sui\u00advante \u00e0 tous les conseillers de l\u2019arrondissement&nbsp;:<\/p>\n<p><quote>\u00ab&nbsp;Mon\u00adsieur le conseiller d\u2019arrondissement,<\/quote><\/p>\n<p>\u00ab&nbsp;Je vous serais recon\u00adnais\u00adsant de vou\u00adloir bien me faire conna\u00eetre d\u2019ur\u00adgence les inten\u00adtions des agents de la Com\u00adpa\u00adgnie de che\u00admins de fer de votre can\u00adton, dans le cas o\u00f9 la loi Tra\u00adrieux, ayant pour but d\u2019in\u00adter\u00addire les coa\u00adli\u00adtions for\u00adm\u00e9es dans le but de sus\u00adpendre ou de ces\u00adser le tra\u00advail dans les ser\u00advices publics de l\u2019\u00c9\u00adtat, serait vot\u00e9e.<\/p>\n<p>\u00ab&nbsp;J\u2019ai l\u2019hon\u00adneur de vous prier de vou\u00adloir bien, \u00e0 ce sujet, pro\u00adc\u00e9\u00adder \u00e0 une enqu\u00eate per\u00adson\u00adnelle et tr\u00e8s dis\u00adcr\u00e8te&nbsp;; le pro\u00adjet de loi dont il s\u2019a\u00adgit est ins\u00e9\u00adr\u00e9 au <i>Jour\u00adnal offi\u00adciel<\/i> du 5 mars&nbsp;1895.<\/p>\n<p>\u00ab&nbsp;Agr\u00e9ez, etc.&nbsp;\u00bb<\/p>\n<p>Quand je vous disais qu\u2019ils com\u00admen\u00ad\u00e7aient \u00e0 \u00eatre bien embar\u00adras\u00ads\u00e9s de leur loi&nbsp;! Mal\u00adgr\u00e9 leurs airs de mata\u00admores, ils redoutent les cons\u00e9\u00adquences de leur into\u00adl\u00e9\u00adrance et font, avant d\u2019a\u00adgir, t\u00e2ter en sous-main cette opi\u00adnion publique pour laquelle ils affectent tant de d\u00e9dain. Quelle pleu\u00adtre\u00adrie basse et sournoise&nbsp;!<\/p>\n<p>[|<b>*   *   *   *<\/b>|]<\/p>\n<p>Autre perle&nbsp;: L\u2019<i>\u00c9cho Sois\u00adson\u00adnais<\/i> affirme qu\u2019\u00e0 la suite de d\u00e9ci\u00adsions prises, il y a quelques jours seule\u00adment, par <i>deux ministres sp\u00e9\u00adciaux<\/i>, toutes les cor\u00adres\u00adpon\u00addances, <i>sans excep\u00adtion<\/i>, venant de Mada\u00adgas\u00adcar seront <i>sur\u00adveill\u00e9es admi\u00adnis\u00adtra\u00adti\u00adve\u00adment<\/i>. Ces gens-l\u00e0 ont des euph\u00e9\u00admismes d\u2019une saveur incom\u00adpa\u00adrable&nbsp;! \u00ab&nbsp;Sur\u00adveill\u00e9es admi\u00adnis\u00adtra\u00adti\u00adve\u00adment&nbsp;\u00bb vaut son pesant de mas\u00adtic. Cette sur\u00adveillance aura-t-elle pour but de les faire par\u00adve\u00adnir plus s\u00fbre\u00adment \u00e0 des\u00adti\u00adna\u00adtion ou bien, au contraire, consiste-t-elle \u00e0 vio\u00adler le secret des lettres, crime pr\u00e9\u00advu par le Code&nbsp;? Ces deux ministres sp\u00e9\u00adciaux seraient fort aimables de nous le faire savoir.<\/p>\n<p>Mais alors, s\u2019ils comptent que la v\u00e9ri\u00adt\u00e9 ne se fera pas jour, c\u2019est qu\u2019ils esp\u00e8rent que pas un des mal\u00adheu\u00adreux que l\u2019on a envoy\u00e9s cre\u00adver l\u00e0-bas pour enri\u00adchir les Suber\u00adbie et Cie, n\u2019en revien\u00addra et ne pour\u00adra par cons\u00e9\u00adquent racon\u00adter ce qu\u2019il aura souffert&nbsp;?<\/p>\n<p>[|<b>*   *   *   *<\/b>|]<\/p>\n<p>Un dif\u00adf\u00e9\u00adrend assez ancien entre le syn\u00addi\u00adcat des typo\u00adgraphes de Lyon et le <i>Peuple<\/i>, jour\u00adnal socia\u00adliste de la r\u00e9gion, s\u2019est enve\u00adni\u00adm\u00e9 depuis quelque temps et donne lieu \u00e0 une pol\u00e9\u00admique tr\u00e8s vive entre le syn\u00addi\u00adcat et les r\u00e9dac\u00adteurs de ce journal.<\/p>\n<p>Le <i>Peuple<\/i> serait, parait-il, com\u00adpo\u00ads\u00e9 par des femmes et des ouvriers qui tou\u00adche\u00adraient un salaire inf\u00e9\u00adrieur au taux du syndicat.<\/p>\n<p>Bien qu\u2019ayant re\u00e7u de nom\u00adbreuses cor\u00adres\u00adpon\u00addances \u00e0 ce sujet, nous esti\u00admons que nous n\u2019a\u00advons pas \u00e0 prendre par\u00adti dans cette que\u00adrelle&nbsp;; car, si nous en croyons les ren\u00adsei\u00adgne\u00adments qui nous ont \u00e9t\u00e9 four\u00adnis, les typo\u00adgraphes, d\u2019une part, auraient com\u00adpro\u00admis ou ris\u00adqu\u00e9 de com\u00adpro\u00admettre la pro\u00adpa\u00adgande, \u00e0 une \u00e9poque o\u00f9 le jour\u00adnal \u00e9tait sin\u00adc\u00e8\u00adre\u00adment socia\u00adliste, et cela dans un int\u00e9\u00adr\u00eat per\u00adson\u00adnel, et, d\u2019autre part, les r\u00e9dac\u00adteurs du <i>Peuple<\/i> auraient acca\u00adbl\u00e9 les syn\u00addi\u00adqu\u00e9s de basses injures et r\u00e9pon\u00addu \u00e0 leurs r\u00e9cla\u00adma\u00adtions par de men\u00adson\u00adg\u00e8res insinuations.<\/p>\n<p>Cepen\u00addant nous n\u2019a\u00advons qu\u2019une tr\u00e8s m\u00e9diocre confiance dans le socia\u00adlisme d\u2019un jour\u00adnal dont le direc\u00adteur est le baron Teillard, un riche ban\u00adquier de Lyon. Quant aux syn\u00addi\u00adqu\u00e9s, il e\u00fbt peut-\u00eatre mieux valu pour eux de t\u00e2cher de faire com\u00adprendre \u00e0 leurs cama\u00adrades non syn\u00addi\u00adqu\u00e9s quel tort ils fai\u00adsaient en accep\u00adtant de tra\u00advailler au rabais.<\/p>\n<p>[|<b>*   *   *   *<\/b>|]<\/p>\n<p>Le pr\u00e9\u00adsident et le secr\u00e9\u00adtaire du syn\u00addi\u00adcat des Omni\u00adbus, Proust et Deville, condam\u00adn\u00e9s \u00e0 six mois de pri\u00adson pour avoir appuy\u00e9 leurs cama\u00adrades dans leur lutte contre l\u2019ex\u00adploi\u00adta\u00adtion effr\u00e9\u00adn\u00e9e de la Com\u00adpa\u00adgnie, viennent d\u2019\u00eatre lib\u00e9\u00adr\u00e9s condi\u00adtion\u00adnel\u00adle\u00adment. Il faut noter \u00e0 ce sujet le refus oppo\u00ads\u00e9 quelques jours aupa\u00adra\u00advant par le Pr\u00e9\u00adsident de la R\u00e9pu\u00adblique \u00e0 une pro\u00adpo\u00adsi\u00adtion de gr\u00e2ce en faveur de ces deux tra\u00advailleurs. Le Pr\u00e9\u00adsident aurait pu cepen\u00addant se don\u00adner \u00e0 bon mar\u00adch\u00e9 le beau r\u00f4le d\u2019un paci\u00adfi\u00adca\u00adteur et haus\u00adser d\u2019un cran sa popu\u00adla\u00adri\u00adt\u00e9, en gra\u00adciant ces deux vic\u00adtimes du capi\u00adta\u00adlisme, puisque quelques jours apr\u00e8s elles devaient \u00eatre lib\u00e9\u00adr\u00e9es. Mais voi\u00adl\u00e0&nbsp;! M.&nbsp;F\u00e9lix Faure est patron et voit d\u2019un mau\u00advais \u0153il l\u2019ouvrier qui le prend sur un pied d\u2019\u00e9\u00adga\u00adli\u00adt\u00e9 avec son employeur. C\u2019est le capi\u00adta\u00adliste qui a par\u00adl\u00e9 en lui, \u00e0 ce moment.<\/p>\n<p>S\u2019il est patron, notre Pr\u00e9\u00adsident est  patriote, aus\u00adsi. Il vient de com\u00admuer en tra\u00advaux for\u00adc\u00e9s la peine de mort pro\u00adnon\u00adc\u00e9e der\u00adni\u00e8\u00adre\u00adment contre le par\u00adri\u00adcide Cla\u00adbaud. Le motif de cette d\u00e9ci\u00adsion, c\u2019est que cette condam\u00adna\u00adtion capi\u00adtale est la pre\u00admi\u00e8re pro\u00adnon\u00adc\u00e9e dans le d\u00e9par\u00adte\u00adment d\u2019o\u00adri\u00adgine du Pr\u00e9\u00adsident depuis son arri\u00adv\u00e9e au pou\u00advoir. Si Cla\u00adbaud \u00e9tait n\u00e9 quelques kilo\u00adm\u00e8tres plus loin, il e\u00fbt \u00e9t\u00e9 guillo\u00adti\u00adn\u00e9. Voi\u00adl\u00e0 \u00e0 quoi tient la vie d\u2019un&nbsp;homme.<\/p>\n<p>[|<b>*   *   *   *<\/b>|]<\/p>\n<p>Nous avons re\u00e7u trop tard pour l\u2019in\u00ads\u00e9\u00adrer dans notre der\u00adnier num\u00e9\u00adro l\u2019a\u00advis du d\u00e9part pour la Guyane de Cour\u00adtois-Liard, condam\u00adn\u00e9 \u00e0 quatre ans de tra\u00advaux for\u00adc\u00e9s pour avoir pris comme pseu\u00addo\u00adnyme le nom d\u2019un cama\u00adrade d\u00e9c\u00e9\u00add\u00e9. Cour\u00adtois a d\u00fb par\u00adtir le 28 de ce&nbsp;mois.<\/p>\n<p>Andr\u00e9 Girard<\/p>\n<p>[|<b>*   *   *   *<\/b>|]<\/p>\n<p>Nous ne savons si nos lec\u00adteurs se sou\u00adviennent d\u2019un juge du nom de Raba\u00adroust qui fut condam\u00adn\u00e9, il y a quelques ann\u00e9es, pour atten\u00adtat \u00e0 la pudeur sur de petits gar\u00ad\u00e7ons, mais qui fut, ensuite, sur appel, acquit\u00adt\u00e9 de ce&nbsp;chef.<\/p>\n<p>\u00c9tait-il cou\u00adpable&nbsp;? \u00e9tait-il inno\u00adcent&nbsp;? Que nous importe, \u00e0 nous, qui pen\u00adsons que l\u2019on a tou\u00adjours le droit, d\u2019\u00e9\u00adcra\u00adser la b\u00eate veni\u00admeuse prise sur le fait, mais nions \u00e0 la soci\u00e9\u00adt\u00e9 le droit de r\u00e9com\u00adpense ou de ch\u00e2timent&nbsp;?<\/p>\n<p>Mais, s\u2019il fut acquit\u00adt\u00e9, M.&nbsp;Raba\u00adroust ne fut pas r\u00e9in\u00adt\u00e9\u00adgr\u00e9 dans ses fonc\u00adtions de juge, et il vient de faire ouvrir une cam\u00adpagne en sa faveur, pour qu\u2019on lui rende sa toge. Dans une p\u00e9ti\u00adtion qu\u2019ont don\u00adn\u00e9e beau\u00adcoup de jour\u00adnaux, il parle des \u00ab&nbsp;transes par les\u00adquelles il a pas\u00ads\u00e9&nbsp;\u00bb, des \u00ab&nbsp;souf\u00adfrances morales endu\u00adr\u00e9es sous le coup d\u2019un ch\u00e2\u00adti\u00adment imm\u00e9rit\u00e9&nbsp;\u00bb.<\/p>\n<p>S\u2019il fut inno\u00adcent de ce dont on l\u2019ac\u00adcu\u00adsait, nous com\u00adpre\u00adnons fort bien les angoisses subies par M.&nbsp;Raba\u00adroust, angoisses cruelles qui durent lui \u00eatre encore plus p\u00e9nibles, car il dut pen\u00adser cer\u00adtai\u00adne\u00adment \u00e0 ceux que, au long de sa car\u00adri\u00e8re, il avait, inno\u00adcents ou cou\u00adpables, contri\u00adbu\u00e9 \u00e0 envoyer au&nbsp;bagne.<\/p>\n<p>Le doute, le doute ter\u00adrible, lors\u00adqu\u2019il s\u2019a\u00adgit de la liber\u00adt\u00e9 et de la vie d\u2019\u00eatres humains, a dit s\u2019in\u00adfil\u00adtrer dans son cer\u00adveau, s\u2019il n\u2019\u00e9tait d\u00e9j\u00e0 atro\u00adphi\u00e9 par l\u2019exer\u00adcice d\u2019une pro\u00adfes\u00adsion si anti\u00adna\u00adtu\u00adrelle&nbsp;; la l\u00e9gi\u00adti\u00admi\u00adt\u00e9 de ce pou\u00advoir dis\u00adcr\u00e9\u00adtion\u00adnaire dont il avait \u00e9t\u00e9 inves\u00adti n\u2019a plus d\u00fb lui sem\u00adbler aus\u00adsi \u00e9vi\u00addente&nbsp;! Quels remords n\u2019ont pas d\u00fb l\u2019as\u00adsaillir, en pen\u00adsant aux souf\u00adfrances endu\u00adr\u00e9es de son&nbsp;fait&nbsp;?<\/p>\n<p>Et s\u2019il demande \u00e0 \u00eatre r\u00e9in\u00adt\u00e9\u00adgr\u00e9 dans ses fonc\u00adtions, nul doute que ce ne soit pour faire amende hono\u00adrable, au lieu m\u00eame o\u00f9 il requit contre ses vic\u00adtimes pour y deman\u00adder par\u00addon \u00ab&nbsp;coram popu\u00adlo&nbsp;\u00bb \u00e0 ceux que ses ver\u00addicts contri\u00adbu\u00e8rent \u00e0 envoyer au baigne, et y jeter, \u00e0 la face de ses col\u00adl\u00e8gues, cette toge qui ne pour\u00adrait plus lui \u00eatre, sur ses \u00e9paules, qu\u2019une robe de Nessus.<\/p>\n","protected":false},"excerpt":{"rendered":"<p>France Le magis\u00adtrat \u00e0 tout faire qui a ins\u00adtruit le pro\u00adc\u00e8s des Trente vient de tou\u00adcher la r\u00e9com\u00adpense de la r\u00e9pu\u00adgnante besogne que bien \u00e0 regret, n\u2019en dou\u00adtons pas, il accom\u00adplit l\u2019an der\u00adnier. Il est de ces tra\u00advaux mal\u00adpropres et nau\u00ads\u00e9a\u00adbonds qui exigent une juste com\u00adpen\u00adsa\u00adtion aux haut-le-c\u0153ur qu\u2019ils ont pro\u00advo\u00adqu\u00e9s chez qui y&nbsp;fut&nbsp;[\u2026]<\/p>\n","protected":false},"author":1,"featured_media":0,"comment_status":"closed","ping_status":"closed","sticky":false,"template":"","format":"standard","meta":{"wp_typography_post_enhancements_disabled":false,"footnotes":""},"categories":[283],"tags":[],"ppma_author":[540],"class_list":["post-2243","post","type-post","status-publish","format-standard","hentry","category-les-temps-nouveaux-n14-3-9-aout-1895"],"authors":[{"term_id":540,"user_id":1,"is_guest":0,"slug":"admin_3gikpwyf","display_name":"Vincent Dubuc","avatar_url":"https:\/\/secure.gravatar.com\/avatar\/d015720652c25fd2ced191ade86430094e1f288a17483713e3b34d26dea52507?s=96&d=mm&r=g","author_category":"","user_url":"https:\/\/la-presse-anarchiste.net","last_name":"Dubuc","first_name":"Vincent","job_title":"","description":""}],"_links":{"self":[{"href":"https:\/\/la-presse-anarchiste.net\/index.php\/wp-json\/wp\/v2\/posts\/2243","targetHints":{"allow":["GET"]}}],"collection":[{"href":"https:\/\/la-presse-anarchiste.net\/index.php\/wp-json\/wp\/v2\/posts"}],"about":[{"href":"https:\/\/la-presse-anarchiste.net\/index.php\/wp-json\/wp\/v2\/types\/post"}],"author":[{"embeddable":true,"href":"https:\/\/la-presse-anarchiste.net\/index.php\/wp-json\/wp\/v2\/users\/1"}],"replies":[{"embeddable":true,"href":"https:\/\/la-presse-anarchiste.net\/index.php\/wp-json\/wp\/v2\/comments?post=2243"}],"version-history":[{"count":0,"href":"https:\/\/la-presse-anarchiste.net\/index.php\/wp-json\/wp\/v2\/posts\/2243\/revisions"}],"wp:attachment":[{"href":"https:\/\/la-presse-anarchiste.net\/index.php\/wp-json\/wp\/v2\/media?parent=2243"}],"wp:term":[{"taxonomy":"category","embeddable":true,"href":"https:\/\/la-presse-anarchiste.net\/index.php\/wp-json\/wp\/v2\/categories?post=2243"},{"taxonomy":"post_tag","embeddable":true,"href":"https:\/\/la-presse-anarchiste.net\/index.php\/wp-json\/wp\/v2\/tags?post=2243"},{"taxonomy":"author","embeddable":true,"href":"https:\/\/la-presse-anarchiste.net\/index.php\/wp-json\/wp\/v2\/ppma_author?post=2243"}],"curies":[{"name":"wp","href":"https:\/\/api.w.org\/{rel}","templated":true}]}}