{"id":2245,"date":"2009-10-31T14:49:31","date_gmt":"2009-10-31T14:49:31","guid":{"rendered":"https:\/\/la-presse-anarchiste.net\/index.php\/2009\/10\/31\/le-congres-ouvrier-de-1896\/"},"modified":"2009-10-31T14:49:31","modified_gmt":"2009-10-31T14:49:31","slug":"le-congres-ouvrier-de-1896","status":"publish","type":"post","link":"https:\/\/la-presse-anarchiste.net\/index.php\/2009\/10\/31\/le-congres-ouvrier-de-1896\/","title":{"rendered":"le congr\u00e8s ouvrier de&nbsp;1896"},"content":{"rendered":"<div class=\"pdfprnt-buttons pdfprnt-buttons-post pdfprnt-top-right\"><a href=\"https:\/\/la-presse-anarchiste.net\/index.php\/wp-json\/wp\/v2\/posts\/2245?print=pdf\" class=\"pdfprnt-button pdfprnt-button-pdf\" target=\"_blank\"><img decoding=\"async\" src=\"https:\/\/la-presse-anarchiste.net\/wp-content\/plugins\/pdf-print\/images\/pdf.png\" alt=\"image_pdf\" title=\"Afficher le PDF\"><\/a><a href=\"https:\/\/la-presse-anarchiste.net\/index.php\/wp-json\/wp\/v2\/posts\/2245?print=print\" class=\"pdfprnt-button pdfprnt-button-print\" target=\"_blank\"><img decoding=\"async\" src=\"https:\/\/la-presse-anarchiste.net\/wp-content\/plugins\/pdf-print\/images\/print.png\" alt=\"image_print\" title=\"Contenu imprim\u00e9\"><\/a><\/div><p>Dimanche pas\u00ads\u00e9, les com\u00adpa\u00adgnons du groupe de la <i>Free\u00addom<\/i> de Londres, ren\u00adfor\u00adc\u00e9s de quelques amis, se sont r\u00e9unis pour dis\u00adcu\u00adter s\u2019il y avait lieu de prendre part au congr\u00e8s ouvrier qui va avoir lieu, en ao\u00fbt 1896, \u00e0 Londres. Le fait est qu\u2019en Angle\u00adterre, comme un peu par\u00adtout, il y a des com\u00adpa\u00adgnons anar\u00adchistes qui font par\u00adtie de grou\u00adpe\u00adments ouvriers, et qui peuvent \u00eatre envoy\u00e9s par leurs unions de m\u00e9tier afin de dis\u00adcu\u00adter tous les points du pro\u00adgramme du congr\u00e8s au point de vue anar\u00adchiste. Les grou\u00adpe\u00adments en ques\u00adtion ne peuvent pas assis\u00adter les bras croi\u00ads\u00e9s \u00e0 l\u2019es\u00adca\u00admo\u00adtage du mou\u00adve\u00adment ouvrier qui se fait en ce moment par les poli\u00adti\u00adciens&nbsp;; ils ne peuvent pas voir non plus, sans essayer de r\u00e9agir, les rap\u00adports \u00e9go\u00efstes qui s\u2019\u00e9\u00adta\u00adblissent tr\u00e8s sou\u00advent entre les ouvriers mieux r\u00e9tri\u00adbu\u00e9s et ceux qui le sont moins, ou ne le sont pas du tout, faute de tra\u00advail&nbsp;; et ils tiennent, \u00e0 s\u2019en\u00adtendre avec les anar\u00adchistes d\u2019autres pays sur ce qu\u2019il y aurait \u00e0 faire pour impr\u00e9\u00adgner les unions ouvri\u00e8res d\u2019i\u00add\u00e9es anar\u00adchistes et faire sor\u00adtir les retar\u00adda\u00adtaires de leurs vieilles orni\u00e8res.<\/p>\n<p>Les pro\u00adgr\u00e8s accom\u00adplis r\u00e9cem\u00adment dans cette voie dans cer\u00adtaines unions, et sur\u00adtout en Am\u00e9\u00adrique, o\u00f9 l\u2019im\u00adpul\u00adsion pour toutes les r\u00e9voltes ouvri\u00e8res vient de ceux qui sont en dehors de tous les m\u00e9tiers orga\u00adni\u00ads\u00e9s, et qui entrainent ceux-ci (ain\u00adsi que cela s\u2019est vu dans la der\u00adni\u00e8re gr\u00e8ve des che\u00admins de fer), sont tr\u00e8s encou\u00adra\u00adgeants. Cet esprit nou\u00adveau de r\u00e9volte qui souffle dans la classe ouvri\u00e8re fait un devoir \u00e0 ceux qui ne se croient, pas sup\u00e9\u00adrieurs aux \u00ab&nbsp;masses igno\u00adrantes&nbsp;\u00bb, parce qu\u2019ils sont anar\u00adchistes et les masses ne le sont, pas encore, de faire tout pour pro\u00adpa\u00adger l\u2019i\u00add\u00e9e anar\u00adchiste an sein des masses ouvri\u00e8res. Et puis, il faut aus\u00adsi se sen\u00adtir un peu coudes pour voir o\u00f9 l\u2019on en est avec la gr\u00e8ve g\u00e9n\u00e9\u00adrale, que les poli\u00adti\u00adciens tra\u00advaillent par tous les moyens \u00e0 esca\u00admo\u00adter d\u2019i\u00adci au pro\u00adchain congr\u00e8s.<\/p>\n<p>On sait que le congr\u00e8s est enti\u00e8\u00adre\u00adment mani\u00adpu\u00adl\u00e9 pr\u00e9\u00adci\u00ads\u00e9\u00adment par ces poli\u00adti\u00adciens. Les social-d\u00e9mo\u00adcrates alle\u00admands, qui dominent dans le comi\u00adt\u00e9 orga\u00adni\u00adsa\u00adteur, ont donc pris leurs pr\u00e9\u00adcau\u00adtions pour emp\u00ea\u00adcher que l\u2019on vienne les g\u00eaner dans leurs petites dis\u00adcus\u00adsions de mes\u00adqui\u00adne\u00adries par\u00adle\u00admen\u00adtaires, et le d\u00e9cret lan\u00adc\u00e9 par ces mes\u00adsieurs annonce que seront exclus du congr\u00e8s tous ceux qui n\u2019ad\u00admettent pas la poli\u00adtique par\u00adle\u00admen\u00adtaire. Il s\u2019a\u00adgis\u00adsait donc de savoir ce que l\u2019on veut&nbsp;faire.<\/p>\n<p>L\u2019o\u00adpi\u00adnion una\u00adnime des com\u00adpa\u00adgnons r\u00e9unis a \u00e9t\u00e9 qu\u2019il faut aller au congr\u00e8s, et y aller en masse. Mais, avant de faire quelque chose, tous les groupes anar\u00adchistes de Londres seront convo\u00adqu\u00e9s pour dis\u00adcu\u00adter la question.<\/p>\n<p>Si le congr\u00e8s s\u2019an\u00adnon\u00ad\u00e7ait comme un congr\u00e8s de la d\u00e9mo\u00adcra\u00adtie sociale, les anar\u00adchistes n\u2019i\u00adraient \u00e9vi\u00addem\u00adment pas. Pour\u00adquoi irions-nous d\u00e9ran\u00adger les social-d\u00e9mo\u00adcrates quand ils dis\u00adcutent leurs petites affaires, ou s\u2019af\u00adfer\u00admissent mutuel\u00adle\u00adment dans la croyance que Marx a d\u00e9cou\u00advert tout le socia\u00adlisme, toute la phi\u00adlo\u00adso\u00adphie de l\u2019his\u00adtoire, et le&nbsp;reste&nbsp;?<\/p>\n<p>Mais le congr\u00e8s est annon\u00adc\u00e9 comme un <i>congr\u00e8s ouvrier uni\u00adver\u00adsel<\/i>, et alors, \u2013 ou bien les unions de m\u00e9tier, seules, y sont admises, et aucun groupe poli\u00adtique socia\u00adliste, ou r\u00e9vo\u00adlu\u00adtion\u00adnaire, n\u2019y aura acc\u00e8s, \u00e0 moins d\u2019\u00eatre une union de m\u00e9tier ou de Sans-tra\u00advail, \u2013 ou bien, tous les groupes socia\u00adlistes et r\u00e9vo\u00adlu\u00adtion\u00adnaires qui tiennent \u00e0 y venir doivent \u00eatre re\u00e7us. En effet, il n\u2019y a aucune rai\u00adson pour dire que les grou\u00adpe\u00adments ouvriers, <i>plus<\/i> les social-d\u00e9mo\u00adcrates seront admis&nbsp;; mais qu\u2019on ne veut pas de congr\u00e8s com\u00adpo\u00ads\u00e9 des unions ouvri\u00e8res, <i>plus<\/i> les social-d\u00e9mo\u00adcrates et <i>plus<\/i> les anar\u00adchistes et toutes les \u00e9coles socia\u00adlistes. C\u2019est pr\u00e9\u00adju\u00adg\u00e9 d\u2019a\u00advance que les grou\u00adpe\u00adments ouvriers doivent \u00eatre social-d\u00e9mo\u00adcrates et tra\u00advailler pour les politiciens.<\/p>\n<p>Or, c\u2019est pr\u00e9\u00adci\u00ads\u00e9\u00adment ce que ces mes\u00adsieurs ont fait. Si vous \u00eates un anar\u00adchiste, envoy\u00e9 par une union de m\u00e9tier annon\u00adc\u00e9e au comi\u00adt\u00e9 de Londres huit mois \u00e0 l\u2019a\u00advance, vous \u00eates admis&nbsp;; si vous \u00eates un social-d\u00e9mo\u00adcrate qui n\u2019ap\u00adpar\u00adtient \u00e0 aucune union ouvri\u00e8re, mais appar\u00adtient sim\u00adple\u00adment au par\u00adti d\u00e9mo\u00adcrate socia\u00adliste, vous \u00eates encore re\u00e7u&nbsp;: vos <i>opi\u00adnions<\/i> social-d\u00e9mo\u00adcrates vous ouvrent les portes. Mais si vous \u00eates un anar\u00adchiste n\u2019ap\u00adpar\u00adte\u00adnant pas non plus \u00e0 une union ouvri\u00e8re, mais se pr\u00e9\u00adsen\u00adtant, de la part d\u2019un groupe anar\u00adchiste, alors on ne vous re\u00e7oit pas&nbsp;: vos <i>opi\u00adnions<\/i> anar\u00adchistes <i>vous ferment les portes<\/i>.<\/p>\n<p>Si tous les par\u00adtis ouvriers et grou\u00adpe\u00adments ouvriers accep\u00adtaient cette r\u00e9so\u00adlu\u00adtion, il n\u2019y aurait. qu\u2019\u00e0 s\u2019in\u00adcli\u00adner devant la b\u00eatise humaine. Mais c\u2019est pr\u00e9\u00adci\u00ads\u00e9\u00adment ce qui n\u2019est pas. Le par\u00adti ouvrier hol\u00adlan\u00addais, par exemple, n\u2019en veut nul\u00adle\u00adment. Il dit, comme nous&nbsp;: ou bien un congr\u00e8s ouvrier exclu\u00adsi\u00adve\u00adment ou bien un congr\u00e8s du par\u00adti social-d\u00e9mo\u00adcrate&nbsp;; ou bien enfin un congr\u00e8s ouvrier qui ouvre ses portes aus\u00adsi bien aux anar\u00adchistes qu\u2019aux social-d\u00e9mo\u00adcrates. Mais ne faites pas croire aux tra\u00advailleurs que la majo\u00adri\u00adt\u00e9 des tra\u00advailleurs est enr\u00f4\u00adl\u00e9e \u00e0 la tac\u00adtique par\u00adle\u00admen\u00adtaire des d\u00e9mo\u00adcrates soi-disant socia\u00adlistes. Le par\u00adti am\u00e9\u00adri\u00adcain n\u2019en veut plus, par exemple, et il vient de d\u00e9ci\u00adder qu\u2019il ne pren\u00addra d\u00e9sor\u00admais aucune part \u00e0 la poli\u00adti\u00adcaille\u00adrie. Les Espa\u00adgnols pro\u00adba\u00adble\u00adment ne vou\u00addront pas non plus de l\u2019ex\u00adclu\u00adsi\u00advisme mar\u00adxiste&nbsp;; et les Ita\u00adliens de m\u00eame sorte. En sorte que, leurs vota\u00adtions ayant lieu par natio\u00adna\u00adli\u00adt\u00e9s, Liebk\u00adnecht aura de nou\u00adveau \u00e0 para\u00adder comme repr\u00e9\u00adsen\u00adtant du par\u00adti ouvrier du Br\u00e9\u00adsil, ou peut-\u00eatre m\u00eame des \u00eeles Sandwich.<\/p>\n<p>Il va donc \u00eatre pro\u00adpo\u00ads\u00e9 \u00e0 la r\u00e9union des anar\u00adchistes de Londres de lan\u00adcer deux mani\u00adfestes&nbsp;: l\u2019un adres\u00ads\u00e9 \u00e0 tous les anar\u00adchistes euro\u00adp\u00e9ens, am\u00e9\u00adri\u00adcains et aus\u00adtra\u00adliens, pour leur pro\u00adpo\u00adser de dis\u00adcu\u00adter la ques\u00adtion du congr\u00e8s, et l\u2019autre adres\u00ads\u00e9 aux trade-unions anglaises pour leur ouvrir les yeux et d\u00e9jouer le plan des orga\u00adni\u00adsa\u00adteurs de la com\u00e9\u00addie que l\u2019ont veut jouer sur le dos des ouvriers.<\/p>\n<p>En m\u00eame temps, les jour\u00adnaux anar\u00adchistes sont pri\u00e9s d\u2019ou\u00advrir leurs colonnes \u00e0 cette discussion.<\/p>\n<p>P. K.<\/p>\n","protected":false},"excerpt":{"rendered":"<p>Dimanche pas\u00ads\u00e9, les com\u00adpa\u00adgnons du groupe de la Free\u00addom de Londres, ren\u00adfor\u00adc\u00e9s de quelques amis, se sont r\u00e9unis pour dis\u00adcu\u00adter s\u2019il y avait lieu de prendre part au congr\u00e8s ouvrier qui va avoir lieu, en ao\u00fbt 1896, \u00e0 Londres. Le fait est qu\u2019en Angle\u00adterre, comme un peu par\u00adtout, il y a des com\u00adpa\u00adgnons anar\u00adchistes qui&nbsp;[\u2026]<\/p>\n","protected":false},"author":1,"featured_media":0,"comment_status":"closed","ping_status":"closed","sticky":false,"template":"","format":"standard","meta":{"wp_typography_post_enhancements_disabled":false,"footnotes":""},"categories":[283],"tags":[],"ppma_author":[540],"class_list":["post-2245","post","type-post","status-publish","format-standard","hentry","category-les-temps-nouveaux-n14-3-9-aout-1895"],"authors":[{"term_id":540,"user_id":1,"is_guest":0,"slug":"admin_3gikpwyf","display_name":"Vincent Dubuc","avatar_url":"https:\/\/secure.gravatar.com\/avatar\/d015720652c25fd2ced191ade86430094e1f288a17483713e3b34d26dea52507?s=96&d=mm&r=g","author_category":"","user_url":"https:\/\/la-presse-anarchiste.net","last_name":"Dubuc","first_name":"Vincent","job_title":"","description":""}],"_links":{"self":[{"href":"https:\/\/la-presse-anarchiste.net\/index.php\/wp-json\/wp\/v2\/posts\/2245","targetHints":{"allow":["GET"]}}],"collection":[{"href":"https:\/\/la-presse-anarchiste.net\/index.php\/wp-json\/wp\/v2\/posts"}],"about":[{"href":"https:\/\/la-presse-anarchiste.net\/index.php\/wp-json\/wp\/v2\/types\/post"}],"author":[{"embeddable":true,"href":"https:\/\/la-presse-anarchiste.net\/index.php\/wp-json\/wp\/v2\/users\/1"}],"replies":[{"embeddable":true,"href":"https:\/\/la-presse-anarchiste.net\/index.php\/wp-json\/wp\/v2\/comments?post=2245"}],"version-history":[{"count":0,"href":"https:\/\/la-presse-anarchiste.net\/index.php\/wp-json\/wp\/v2\/posts\/2245\/revisions"}],"wp:attachment":[{"href":"https:\/\/la-presse-anarchiste.net\/index.php\/wp-json\/wp\/v2\/media?parent=2245"}],"wp:term":[{"taxonomy":"category","embeddable":true,"href":"https:\/\/la-presse-anarchiste.net\/index.php\/wp-json\/wp\/v2\/categories?post=2245"},{"taxonomy":"post_tag","embeddable":true,"href":"https:\/\/la-presse-anarchiste.net\/index.php\/wp-json\/wp\/v2\/tags?post=2245"},{"taxonomy":"author","embeddable":true,"href":"https:\/\/la-presse-anarchiste.net\/index.php\/wp-json\/wp\/v2\/ppma_author?post=2245"}],"curies":[{"name":"wp","href":"https:\/\/api.w.org\/{rel}","templated":true}]}}