{"id":2246,"date":"2009-11-01T21:20:02","date_gmt":"2009-11-01T21:20:02","guid":{"rendered":"https:\/\/la-presse-anarchiste.net\/index.php\/2009\/11\/01\/au-travail-2\/"},"modified":"2009-11-01T21:20:02","modified_gmt":"2009-11-01T21:20:02","slug":"au-travail-2","status":"publish","type":"post","link":"https:\/\/la-presse-anarchiste.net\/index.php\/2009\/11\/01\/au-travail-2\/","title":{"rendered":"Au travail"},"content":{"rendered":"<div class=\"pdfprnt-buttons pdfprnt-buttons-post pdfprnt-top-right\"><a href=\"https:\/\/la-presse-anarchiste.net\/index.php\/wp-json\/wp\/v2\/posts\/2246?print=pdf\" class=\"pdfprnt-button pdfprnt-button-pdf\" target=\"_blank\"><img decoding=\"async\" src=\"https:\/\/la-presse-anarchiste.net\/wp-content\/plugins\/pdf-print\/images\/pdf.png\" alt=\"image_pdf\" title=\"Afficher le PDF\"><\/a><a href=\"https:\/\/la-presse-anarchiste.net\/index.php\/wp-json\/wp\/v2\/posts\/2246?print=print\" class=\"pdfprnt-button pdfprnt-button-print\" target=\"_blank\"><img decoding=\"async\" src=\"https:\/\/la-presse-anarchiste.net\/wp-content\/plugins\/pdf-print\/images\/print.png\" alt=\"image_print\" title=\"Contenu imprim\u00e9\"><\/a><\/div><p>Apr\u00e8s cinq ans de silence for\u00adc\u00e9, les <i>Temps nou\u00adveaux<\/i> ont repris leur place dans la lutte pour l\u2019\u00e9mancipation humaine.<\/p>\n<p>Peut-\u00eatre, \u00e0 mon avis, l\u2019ont-ils reprise trop t\u00f4t, et avant d\u2019\u00eatre com\u00adpl\u00e8\u00adte\u00adment \u00e9quip\u00e9s.<\/p>\n<p>Nous aurions d\u00fb orga\u00adni\u00adser notre cor\u00adres\u00adpon\u00addance de fa\u00e7on \u00e0 avoir un mou\u00adve\u00adment social mon\u00addial int\u00e9\u00adres\u00adsant. Nous aurions d\u00fb orga\u00adni\u00adser la vente au num\u00e9\u00adro, de fa\u00e7on \u00e0 ne pas \u00eatre for\u00adc\u00e9s de mettre un prix d\u2019exemplaire et d\u2019a\u00adbon\u00adne\u00adment qui peut \u00eatre une entrave \u00e0 notre d\u00e9veloppement.<\/p>\n<p>J\u2019au\u00adrais pr\u00e9\u00adf\u00e9\u00adr\u00e9 que tout un tra\u00advail d\u2019or\u00adga\u00adni\u00adsa\u00adtion e\u00fbt \u00e9t\u00e9 com\u00admen\u00adc\u00e9 avant de ris\u00adquer l\u2019ap\u00adpa\u00adri\u00adtion. Mon avis n\u2019a pas pr\u00e9\u00adva\u00adlu. Il nous reste donc \u00e0 faire apr\u00e8s, ce qui n\u2019a pas \u00e9t\u00e9 fait&nbsp;avant.<\/p>\n<p>Com\u00admen\u00ad\u00e7ons par orga\u00adni\u00adser la vente au num\u00e9\u00adro&nbsp;: par les libraires, elle est trop on\u00e9\u00adreuse, mais les cama\u00adrades peuvent suffire.<\/p>\n<p>\u00c0 tous ceux qui pensent comme nous, \u00e0 tous ceux qui pensent que la revue peut faire de bonne besogne, nous deman\u00addons d\u2019organiser dans leur loca\u00adli\u00adt\u00e9 un petit grou\u00adpe\u00adment de cama\u00adrades pen\u00adsant comme eux, ne seraient-ils que trois ou quatre pour commencer.<\/p>\n<p>Ces cama\u00adrades nous pren\u00addraient le nombre d\u2019exemplaires dont ils juge\u00adraient pou\u00advoir se charger.<\/p>\n<p>Ces exem\u00adplaires, ils les dis\u00adtri\u00adbue\u00adraient gra\u00adtis, ou les ven\u00addraient au prix fort, ou \u00e0 prix r\u00e9duit, comme ils juge\u00adraient bon. Mais ces exem\u00adplaires seraient pay\u00e9s \u00e0 l\u2019Administration au prix fort, sauf une remise de 30% (que les num\u00e9\u00adros soient ven\u00addus ou dis\u00adtri\u00adbu\u00e9s). Comme Pier\u00adrot l\u2019ex\u00adpli\u00adque\u00adra dans un pro\u00adchain num\u00e9\u00adro au sujet des sous\u00adcrip\u00adtions, l\u2019en\u00advoi gra\u00adtuit de num\u00e9\u00adros est assez effi\u00adcace, mais on\u00e9\u00adreux&nbsp;; nous ne pou\u00advons le pra\u00adti\u00adquer que sur une petite \u00e9chelle.<\/p>\n<p>Il y a encore d\u2019autres moyens&nbsp;: les indi\u00advi\u00addus peuvent faire ce que nous avons dit au sujet des groupes, c\u2019est-\u00e0-dire prendre plu\u00adsieurs num\u00e9\u00adros \u00e0 leur compte. Et tous ces moyens, employ\u00e9s ensembles, l\u2019un aidant l\u2019autre, peuvent don\u00adner des r\u00e9sul\u00adtats appr\u00e9\u00adciables, si cha\u00adcun dans son coin, veut s\u2019y employer dans la mesure de ses forces.<\/p>\n<p>D\u2019autant plus que, ayant pris l\u2019ha\u00adbi\u00adtude de se r\u00e9unir les cama\u00adrades peuvent, dans la vie cou\u00adrante, trou\u00adver \u00e0 employer leur activit\u00e9.<\/p>\n<p>Nos gou\u00adver\u00adnants, loin de prendre des mesures en vue d\u2019emp\u00eacher les sp\u00e9\u00adcu\u00adla\u00adteurs d\u2019a\u00admas\u00adser de scan\u00adda\u00adleuses for\u00adtunes en affa\u00admant la popu\u00adla\u00adtion, les favo\u00adrisent, au contraire, par une poli\u00adtique insen\u00ads\u00e9e de pro\u00adtec\u00adtion \u00e0 outrance. Mais le public, assez mou\u00adton\u00adnier jus\u00adqu\u2019i\u00adci, com\u00admence \u00e0 mon\u00adtrer les dents, et semble vou\u00adloir se pro\u00adt\u00e9\u00adger lui-m\u00eame. Voi\u00adl\u00e0 d\u00e9j\u00e0 une occa\u00adsion pour les anar\u00adchistes de se m\u00ealer \u00e0 ces mouvements.<\/p>\n<p>S\u2019y m\u00ealer indi\u00advi\u00adduel\u00adle\u00adment, c\u2019est bien&nbsp;; mais s\u2019entendre entre soi, aupa\u00adra\u00advant, c\u2019est encore mieux&nbsp;; de l\u00e0, l\u2019u\u00adti\u00adli\u00adt\u00e9 des petits grou\u00adpe\u00adments de cama\u00adrades. On est beau\u00adcoup plus fort lors\u00adqu\u2019on agit de concert.<\/p>\n<p>Pour\u00adquoi la r\u00e9vo\u00adlu\u00adtion russe, la r\u00e9vo\u00adlu\u00adtion alle\u00admande, la r\u00e9vo\u00adlu\u00adtion hon\u00adgroise ont-elles \u00e9chou\u00e9, \u200a\u2014\u200aquant \u00e0 ce que devait \u00eatre leur but, tout au moins\u200a\u2014\u200ac\u2019est que les r\u00e9vo\u00adlu\u00adtion\u00adnaires n\u2019\u00e9\u00adtaient pas grou\u00adp\u00e9s, man\u00adquaient de coh\u00e9\u00adsion. Des groupes \u00ab&nbsp;orga\u00adni\u00ads\u00e9s&nbsp;\u00bb de citoyens auraient d\u00fb se sub\u00adsti\u00adtuer \u00e0 la machi\u00adne\u00adrie poli\u00adtique et \u00e9co\u00adno\u00admique bour\u00adgeoise&nbsp;; tan\u00addis que, comme dans les r\u00e9vo\u00adlu\u00adtions poli\u00adtiques, ce sont des indi\u00advi\u00addus qui se sont empa\u00adr\u00e9s du pou\u00advoir&nbsp;! Vici\u00e9es d\u00e8s le d\u00e9but, ces r\u00e9vo\u00adlu\u00adtions devaient avorter.<\/p>\n<p>Si nous ne vou\u00adlons pas, encore une fois, d\u00e9mon\u00adtrer notre impuis\u00adsance lorsque se pr\u00e9\u00adsen\u00adte\u00adront les occa\u00adsions d\u2019a\u00adgir, se grou\u00adper doit \u00eatre notre pre\u00admi\u00e8re besogne. Se grou\u00adper, non pas pour dis\u00adcu\u00adter \u00e0 perte de vu mais pour faire de la besogne, chaque fois qu\u2019elle se pr\u00e9\u00adsente, pour la sus\u00adci\u00adter au besoin.<\/p>\n<p>Pour me r\u00e9su\u00admer, en atten\u00addant de r\u00e9a\u00adli\u00adser un pro\u00adgramme assez ambi\u00adtieux, \u00e9tant don\u00adn\u00e9e la situa\u00adtion que les cama\u00adrades, pour com\u00admen\u00adcer, se mettent en rela\u00adtion avec nous, qu\u2019ils nous fassent savoir ce qu\u2019ils peuvent faire pour la revue. Nous ver\u00adrons, par la suite, com\u00adment \u00e9lar\u00adgir notre action.<\/p>\n<p>[\/\u200bJ.&nbsp;Grave\/]<\/p>\n","protected":false},"excerpt":{"rendered":"<p>Apr\u00e8s cinq ans de silence for\u00adc\u00e9, les Temps nou\u00adveaux ont repris leur place dans la lutte pour l\u2019\u00e9mancipation humaine. Peut-\u00eatre, \u00e0 mon avis, l\u2019ont-ils reprise trop t\u00f4t, et avant d\u2019\u00eatre com\u00adpl\u00e8\u00adte\u00adment \u00e9qui\u00adp\u00e9s. Nous aurions d\u00fb orga\u00adni\u00adser notre cor\u00adres\u00adpon\u00addance de fa\u00e7on \u00e0 avoir un mou\u00adve\u00adment social mon\u00addial int\u00e9\u00adres\u00adsant. Nous aurions d\u00fb orga\u00adni\u00adser la vente au num\u00e9ro,&nbsp;[\u2026]<\/p>\n","protected":false},"author":1,"featured_media":0,"comment_status":"closed","ping_status":"closed","sticky":false,"template":"","format":"standard","meta":{"wp_typography_post_enhancements_disabled":false,"footnotes":""},"categories":[284],"tags":[],"ppma_author":[540],"class_list":["post-2246","post","type-post","status-publish","format-standard","hentry","category-les-temps-nouveaux-na3-15-septembre-1919"],"authors":[{"term_id":540,"user_id":1,"is_guest":0,"slug":"admin_3gikpwyf","display_name":"Vincent Dubuc","avatar_url":"https:\/\/secure.gravatar.com\/avatar\/d015720652c25fd2ced191ade86430094e1f288a17483713e3b34d26dea52507?s=96&d=mm&r=g","author_category":"","user_url":"https:\/\/la-presse-anarchiste.net","last_name":"Dubuc","first_name":"Vincent","job_title":"","description":""}],"_links":{"self":[{"href":"https:\/\/la-presse-anarchiste.net\/index.php\/wp-json\/wp\/v2\/posts\/2246","targetHints":{"allow":["GET"]}}],"collection":[{"href":"https:\/\/la-presse-anarchiste.net\/index.php\/wp-json\/wp\/v2\/posts"}],"about":[{"href":"https:\/\/la-presse-anarchiste.net\/index.php\/wp-json\/wp\/v2\/types\/post"}],"author":[{"embeddable":true,"href":"https:\/\/la-presse-anarchiste.net\/index.php\/wp-json\/wp\/v2\/users\/1"}],"replies":[{"embeddable":true,"href":"https:\/\/la-presse-anarchiste.net\/index.php\/wp-json\/wp\/v2\/comments?post=2246"}],"version-history":[{"count":0,"href":"https:\/\/la-presse-anarchiste.net\/index.php\/wp-json\/wp\/v2\/posts\/2246\/revisions"}],"wp:attachment":[{"href":"https:\/\/la-presse-anarchiste.net\/index.php\/wp-json\/wp\/v2\/media?parent=2246"}],"wp:term":[{"taxonomy":"category","embeddable":true,"href":"https:\/\/la-presse-anarchiste.net\/index.php\/wp-json\/wp\/v2\/categories?post=2246"},{"taxonomy":"post_tag","embeddable":true,"href":"https:\/\/la-presse-anarchiste.net\/index.php\/wp-json\/wp\/v2\/tags?post=2246"},{"taxonomy":"author","embeddable":true,"href":"https:\/\/la-presse-anarchiste.net\/index.php\/wp-json\/wp\/v2\/ppma_author?post=2246"}],"curies":[{"name":"wp","href":"https:\/\/api.w.org\/{rel}","templated":true}]}}