{"id":2247,"date":"2009-11-01T21:22:41","date_gmt":"2009-11-01T21:22:41","guid":{"rendered":"https:\/\/la-presse-anarchiste.net\/index.php\/2009\/11\/01\/a-travers-le-monde-10\/"},"modified":"2009-11-01T21:22:41","modified_gmt":"2009-11-01T21:22:41","slug":"a-travers-le-monde-10","status":"publish","type":"post","link":"https:\/\/la-presse-anarchiste.net\/index.php\/2009\/11\/01\/a-travers-le-monde-10\/","title":{"rendered":"\u00c0 travers le&nbsp;monde"},"content":{"rendered":"<div class=\"pdfprnt-buttons pdfprnt-buttons-post pdfprnt-top-right\"><a href=\"https:\/\/la-presse-anarchiste.net\/index.php\/wp-json\/wp\/v2\/posts\/2247?print=pdf\" class=\"pdfprnt-button pdfprnt-button-pdf\" target=\"_blank\"><img decoding=\"async\" src=\"https:\/\/la-presse-anarchiste.net\/wp-content\/plugins\/pdf-print\/images\/pdf.png\" alt=\"image_pdf\" title=\"Afficher le PDF\"><\/a><a href=\"https:\/\/la-presse-anarchiste.net\/index.php\/wp-json\/wp\/v2\/posts\/2247?print=print\" class=\"pdfprnt-button pdfprnt-button-print\" target=\"_blank\"><img decoding=\"async\" src=\"https:\/\/la-presse-anarchiste.net\/wp-content\/plugins\/pdf-print\/images\/print.png\" alt=\"image_print\" title=\"Contenu imprim\u00e9\"><\/a><\/div><p>Ce pays est en \u00e9tat conti\u00adnuel d\u2019ef\u00adfer\u00adves\u00adcence&nbsp;: roya\u00adlistes et r\u00e9pu\u00adbli\u00adcains sont en r\u00e9volte ouverte contre le Gou\u00adver\u00adne\u00adment actuel. Les pre\u00admiers veulent le retour \u00e0 l\u2019an\u00adcien r\u00e9gime et aux tra\u00addi\u00adtions monar\u00adchiques, r\u00e9gime d\u2019i\u00adgno\u00adrance et d\u2019obscurantisme sous l\u2019\u00e9\u00adgide du cler\u00adg\u00e9, si r\u00e9frac\u00adtaire \u00e0 toute id\u00e9e de pro\u00adgr\u00e8s que nos pr\u00eatres fran\u00ad\u00e7ais seraient, l\u00e0-bas, consi\u00add\u00e9\u00adr\u00e9s comme des anar\u00adchistes. Ces gens-l\u00e0 ne nous int\u00e9\u00adressent que pour les com\u00adbattre \u00e0 outrance. Quant aux autres, ceux qui veulent aller de l\u2019a\u00advant, m\u00eame d\u2019un pas si timide soit-il, nous croyons devoir les encou\u00adra\u00adger. C\u2019est pour\u00adquoi nous sommes de tout c\u0153ur avec ces d\u00e9mo\u00adcrates qui osent lever la t\u00eate et crier \u00e0 la face du monde que le r\u00e9gime soi-disant r\u00e9pu\u00adbli\u00adcain \u00e9ta\u00adbli par Sido\u00adnio Paes n\u2019est qu\u2019une paro\u00addie odieuse de la R\u00e9pu\u00adblique. Sido\u00adnio Paes, nous devons le rap\u00adpe\u00adler ici, a pay\u00e9 son crime envers la d\u00e9mo\u00adcra\u00adtie et le peuple&nbsp;; un r\u00e9pu\u00adbli\u00adcain, nou\u00adveau Bru\u00adtus, l\u2019a envoy\u00e9 <i>ad patres<\/i>, il y a quelques mois.<\/p>\n<p>Dans les grandes cit\u00e9s por\u00adtu\u00adgaises, notam\u00adment a Lis\u00adbonne et \u00e0 Por\u00adto, des mani\u00adfes\u00adta\u00adtions ont eu lien pour deman\u00adder l\u2019ap\u00adpli\u00adca\u00adtion int\u00e9\u00adgrale de la loi de la s\u00e9pa\u00adra\u00adtion de l\u2019\u00c9\u00adglise et de l\u2019\u00c9\u00adtat, telle qu\u2019elle exis\u00adtait avant l\u2019a\u00adv\u00e8\u00adne\u00adment du dic\u00adta\u00adteur et des\u00adpote, Sido\u00adnio Paes. \u00c0 ces mani\u00adfes\u00adta\u00adtions ont pris part de nom\u00adbreux sol\u00addats et marins, qui ont par\u00adcou\u00adru les rues en chan\u00adtant l\u2019<i>Inter\u00adna\u00adtio\u00adnale<\/i>. <\/p>\n<p>Enfin, mal\u00adgr\u00e9 le des\u00adpo\u00adtisme qui se couvre du masque de r\u00e9pu\u00adbli\u00adcain et l\u2019a\u00adgi\u00adta\u00adtion r\u00e9tro\u00adgrade des monar\u00adchistes, les id\u00e9es marchent au Por\u00adtu\u00adgal, peut-\u00eatre pas aus\u00adsi vite que nous le vou\u00addrions&nbsp;; n\u00e9an\u00admoins, il y a mani\u00adfes\u00adta\u00adtion \u00e9vi\u00addente de pro\u00adgr\u00e8s. Les libres-pen\u00adseurs et les syn\u00addi\u00adca\u00adlistes y m\u00e8nent le bon com\u00adbat, et avec aux, appar\u00adte\u00adnant \u00e0 l\u2019une ou \u00e0 l\u2019autre de ces deux orga\u00adni\u00adsa\u00adtions, les socia\u00adlistes et les anar\u00adchistes s\u2019ef\u00adforcent de diri\u00adger vers le vrai but, toutes les mani\u00adfes\u00adta\u00adtions popu\u00adlaires. Aus\u00adsi, nous croyons augu\u00adrer pour ce pays, dans un ave\u00adnir proche, un chan\u00adge\u00adment de r\u00e9gime qui mar\u00adque\u00adra un grand pas en avant dans l\u2019his\u00adtoire de la R\u00e9pu\u00adblique portugaise.<\/p>\n","protected":false},"excerpt":{"rendered":"<p>Ce pays est en \u00e9tat conti\u00adnuel d\u2019ef\u00adfer\u00adves\u00adcence&nbsp;: roya\u00adlistes et r\u00e9pu\u00adbli\u00adcains sont en r\u00e9volte ouverte contre le Gou\u00adver\u00adne\u00adment actuel. Les pre\u00admiers veulent le retour \u00e0 l\u2019an\u00adcien r\u00e9gime et aux tra\u00addi\u00adtions monar\u00adchiques, r\u00e9gime d\u2019i\u00adgno\u00adrance et d\u2019obscurantisme sous l\u2019\u00e9\u00adgide du cler\u00adg\u00e9, si r\u00e9frac\u00adtaire \u00e0 toute id\u00e9e de pro\u00adgr\u00e8s que nos pr\u00eatres fran\u00ad\u00e7ais seraient, l\u00e0-bas, consi\u00add\u00e9\u00adr\u00e9s comme des anarchistes.&nbsp;[\u2026]<\/p>\n","protected":false},"author":1,"featured_media":0,"comment_status":"closed","ping_status":"closed","sticky":false,"template":"","format":"standard","meta":{"wp_typography_post_enhancements_disabled":false,"footnotes":""},"categories":[284],"tags":[],"ppma_author":[540],"class_list":["post-2247","post","type-post","status-publish","format-standard","hentry","category-les-temps-nouveaux-na3-15-septembre-1919"],"authors":[{"term_id":540,"user_id":1,"is_guest":0,"slug":"admin_3gikpwyf","display_name":"Vincent Dubuc","avatar_url":"https:\/\/secure.gravatar.com\/avatar\/d015720652c25fd2ced191ade86430094e1f288a17483713e3b34d26dea52507?s=96&d=mm&r=g","author_category":"","user_url":"https:\/\/la-presse-anarchiste.net","last_name":"Dubuc","first_name":"Vincent","job_title":"","description":""}],"_links":{"self":[{"href":"https:\/\/la-presse-anarchiste.net\/index.php\/wp-json\/wp\/v2\/posts\/2247","targetHints":{"allow":["GET"]}}],"collection":[{"href":"https:\/\/la-presse-anarchiste.net\/index.php\/wp-json\/wp\/v2\/posts"}],"about":[{"href":"https:\/\/la-presse-anarchiste.net\/index.php\/wp-json\/wp\/v2\/types\/post"}],"author":[{"embeddable":true,"href":"https:\/\/la-presse-anarchiste.net\/index.php\/wp-json\/wp\/v2\/users\/1"}],"replies":[{"embeddable":true,"href":"https:\/\/la-presse-anarchiste.net\/index.php\/wp-json\/wp\/v2\/comments?post=2247"}],"version-history":[{"count":0,"href":"https:\/\/la-presse-anarchiste.net\/index.php\/wp-json\/wp\/v2\/posts\/2247\/revisions"}],"wp:attachment":[{"href":"https:\/\/la-presse-anarchiste.net\/index.php\/wp-json\/wp\/v2\/media?parent=2247"}],"wp:term":[{"taxonomy":"category","embeddable":true,"href":"https:\/\/la-presse-anarchiste.net\/index.php\/wp-json\/wp\/v2\/categories?post=2247"},{"taxonomy":"post_tag","embeddable":true,"href":"https:\/\/la-presse-anarchiste.net\/index.php\/wp-json\/wp\/v2\/tags?post=2247"},{"taxonomy":"author","embeddable":true,"href":"https:\/\/la-presse-anarchiste.net\/index.php\/wp-json\/wp\/v2\/ppma_author?post=2247"}],"curies":[{"name":"wp","href":"https:\/\/api.w.org\/{rel}","templated":true}]}}