{"id":2249,"date":"2009-11-01T21:34:13","date_gmt":"2009-11-01T21:34:13","guid":{"rendered":"https:\/\/la-presse-anarchiste.net\/index.php\/2009\/11\/01\/le-coin-des-lecteurs-3\/"},"modified":"2009-11-01T21:34:13","modified_gmt":"2009-11-01T21:34:13","slug":"le-coin-des-lecteurs-3","status":"publish","type":"post","link":"https:\/\/la-presse-anarchiste.net\/index.php\/2009\/11\/01\/le-coin-des-lecteurs-3\/","title":{"rendered":"Le coin des lecteurs"},"content":{"rendered":"<div class=\"pdfprnt-buttons pdfprnt-buttons-post pdfprnt-top-right\"><a href=\"https:\/\/la-presse-anarchiste.net\/index.php\/wp-json\/wp\/v2\/posts\/2249?print=pdf\" class=\"pdfprnt-button pdfprnt-button-pdf\" target=\"_blank\"><img decoding=\"async\" src=\"https:\/\/la-presse-anarchiste.net\/wp-content\/plugins\/pdf-print\/images\/pdf.png\" alt=\"image_pdf\" title=\"Afficher le PDF\"><\/a><a href=\"https:\/\/la-presse-anarchiste.net\/index.php\/wp-json\/wp\/v2\/posts\/2249?print=print\" class=\"pdfprnt-button pdfprnt-button-print\" target=\"_blank\"><img decoding=\"async\" src=\"https:\/\/la-presse-anarchiste.net\/wp-content\/plugins\/pdf-print\/images\/print.png\" alt=\"image_print\" title=\"Contenu imprim\u00e9\"><\/a><\/div><p>Le cama\u00adrade Sauve, \u00e0 pro\u00adpos des \u00e9lec\u00adtions pro\u00adchaines, nous envoie un appel aux pro\u00adl\u00e9\u00adtaires qui serait mieux \u00e0 sa place sur une affiche. Nous allons, en effet, avoir bien\u00adt\u00f4t des \u00e9lec\u00adtions&nbsp;; nous allons revoir le bat\u00adtage \u00e9lec\u00adto\u00adral, assis\u00adter aux com\u00adpro\u00admis\u00adsions les plus d\u00e9mo\u00adra\u00adli\u00adsantes et aux maqui\u00adgnon\u00adnages les plus \u00e9hon\u00adt\u00e9s. Le pis est que le vote, don\u00adnant tout pou\u00advoir \u00e0 un d\u00e9l\u00e9\u00adgu\u00e9 \u00e0 peu pr\u00e8s incon\u00adtr\u00f4\u00adlable, d\u00e9charge l\u2019\u00e9\u00adlec\u00adteur de tout sou\u00adci sur la marche des affaires publiques. Apr\u00e8s son vote, cet \u00e9lec\u00adteur se d\u00e9s\u00adin\u00adt\u00e9\u00adresse de la vie poli\u00adtique&nbsp;; il compte sur son d\u00e9pu\u00adt\u00e9 pour que celui-ci agisse \u00e0 sa&nbsp;place.<\/p>\n<p>Sauve dit&nbsp;aussi&nbsp;:<\/p>\n<p>\u00ab&nbsp;Le suf\u00adfrage uni\u00adver\u00adsel vous est soi-disant don\u00adn\u00e9 comme une arme. Une arme, allons donc&nbsp;! Un hochet, un jou\u00adjou de nou\u00advel an (l\u2019a\u00admu\u00adse\u00adment des tra\u00advailleurs et la tran\u00adquilli\u00adt\u00e9 des bour\u00adgeois, comme le disait si bien J. Guesde en 1888). Une arme, ce sabre de bois qui se brise entre vos mains quand vous vou\u00adlez vous en ser\u00advir contre vos ma\u00eetres.&nbsp;\u00bb<\/p>\n<p>[|<b>*   *   *   *<\/b>|]<\/p>\n<p><i>Deux extraits d\u2019une lettre de Bue\u00adnos-Ayres<\/i>&nbsp;:<\/p>\n<p>Com\u00adment se fait-il que les diplo\u00admates n\u2019aient pas son\u00adg\u00e9 \u00e0 sup\u00adpri\u00admer l\u2019u\u00adnique moyen qui pour\u00adra \u00eatre employ\u00e9 par un \u00c9tat pour ne pas se confor\u00admer \u00e0 ses enga\u00adge\u00adments, c\u2019est-\u00e0-dire la force arm\u00e9e&nbsp;? Ce sont les arm\u00e9es qu\u2019il faut sup\u00adpri\u00admer, si l\u2019on veut que la Ligue des Nations soit une garan\u00adtie de&nbsp;paix.<\/p>\n<p>Nous pour\u00adrions enfer\u00admer ces grands per\u00adson\u00adnages dans ce dilemme&nbsp;:<\/p>\n<p>\u00ab&nbsp;Si les hommes sont \u00e0 m\u00eame de sou\u00admettre leurs dif\u00adf\u00e9\u00adrends \u00e0 un tri\u00adbu\u00adnal d\u2019ar\u00adbi\u00adtrage et de se confor\u00admer \u00e0 ses d\u00e9ci\u00adsions, les arme\u00adments deviennent inutiles&nbsp;; si, au contraire, ils ne sont pas assez conscien\u00adcieux pour se confor\u00admer \u00e0 ses d\u00e9ci\u00adsions, ils seront tout natu\u00adrel\u00adle\u00adment ten\u00adt\u00e9s d\u2019a\u00advoir recours aux armes, et il faut \u00e9ga\u00adle\u00adment les sup\u00adpri\u00admer si nous vou\u00adlons que la paix soit durable.&nbsp;\u00bb<\/p>\n<p>[|<b>*   *   *   *<\/b>|]<\/p>\n<p>En mai, il y a eu \u00e0 Bue\u00adnos-Ayres un mou\u00adve\u00adment extra\u00ador\u00addi\u00adnaire. Le plus curieux c\u2019est que le malaise \u00e9co\u00adno\u00admique n\u2019est pas plus grand qu\u2019il y a un an, qu\u2019il y a deux&nbsp;ans.<\/p>\n<p>N\u00e9an\u00admoins, le mou\u00adve\u00adment fut g\u00e9n\u00e9\u00adral&nbsp;: depuis les employ\u00e9s de maga\u00adsins, d\u2019\u00e9\u00adpi\u00adce\u00adries, de banques jus\u00adqu\u2019\u00e0 la domes\u00adti\u00adci\u00adt\u00e9, les gar\u00addiens, les concierges, les chauf\u00adfeurs des par\u00adti\u00adcu\u00adliers, etc. Le pre\u00admier mai fut carac\u00adt\u00e9\u00adri\u00ads\u00e9 par un ch\u00f4\u00admage tout \u00e0 fait com\u00adplet. C\u2019est un fait unique dans la vie de Bue\u00adnos-Ayres. Ce qu\u2019il y eut de plus beau dans ce mou\u00adve\u00adment, c\u2019est la soli\u00adda\u00adri\u00adt\u00e9. Il y a eu tr\u00e8s sou\u00advent dans les reven\u00addi\u00adca\u00adtions pr\u00e9\u00adsen\u00adt\u00e9es autre chose que des int\u00e9\u00adr\u00eats mat\u00e9\u00adriels, il y a eu de la digni\u00adt\u00e9, un but moral. Tout le monde ici fut stu\u00adp\u00e9\u00adfait, la classe ouvri\u00e8re elle-m\u00eame, je veux dire les militants.<\/p>\n<p>Ce que je redoute de toute cette agi\u00adta\u00adtion (la lettre est \u00e9crite en mai) et de cet \u00e9tat d\u2019es\u00adprit des masses, c\u2019est qu\u2019\u00e9\u00adtant don\u00adn\u00e9 la haine qui a \u00e9t\u00e9 pr\u00ea\u00adch\u00e9e depuis trente ans, si le pro\u00adl\u00e9\u00adta\u00adriat par un coup de force vient un jour (et la chose ne parait pas impos\u00adsible) \u00e0 domi\u00adner la situa\u00adtion, nous ayons, apr\u00e8s avoir subi la tyran\u00adnie capi\u00adta\u00adliste, \u00e0 en subir une autre qui ne vau\u00addrait gu\u00e8re mieux car dans bien des cas on les voit d\u00e9pas\u00adser le but, de la meilleure foi du monde&nbsp;; mais on ne peut leur deman\u00adder davan\u00adtage, et c\u2019est bien l\u00e0 o\u00f9 est le danger.<\/p>\n<p>Le gou\u00adver\u00adne\u00adment a fait un v\u00e9ri\u00adtable coup d\u2019\u00c9\u00adtat&nbsp;: par simple d\u00e9cret, il a inter\u00addit toute r\u00e9union qui aurait un carac\u00adt\u00e8re anar\u00adchiste&nbsp;; il a sup\u00adpri\u00adm\u00e9 les deux quo\u00adti\u00addiens anar\u00adchistes ou consi\u00add\u00e9\u00adr\u00e9s comme tels, la <i>Pro\u00adtes\u00adta<\/i> et la <i>Ban\u00adde\u00adra Roja<\/i>, puis aus\u00adsi un jour\u00adnal anti\u00adcl\u00e9\u00adri\u00adcal, <i>El Bujo<\/i>. Mais je doute que ces mesures soient suf\u00adfi\u00adsantes pour tuer un mou\u00adve\u00adment de cette envergure.<\/p>\n","protected":false},"excerpt":{"rendered":"<p>Le cama\u00adrade Sauve, \u00e0 pro\u00adpos des \u00e9lec\u00adtions pro\u00adchaines, nous envoie un appel aux pro\u00adl\u00e9\u00adtaires qui serait mieux \u00e0 sa place sur une affiche. Nous allons, en effet, avoir bien\u00adt\u00f4t des \u00e9lec\u00adtions&nbsp;; nous allons revoir le bat\u00adtage \u00e9lec\u00adto\u00adral, assis\u00adter aux com\u00adpro\u00admis\u00adsions les plus d\u00e9mo\u00adra\u00adli\u00adsantes et aux maqui\u00adgnon\u00adnages les plus \u00e9hon\u00adt\u00e9s. Le pis est que le&nbsp;vote,&nbsp;[\u2026]<\/p>\n","protected":false},"author":1,"featured_media":0,"comment_status":"closed","ping_status":"closed","sticky":false,"template":"","format":"standard","meta":{"wp_typography_post_enhancements_disabled":false,"footnotes":""},"categories":[284],"tags":[],"ppma_author":[540],"class_list":["post-2249","post","type-post","status-publish","format-standard","hentry","category-les-temps-nouveaux-na3-15-septembre-1919"],"authors":[{"term_id":540,"user_id":1,"is_guest":0,"slug":"admin_3gikpwyf","display_name":"Vincent Dubuc","avatar_url":"https:\/\/secure.gravatar.com\/avatar\/d015720652c25fd2ced191ade86430094e1f288a17483713e3b34d26dea52507?s=96&d=mm&r=g","author_category":"","user_url":"https:\/\/la-presse-anarchiste.net","last_name":"Dubuc","first_name":"Vincent","job_title":"","description":""}],"_links":{"self":[{"href":"https:\/\/la-presse-anarchiste.net\/index.php\/wp-json\/wp\/v2\/posts\/2249","targetHints":{"allow":["GET"]}}],"collection":[{"href":"https:\/\/la-presse-anarchiste.net\/index.php\/wp-json\/wp\/v2\/posts"}],"about":[{"href":"https:\/\/la-presse-anarchiste.net\/index.php\/wp-json\/wp\/v2\/types\/post"}],"author":[{"embeddable":true,"href":"https:\/\/la-presse-anarchiste.net\/index.php\/wp-json\/wp\/v2\/users\/1"}],"replies":[{"embeddable":true,"href":"https:\/\/la-presse-anarchiste.net\/index.php\/wp-json\/wp\/v2\/comments?post=2249"}],"version-history":[{"count":0,"href":"https:\/\/la-presse-anarchiste.net\/index.php\/wp-json\/wp\/v2\/posts\/2249\/revisions"}],"wp:attachment":[{"href":"https:\/\/la-presse-anarchiste.net\/index.php\/wp-json\/wp\/v2\/media?parent=2249"}],"wp:term":[{"taxonomy":"category","embeddable":true,"href":"https:\/\/la-presse-anarchiste.net\/index.php\/wp-json\/wp\/v2\/categories?post=2249"},{"taxonomy":"post_tag","embeddable":true,"href":"https:\/\/la-presse-anarchiste.net\/index.php\/wp-json\/wp\/v2\/tags?post=2249"},{"taxonomy":"author","embeddable":true,"href":"https:\/\/la-presse-anarchiste.net\/index.php\/wp-json\/wp\/v2\/ppma_author?post=2249"}],"curies":[{"name":"wp","href":"https:\/\/api.w.org\/{rel}","templated":true}]}}