{"id":2252,"date":"2009-11-01T22:02:05","date_gmt":"2009-11-01T22:02:05","guid":{"rendered":"https:\/\/la-presse-anarchiste.net\/index.php\/2009\/11\/01\/le-role-de-litalie-et-la-paix-mondiale\/"},"modified":"2009-11-01T22:02:05","modified_gmt":"2009-11-01T22:02:05","slug":"le-role-de-litalie-et-la-paix-mondiale","status":"publish","type":"post","link":"https:\/\/la-presse-anarchiste.net\/index.php\/2009\/11\/01\/le-role-de-litalie-et-la-paix-mondiale\/","title":{"rendered":"Le r\u00f4le de l\u2019Italie et la paix mondiale"},"content":{"rendered":"<div class=\"pdfprnt-buttons pdfprnt-buttons-post pdfprnt-top-right\"><a href=\"https:\/\/la-presse-anarchiste.net\/index.php\/wp-json\/wp\/v2\/posts\/2252?print=pdf\" class=\"pdfprnt-button pdfprnt-button-pdf\" target=\"_blank\"><img decoding=\"async\" src=\"https:\/\/la-presse-anarchiste.net\/wp-content\/plugins\/pdf-print\/images\/pdf.png\" alt=\"image_pdf\" title=\"Afficher le PDF\"><\/a><a href=\"https:\/\/la-presse-anarchiste.net\/index.php\/wp-json\/wp\/v2\/posts\/2252?print=print\" class=\"pdfprnt-button pdfprnt-button-print\" target=\"_blank\"><img decoding=\"async\" src=\"https:\/\/la-presse-anarchiste.net\/wp-content\/plugins\/pdf-print\/images\/print.png\" alt=\"image_print\" title=\"Contenu imprim\u00e9\"><\/a><\/div><p>Ces jours-ci, un phi\u00adlo\u00adsophe fran\u00ad\u00e7ais, bon connais\u00adseur de l\u2019his\u00adtoire ita\u00adlienne, fai\u00adsait remar\u00adquer que le Gou\u00adver\u00adne\u00adment de Rome court le dan\u00adger d\u2019a\u00advoir bien\u00adt\u00f4t le sort du fameux Machia\u00advel, qui finit ses jours dans un fau\u00adbourg de Flo\u00adrence, aban\u00addon\u00adn\u00e9 de tous et dans la plus grande mis\u00e8re,\u200a\u2014\u200anon pas parce qu\u2019il n\u2019a\u00advait plus d\u2019in\u00adtel\u00adli\u00adgence, mais parce que per\u00adsonne n\u2019o\u00adsait plus lui don\u00adner la main&nbsp;: il \u00e9tait trop&nbsp;rus\u00e9.<\/p>\n<p>Pen\u00addant toute la dur\u00e9e de la guerre et jus\u00adqu\u2019\u00e0 aujourd\u2019\u00adhui, ceux qui ont pr\u00e9\u00adsi\u00add\u00e9 aux des\u00adti\u00adn\u00e9es du peuple ita\u00adlien, ont \u00e9t\u00e9 trop rus\u00e9s, dou\u00e9s d\u2019une habi\u00adle\u00adt\u00e9 pro\u00adfes\u00adsion\u00adnelle qui g\u00eana leurs col\u00adl\u00e8gues d\u2019autres natio\u00adna\u00adli\u00adt\u00e9s et les mit en garde contre eux.<\/p>\n<p>C\u2019est au nom du prin\u00adcipe de \u00ab&nbsp;l\u2019\u00e9\u00adgo\u00efsme sacr\u00e9&nbsp;\u00bb que le gou\u00adver\u00adne\u00adment Salan\u00addra a d\u00e9ci\u00add\u00e9 l\u2019en\u00adtr\u00e9e en guerre, en 1915. Mais l\u2019I\u00adta\u00adlie s\u2019est bien gar\u00add\u00e9e de rompre tout de suite et d\u00e9fi\u00adni\u00adti\u00adve\u00adment avec l\u2019Al\u00adle\u00admagne. Ayant d\u00e9cla\u00adr\u00e9 tout d\u2019a\u00adbord la guerre uni\u00adque\u00adment \u00e0 l\u2019Au\u00adtriche, \u00e0 laquelle elle d\u00e9si\u00adrait arra\u00adcher des r\u00e9gions de langue et de civi\u00adli\u00adsa\u00adtion incon\u00adtes\u00adta\u00adble\u00adment ita\u00adliennes, ce n\u2019est que peu \u00e0 peu et dans le cou\u00adrant des mois que l\u2019I\u00adta\u00adlie a pu \u00eatre ame\u00adn\u00e9e \u00e0 entrer ouver\u00adte\u00adment en guerre aus\u00adsi avec l\u2019Em\u00adpire alle\u00admand. Elle a fait pla\u00adner ain\u00adsi trop long\u00adtemps sur l\u2019Eu\u00adrope une \u00e9qui\u00advoque g\u00eanante.<\/p>\n<p>Puis, l\u2019I\u00adta\u00adlie a constam\u00adment fait sa petite guerre \u00e0 elle&nbsp;; et \u00ab&nbsp;la guer\u00adra nos\u00adtra&nbsp;\u00bb, comme on l\u2019ap\u00adpe\u00adlait l\u00e0-bas avec tant d\u2019en\u00adthou\u00adsiasme, res\u00adtait tou\u00adjours la guerre des petites op\u00e9\u00adra\u00adtions d\u2019\u00e0 c\u00f4t\u00e9 diri\u00adg\u00e9es sur les points o\u00f9 l\u2019I\u00adta\u00adlie esti\u00admait utile de mettre les&nbsp;mains.<\/p>\n<p>L\u2019ex\u00adp\u00e9\u00addi\u00adtion de Salo\u00adnique n\u2019a eu aucune faveur aupr\u00e8s du Gou\u00adver\u00adne\u00adment de Rome, mal\u00adgr\u00e9 l\u2019im\u00adpor\u00adtance qu\u2019elle a eue pour la chute de l\u2019Au\u00adtriche. Salo\u00adnique parais\u00adsait d\u00e9j\u00e0 trop loin pour l\u2019I\u00adta\u00adlie, sinon au point de vue de ses app\u00e9\u00adtits, du moins au point de vue des op\u00e9\u00adra\u00adtions de guerre. M\u00eame au moment cri\u00adtique o\u00f9, en sep\u00adtembre 1918, l\u2019ac\u00adtion de trois divi\u00adsions fran\u00ad\u00e7aises et d\u2019une divi\u00adsion serbe por\u00adtait le coup de gr\u00e2ce aux Bul\u00adgares et o\u00f9 les contin\u00adgents serbes allaient enva\u00adhir bien\u00adt\u00f4t les r\u00e9gions situ\u00e9es \u00e0 l\u2019ar\u00adri\u00e8re du front autri\u00adchien, les troupes ita\u00adliennes mar\u00adchaient \u00e0 leur aise. \u00ab&nbsp;O\u00f9 res\u00adtent les Ita\u00adliens&nbsp;?&nbsp;\u00bb deman\u00addait-on de nou\u00adveau, \u00e0 l\u2019heure d\u00e9ci\u00adsive pour l\u2019Europe.<\/p>\n<p>L\u2019I\u00adta\u00adlie n\u2019au\u00adrait jamais d\u00fb oublier les bons ser\u00advices ren\u00addus alors par l\u2019ar\u00adm\u00e9e serbe \u00e0 sa cause. En cou\u00adpant les com\u00admu\u00adni\u00adca\u00adtions des Autri\u00adchiens, c\u2019est cette arm\u00e9e qui a pr\u00e9\u00adpa\u00adr\u00e9 et ren\u00addu pos\u00adsible la vic\u00adtoire italienne.<\/p>\n<p>Dans la lutte mon\u00addiale de la d\u00e9mo\u00adcra\u00adtie contre l\u2019ab\u00adso\u00adlu\u00adtisme, les buts trop int\u00e9\u00adres\u00ads\u00e9s de l\u2019I\u00adta\u00adlie se sont r\u00e9v\u00e9\u00adl\u00e9s au Monde \u00e9ton\u00adn\u00e9 avec plus de net\u00adte\u00adt\u00e9 encore apr\u00e8s l\u2019ar\u00admis\u00adtice qu\u2019a\u00advant&nbsp;: ce sont encore les You\u00adgo-Slaves qui en ont \u00e9t\u00e9 les pre\u00admiers les victimes.<\/p>\n<p>[|<b>*   *   *   *<\/b>|]<\/p>\n<p>Quand aujourd\u2019\u00adhui l\u2019I\u00adta\u00adlie entend rece\u00advoir, en r\u00e9com\u00adpense de son appui \u00e0 la cause com\u00admune des Alli\u00e9s, des ter\u00adri\u00adtoires d\u00e9pas\u00adsant lar\u00adge\u00adment le plus vaste pro\u00adgramme irr\u00e9\u00adden\u00adtiste d\u2019a\u00advant la guerre, et situ\u00e9s en plein domaine you\u00adgo\u00adslave, elle appuie d\u2019or\u00addi\u00adnaire ses pr\u00e9\u00adten\u00adtions sur le \u00ab&nbsp;Trai\u00adt\u00e9 de Londres&nbsp;\u00bb. Mais lorsque ce Trai\u00adt\u00e9 ne parle pas des r\u00e9gions dis\u00adpu\u00adt\u00e9es, ou m\u00eame attri\u00adbue ces r\u00e9gions \u00e0 la You\u00adgo-Sla\u00advie,\u200a\u2014\u200acomme c\u2019est le cas pour la ville de Fiume\u200a\u2014\u200aalors les Ita\u00adliens invoquent des rai\u00adsons par\u00adti\u00adcu\u00adli\u00e8res et en appellent aux prin\u00adcipes du Pr\u00e9\u00adsident Wilson.<\/p>\n<p>Or, deux argu\u00adments, bien loin de se com\u00adpl\u00e9\u00adter, se contre\u00addisent&nbsp;: Le Trai\u00adt\u00e9 de Londres est une conven\u00adtion secr\u00e8te, conclue par l\u2019I\u00adta\u00adlie avec d\u2019autres grandes puis\u00adsances dans l\u2019obs\u00adcu\u00adri\u00adt\u00e9 et qui dis\u00adpose des popu\u00adla\u00adtions sans tenir compte de leur volon\u00adt\u00e9. Se r\u00e9f\u00e9\u00adrer \u00e0 une conven\u00adtion pareille, apr\u00e8s avoir accep\u00adt\u00e9 la paix, d\u2019ac\u00adcord avec les autres nations de l\u2019En\u00adtente, sur la base du droit des peuples de dis\u00adpo\u00adser de leur propre sort est, de la part du Gou\u00adver\u00adne\u00adment ita\u00adlien, un acte pro\u00adfon\u00add\u00e9\u00adment immo\u00adral [[Voir cette immo\u00adra\u00adli\u00adt\u00e9 net\u00adte\u00adment expo\u00ads\u00e9e dans l\u2019int\u00e9ressante bro\u00adchure du D<sup>r<\/sup>&nbsp;Ivan Mari\u00adja-Cok, <i>Le Pacte de Rose. L\u2019I\u00adta\u00adlie et sa Morale<\/i>, Paris, juin 1919.]] et tout aus\u00adsi maladroit&nbsp;!<\/p>\n<p>Puis, il faut prendre en consi\u00add\u00e9\u00adra\u00adtion que, dans une conven\u00adtion comme le pacte de Londres, il y a tou\u00adjours un cer\u00adtain contre\u00adpoids entre les par\u00adties du butin que s\u2019at\u00adtri\u00adbuent les com\u00adp\u00e8res r\u00e9unis, et m\u00eame au point de vue mat\u00e9\u00adriel il ne sau\u00adrait plus \u00eatre ques\u00adtion de pr\u00ea\u00adter quelque atten\u00adtion \u00e0 un Trai\u00adt\u00e9 qui attri\u00adbuait Constan\u00adti\u00adnople \u00e0 la Rus\u00adsie&nbsp;! Enfin, le pacte de Londres est conclu \u00e0 l\u2019in\u00adsu des You\u00adgo\u00adslaves&nbsp;! Et comme ces der\u00adniers, par leurs ser\u00advices, ont \u00e9t\u00e9 recon\u00adnus ouver\u00adte\u00adment comme des Alli\u00e9s au m\u00eame titre que les Ita\u00adliens, l\u2019En\u00adtente ne sau\u00adrait pas faire valoir contre eux le Trai\u00adt\u00e9 secret de Londres.<\/p>\n<p>Mais on doit d\u2019au\u00adtant plus s\u00e9v\u00e8\u00adre\u00adment juger la conduite de l\u2019I\u00adta\u00adlie envers sa s\u0153ur plus faible la You\u00adgo-Sla\u00advie, qu\u2019il existe un pacte ita\u00adlien you\u00adgo\u00adslave&nbsp;; non pas secret, mais publi\u00adque\u00adment dis\u00adcu\u00adt\u00e9 celui-l\u00e0, le pacte conclu au Congr\u00e8s de Rome tenu par les \u00ab&nbsp;peuples oppri\u00adm\u00e9s&nbsp;\u00bb, du 8 au 10 avril 1918 [[Voir sur le Pacte de Rome la m\u00eame brochure]].<\/p>\n<p>Nous nous rap\u00adpe\u00adlons tous comme le jour d\u2019hier la joie avec laquelle nous re\u00e7\u00fbmes \u00e0 Paris la nou\u00advelle que l\u2019I\u00adta\u00adlie pren\u00addrait la t\u00eate de l\u2019al\u00adliance des natio\u00adna\u00adli\u00adt\u00e9s oppri\u00adm\u00e9es par l\u2019Au\u00adtriche&nbsp;: Ita\u00adliens, Rou\u00admains, Polo\u00adnais, You\u00adgo-Slaves et Tch\u00e9co-Slovaques.<\/p>\n<p>Le pacte ita\u00adlo-you\u00adgo\u00adslave, en par\u00adti\u00adcu\u00adlier, r\u00e9di\u00adg\u00e9 d\u2019un com\u00admun accord entre le doc\u00adteur Andrea Torre, d\u00e9pu\u00adt\u00e9 ita\u00adlien, et le doc\u00adteur Ante Trum\u00adbic, du c\u00f4t\u00e9 you\u00adgo\u00adslave, ne lais\u00adsait aucun doute sur la lar\u00adgeur d\u2019es\u00adprit de part et d\u2019autre&nbsp;:<\/p>\n<p>\u2026\u00a7 6. Ils (les repr\u00e9\u00adsen\u00adtants des deux peuples) s\u2019en\u00adgagent \u00e0 r\u00e9gler \u00e0 l\u2019a\u00admiable, \u00e9ga\u00adle\u00adment dans l\u2019in\u00adt\u00e9\u00adr\u00eat des bonnes et sin\u00adc\u00e8res rela\u00adtions futures entre les deux peuples, les ques\u00adtions ter\u00adri\u00adto\u00adriales pen\u00addantes sur la base du prin\u00adcipe des natio\u00adna\u00adli\u00adt\u00e9s et du droit des peuples \u00e0 dis\u00adpo\u00adser de leurs propres des\u00adti\u00adn\u00e9es, et cela de fa\u00e7on \u00e0 ne por\u00adter pr\u00e9\u00adju\u00addice aux int\u00e9\u00adr\u00eats vitaux des deux nations, qui seront d\u00e9fi\u00adnis au moment de la&nbsp;paix&nbsp;;<\/p>\n<p>\u00a7 7. Aux noyaux de l\u2019un des peuples qui devraient se trou\u00adver inclus dans les fron\u00adti\u00e8res de l\u2019autre, sera recon\u00adnu et garan\u00adti le droit de voir res\u00adpec\u00adt\u00e9s leur langue, leur culture et leurs int\u00e9\u00adr\u00eats moraux et \u00e9conomiques.<\/p>\n<p>Les auto\u00adri\u00adt\u00e9s ita\u00adliennes se trou\u00advant actuel\u00adle\u00adment en pleine lutte dans les r\u00e9gions you\u00adgo\u00adslaves occu\u00adp\u00e9es par leurs arm\u00e9es, parce qu\u2019elles sup\u00adpriment la langue you\u00adgo\u00adslave et inter\u00addisent son emploi dans les \u00e9coles et les \u00e9glises, se jus\u00adti\u00adfient volon\u00adtiers en disant que le pacte de Rome n\u2019a jamais \u00e9t\u00e9 \u00ab&nbsp;offi\u00adciel\u00adle\u00adment recon\u00adnu par l\u2019I\u00adta\u00adlie.&nbsp;\u00bb Ce rai\u00adson\u00adne\u00adment est, lui aus\u00adsi, sin\u00adgu\u00adli\u00e8\u00adre\u00adment machia\u00adv\u00e9\u00adlique et ne sau\u00adrait \u00eatre admis par le monde civilis\u00e9.<\/p>\n<p>Si le pacte de Rome n\u2019a jamais \u00e9t\u00e9 offi\u00adciel\u00adle\u00adment recon\u00adnu, c\u2019est qu\u2019on \u00e9tait en guerre en 1918 et qu\u2019une des deux par\u00adties contrac\u00adtantes \u00e9tait for\u00adm\u00e9e par des nations vivant sous la domi\u00adna\u00adtion autri\u00adchienne. Mais tous, nous nous r\u00e9f\u00e9\u00adrons \u00e0 l\u2019ap\u00adpro\u00adba\u00adtion g\u00e9n\u00e9\u00adrale que le pacte de Rome avait trou\u00adv\u00e9 en Ita\u00adlie, autant de la part des repr\u00e9\u00adsen\u00adtants du Gou\u00adver\u00adne\u00adment que dans les r\u00e9unions popu\u00adlaires. Il suf\u00adfit de rap\u00adpe\u00adler les d\u00e9cla\u00adra\u00adtions au d\u00e9but de 1918, du Pr\u00e9\u00adsident du Conseil, ita\u00adlien, Orlan\u00addo, et du Ministre des Affaires \u00c9tran\u00adg\u00e8res, Sonnino.<\/p>\n<p>Le Pr\u00e9\u00adsident du Conseil rece\u00advant, le len\u00adde\u00admain du Congr\u00e8s de Rome, une d\u00e9l\u00e9\u00adga\u00adtion du Congr\u00e8s, lui a expri\u00adm\u00e9 les sym\u00adpa\u00adthies du Gou\u00adver\u00adne\u00adment ita\u00adlien, en m\u00eame temps que son accord avec les r\u00e9so\u00adlu\u00adtions prises,\u200a\u2014\u200ace qui reve\u00adnait \u00e0 don\u00adner une sanc\u00adtion offi\u00adcielle aux d\u00e9li\u00adb\u00e9\u00adra\u00adtions du Congr\u00e8s de Rome. Si par force majeure, la sanc\u00adtion en <i>opti\u00adma for\u00adma<\/i> ne s\u2019est pas r\u00e9a\u00adli\u00ads\u00e9e, en quoi cela touche-t-il au carac\u00adt\u00e8re essen\u00adtiel du&nbsp;pacte&nbsp;?<\/p>\n<p>[|<b>*   *   *   *<\/b>|]<\/p>\n<p>Soyons pru\u00addents dans nos conclu\u00adsions lors\u00adqu\u2019il s\u2019a\u00adgit de juger les dif\u00adf\u00e9\u00adrends entre natio\u00adna\u00adli\u00adt\u00e9s. Dans ces cas, sou\u00advent \u00ab&nbsp;tout savoir est tout com\u00adprendre&nbsp;\u00bb. Il est extr\u00ea\u00adme\u00adment dif\u00adfi\u00adcile d\u2019\u00e9\u00adta\u00adblir \u00e0 Paris ce qui est au juste exact dans les accu\u00adsa\u00adtions sans fin que, faits \u00e0 l\u2019ap\u00adpui, lance chaque semaine, contre les auto\u00adri\u00adt\u00e9s ita\u00adliennes de la c\u00f4te dal\u00adma\u00adtienne occu\u00adp\u00e9e par les arm\u00e9es ita\u00adliennes, le Bureau de Presse You\u00adgo-Slave de Paris. Mais une chose se d\u00e9gage de toutes ces accu\u00adsa\u00adtions&nbsp;: la situa\u00adtion qu\u2019a cr\u00e9\u00e9e l\u2019I\u00adta\u00adlie ne peut pas res\u00adter telle quelle \u00e0 notre \u00e9poque.<\/p>\n<p>Les faits sont trop nom\u00adbreux, trop g\u00e9n\u00e9\u00adraux et trop pr\u00e9\u00adcis qui prouvent que l\u2019Italie non seule\u00adment viole les sti\u00adpu\u00adla\u00adtions du pacte de Rome en inter\u00addi\u00adsant la langue you\u00adgo-slave, les signes ext\u00e9\u00adrieurs de la natio\u00adna\u00adli\u00adt\u00e9 you\u00adgo-slave, mais qu\u2019elle a la main dans de nom\u00adbreux com\u00adplots contre les int\u00e9\u00adr\u00eats des peuples slaves, de la fa\u00e7on exac\u00adte\u00adment que fai\u00adsait la diplo\u00adma\u00adtie austro-allemande.<\/p>\n<p>Les d\u00e9por\u00adta\u00adtions des you\u00adgo-slaves en Ita\u00adlie se sont confir\u00adm\u00e9es, comme fait his\u00adto\u00adrique, par la publi\u00adca\u00adtion des noms de cen\u00adtaines des vic\u00adtimes et le Gou\u00adver\u00adne\u00adment n\u2019a pas pu infir\u00admer jus\u00adqu\u2019\u00e0 pr\u00e9\u00adsent les faits appor\u00adt\u00e9s \u00e0 ce sujet par l\u2019accusation.<\/p>\n<p>On voit clai\u00adre\u00adment que l\u2019I\u00adta\u00adlie n\u2019\u00e9\u00adprouve pas beau\u00adcoup de scru\u00adpules dans l\u2019\u0153uvre de la d\u00e9na\u00adtio\u00adna\u00adli\u00adsa\u00adtion entre\u00adprise en Istrie et en Dalmatie&nbsp;!<\/p>\n<p>Tout nous fait croire que les inci\u00addents du Mon\u00adt\u00e9\u00adn\u00e9\u00adgro ont \u00e9t\u00e9 dus aux machi\u00adna\u00adtions des agents de l\u2019ex-roi du Mon\u00adt\u00e9\u00adn\u00e9\u00adgro, Nico\u00adlas, et que ses agents ont agi \u00ab&nbsp;avec le concours ita\u00adlien&nbsp;\u00bb. Et ain\u00adsi de&nbsp;suite.<\/p>\n<p>Si l\u2019I\u00adta\u00adlie n\u2019\u00e9\u00adtait pas l\u2019I\u00adta\u00adlie, une des grandes puis\u00adsances alli\u00e9es qu\u2019on doit m\u00e9na\u00adger, nous aurions eu depuis long\u00adtemps un Comi\u00adt\u00e9 inter\u00adal\u00adli\u00e9 d\u2019en\u00adqu\u00eate dans toutes ces affaires-la&nbsp;!<\/p>\n<p>Par\u00adtout o\u00f9 nous avons des rela\u00adtions directes avec nos cama\u00adrades ita\u00adliens, nous pou\u00advons tacher de les convaincre de faire contre-poids \u00e0 la pro\u00adpa\u00adgande chau\u00advi\u00adniste sys\u00adt\u00e9\u00adma\u00adtique que fait la presse natio\u00adna\u00adliste ita\u00adlienne, tou\u00adjours pr\u00eate \u00e0 chauf\u00adfer \u00e0 blanc l\u2019en\u00adthou\u00adsiasme des foules.<\/p>\n<p>La d\u00e9ci\u00adsion \u00e0 prendre par le Conseil Supr\u00eame de l\u2019En\u00adtente concer\u00adnant la ville de Fiume, est un point des plus d\u00e9li\u00adcats. S\u2019il arrive que cette d\u00e9ci\u00adsion ne r\u00e9ponde pas aux reven\u00addi\u00adca\u00adtions des chau\u00advins ita\u00adliens, fai\u00adsons com\u00adprendre aux masses du peuple ita\u00adlien, par la presse ouvri\u00e8re, qu\u2019on ne sau\u00adrait lais\u00adser tout le hin\u00adter\u00adland hon\u00adgrois, you\u00adgo-slave, rou\u00admain et tch\u00e9\u00adco-slo\u00advaque de Fiume sans acc\u00e8s direct et ind\u00e9\u00adpen\u00addant avec la mer. Rap\u00adpe\u00adlons au peuple ita\u00adlien que le fait seul que l\u2019Au\u00adtriche refu\u00adsait \u00e0 la Ser\u00adbie l\u2019ac\u00adc\u00e8s \u00e0 la mer Adria\u00adtique pour la tenir sous sa tutelle \u00e9co\u00adno\u00admique, a sen\u00adsi\u00adble\u00adment aggra\u00adv\u00e9 les rap\u00adports entre les deux pays\u2026 jus\u00adqu\u2019\u00e0 la guerre qui a \u00e9t\u00e9 le germe du cata\u00adclysme universel.<\/p>\n<p>R\u00e9cem\u00adment, une inter\u00adview prise \u00e0 Schei\u00adde\u00admann, a fait savoir au monde qu\u2019on suit avec atten\u00adtion, en Alle\u00admagne, le d\u00e9ve\u00adlop\u00adpe\u00adment des conflits sur la c\u00f4te dal\u00adma\u00adtienne et dans les Bal\u00adkans. Beau\u00adcoup d\u2019Al\u00adle\u00admands esp\u00e8rent une guerre entre la You\u00adgo\u00adsla\u00advie, seule ou sou\u00adte\u00adnue par d\u2019autres, et l\u2019Italie.<\/p>\n<p>Est-ce ain\u00adsi qu\u2019on obtien\u00addra le bien-\u00eatre des peuples&nbsp;?<\/p>\n<p>Assu\u00adr\u00e9\u00adment non, et c\u2019est pour\u00adquoi l\u2019o\u00adpi\u00adnion publique ita\u00adlienne doit \u00eatre rame\u00adn\u00e9e dans une direc\u00adtion moins \u00e9go\u00efste, plus large et plus g\u00e9n\u00e9reuse.<\/p>\n<p>La presse ouvri\u00e8re ita\u00adlienne a donc un r\u00f4le impor\u00adtant \u00e0 jouer&nbsp;; elle doit influer sur l\u2019o\u00adpi\u00adnion ita\u00adlienne g\u00e9n\u00e9\u00adrale, au pro\u00adfit de la paci\u00adfi\u00adca\u00adtion du monde entier.<\/p>\n<p>Chris\u00adtian Cornelissen<\/p>\n","protected":false},"excerpt":{"rendered":"<p>Ces jours-ci, un phi\u00adlo\u00adsophe fran\u00ad\u00e7ais, bon connais\u00adseur de l\u2019his\u00adtoire ita\u00adlienne, fai\u00adsait remar\u00adquer que le Gou\u00adver\u00adne\u00adment de Rome court le dan\u00adger d\u2019a\u00advoir bien\u00adt\u00f4t le sort du fameux Machia\u00advel, qui finit ses jours dans un fau\u00adbourg de Flo\u00adrence, aban\u00addon\u00adn\u00e9 de tous et dans la plus grande mis\u00e8re,\u200a\u2014\u200anon pas parce qu\u2019il n\u2019a\u00advait plus d\u2019in\u00adtel\u00adli\u00adgence, mais parce que personne&nbsp;[\u2026]<\/p>\n","protected":false},"author":1,"featured_media":0,"comment_status":"closed","ping_status":"closed","sticky":false,"template":"","format":"standard","meta":{"wp_typography_post_enhancements_disabled":false,"footnotes":""},"categories":[284],"tags":[],"ppma_author":[540],"class_list":["post-2252","post","type-post","status-publish","format-standard","hentry","category-les-temps-nouveaux-na3-15-septembre-1919"],"authors":[{"term_id":540,"user_id":1,"is_guest":0,"slug":"admin_3gikpwyf","display_name":"Vincent Dubuc","avatar_url":"https:\/\/secure.gravatar.com\/avatar\/d015720652c25fd2ced191ade86430094e1f288a17483713e3b34d26dea52507?s=96&d=mm&r=g","author_category":"","user_url":"https:\/\/la-presse-anarchiste.net","last_name":"Dubuc","first_name":"Vincent","job_title":"","description":""}],"_links":{"self":[{"href":"https:\/\/la-presse-anarchiste.net\/index.php\/wp-json\/wp\/v2\/posts\/2252","targetHints":{"allow":["GET"]}}],"collection":[{"href":"https:\/\/la-presse-anarchiste.net\/index.php\/wp-json\/wp\/v2\/posts"}],"about":[{"href":"https:\/\/la-presse-anarchiste.net\/index.php\/wp-json\/wp\/v2\/types\/post"}],"author":[{"embeddable":true,"href":"https:\/\/la-presse-anarchiste.net\/index.php\/wp-json\/wp\/v2\/users\/1"}],"replies":[{"embeddable":true,"href":"https:\/\/la-presse-anarchiste.net\/index.php\/wp-json\/wp\/v2\/comments?post=2252"}],"version-history":[{"count":0,"href":"https:\/\/la-presse-anarchiste.net\/index.php\/wp-json\/wp\/v2\/posts\/2252\/revisions"}],"wp:attachment":[{"href":"https:\/\/la-presse-anarchiste.net\/index.php\/wp-json\/wp\/v2\/media?parent=2252"}],"wp:term":[{"taxonomy":"category","embeddable":true,"href":"https:\/\/la-presse-anarchiste.net\/index.php\/wp-json\/wp\/v2\/categories?post=2252"},{"taxonomy":"post_tag","embeddable":true,"href":"https:\/\/la-presse-anarchiste.net\/index.php\/wp-json\/wp\/v2\/tags?post=2252"},{"taxonomy":"author","embeddable":true,"href":"https:\/\/la-presse-anarchiste.net\/index.php\/wp-json\/wp\/v2\/ppma_author?post=2252"}],"curies":[{"name":"wp","href":"https:\/\/api.w.org\/{rel}","templated":true}]}}