{"id":2254,"date":"2009-11-01T22:26:54","date_gmt":"2009-11-01T22:26:54","guid":{"rendered":"https:\/\/la-presse-anarchiste.net\/index.php\/2009\/11\/01\/la-question-juive\/"},"modified":"2009-11-01T22:26:54","modified_gmt":"2009-11-01T22:26:54","slug":"la-question-juive","status":"publish","type":"post","link":"https:\/\/la-presse-anarchiste.net\/index.php\/2009\/11\/01\/la-question-juive\/","title":{"rendered":"la question juive"},"content":{"rendered":"<div class=\"pdfprnt-buttons pdfprnt-buttons-post pdfprnt-top-right\"><a href=\"https:\/\/la-presse-anarchiste.net\/index.php\/wp-json\/wp\/v2\/posts\/2254?print=pdf\" class=\"pdfprnt-button pdfprnt-button-pdf\" target=\"_blank\"><img decoding=\"async\" src=\"https:\/\/la-presse-anarchiste.net\/wp-content\/plugins\/pdf-print\/images\/pdf.png\" alt=\"image_pdf\" title=\"Afficher le PDF\"><\/a><a href=\"https:\/\/la-presse-anarchiste.net\/index.php\/wp-json\/wp\/v2\/posts\/2254?print=print\" class=\"pdfprnt-button pdfprnt-button-print\" target=\"_blank\"><img decoding=\"async\" src=\"https:\/\/la-presse-anarchiste.net\/wp-content\/plugins\/pdf-print\/images\/print.png\" alt=\"image_print\" title=\"Contenu imprim\u00e9\"><\/a><\/div><p>[[Cette \u00e9tude sera com\u00adpl\u00e9\u00adt\u00e9e par un article sur le Sionisme.]]<\/p>\n<p>La solu\u00adtion que lui a don\u00adn\u00e9e la Conf\u00e9\u00adrence de la Paix, quoique ins\u00adpi\u00adr\u00e9e d\u2019une \u00e9vi\u00addente bonne volon\u00adt\u00e9, porte l\u2019empreinte de l\u2019empirisme et de l\u2019in\u00adco\u00adh\u00e9\u00adrence \u00e0 la mode. Les puis\u00adsants du jour ne sont pas seuls res\u00adpon\u00adsables de ces d\u00e9ci\u00adsions. Les prin\u00adci\u00adpaux int\u00e9\u00adres\u00ads\u00e9s, juifs et gou\u00adver\u00adne\u00adments anti\u00ads\u00e9\u00admites ne leur ont pas faci\u00adli\u00adt\u00e9 la t\u00e2che&nbsp;; volon\u00adtai\u00adre\u00adment et sou\u00advent incons\u00adciem\u00adment, ils ont obs\u00adcur\u00adci ce pro\u00adbl\u00e8me extr\u00ea\u00adme\u00adment complexe.<\/p>\n<p>Le cas juif est un cas unique&nbsp;; il n\u2019y a pas de cas ana\u00adlogue, il n\u2019y a pas de pr\u00e9\u00adc\u00e9\u00addent. D\u2019autre part, par la force des choses, ceux qui s\u2019en occupent ne peuvent le conna\u00eetre cha\u00adcun que sous un seul angle visuel, n\u2019en voient qu\u2019une facette qui se trouve \u00eatre rigou\u00adreu\u00adse\u00adment s\u00e9pa\u00adr\u00e9e des autres. Enfin, c\u2019est un pro\u00adbl\u00e8me empoi\u00adson\u00adn\u00e9 par la pas\u00adsion, les id\u00e9es pr\u00e9\u00adcon\u00ad\u00e7ues, des pr\u00e9\u00adju\u00adg\u00e9s s\u00e9culaires.<\/p>\n<p>Pour essayer d\u2019y voir clair, nous allons nous pla\u00adcer suc\u00adces\u00adsi\u00adve\u00adment de dif\u00adf\u00e9\u00adrents points de vue, puis, nous \u00e9le\u00advant aus\u00adsi haut que pos\u00adsible, nous t\u00e2che\u00adrons de contem\u00adpler la ques\u00adtion juive dans son ensemble.<\/p>\n<h2>Point de vue des antis\u00e9mites d\u2019Orient<\/h2>\n<p>Ici, nous ne par\u00adlons que de la Rou\u00adma\u00adnie, de la Rus\u00adsie, de la Pologne et des pays nou\u00advel\u00adle\u00adment cr\u00e9\u00e9s en Europe cen\u00adtrale et sep\u00adten\u00adtrio\u00adnale o\u00f9 l\u2019an\u00adti\u00ads\u00e9\u00admi\u00adtisme s\u00e9vit \u00e0 l\u2019\u00e9\u00adtat&nbsp;aigu.<\/p>\n<p>Lais\u00adsant de c\u00f4t\u00e9 les niai\u00adse\u00adries, les m\u00e9chan\u00adce\u00adt\u00e9s b\u00eates, t\u00e2chons de lire, dans l\u2019\u00e2me d\u2019un anti\u00ads\u00e9\u00admite intel\u00adli\u00adgent et d\u00e9s\u00adin\u00adt\u00e9\u00adres\u00ads\u00e9, \u00e0 sup\u00adpo\u00adser qu\u2019il en existe.<\/p>\n<p>Le mieux qu\u2019on puisse dire pour excu\u00adser l\u2019an\u00adti\u00ads\u00e9\u00admi\u00adtisme, c\u2019est que les juifs, \u00e9l\u00e9\u00adment \u00e9tran\u00adger au pays, inas\u00adsi\u00admi\u00adlable, consti\u00adtuent un dan\u00adger pour l\u2019u\u00adni\u00adt\u00e9 natio\u00adnale. De l\u00e0 r\u00e9sulte pour les gou\u00adver\u00adnants la n\u00e9ces\u00adsi\u00adt\u00e9 de sur\u00adveiller cet \u00e9l\u00e9\u00adment et de le main\u00adte\u00adnir, par des mesures com\u00adbi\u00adn\u00e9es, l\u00e9gales et autres, dans un \u00e9tat d\u2019in\u00adf\u00e9\u00adrio\u00adri\u00adt\u00e9 \u00e9co\u00adno\u00admique et politique.<\/p>\n<p>On r\u00e9pond \u00e0 cela que ce sont pr\u00e9\u00adci\u00ads\u00e9\u00adment ces mesures qui creusent le fos\u00ads\u00e9 entre les habi\u00adtants juifs et non juifs d\u2019un pays, et cr\u00e9ent des anta\u00adgo\u00adnismes dan\u00adge\u00adreux. Pour ce qui est du droit strict, sou\u00advent les juifs qu\u2019on traite d\u2019\u00e9\u00adtran\u00adgers sont plus ancien\u00adne\u00adment autoch\u00adtones que leurs oppresseurs.<\/p>\n<h2>Point de vue des Juifs d\u2019Orient<\/h2>\n<p>Les juifs d\u2019O\u00adrient vivent en masses com\u00adpactes, ramas\u00ads\u00e9s dans les villes de la Pologne, de la Rus\u00adsie occi\u00adden\u00adtale, de la Rou\u00adma\u00adnie. Confi\u00adn\u00e9s par les per\u00ads\u00e9\u00adcu\u00adtions dans un petit nombre de pro\u00adfes\u00adsions, ils sont l\u2019ob\u00adjet de v\u00e9ri\u00adtables tor\u00adtures phy\u00adsiques et morales, crou\u00adpissent dans la mis\u00e8re et dans une totale igno\u00adrance du monde moderne. Assu\u00adr\u00e9\u00adment le plus igno\u00adrant des juifs de Pologne ou de Litua\u00adnie se fait encore de l\u2019U\u00adni\u00advers une id\u00e9e plus exacte que le pay\u00adsan russe ou rou\u00admain, mais ces der\u00adniers, vivant entre eux, ont moins besoin d\u2019un coup d\u2019\u0153il au dehors que les juifs dis\u00adper\u00ads\u00e9s par\u00admi les nations.<\/p>\n<p>Qui\u00adconque vient par\u00adler de d\u00e9li\u00advrance \u00e0 ces \u00e9ter\u00adnels, per\u00ads\u00e9\u00adcu\u00adt\u00e9s est donc assu\u00adr\u00e9 d\u2019\u00eatre avi\u00adde\u00adment \u00e9cou\u00adt\u00e9 et plus on leur pro\u00admet de liber\u00adt\u00e9s, plus on se les attache. Or, c\u2019est \u00e0 ces juifs iso\u00adl\u00e9s m\u00eame de leurs proches voi\u00adsins par une double muraille de haine et de m\u00e9pris r\u00e9ci\u00adproques, que des hommes par\u00adfai\u00adte\u00adment au cou\u00adrant de la vie moderne pr\u00eachent qu\u2019ils forment une natio\u00adna\u00adli\u00adt\u00e9 qui pour\u00adra vivre et se d\u00e9ve\u00adlop\u00adper sur place, enche\u00adv\u00ea\u00adtr\u00e9e au milieu des autres natio\u00adna\u00adli\u00adt\u00e9s, pour\u00advu qu\u2019on lui assure l\u2019au\u00adto\u00adno\u00admie. Ils leur pro\u00admettent \u00e0 la fois une r\u00e9pu\u00adblique juive ind\u00e9\u00adpen\u00addante en Pales\u00adtine et l\u2019au\u00adto\u00adno\u00admie par\u00adtout o\u00f9 ils se trouvent actuel\u00adle\u00adment. Ils exaltent leur fier\u00adt\u00e9, leur confiance en eux-m\u00eames. Quoi d\u2019\u00e9\u00adton\u00adnant alors, que ces hommes soient sui\u00advis par ces foules humi\u00adli\u00e9es depuis tant de si\u00e8cles&nbsp;! Et c\u2019est ain\u00adsi que les d\u00e9l\u00e9\u00adgu\u00e9s repr\u00e9\u00adsen\u00adtant neuf mil\u00adlions de juifs ont for\u00admu\u00adl\u00e9 ces reven\u00addi\u00adca\u00adtions \u00e0 la Conf\u00e9\u00adrence de la&nbsp;Paix.<\/p>\n<h2>Point de vue des Juifs d\u2019Occident<\/h2>\n<p>Les juifs de France, d\u2019An\u00adgle\u00adterre, d\u2019A\u00adm\u00e9\u00adrique et d\u2019ailleurs ne r\u00e9clament rien pour&nbsp;eux.<\/p>\n<p>En Angle\u00adterre et en Am\u00e9\u00adrique, de m\u00eame qu\u2019en Ita\u00adlie, un puis\u00adsant mou\u00adve\u00adment sio\u00adniste dis\u00adpose d\u2019une presse agis\u00adsante et d\u2019un impor\u00adtant nombre d\u2019adeptes.<\/p>\n<p>En France, le mou\u00adve\u00adment est plus lent. Les puis\u00adsantes asso\u00adcia\u00adtions isra\u00e9\u00adlites qui ont leur centre \u00e0 Paris, sont indif\u00adf\u00e9\u00adrentes, sinon oppo\u00ads\u00e9es au sio\u00adnisme, quoique le fon\u00adda\u00adteur des colo\u00adnies isra\u00e9\u00adlites de Pales\u00adtine soit un Rot\u00adschild fran\u00ad\u00e7ais. C\u2019est que pour les Isra\u00e9\u00adlites fran\u00ad\u00e7ais, le Juda\u00efsme n\u2019est qu\u2019une reli\u00adgion. Ils font ce qu\u2019ils peuvent pour que leurs \u00ab&nbsp;core\u00adli\u00adgion\u00adnaires&nbsp;\u00bb ne soient pas per\u00ads\u00e9\u00adcu\u00adt\u00e9s, mais ils ne con\u00e7oivent pas d\u2019autres m\u00e9thodes que la cr\u00e9a\u00adtion d\u2019\u00e9\u00adcoles, les inter\u00adven\u00adtions occultes aupr\u00e8s des gou\u00adver\u00adne\u00adments ou l\u2019\u00e9\u00admi\u00adgra\u00adtion. Se m\u00ealer de sio\u00adnisme ou de tout autre mou\u00adve\u00adment com\u00adpor\u00adtant un relent \u00ab&nbsp;natio\u00adnal juif&nbsp;\u00bb leur para\u00eet absurde et dan\u00adge\u00adreux pour tous et pour eux-m\u00eames. Cette pr\u00e9\u00adoc\u00adcu\u00adpa\u00adtion ne hante pas l\u2019es\u00adprit des juifs anglais ou am\u00e9\u00adri\u00adcains qui ne connaissent pas d\u2019an\u00adti\u00ads\u00e9\u00admi\u00adtisme dans leur propre pays.<\/p>\n<h2>Point de vue de la Conf\u00e9rence de la&nbsp;Paix<\/h2>\n<p>\u00c9mus par les souf\u00adfrances juives encore aggra\u00adv\u00e9es par la guerre, les d\u00e9l\u00e9\u00adgu\u00e9s des nations vic\u00adto\u00adrieuses ont vou\u00adlu pro\u00adfi\u00adter de la cr\u00e9a\u00adtion ou de l\u2019a\u00adgran\u00addis\u00adse\u00adment ter\u00adri\u00adto\u00adrial des \u00e9tats atteints par l\u2019an\u00adti\u00ads\u00e9\u00admi\u00adtisme pour leur impo\u00adser la renon\u00adcia\u00adtion \u00e0 ces pra\u00adtiques inadmissibles.<\/p>\n<p>Une ten\u00adta\u00adtive ana\u00adlogue au Congr\u00e8s de Ber\u00adlin, en 1878, a don\u00adn\u00e9 d\u2019ex\u00adcel\u00adlents r\u00e9sul\u00adtats par endroits, de d\u00e9tes\u00adtables ailleurs. La m\u00eame for\u00admule hon\u00adn\u00ea\u00adte\u00adment appli\u00adqu\u00e9e par la Ser\u00adbie, le Mon\u00adt\u00e9\u00adn\u00e9\u00adgro, la Bul\u00adga\u00adrie, la Gr\u00e8ce, a pra\u00adti\u00adque\u00adment r\u00e9so\u00adlu la ques\u00adtion juive dans ces pays. Mais en Rou\u00adma\u00adnie, l\u2019as\u00adtuce de Bra\u00adtia\u00adno, le p\u00e8re de l\u2019ac\u00adtuel ministre, a \u00e9lu\u00add\u00e9 les obli\u00adga\u00adtions impo\u00ads\u00e9es. Le fils s\u2019ap\u00adpr\u00ea\u00adtant \u00e0 mar\u00adcher sur les traces du p\u00e8re, il a fal\u00adlu cher\u00adcher d\u2019autres moyens. C\u2019est de cette n\u00e9ces\u00adsi\u00adt\u00e9, autant que de l\u2019in\u00adter\u00adpr\u00e9\u00adta\u00adtion natio\u00adna\u00adliste don\u00adn\u00e9e r\u00e9cem\u00adment \u00e0 la men\u00adta\u00adli\u00adt\u00e9 juive, qu\u2019est n\u00e9e la for\u00admule de l\u2019au\u00adto\u00adno\u00admie natio\u00adnale des mino\u00adri\u00adt\u00e9s juives. \u00c0 vrai dire, les d\u00e9ci\u00adsions de la Conf\u00e9\u00adrence ne donnent, jus\u00adqu\u2019\u00e0 pr\u00e9\u00adsent, aucune cons\u00e9\u00adcra\u00adtion offi\u00adcielle \u00e0 la \u00ab&nbsp;Natio\u00adna\u00adli\u00adt\u00e9 Juive&nbsp;\u00bb. Il r\u00e9sulte sim\u00adple\u00adment des condi\u00adtions impo\u00ads\u00e9es \u00e0 tous, et accep\u00adt\u00e9es jus\u00adqu\u2019i\u00adci seule\u00adment par la Pologne, que les juifs joui\u00adront th\u00e9o\u00adri\u00adque\u00adment de toutes les liber\u00adt\u00e9s, avec recours \u00e9ven\u00adtuel \u00e0 la Ligue des Nations, en cas de vio\u00adla\u00adtion des engagements.<\/p>\n<h2>secte, race ou nation&nbsp;?<\/h2>\n<p>Les diplo\u00admates de car\u00adri\u00e8re et les diplo\u00admates impro\u00advi\u00ads\u00e9s suent en ce moment sur cette ques\u00adtion juive qui, par\u00admi beau\u00adcoup d\u2019autres, leur pr\u00e9\u00adpare de graves m\u00e9comptes. Les uns et les autres font preuve d\u2019\u00e9\u00adtroi\u00adtesse d\u2019es\u00adprit en n\u2019en\u00advi\u00adsa\u00adgeant qu\u2019un c\u00f4t\u00e9 du pro\u00adbl\u00e8me&nbsp;; tous ont l\u2019es\u00adprit obs\u00e9\u00add\u00e9 par des mots ne s\u2019ap\u00adpli\u00adquant pas \u00e0 cette col\u00adlec\u00adti\u00advi\u00adt\u00e9 ori\u00adgi\u00adnale qu\u2019on appelle les&nbsp;juifs.<\/p>\n<p>Les juifs sont-ils une nation&nbsp;? Une secte reli\u00adgieuse&nbsp;? Selon qu\u2019on admet la pre\u00admi\u00e8re ou la deuxi\u00e8me hypo\u00adth\u00e8se, on offre une solu\u00adtion ou une autre. Or, ces deux hypo\u00adth\u00e8ses sont \u00e9ga\u00adle\u00adment fausses.<\/p>\n<p>La reli\u00adgion juive existe, les masses juives d\u2019O\u00adrient en font m\u00eame la r\u00e8gle quo\u00adti\u00addienne de leur vie, autant que les adeptes les plus atta\u00adch\u00e9s \u00e0 l\u2019une quel\u00adconque des reli\u00adgions exis\u00adtantes. Mais cela n\u2019est pas suf\u00adfi\u00adsant pour consi\u00add\u00e9\u00adrer tous les juifs comme n\u2019\u00e9\u00adtant rat\u00adta\u00adch\u00e9s \u00e0 la col\u00adlec\u00adti\u00advi\u00adt\u00e9 juive que par une foi reli\u00adgieuse. Nom\u00adbreux sont les juifs affran\u00adchis de toute croyance, ayant \u00e0 jamais aban\u00addon\u00adn\u00e9 toute pra\u00adtique reli\u00adgieuse. Ils se consi\u00add\u00e8rent cepen\u00addant comme \u00e9troi\u00adte\u00adment unis aux autres juifs, croyants ou non. Cette soli\u00adda\u00adri\u00adt\u00e9 agit sur leurs sen\u00adti\u00adments, sur leurs pen\u00ads\u00e9es, et se mani\u00adfeste \u00e0 l\u2019oc\u00adca\u00adsion vio\u00adlem\u00adment dans le monde entier, par\u00adtout o\u00f9 il y a des juifs, par des&nbsp;actes.<\/p>\n<p>Nous sommes donc en pr\u00e9\u00adsence d\u2019un fait prou\u00advant la vita\u00adli\u00adt\u00e9 d\u2019un lien puis\u00adsant qui unit, par-del\u00e0 les fron\u00adti\u00e8res, par-des\u00adsus les pr\u00e9\u00adju\u00adg\u00e9s de classes et de castes, des indi\u00advi\u00addus au nombre de phis de dix millions.<\/p>\n<p>Quelle est la nature de ce&nbsp;lien&nbsp;?<\/p>\n<p>La vieille diplo\u00adma\u00adtie, les juifs satis\u00adfaits du monde occi\u00adden\u00adtal, ferment volon\u00adtai\u00adre\u00adment les yeux et les oreilles \u00e0 l\u2019\u00e9\u00advi\u00addence, et pr\u00e9\u00adtendent qu\u2019il s\u2019a\u00adgit l\u00e0 d\u2019une religion.<\/p>\n<p>Viennent les repr\u00e9\u00adsen\u00adtants qua\u00adli\u00adfi\u00e9s des com\u00adpactes masses juives de Pologne et de Rus\u00adsie qui clament&nbsp;: \u00ab&nbsp;Nous sommes une Nation&nbsp;!&nbsp;\u00bb Ils ne se trompent pas moins lourdement.<\/p>\n<p>Il suf\u00adfit que les per\u00ads\u00e9\u00adcu\u00adtions anti\u00ads\u00e9\u00admites cessent dans un pays, que des droits \u00e0 peu pr\u00e8s \u00e9gaux soient accor\u00add\u00e9s aux juifs, pour qu\u2019ins\u00adtan\u00adta\u00adn\u00e9\u00adment, sou\u00advent m\u00eame avant, ils deviennent d\u2019ar\u00addents patriotes du pays qui les accueille. M\u00eame chas\u00ads\u00e9s d\u2019un pays, ils lui consacrent durant des si\u00e8cles une ten\u00addresse sp\u00e9\u00adciale, en cultivent la langue et la lit\u00adt\u00e9\u00adra\u00adture. Exemple&nbsp;: les juifs espa\u00adgnols qui, par\u00adtout, ont conser\u00adv\u00e9 pure la vieille langue cas\u00adtillane&nbsp;; et New York o\u00f9 les juifs forment une immense cit\u00e9 de plus d\u2019un mil\u00adlion d\u2019ha\u00adbi\u00adtants. Ils parlent tous une langue com\u00admune, le yidiche, mais se groupent sui\u00advant leur ori\u00adgine res\u00adpec\u00adtive, russe, polo\u00adnaise, rou\u00admaine, etc. Chaque groupe cultive la langue mater\u00adnelle, s\u2019in\u00adt\u00e9\u00adresse \u00e0 la patrie mar\u00e2tre qui les a pour\u00adtant reje\u00adt\u00e9s de son sein. L\u2019exemple des juifs alsa\u00adciens est encore plus typique. Autant que les Alsa\u00adciens catho\u00adliques et pro\u00adtes\u00adtants, ils ont refu\u00ads\u00e9, un demi-si\u00e8cle durant, toute assi\u00admi\u00adla\u00adtion avec les Alle\u00admands, et m\u00eame avec les juifs immi\u00adgr\u00e9s. En France, il est bien plus dif\u00adfi\u00adcile \u00e0 un juif immi\u00adgr\u00e9 de se faire admettre dans une famille juive indi\u00adg\u00e8ne que dans une famille non&nbsp;juive.<\/p>\n<p>Tout cela prouve que l\u2019am\u00adbiance natio\u00adnale cr\u00e9e, par\u00admi les juifs d\u2019un pays, un lien nul\u00adle\u00adment incom\u00adpa\u00adtible avec le lien unis\u00adsant les juifs par des\u00adsus les fron\u00adti\u00e8res, mais dif\u00adf\u00e9\u00adrent. Le sen\u00adti\u00adment natio\u00adnal com\u00adporte incon\u00adtes\u00adta\u00adble\u00adment l\u2019u\u00adni\u00adt\u00e9 ter\u00adri\u00adto\u00adriale et sur\u00adtout l\u2019u\u00adni\u00adt\u00e9 du milieu, de l\u2019am\u00adbiance spi\u00adri\u00adtuelle, une cer\u00adtaine com\u00admu\u00adnau\u00adt\u00e9 d\u2019in\u00adt\u00e9\u00adr\u00eats et d\u2019u\u00adsages impos\u00adsible \u00e0 r\u00e9a\u00adli\u00adser \u00e0 tra\u00advers le vaste monde. Vivre dans le m\u00eame pays, subir le m\u00eame cli\u00admat, se nour\u00adrir des pro\u00adduits de la m\u00eame terre, lire les m\u00eames jour\u00adnaux, rece\u00advoir le m\u00eame ensei\u00adgne\u00adment, tout cet ensemble d\u2019in\u00adfluences locales agit d\u2019une mani\u00e8re iden\u00adtique sur l\u2019es\u00adprit des hommes, juifs ou non, et contri\u00adbue \u00e0 cr\u00e9er un fonds com\u00admun de sen\u00adti\u00adments et d\u2019i\u00add\u00e9es d\u2019im\u00adpor\u00adtance fondamentale.<\/p>\n<p>Je ne m\u2019ar\u00adr\u00ea\u00adte\u00adrai pas long\u00adtemps \u00e0 dis\u00adcu\u00adter le pro\u00adbl\u00e8me de la race, ter\u00adrain glis\u00adsant o\u00f9 les Alle\u00admands se sont rom\u00adpu le cou. Pour ce qui est des juifs, il est ind\u00e9\u00adniable qu\u2019an\u00adthro\u00adpo\u00adlo\u00adgi\u00adque\u00adment un lien de sang les unit plus ou moins \u00e9troi\u00adte\u00adment depuis un nombre plus ou moins grand de g\u00e9n\u00e9\u00adra\u00adtions. Point n\u2019est besoin de remon\u00adter au d\u00e9luge pour en&nbsp;juger.<\/p>\n<p>Mais est-il donc n\u00e9ces\u00adsaire pour r\u00e9soudre le pro\u00adbl\u00e8me juif, de consi\u00add\u00e9\u00adrer comme d\u00e9mon\u00adtr\u00e9e telle ou telle hypo\u00adth\u00e8se&nbsp;? Faut-il abso\u00adlu\u00adment for\u00adcer la vie \u00e0 prendre les formes g\u00e9o\u00adm\u00e9\u00adtriques de nos d\u00e9fi\u00adni\u00adtions, four\u00adrer des indi\u00advi\u00addus ou des col\u00adlec\u00adti\u00advi\u00adt\u00e9s dans des cases pr\u00e9a\u00adla\u00adble\u00adment d\u00e9li\u00admi\u00adt\u00e9es, race, nation ou religion&nbsp;?<\/p>\n<h2>Droits des minorit\u00e9s<\/h2>\n<p>Il y a des juifs. On leur inflige, en dehors des souf\u00adfrances que les autres ont \u00e0 endu\u00adrer, un sup\u00adpl\u00e9\u00adment sou\u00advent atroce de mis\u00e8res imm\u00e9\u00adri\u00adt\u00e9es. Pour les faire entrer dans le \u00ab&nbsp;droit com\u00admun&nbsp;\u00bb, il suf\u00adfi\u00adrait d\u2019im\u00adpo\u00adser \u00e0 leurs per\u00ads\u00e9\u00adcu\u00adteurs l\u2019\u00e9\u00adga\u00adli\u00adt\u00e9 pour tous les habi\u00adtants, sans accep\u00adtion de cou\u00adleur, de race ou de religion.<\/p>\n<p>Mais nous voyons les Am\u00e9\u00adri\u00adcains, qui viennent don\u00adner \u00e0 l\u2019Eu\u00adrope des le\u00e7ons de morale, lyn\u00adcher les noirs et fer\u00admer leurs fron\u00adti\u00e8res aux jaunes. D\u2019autre part, les Rou\u00admains ont, nous l\u2019a\u00advons dit, \u00e9lu\u00add\u00e9 astu\u00adcieu\u00adse\u00adment l\u2019o\u00adbli\u00adga\u00adtion impo\u00ads\u00e9e en 1878 par le trai\u00adt\u00e9 de Ber\u00adlin, d\u2019ac\u00adcor\u00adder aux juifs les m\u00eames droits qu\u2019aux autres nationaux.<\/p>\n<p>Pour \u00e9vi\u00adter ces deux \u00e9cueils, on a trou\u00adv\u00e9 la belle inven\u00adtion des \u00ab&nbsp;Droits des Mino\u00adri\u00adt\u00e9s&nbsp;\u00bb. D\u00e9sor\u00admais, dans tous les pays anti\u00ads\u00e9\u00admites, les juifs for\u00adme\u00adront un noyau plus ou moins com\u00adpact d\u2019in\u00addi\u00advi\u00addus, dif\u00adf\u00e9\u00adrant com\u00adpl\u00e8\u00adte\u00adment des autres habi\u00adtants, an point que la majo\u00adri\u00adt\u00e9 et la mino\u00adri\u00adt\u00e9 s\u2019i\u00adgnorent \u00e0 peu pr\u00e8s tota\u00adle\u00adment, en dehors de quelques vagues rela\u00adtions mat\u00e9\u00adrielles ou com\u00admer\u00adciales. C\u2019est un ghet\u00adto moral soli\u00adde\u00adment \u00e9di\u00adfi\u00e9. Et ce r\u00e9sul\u00adtat a \u00e9t\u00e9 d\u00e9si\u00adr\u00e9 par les repr\u00e9\u00adsen\u00adtants qua\u00adli\u00adfi\u00e9s des juifs d\u2019Orient&nbsp;!<\/p>\n<p>Certes, nous ne sommes pas par\u00adti\u00adsans de l\u2019ho\u00admo\u00adg\u00e9\u00adn\u00e9i\u00adsa\u00adtion (qu\u2019on nous par\u00addonne ce n\u00e9o\u00adlo\u00adgisme) des hommes par l\u2019\u00c9\u00adtat tout-puis\u00adsant. Bien au contraire, vou\u00addrions-nous voir se mul\u00adti\u00adplier les grou\u00adpe\u00adments, les col\u00adlec\u00adti\u00advi\u00adt\u00e9s ayant leurs \u00e9coles, leurs ins\u00adti\u00adtu\u00adtions, leurs habi\u00adtudes propres. La \u00ab&nbsp;cen\u00adtra\u00adli\u00adsa\u00adtion \u00e9ta\u00adtiste de l\u2019en\u00adsei\u00adgne\u00adment prus\u00adsien&nbsp;\u00bb n\u2019est pas ce que nous pr\u00e9conisons.<\/p>\n<p>Les livres h\u00e9bra\u00efques repr\u00e9\u00adsentent une richesse que les \u00c9glises offi\u00adcielles ont reje\u00adt\u00e9e dans l\u2019ombre. On n\u2019ai\u00adme\u00adrait pas trop faire lire aux enfants que la terre n\u2019est pas une pro\u00adpri\u00e9\u00adt\u00e9 indi\u00advi\u00adduelle et qu\u2019elle doit faire retour \u00e0 la col\u00adlec\u00adti\u00advi\u00adt\u00e9 tous les cin\u00adquante ans.<\/p>\n<p>Quant aux impr\u00e9\u00adca\u00adtions des pro\u00adph\u00e8tes contre les riches, le jeune homme qui les r\u00e9ci\u00adte\u00adrait en public pas\u00adse\u00adrait un mau\u00advais quart d\u2019heure.<\/p>\n<p>Ce n\u2019est pas nous, encore une fois, qui ver\u00adrions un incon\u00adv\u00e9\u00adnient \u00e0 lais\u00adser toute liber\u00adt\u00e9 aux mino\u00adri\u00adt\u00e9s, natio\u00adnales ou autres, d\u2019or\u00adga\u00adni\u00adser comme bon leur semble leur ensei\u00adgne\u00adment aus\u00adsi bien que leurs \u0153uvres de soli\u00adda\u00adri\u00adt\u00e9. Mais pour conser\u00adver \u00e0 la civi\u00adli\u00adsa\u00adtion juive une ori\u00adgi\u00adna\u00adli\u00adt\u00e9 aus\u00adsi impr\u00e9\u00adgn\u00e9e d\u2019hu\u00admaine bon\u00adt\u00e9 et de r\u00e9volte contre toute auto\u00adri\u00adt\u00e9, il n\u2019est pas utile de l\u2019i\u00adso\u00adler au milieu de chaque nation. Culti\u00adver des tra\u00addi\u00adtions saines, en ce qu\u2019elles ne sont pas en contra\u00addic\u00adtion avec la rai\u00adson, n\u2019im\u00adplique pas la n\u00e9ces\u00adsi\u00adt\u00e9 de se sin\u00adgu\u00adla\u00adri\u00adser, de se dif\u00adf\u00e9\u00adren\u00adcier sys\u00adt\u00e9\u00adma\u00adti\u00adque\u00adment des coha\u00adbi\u00adtants par des pri\u00advi\u00adl\u00e8ges tels que l\u2019emploi d\u2019une langue autre que la langue natio\u00adnale jusque dans les actes offi\u00adciels (recon\u00adnais\u00adsance de la langue yidiche), l\u2019o\u00adbli\u00adga\u00adtion de res\u00adpec\u00adter le Sabat, au point que les \u00e9lec\u00adtions ne pour\u00adront pas avoir lieu le same\u00addi, ou encore, comme en Gr\u00e8ce, la facul\u00adt\u00e9 pour les Juifs seule\u00adment, de s\u2019exemp\u00adter du ser\u00advice mili\u00adtaire par le paie\u00adment d\u2019une rede\u00advance. Qui ne voit que ces dis\u00adtinc\u00adtions sont toutes g\u00e9n\u00e9\u00adra\u00adtrices de haines, qu\u2019elles seront trop ais\u00e9\u00adment exploi\u00adt\u00e9es pour per\u00adp\u00e9\u00adtuer le tra\u00adgique mal\u00aden\u00adten\u00addu entre juifs et non-juifs, et que l\u2019an\u00adti\u00ads\u00e9\u00admi\u00adtisme s\u2019en ser\u00advi\u00adra pour creu\u00adser plus pro\u00adfon\u00add\u00e9\u00adment le fos\u00ads\u00e9 qu\u2019il s\u2019a\u00adgit de combler.<\/p>\n<p>Au contraire, les juifs peuvent et doivent se m\u00ealer inti\u00adme\u00adment aux nations, \u00e0 toutes les nations, tout en conser\u00advant et en culti\u00advant ce qu\u2019il y a d\u2019hu\u00admain dans leur riche his\u00adtoire. Ce serait une perte pour eux et pour tous que de consa\u00adcrer par de sem\u00adblables mesures d\u2019ex\u00adcep\u00adtion l\u2019i\u00adso\u00adle\u00adment dans lequel ils ont \u00e9t\u00e9 enfer\u00adm\u00e9s par l\u2019ar\u00adro\u00adgance des boyards rou\u00admains, des hobe\u00adreaux polo\u00adnais et de la bureau\u00adcra\u00adtie russe et ce n\u2019est pas sup\u00adpri\u00admer le ghet\u00adto que d\u2019a\u00adme\u00adner, les juifs \u00e0 se grou\u00adper dans chaque \u00e9tat en mino\u00adri\u00adt\u00e9s natio\u00adnales (?) orga\u00adni\u00ads\u00e9es et capo\u00adra\u00adli\u00ads\u00e9es en vue des \u00e9lections.<\/p>\n<h2>La mentalit\u00e9 juive<\/h2>\n<p>Le juif, m\u00e9pri\u00ads\u00e9, humi\u00adli\u00e9 et frap\u00adp\u00e9 de toute mani\u00e8re, porte en lui la conscience d\u2019une grande sup\u00e9\u00adrio\u00adri\u00adt\u00e9 spi\u00adri\u00adtuelle sur ses bour\u00adreaux. Il lit beau\u00adcoup. Tous les Juifs savent lire, c\u2019est un peuple qui ne compte pas d\u2019illet\u00adtr\u00e9s depuis mille ans au moins. Depuis plus long\u00adtemps encore, le meurtre a \u00e9t\u00e9 abo\u00adli du cer\u00adveau juif. \u00c0 tort ou \u00e0 rai\u00adson, le juif est tr\u00e8s fier de ces deux stig\u00admates, l\u2019un intel\u00adlec\u00adtuel, l\u2019autre moral, qu\u2019il porte au front. Au sur\u00adplus, on ne voit jamais un juif ivre&nbsp;: la sobri\u00e9\u00adt\u00e9, la r\u00e9gu\u00adla\u00adri\u00adt\u00e9 aus\u00adt\u00e8re de la famille sont des carac\u00adt\u00e9\u00adris\u00adtiques vivaces de la men\u00adta\u00adli\u00adt\u00e9&nbsp;juive.<\/p>\n<p>Il y a une men\u00adta\u00adli\u00adt\u00e9 juive uni\u00adver\u00adselle, qui n\u2019est incom\u00adpa\u00adtible avec aucune civi\u00adli\u00adsa\u00adtion vrai\u00adment humaine, qui s\u2019a\u00addapte \u00e0 tous les milieux. Cette men\u00adta\u00adli\u00adt\u00e9 col\u00adlec\u00adtive tient du sen\u00adti\u00adment reli\u00adgieux, mais ne lui est pas assez sou\u00add\u00e9e pour ne pas sur\u00advivre \u00e0 son d\u00e9ta\u00adche\u00adment&nbsp;; elle est appa\u00adren\u00adt\u00e9e au sen\u00adti\u00adment natio\u00adnal, mais ne peut pas lui \u00eatre identifi\u00e9e.<\/p>\n<p>En v\u00e9ri\u00adt\u00e9, les masses juives sont pro\u00adfon\u00add\u00e9\u00adment atta\u00adch\u00e9es \u00e0 leurs tra\u00addi\u00adtions mil\u00adl\u00e9\u00adnaires. \u00c0 la base de ce tra\u00addi\u00adtio\u00adna\u00adlisme se trouve un riche sen\u00adti\u00adment liber\u00adtaire et \u00e9ga\u00adli\u00adtaire, r\u00e9frac\u00adtaire \u00e0 toute tyran\u00adnie, \u00e0 toute hi\u00e9\u00adrar\u00adchie, \u00e0 toute dis\u00adci\u00adpline impo\u00ads\u00e9e. La bon\u00adt\u00e9, la piti\u00e9 pour les faibles, pour les ani\u00admaux, l\u2019hor\u00adreur du meurtre, m\u00eame sur les ani\u00admaux, une soif ardente pour l\u2019\u00e9\u00adtude, une aspi\u00adra\u00adtion pas\u00adsion\u00adn\u00e9e vers la jus\u00adtice pour tous, voi\u00adl\u00e0 ce qui consti\u00adtue le fonds, le centre d\u2019at\u00adtrac\u00adtion du juda\u00efsme uni\u00adver\u00adsel. Ce n\u2019est pas en vain que durant des si\u00e8cles, tous les jours, les juifs ont cla\u00adm\u00e9 leurs invo\u00adca\u00adtions \u00e0 la Jus\u00adtice, \u00e0 la Bon\u00adt\u00e9, \u00e0 la Piti\u00e9. Il s\u2019en est trans\u00admis quelque chose m\u00eame \u00e0 ceux qui n\u2019ont jamais lu ces lamentations.<\/p>\n<p>Les aspi\u00adra\u00adtions des masses juives tendent, c\u2019est \u00e9vident, vers la cr\u00e9a\u00adtion d\u2019un \u00c9tat ind\u00e9\u00adpen\u00addant en Pales\u00adtine. Des cen\u00adtaines de mil\u00adliers de juifs n\u2019attendent qu\u2019un signal pour se ruer vers cette terre pro\u00admise, vers ce pays de leurs r\u00eaves. Mais la capa\u00adci\u00adt\u00e9 d\u2019ab\u00adsorp\u00adtion de la colo\u00adni\u00adsa\u00adtion pales\u00adti\u00adnienne sera de dix mille indi\u00advi\u00addus par an, \u00e0 condi\u00adtion que la Puis\u00adsance pro\u00adtec\u00adtrice l\u2019en\u00adcou\u00adrage plei\u00adne\u00adment. Ce chiffre repr\u00e9\u00adsente \u00e0 peine l\u2019ex\u00adc\u00e9\u00addent annuel des popu\u00adla\u00adtions juives opprim\u00e9es.<\/p>\n<p>La ques\u00adtion juive devra donc \u00eatre r\u00e9so\u00adlue sur&nbsp;place.<\/p>\n<p>Par quels moyens&nbsp;?<\/p>\n<h2>Conclusions<\/h2>\n<p>Com\u00adpa\u00adrer le juif, cet \u00eatre affi\u00adn\u00e9 par la pra\u00adtique inces\u00adsante de m\u00e9di\u00adta\u00adtions abs\u00adtraites, par la lec\u00adture, par les scru\u00adpules moraux, au rustre rou\u00admain, polo\u00adnais ou russe, c\u2019est com\u00adprendre de suite que le pre\u00admier ne puisse accep\u00adter comme un tr\u00e8s grand hon\u00adneur d\u2019\u00eatre \u00ab&nbsp;assi\u00admi\u00adl\u00e9&nbsp;\u00bb, \u00ab&nbsp;absor\u00adb\u00e9&nbsp;\u00bb, par le second. La dis\u00adtinc\u00adtion que le juif \u00e9ta\u00adblit entre lui-m\u00eame et le \u00ab&nbsp;Go\u00ef&nbsp;\u00bb n\u2019est vrai\u00adment pas de nature \u00e0 l\u2019in\u00adci\u00adter \u00e0 aban\u00addon\u00adner ses m\u0153urs s\u00e9cu\u00adlaires pour adop\u00adter celles des autres.<\/p>\n<p>Mais le pay\u00adsan inculte n\u2019est pas tout l\u2019O\u00adrient. Il y a dans les villes orien\u00adtales une mince cro\u00fbte de civi\u00adli\u00adsa\u00adtion occi\u00adden\u00adtale. L\u00e0, le contact est pos\u00adsible et serait pro\u00adfi\u00adtable aux deux par\u00adties, \u00e0 condi\u00adtion que rien ne vienne le trou\u00adbler. La liber\u00adt\u00e9, l\u2019\u00e9\u00adga\u00adli\u00adt\u00e9 com\u00adpl\u00e8tes, sin\u00adc\u00e8\u00adre\u00adment adop\u00adt\u00e9es et appli\u00adqu\u00e9es, auraient des avan\u00adtages cer\u00adtains pour tous. Mais le cal\u00adcul des gou\u00adver\u00adnants et la myo\u00adpie des diri\u00adgeants juifs s\u2019a\u00adcharnent au contraire \u00e0 \u00e9vi\u00adter ce libre com\u00admerce de deux men\u00adta\u00adli\u00adt\u00e9s compl\u00e9mentaires.<\/p>\n<p>Mettre brus\u00adque\u00adment les masses illet\u00adtr\u00e9es russes, polo\u00adnaises et rou\u00admaines au contact de ces grands lec\u00adteurs de livres et de jour\u00adnaux, de ces juifs assoif\u00adf\u00e9s de jus\u00adtice et qui veulent le para\u00addis ici-bas, voi\u00adl\u00e0 ce que tiennent \u00e0 \u00e9vi\u00adter les anti\u00ads\u00e9\u00admites et ce qu\u2019ils ont \u00e9vi\u00adt\u00e9 jus\u00adqu\u2019i\u00adci par les per\u00ads\u00e9\u00adcu\u00adtions et la calom\u00adnie. Les machia\u00advels de notre diplo\u00adma\u00adtie ont-ils \u00e9t\u00e9 obs\u00e9\u00add\u00e9s par la m\u00eame pr\u00e9\u00adoc\u00adcu\u00adpa\u00adtion&nbsp;? Tou\u00adjours est-il qu\u2019ils arrivent, gr\u00e2ce au sys\u00adt\u00e8me de l\u2019au\u00adto\u00adno\u00admie des mino\u00adri\u00adt\u00e9s juives, \u00e0 \u00e9vi\u00adter, eux aus\u00adsi, cette dan\u00adge\u00adreuse promiscuit\u00e9.<\/p>\n<p>Cer\u00adtains diri\u00adgeants juifs, se recru\u00adtant sur\u00adtout par\u00admi les rab\u00adbins et les poli\u00adti\u00adciens, redoutent ce contact pour la pure\u00adt\u00e9 des m\u0153urs juives, pour la conser\u00adva\u00adtion de la men\u00adta\u00adli\u00adt\u00e9 juive. Ce sont ceux-l\u00e0 qui s\u2019in\u00adg\u00e9\u00adnient \u00e9ga\u00adle\u00adment \u00e0 scel\u00adler les juifs dans le ghet\u00adto de \u00ab&nbsp;l\u2019au\u00adto\u00adno\u00admie nationale&nbsp;\u00bb.<\/p>\n<p>\u00c0 l\u2019ex\u00adcep\u00adtion des anti\u00ads\u00e9\u00admites stu\u00adpi\u00adde\u00adment but\u00adt\u00e9s, tous les hommes de bonne volon\u00adt\u00e9 sont d\u2019ac\u00adcord sur le but \u00e0 atteindre&nbsp;: r\u00e9a\u00adli\u00adser l\u2019\u00e9\u00adga\u00adli\u00adt\u00e9 com\u00adpl\u00e8te des juifs et des non juifs. C\u2019est dans le choix des moyens qu\u2019ap\u00adpa\u00adraissent les divergences.<\/p>\n<p>Les uns veulent la dis\u00adpa\u00adri\u00adtion, l\u2019ef\u00adfa\u00adce\u00adment de ce qui fait la carac\u00adt\u00e9\u00adris\u00adtique du juif, la fusion com\u00adpl\u00e8te. Uto\u00adpie irr\u00e9a\u00adli\u00adsable. Jamais le juif \u00e0 la civi\u00adli\u00adsa\u00adtion mil\u00adl\u00e9\u00adnaire ne se lais\u00adse\u00adra absor\u00adber par des peuples \u00e0 peine adolescents.<\/p>\n<p>D\u2019autres \u00e9rigent des murailles d\u2019i\u00adso\u00adle\u00adment autour du pr\u00e9\u00adcieux d\u00e9p\u00f4t des anc\u00eatres. Mais une civi\u00adli\u00adsa\u00adtion se cor\u00adrompt en crou\u00adpis\u00adsant&nbsp;; elle se for\u00adti\u00adfie, au contraire, au contact d\u2019autres civi\u00adli\u00adsa\u00adtions. S\u2019il s\u2019a\u00adgis\u00adsait de figer le juda\u00efsme dans les vieilles pra\u00adtiques tal\u00admu\u00addiques, on com\u00adpren\u00addrait la \u00ab&nbsp;s\u00e9pa\u00adra\u00adtion&nbsp;\u00bb. Autant nous approu\u00advons le juif fid\u00e8le \u00e0 la science h\u00e9bra\u00efque, qui en enseigne les beau\u00adt\u00e9s \u00e0 ses enfants, qui main\u00adtient la sobri\u00e9\u00adt\u00e9, la pure\u00adt\u00e9 des m\u0153urs, qui s\u2019in\u00adter\u00addit le meurtre m\u00eame d\u2019un ani\u00admal, autant nous jugeons d\u00e9tes\u00adtable toute mesure qui aurait pour r\u00e9sul\u00adtat l\u2019i\u00adso\u00adle\u00adment du juif par\u00admi les nations.<\/p>\n<p>Point n\u2019est besoin d\u2019au\u00adto\u00adno\u00admie natio\u00adnale pour culti\u00adver les m\u0153urs et la lit\u00adt\u00e9\u00adra\u00adture h\u00e9bra\u00efques. Ce n\u2019est pas non plus pour que les juifs pieux puissent prier en paix dans leurs temples, ou man\u00adger \u00e0 P\u00e2que le pain azyme du sou\u00adve\u00adnir, ou g\u00e9rer les \u00e9coles et les h\u00f4pi\u00adtaux juifs, qu\u2019il est indis\u00adpen\u00adsable de pro\u00adcla\u00admer l\u2019exis\u00adtence d\u2019une natio\u00adna\u00adli\u00adt\u00e9&nbsp;juive.<\/p>\n<p>Il appar\u00adtient aux gens clair\u00advoyants de r\u00e9soudre la ques\u00adtion juive dans un sens favo\u00adrable au pro\u00adgr\u00e8s humain. Les nou\u00advelles g\u00e9n\u00e9\u00adra\u00adtions juives devront apprendre la langue de leur pays et l\u2019h\u00e9\u00adbreu, \u00e0 l\u2019ex\u00adclu\u00adsion du jar\u00adgon. Les nou\u00advelles g\u00e9n\u00e9\u00adra\u00adtions non juives devront faire un pas vers le juif, regar\u00adder son \u00e2me sur le vif, et non pas \u00e0 tra\u00advers le prisme des calom\u00adnies ances\u00adtrales, ouvrir lar\u00adge\u00adment aux juifs les portes des \u00e9coles, des par\u00adle\u00adments, des offices, de toutes les car\u00adri\u00e8res, les accueillir dans leurs ami\u00adti\u00e9s, dans leurs grou\u00adpe\u00adments, dans leurs familles. Voi\u00adl\u00e0 qui fera davan\u00adtage pour la pros\u00adp\u00e9\u00adri\u00adt\u00e9 des peuples que les atro\u00adci\u00adt\u00e9s antis\u00e9mitiques.<\/p>\n<p>Mais en atten\u00addant que de part et d\u2019autre cet immense pro\u00adgr\u00e8s se r\u00e9a\u00adlise, il fau\u00addra, pen\u00addant long\u00adtemps, h\u00e9las&nbsp;! des mesures de pro\u00adtec\u00adtion inter\u00adna\u00adtio\u00adnales. Il ne suf\u00adfit pas de pro\u00adcla\u00admer l\u2019\u00e9\u00adga\u00adli\u00adt\u00e9 des juifs&nbsp;; il incombe \u00e0 la Soci\u00e9\u00adt\u00e9 des Nations de veiller \u00e0 ce que cette \u00e9ga\u00adli\u00adt\u00e9 entre dans le domaine des&nbsp;faits.<\/p>\n<p>Pour que les gou\u00adver\u00adne\u00adments int\u00e9\u00adres\u00ads\u00e9s ne per\u00ads\u00e9\u00adv\u00e8rent pas dans leurs anciens erre\u00adments, comme la Pologne l\u2019a mon\u00adtr\u00e9 par de r\u00e9cents pogroms, la Rou\u00adma\u00adnie, par sa r\u00e9sis\u00adtance obs\u00adti\u00adn\u00e9e, les Kolt\u00adchak, les Deni\u00adkine et autres par les mas\u00adsacres orga\u00adni\u00ads\u00e9s ou tol\u00e9\u00adr\u00e9s, l\u2019in\u00adter\u00adven\u00adtion r\u00e9it\u00e9\u00adr\u00e9e de la Ligue des Nations dans leurs affaires int\u00e9\u00adrieures s\u2019im\u00adpo\u00adse\u00adra continuellement.<\/p>\n<p>D\u2019autre part, si les Juifs, ob\u00e9is\u00adsants \u00e0 leurs mau\u00advais ber\u00adgers, se refusent \u00e0 user des pos\u00adsi\u00adbi\u00adli\u00adt\u00e9s de rap\u00adpro\u00adche\u00adment que les cir\u00adcons\u00adtances leur offrent, ils ne devront s\u2019en prendre qu\u2019\u00e0 eux-m\u00eames de la dure\u00adt\u00e9 de leur&nbsp;sort.<\/p>\n<p>D<sup>r<\/sup>&nbsp;L.F.<\/p>\n","protected":false},"excerpt":{"rendered":"<p>[[Cette \u00e9tude sera com\u00adpl\u00e9\u00adt\u00e9e par un article sur le Sio\u00adnisme.]] La solu\u00adtion que lui a don\u00adn\u00e9e la Conf\u00e9\u00adrence de la Paix, quoique ins\u00adpi\u00adr\u00e9e d\u2019une \u00e9vi\u00addente bonne volon\u00adt\u00e9, porte l\u2019empreinte de l\u2019empirisme et de l\u2019in\u00adco\u00adh\u00e9\u00adrence \u00e0 la mode. Les puis\u00adsants du jour ne sont pas seuls res\u00adpon\u00adsables de ces d\u00e9ci\u00adsions. Les prin\u00adci\u00adpaux int\u00e9\u00adres\u00ads\u00e9s, juifs et gouvernements&nbsp;[\u2026]<\/p>\n","protected":false},"author":1,"featured_media":0,"comment_status":"closed","ping_status":"closed","sticky":false,"template":"","format":"standard","meta":{"wp_typography_post_enhancements_disabled":false,"footnotes":""},"categories":[284],"tags":[],"ppma_author":[540],"class_list":["post-2254","post","type-post","status-publish","format-standard","hentry","category-les-temps-nouveaux-na3-15-septembre-1919"],"authors":[{"term_id":540,"user_id":1,"is_guest":0,"slug":"admin_3gikpwyf","display_name":"Vincent Dubuc","avatar_url":"https:\/\/secure.gravatar.com\/avatar\/d015720652c25fd2ced191ade86430094e1f288a17483713e3b34d26dea52507?s=96&d=mm&r=g","author_category":"","user_url":"https:\/\/la-presse-anarchiste.net","last_name":"Dubuc","first_name":"Vincent","job_title":"","description":""}],"_links":{"self":[{"href":"https:\/\/la-presse-anarchiste.net\/index.php\/wp-json\/wp\/v2\/posts\/2254","targetHints":{"allow":["GET"]}}],"collection":[{"href":"https:\/\/la-presse-anarchiste.net\/index.php\/wp-json\/wp\/v2\/posts"}],"about":[{"href":"https:\/\/la-presse-anarchiste.net\/index.php\/wp-json\/wp\/v2\/types\/post"}],"author":[{"embeddable":true,"href":"https:\/\/la-presse-anarchiste.net\/index.php\/wp-json\/wp\/v2\/users\/1"}],"replies":[{"embeddable":true,"href":"https:\/\/la-presse-anarchiste.net\/index.php\/wp-json\/wp\/v2\/comments?post=2254"}],"version-history":[{"count":0,"href":"https:\/\/la-presse-anarchiste.net\/index.php\/wp-json\/wp\/v2\/posts\/2254\/revisions"}],"wp:attachment":[{"href":"https:\/\/la-presse-anarchiste.net\/index.php\/wp-json\/wp\/v2\/media?parent=2254"}],"wp:term":[{"taxonomy":"category","embeddable":true,"href":"https:\/\/la-presse-anarchiste.net\/index.php\/wp-json\/wp\/v2\/categories?post=2254"},{"taxonomy":"post_tag","embeddable":true,"href":"https:\/\/la-presse-anarchiste.net\/index.php\/wp-json\/wp\/v2\/tags?post=2254"},{"taxonomy":"author","embeddable":true,"href":"https:\/\/la-presse-anarchiste.net\/index.php\/wp-json\/wp\/v2\/ppma_author?post=2254"}],"curies":[{"name":"wp","href":"https:\/\/api.w.org\/{rel}","templated":true}]}}