{"id":2263,"date":"2009-11-19T13:42:41","date_gmt":"2009-11-19T13:42:41","guid":{"rendered":"https:\/\/la-presse-anarchiste.net\/index.php\/2009\/11\/19\/circulaire-du-conseil-federal-espagnol-au-sujet-des-intrigues-de-paul-lafargue\/"},"modified":"2009-11-19T13:42:41","modified_gmt":"2009-11-19T13:42:41","slug":"circulaire-du-conseil-federal-espagnol-au-sujet-des-intrigues-de-paul-lafargue","status":"publish","type":"post","link":"https:\/\/la-presse-anarchiste.net\/index.php\/2009\/11\/19\/circulaire-du-conseil-federal-espagnol-au-sujet-des-intrigues-de-paul-lafargue\/","title":{"rendered":"Circulaire du Conseil f\u00e9d\u00e9ral espagnol au sujet des intrigues de Paul Lafargue"},"content":{"rendered":"<div class=\"pdfprnt-buttons pdfprnt-buttons-post pdfprnt-top-right\"><a href=\"https:\/\/la-presse-anarchiste.net\/index.php\/wp-json\/wp\/v2\/posts\/2263?print=pdf\" class=\"pdfprnt-button pdfprnt-button-pdf\" target=\"_blank\"><img decoding=\"async\" src=\"https:\/\/la-presse-anarchiste.net\/wp-content\/plugins\/pdf-print\/images\/pdf.png\" alt=\"image_pdf\" title=\"Afficher le PDF\"><\/a><a href=\"https:\/\/la-presse-anarchiste.net\/index.php\/wp-json\/wp\/v2\/posts\/2263?print=print\" class=\"pdfprnt-button pdfprnt-button-print\" target=\"_blank\"><img decoding=\"async\" src=\"https:\/\/la-presse-anarchiste.net\/wp-content\/plugins\/pdf-print\/images\/print.png\" alt=\"image_print\" title=\"Contenu imprim\u00e9\"><\/a><\/div><p>[[Article publi\u00e9 sans&nbsp;titre]]<\/p>\n<p>[(Nous rece\u00advons la cir\u00adcu\u00adlaire sui\u00advante, adres\u00ads\u00e9e par le Conseil f\u00e9d\u00e9\u00adral espa\u00adgnol \u00e0 toutes les Sec\u00adtions de cette r\u00e9gion:)]<\/p>\n<p>Com\u00adpa\u00adgnons,<\/p>\n<p>Dans notre cir\u00adcu\u00adlaire du 7 juillet nous vous indi\u00adquions l\u2019in\u00adfluence per\u00adverse et les ten\u00addances \u00e9mi\u00adnem\u00adment nui\u00adsibles de cer\u00adtains hommes qui, ne pou\u00advant s\u2019im\u00adpo\u00adser par la force, en appellent \u00e0 l\u2019in\u00adtrigue et \u00e0 la calomnie.<\/p>\n<p>La <i>Eman\u00adci\u00adpa\u00adcion<\/i> de Madrid, qui a le cynisme de s\u2019ap\u00adpe\u00adler le d\u00e9fen\u00adseur de l\u2019In\u00adter\u00adna\u00adtio\u00adnale, tan\u00addis que le plus grand nombre de ses r\u00e9dac\u00adteurs ont \u00e9t\u00e9 expul\u00ads\u00e9s de la Sec\u00adtion des m\u00e9tiers divers de la F\u00e9d\u00e9\u00adra\u00adtion de Madrid, comme tra\u00eetres au pro\u00adgramme qu\u2019ils avaient sign\u00e9, et que les autres ne font pas par\u00adtie de notre Asso\u00adcia\u00adtion&nbsp;; ces hommes, disons-nous, ont lan\u00adc\u00e9 dans leur num\u00e9\u00adro 59 tout le venin qu\u2019il leur a \u00e9t\u00e9 pos\u00adsible, d\u00e9mon\u00adtrant une fois de plus quel est l\u2019<i>hono\u00adrable<\/i> but qu\u2019ils se pro\u00adposent et qui n\u2019est autre que la d\u00e9sor\u00adga\u00adni\u00adsa\u00adtion de l\u2019Internationale.<\/p>\n<p>C\u2019est avec r\u00e9pu\u00adgnance que nous nous voyons obli\u00adg\u00e9s de r\u00e9pondre aux graves accu\u00adsa\u00adtions que lance contre nous ce jour\u00adnal, organe des ten\u00addances <i>com\u00admu\u00adnistes-auto\u00adri\u00adtaires<\/i> qui dominent dans ce Conseil g\u00e9n\u00e9\u00adral qui, selon l\u2019ex\u00adpres\u00adsion du bour\u00adgeois Lafargue, est men\u00e9 par son beau-p\u00e8re Karl&nbsp;Marx.<\/p>\n<p>Les r\u00e9dac\u00adteurs de la <i>Eman\u00adci\u00adpa\u00adcion<\/i>, dans leur col\u00e8re, nous accusent d\u2019in\u00adjus\u00adtice, et cela pr\u00e9\u00adci\u00ads\u00e9\u00adment parce que nous n\u2019a\u00advons pas vou\u00adlu vio\u00adler l\u2019ar\u00adticle 8 des Sta\u00adtuts de la F\u00e9d\u00e9\u00adra\u00adtion r\u00e9gio\u00adnale espa\u00adgnole, qui consacre l\u2019au\u00adto\u00adno\u00admie des F\u00e9d\u00e9\u00adra\u00adtions locales&nbsp;; elle nous attaque parce que nous n\u2019a\u00advons jamais consen\u00adti \u00e0 ce que cer\u00adtaines indi\u00advi\u00addua\u00adli\u00adt\u00e9s s\u2019im\u00adposent \u00e0 nous, en d\u00e9pit de toutes leurs intrigues, les\u00adquelles, \u00e0 dire vrai, com\u00adpa\u00adgnons, m\u00e9ri\u00adte\u00adraient une qua\u00adli\u00adfi\u00adca\u00adtion beau\u00adcoup plus&nbsp;dure.<\/p>\n<p>Nous le d\u00e9cla\u00adrons aux r\u00e9dac\u00adteurs du jour\u00adnal en ques\u00adtion, aux membres du Conseil g\u00e9n\u00e9\u00adral, \u00e0 tous ceux qui nous menacent et nous inju\u00adrient, que le Conseil f\u00e9d\u00e9\u00adral de la r\u00e9gion espa\u00adgnole ne se lais\u00adse\u00adra domi\u00adner par per\u00adsonne, et que ses membres n\u2019ap\u00adpar\u00adtiennent pas \u00e0 cette cat\u00e9\u00adgo\u00adrie d\u2019in\u00addi\u00advi\u00addus <i>\u00e0 qui il suf\u00adfit d\u2019un seul sou\u00adper pour chan\u00adger d\u2019o\u00adpi\u00adnion<\/i>. Nous avons trop la conscience de notre mis\u00adsion et le sen\u00adti\u00adment de notre digni\u00adt\u00e9&nbsp;; et les d\u00e9l\u00e9\u00adgu\u00e9s au Congr\u00e8s de Sara\u00adgosse en ont d\u00e9j\u00e0 don\u00adn\u00e9 la preuve \u00e0 l\u2019homme funeste qui trouble cette r\u00e9gion, au dis\u00adsi\u00adpa\u00adteur des larmes et du sang des esclaves blancs et noirs, au bour\u00adgeois Paul Lafargue. Les d\u00e9l\u00e9\u00adgu\u00e9s, en pas\u00adsant par Madrid, furent invi\u00adt\u00e9s \u00e0 sou\u00adper chez ce Mon\u00adsieur&nbsp;; l\u00e0 on cher\u00adcha \u00e0 s\u00e9duire deux membres de notre Conseil, l\u00e0 on pro\u00adpo\u00adsa de faire para\u00eetre la <i>Eman\u00adci\u00adpa\u00adcion<\/i> au lieu de la r\u00e9si\u00addence du nou\u00adveau Conseil, qui aurait pas\u00ads\u00e9 pour \u00eatre en m\u00eame temps le conseil de r\u00e9dac\u00adtion de ce jour\u00adnal, tan\u00addis qu\u2019eux, Lafargue et ses amis, l\u2019au\u00adraient r\u00e9di\u00adg\u00e9 en r\u00e9a\u00adli\u00adt\u00e9, c\u2019est-\u00e0-dire nous auraient envoy\u00e9 de Madrid les articles tout faits, pen\u00addant que nous aurions jou\u00e9 le r\u00f4le d\u2019\u00e9\u00addi\u00adteurs res\u00adpon\u00adsables de leurs intrigues&nbsp;; ils cher\u00adchaient de cette mani\u00e8re \u00e0 s\u2019im\u00adpo\u00adser \u00e0 tous, en un mot de faire de nous leurs dupes. Par tout ce qui fut dit l\u00e0, et par les habiles man\u0153uvres qu\u2019ils ont mises en pra\u00adtique, nous nous sommes convain\u00adcus de ce qu\u2019ils sont en r\u00e9a\u00adli\u00adt\u00e9 et de leurs funestes tendances.<\/p>\n<p>Com\u00adpa\u00adgnons de mis\u00e8re et tra\u00advailleurs comme nous&nbsp;! jus\u00adqu\u2019i\u00adci nous avons obser\u00adv\u00e9 \u00e0 ce sujet une pru\u00addente r\u00e9serve, et nous croyons avoir bien fait&nbsp;; mais aujourd\u2019\u00adhui nous avons le devoir de vous r\u00e9v\u00e9\u00adler tout ce qui s\u2019est pas\u00ads\u00e9, et de vous dire que dans ce <i>m\u00e9mo\u00adrable sou\u00adper<\/i> nous avons pu nous convaincre d\u2019une mani\u00e8re cer\u00adtaine que ce sont les hommes de la <i>Eman\u00adci\u00adpa\u00adtion<\/i>, et ceux-l\u00e0 seuls, qui vou\u00addraient por\u00adter atteinte aux prin\u00adcipes anar\u00adchiques et col\u00adlec\u00adti\u00advistes pro\u00adcla\u00adm\u00e9s dans nos Congr\u00e8s et dans la Conf\u00e9\u00adrence de Valence&nbsp;; et qu\u2019ils sont capables de tout, ayant vu que nous avons mis un frein \u00e0 leur auto\u00adri\u00adta\u00adrisme et que nous avons m\u00e9pri\u00ads\u00e9 les injures qu\u2019ils ont adres\u00ads\u00e9es \u00e0 des com\u00adpa\u00adgnons hono\u00adrables et dignes, qu\u2019ils conti\u00adnuent aujourd\u2019\u00adhui \u00e0 atta\u00adquer et \u00e0 calom\u00adnier d\u2019une mani\u00e8re d\u00e9go\u00fbtante.<\/p>\n<p>Nous le d\u00e9cla\u00adrons bien haut \u00e0 M.&nbsp;Lafargue et \u00e0 ses amis par\u00adti\u00adcu\u00adliers&nbsp;; nous le d\u00e9cla\u00adrons \u00e0 tous ceux qui conspirent contre le pro\u00adl\u00e9\u00adta\u00adriat,\u200a\u2014\u200aque la R\u00e9gion espa\u00adgnole n\u2019a\u00addopte pas les doc\u00adtrines de ces com\u00admu\u00adnistes d\u00e9gui\u00ads\u00e9s qui veulent <i>la des\u00adtruc\u00adtion du r\u00e9gime capi\u00adta\u00adliste par la conqu\u00eate du pou\u00advoir poli\u00adtique<\/i>&nbsp;; qu\u2019elle ne veut pas de la <i>cen\u00adtra\u00adli\u00adsa\u00adtion<\/i>, pr\u00ea\u00adch\u00e9e d\u2019une mani\u00e8re hypo\u00adcrite par la <i>Eman\u00adci\u00adpa\u00adcion<\/i> dans la s\u00e9rie d\u2019ar\u00adticles inti\u00adtu\u00adl\u00e9s <i>Orga\u00adni\u00adsa\u00adtion du tra\u00advail<\/i>, o\u00f9 on attaque la libre contrac\u00adta\u00adtion, c\u2019est-\u00e0-dire la grande for\u00admule adop\u00adt\u00e9e par la Conf\u00e9\u00adrence de Valence.<\/p>\n<p>Et ensuite, ceux qui hier encore d\u00e9fen\u00addaient cha\u00adleu\u00adreu\u00adse\u00adment les m\u00eames prin\u00adcipes que nous, ont os\u00e9 par\u00adler de tra\u00adhi\u00adson&nbsp;! Ils ont os\u00e9 nous accu\u00adser <i>de nous \u00eatre ven\u00addus \u00e0 ces hommes qui re\u00e7oivent la consigne du Comi\u00adt\u00e9 \u00e9ta\u00adbli en Suisse et qui lui ob\u00e9issent aveu\u00adgl\u00e9\u00adment&nbsp;!<\/i> Voi\u00adl\u00e0 ce qu\u2019osent dire ces hommes qui savent mieux que nous les\u00adquels ob\u00e9issent \u00e0 la <i>consigne<\/i>, aux <i>man\u0153uvres<\/i> et aux <i>intrigues<\/i> qui s\u2019\u00e9\u00adla\u00adborent dans le cabi\u00adnet royal de M.&nbsp;Marx, et qui sont l\u2019u\u00adnique passe-temps du <i>grand pon\u00adtife<\/i> et de ses satel\u00adlites, passe-temps plus agr\u00e9able et plus digne \u00e0 leurs yeux que la situa\u00adtion dans laquelle se trouvent pla\u00adc\u00e9s ceux qu\u2019ils calomnient.<\/p>\n<p>Accu\u00adsez-nous donc, r\u00e9dac\u00adteurs de la <i>Eman\u00adci\u00adpa\u00adcion<\/i>, d\u2019\u00eatre des <i>allian\u00adcistes<\/i>, vous qui jadis recom\u00adman\u00addiez l\u2019or\u00adga\u00adni\u00adsa\u00adtion de cette m\u00eame <i>Alliance<\/i>&nbsp;; vous qui, dans une cir\u00adcu\u00adlaire envoy\u00e9e seule\u00adment \u00e0 ceux que vous en jugiez dignes, exal\u00adtiez l\u2019ex\u00adcel\u00adlence de cette m\u00eame <i>Alliance<\/i> que vous atta\u00adquez aujourd\u2019\u00adhui, vous effor\u00ad\u00e7ant de faire croire que vous aviez \u00e9t\u00e9 trom\u00adp\u00e9s, et que c\u2019est pour cela que vous avez ensuite <i>ordon\u00adn\u00e9<\/i>, par cir\u00adcu\u00adlaire, la dis\u00adso\u00adlu\u00adtion de l\u2019<i>Alliance<\/i>. Dans cette m\u00eame cir\u00adcu\u00adlaire, vous lan\u00adciez d\u00e9j\u00e0 contre un de nos com\u00adpa\u00adgnons des calom\u00adnies que le temps et les faits se sont char\u00adg\u00e9s de d\u00e9mentir.<\/p>\n<p>Non, nous n\u2019ap\u00adpar\u00adte\u00adnons \u00e0 aucune autre orga\u00adni\u00adsa\u00adtion qu\u2019\u00e0 celle adop\u00adt\u00e9e par la F\u00e9d\u00e9\u00adra\u00adtion espa\u00adgnole&nbsp;; nous pou\u00advons l\u2019af\u00adfir\u00admer hau\u00adte\u00adment, et nous disons plus&nbsp;: s\u2019il existe un groupe qui porte atteinte \u00e0 l\u2019or\u00adga\u00adni\u00adsa\u00adtion et aux prin\u00adcipes de la F\u00e9d\u00e9\u00adra\u00adtion espa\u00adgnole, c\u2019est celui que forme le Conseil de r\u00e9dac\u00adtion de la <i>Eman\u00adci\u00adpa\u00adcion<\/i>, dont les membres, dans leur majo\u00adri\u00adt\u00e9, ont \u00e9t\u00e9 pour leur per\u00adni\u00adcieuse conduite expul\u00ads\u00e9s de la f\u00e9d\u00e9\u00adra\u00adtion de Madrid.<\/p>\n<p>Vous pr\u00e9\u00adten\u00addez aus\u00adsi que le com\u00adpa\u00adgnon Loren\u00adzo, secr\u00e9\u00adtaire de notre Conseil, <i>ne pou\u00advant r\u00e9sis\u00adter aux intrigues et aux man\u0153uvres des alli\u00e9s, s\u2019est s\u00e9pa\u00adr\u00e9 de nous<\/i>&nbsp;; en r\u00e9ponse \u00e0 cela, nous avons le devoir de d\u00e9cla\u00adrer que, si quelque chose pou\u00advait avoir influ\u00e9 sur sa d\u00e9ter\u00admi\u00adna\u00adtion, ce serait assu\u00adr\u00e9\u00adment votre conduite doc\u00adtri\u00adnaire&nbsp;; car, en nous quit\u00adtant pour ren\u00adtrer dans la vie pri\u00adv\u00e9e, il a \u00e9crit un acte d\u2019adh\u00e9\u00adsion \u00e0 la pro\u00adtes\u00adta\u00adtion publi\u00e9e par la <i>Razon<\/i> de S\u00e9ville contre la lettre de Lafargue, et une autre pi\u00e8ce dans laquelle il d\u00e9clare \u00eatre oppose \u00e0 la conduite doc\u00adtri\u00adnaire de la <i>Eman\u00adci\u00adpa\u00adcion<\/i>. C\u2019est vous et non pas nous, vous le savez bien, qui \u00eates cause de sa retraite.<\/p>\n<p>Enfin, nous avons le devoir d\u2019ap\u00adpe\u00adler l\u2019at\u00adten\u00adtion de tous les f\u00e9d\u00e9\u00adr\u00e9s de la R\u00e9gion espa\u00adgnole sur l\u2019in\u00adten\u00adtion qui a dic\u00adt\u00e9 la pro\u00adpo\u00adsi\u00adtion publi\u00e9e dans la <i>Eman\u00adci\u00adpa\u00adcion<\/i>, deman\u00addant <i>qu\u2019il soit nom\u00adm\u00e9 un d\u00e9l\u00e9\u00adgu\u00e9 par comar\u00adca [[Le F\u00e9d\u00e9\u00adra\u00adtion espa\u00adgnole est divi\u00ads\u00e9e en cinq <i>comar\u00adcas<\/i> ou ter\u00adri\u00adtoires&nbsp;: celle du Nord, de l\u2019Ouest, du Sud, de l\u2019Est et du Centre.]] et que ces d\u00e9l\u00e9\u00adgu\u00e9s se r\u00e9unissent \u00e0 Valence<\/i>.<\/p>\n<p>Tout ce que nous venons d\u2019ex\u00adpo\u00adser, nous le sou\u00admet\u00adtons au juge\u00adment de tous les inter\u00adna\u00adtio\u00adnaux de la R\u00e9gion espa\u00adgnole, pour qu\u2019ils sachent en r\u00e9a\u00adli\u00adt\u00e9 quels sont ceux qui minent l\u2019In\u00adter\u00adna\u00adtio\u00adnale et qui vou\u00addraient s\u2019im\u00adpo\u00adser \u00e0&nbsp;nous.<\/p>\n<p>Nous ne r\u00e9pon\u00addrons pas en d\u00e9tail \u00e0 bien d\u2019autres calom\u00adnies, parce que l\u2019ac\u00adcom\u00adplis\u00adse\u00adment de notre devoir nous en emp\u00eache, et en m\u00eame temps parce que ce serait trop nous occu\u00adper des intrigues d\u2019un jour\u00adnal bour\u00adgeois d\u00e9gui\u00ads\u00e9 en inter\u00adna\u00adtio\u00adnal&nbsp;; nos seuls actes suf\u00adfisent pour les d\u00e9mentir.<\/p>\n<p>Com\u00adpa\u00adgnons, Nous ne pour\u00adrions consen\u00adtir \u00e0 nous faire les ins\u00adtru\u00adments aveugles de gens qui n\u2019ont d\u2019in\u00adter\u00adna\u00adtio\u00adnal que le nom&nbsp;; soyons unis, aujourd\u2019\u00adhui plus que jamais, pour nous d\u00e9li\u00advrer de nos enne\u00admis&nbsp;; que tous les bons inter\u00adna\u00adtio\u00adnaux d\u00e9fendent avec \u00e9ner\u00adgie les prin\u00adcipes pro\u00adcla\u00adm\u00e9s par notre F\u00e9d\u00e9\u00adra\u00adtion r\u00e9gio\u00adnale, et de cette mani\u00e8re nous r\u00e9us\u00adsi\u00adrons \u00e0 reje\u00adter de notre sein la ziza\u00adnie et les maux que vou\u00addraient y semer nos adversaires.<\/p>\n<p>Com\u00adpa\u00adgnons. En pr\u00e9\u00adsence des graves accu\u00adsa\u00adtions lan\u00adc\u00e9es contre nous et qui attei\u00adgnaient en m\u00eame temps notre F\u00e9d\u00e9\u00adra\u00adtion r\u00e9gio\u00adnale, nous avons \u00e9t\u00e9 obli\u00adg\u00e9s de r\u00e9pondre. Pro\u00adnon\u00adcez main\u00adte\u00adnant vous-m\u00eames si nous avons oui ou non accom\u00adpli notre devoir, car votre silence sur une si grave ques\u00adtion serait la source de mal\u00adheurs impos\u00adsibles \u00e0 r\u00e9parer.<\/p>\n<p>Vive l\u2019As\u00adso\u00adcia\u00adtion inter\u00adna\u00adtio\u00adnale des travailleurs&nbsp;!<br>\n<br>Vive l\u2019a\u00adnar\u00adchie&nbsp;!<br>\n<br>Vive le collectivisme&nbsp;!<br>\n<br>Salut et liqui\u00adda\u00adtion sociale.<\/p>\n<p>Valence, le 30 juillet 1872.<\/p>\n<p>Le Conseil f\u00e9d\u00e9\u00adral espa\u00adgnol&nbsp;: Le tr\u00e9\u00adso\u00adrier, Vicente Rosell, tis\u00adseur en soie. Le contr\u00f4\u00adleur, Vicente Torres, libraire. Le secr\u00e9\u00adtaire \u00e9co\u00adno\u00admique, Vicente Asen\u00adsi, \u00e9b\u00e9\u00adniste. Le secr\u00e9\u00adtaire cor\u00adres\u00adpon\u00addant de la comar\u00adca du Nord, Per\u00adegrin Mon\u00adto\u00adro, tis\u00adseur en soie. Le secr\u00e9\u00adtaire cor\u00adres\u00adpon\u00addant de la comar\u00adca du Sud, Seve\u00adri\u00adno Albar\u00adra\u00adcin, ins\u00adti\u00adtu\u00adteur pri\u00admaire. Le secr\u00e9\u00adtaire g\u00e9n\u00e9\u00adral par int\u00e9\u00adrim et cor\u00adres\u00adpon\u00addant de la comar\u00adca de l\u2019Est, Fran\u00adcis\u00adco Tom\u00e0s, ma\u00e7on. Le secr\u00e9\u00adtaire cor\u00adres\u00adpon\u00addant de la comar\u00adca de l\u2019Ouest, Caye\u00adta\u00adno Mar\u00adti, tailleur de pierres. Le secr\u00e9\u00adtaire cor\u00adres\u00adpon\u00addant de la comar\u00adca du Centre, Fran\u00adco Mar\u00adti\u00adnez, teinturier.&nbsp;<\/p>\n","protected":false},"excerpt":{"rendered":"<p>[[Article publi\u00e9 sans&nbsp;titre]] [(Nous rece\u00advons la cir\u00adcu\u00adlaire sui\u00advante, adres\u00ads\u00e9e par le Conseil f\u00e9d\u00e9\u00adral espa\u00adgnol \u00e0 toutes les Sec\u00adtions de cette r\u00e9gion:)] Com\u00adpa\u00adgnons, Dans notre cir\u00adcu\u00adlaire du 7 juillet nous vous indi\u00adquions l\u2019in\u00adfluence per\u00adverse et les ten\u00addances \u00e9mi\u00adnem\u00adment nui\u00adsibles de cer\u00adtains hommes qui, ne pou\u00advant s\u2019im\u00adpo\u00adser par la force, en appellent \u00e0 l\u2019in\u00adtrigue et \u00e0&nbsp;la&nbsp;[\u2026]<\/p>\n","protected":false},"author":1,"featured_media":0,"comment_status":"closed","ping_status":"closed","sticky":false,"template":"","format":"standard","meta":{"wp_typography_post_enhancements_disabled":false,"footnotes":""},"categories":[138],"tags":[],"ppma_author":[540],"class_list":["post-2263","post","type-post","status-publish","format-standard","hentry","category-bulletin-de-la-federation-jurassienne-n14-1er-aout-1872"],"authors":[{"term_id":540,"user_id":1,"is_guest":0,"slug":"admin_3gikpwyf","display_name":"Vincent Dubuc","avatar_url":"https:\/\/secure.gravatar.com\/avatar\/d015720652c25fd2ced191ade86430094e1f288a17483713e3b34d26dea52507?s=96&d=mm&r=g","author_category":"","user_url":"https:\/\/la-presse-anarchiste.net","last_name":"Dubuc","first_name":"Vincent","job_title":"","description":""}],"_links":{"self":[{"href":"https:\/\/la-presse-anarchiste.net\/index.php\/wp-json\/wp\/v2\/posts\/2263","targetHints":{"allow":["GET"]}}],"collection":[{"href":"https:\/\/la-presse-anarchiste.net\/index.php\/wp-json\/wp\/v2\/posts"}],"about":[{"href":"https:\/\/la-presse-anarchiste.net\/index.php\/wp-json\/wp\/v2\/types\/post"}],"author":[{"embeddable":true,"href":"https:\/\/la-presse-anarchiste.net\/index.php\/wp-json\/wp\/v2\/users\/1"}],"replies":[{"embeddable":true,"href":"https:\/\/la-presse-anarchiste.net\/index.php\/wp-json\/wp\/v2\/comments?post=2263"}],"version-history":[{"count":0,"href":"https:\/\/la-presse-anarchiste.net\/index.php\/wp-json\/wp\/v2\/posts\/2263\/revisions"}],"wp:attachment":[{"href":"https:\/\/la-presse-anarchiste.net\/index.php\/wp-json\/wp\/v2\/media?parent=2263"}],"wp:term":[{"taxonomy":"category","embeddable":true,"href":"https:\/\/la-presse-anarchiste.net\/index.php\/wp-json\/wp\/v2\/categories?post=2263"},{"taxonomy":"post_tag","embeddable":true,"href":"https:\/\/la-presse-anarchiste.net\/index.php\/wp-json\/wp\/v2\/tags?post=2263"},{"taxonomy":"author","embeddable":true,"href":"https:\/\/la-presse-anarchiste.net\/index.php\/wp-json\/wp\/v2\/ppma_author?post=2263"}],"curies":[{"name":"wp","href":"https:\/\/api.w.org\/{rel}","templated":true}]}}