{"id":2277,"date":"1888-01-01T00:07:47","date_gmt":"1888-01-01T00:07:47","guid":{"rendered":"https:\/\/la-presse-anarchiste.net\/index.php\/2010\/01\/15\/la-decadence-bourgeoise-6\/"},"modified":"2024-05-01T07:37:11","modified_gmt":"2024-05-01T07:37:11","slug":"la-decadence-bourgeoise-6","status":"publish","type":"post","link":"https:\/\/la-presse-anarchiste.net\/index.php\/1888\/01\/01\/la-decadence-bourgeoise-6\/","title":{"rendered":"La d\u00e9cadence bourgeoise"},"content":{"rendered":"<div class=\"pdfprnt-buttons pdfprnt-buttons-post pdfprnt-top-right\"><a href=\"https:\/\/la-presse-anarchiste.net\/index.php\/wp-json\/wp\/v2\/posts\/2277?print=pdf\" class=\"pdfprnt-button pdfprnt-button-pdf\" target=\"_blank\"><img decoding=\"async\" src=\"https:\/\/la-presse-anarchiste.net\/wp-content\/plugins\/pdf-print\/images\/pdf.png\" alt=\"image_pdf\" title=\"Afficher le PDF\"><\/a><a href=\"https:\/\/la-presse-anarchiste.net\/index.php\/wp-json\/wp\/v2\/posts\/2277?print=print\" class=\"pdfprnt-button pdfprnt-button-print\" target=\"_blank\"><img decoding=\"async\" src=\"https:\/\/la-presse-anarchiste.net\/wp-content\/plugins\/pdf-print\/images\/print.png\" alt=\"image_print\" title=\"Contenu imprim\u00e9\"><\/a><\/div><p style=\"text-align: justify;\">Il en a \u00e9t\u00e9 de m\u00eame pour les conven\u00adtion\u00adnels. Au d\u00e9but, ils sup\u00adpriment la royau\u00adt\u00e9, mais, mal\u00adgr\u00e9 cela, se croient, eux, indis\u00adpen\u00adsables au bon\u00adheur de la France&nbsp;; alors chaque intel\u00adli\u00adgence, secon\u00add\u00e9e par des intel\u00adli\u00adgences moins brillantes ou moins auda\u00adcieuses, forme un par\u00adti, cherche \u00e0 d\u00e9truire toutes celles qui ne se rangent pas sous son sceptre et \u00e0 conqu\u00e9\u00adrir la dictature.<\/p>\n<p style=\"text-align: justify;\">De l\u00e0 une oli\u00adgar\u00adchie cr\u00e9\u00e9e pour le bon fonc\u00adtion\u00adne\u00adment de la meilleure expres\u00adsion des parlements.<\/p>\n<p style=\"text-align: justify;\">Puis, peu \u00e0 peu, la cor\u00adrup\u00adtion gagne les l\u00e9gi\u00adf\u00e9\u00adrants&nbsp;: ils sont des\u00adpotes par int\u00e9\u00adr\u00eat ou ambi\u00adtion,\u200a\u2014\u200ac\u2019est l\u2019ex\u00adpres\u00adsion ordi\u00adnaire des assem\u00adbl\u00e9es l\u00e9gislatives.<\/p>\n<p style=\"text-align: justify;\">La Conven\u00adtion a pas\u00ads\u00e9 par ces deux phases, qui, dans leurs effets, sont presque sem\u00adblables. Nous en avons subi et en subis\u00adsons encore les cons\u00e9\u00adquences&nbsp;; pour\u00adquoi cela ne d\u00e9tourne-t-il pas la masse du gou\u00adver\u00adne\u00admen\u00adta\u00adlisme dont elle est si enti\u00adch\u00e9e&nbsp;? Pourquoi?\u2026<\/p>\n<h5 style=\"text-align: center;\">III<\/h5>\n<p style=\"text-align: justify;\">Le nou\u00adveau r\u00e9gime se com\u00adpo\u00adsait de cinq direc\u00adteurs, d\u2019un conseil des Cinq-cents et d\u2019un conseil des Anciens. \u00c0 cette \u00e9poque, Bab\u0153uf fai\u00adsait une active pro\u00adpa\u00adgande com\u00admu\u00adniste avec son jour\u00adnal <i>Le Tri\u00adbun du Peuple<\/i>. C\u2019\u00e9\u00adtait un auto\u00adri\u00adtaire abso\u00adlu r\u00eavant une \u00e9ga\u00adli\u00adt\u00e9 uni\u00adforme, sans se dou\u00adter que son com\u00admu\u00adnisme sup\u00adpri\u00admait toute indi\u00advi\u00addua\u00adli\u00adt\u00e9 et ini\u00adtia\u00adtive. Quoique son erreur soit par\u00adta\u00adg\u00e9e encore aujourd\u2019\u00adhui\u200a\u2014\u200asous une autre forme\u200a\u2014\u200apar les socia\u00adlistes auto\u00adri\u00adtaires, nous le saluons ici comme l\u2019un des pr\u00e9\u00adcur\u00adseurs du socia\u00adlisme scien\u00adti\u00adfique et libertaire.<\/p>\n<p style=\"text-align: justify;\">Le 7 ven\u00adt\u00f4se, plu\u00adsieurs clubs furent fer\u00adm\u00e9s, entr\u2019autres le club du Pan\u00adth\u00e9on, ren\u00addez-vous des babouvistes.<\/p>\n<p style=\"text-align: justify;\">En r\u00e9ponse aux per\u00ads\u00e9\u00adcu\u00adtions, le mani\u00adfeste des \u00c9gaux est lan\u00adc\u00e9&nbsp;; ils disent&nbsp;: \u00ab&nbsp;La R\u00e9vo\u00adlu\u00adtion fran\u00ad\u00e7aise est l\u2019a\u00advant-cour\u00adri\u00e8re d\u2019une autre r\u00e9vo\u00adlu\u00adtion qui sera la der\u00adni\u00e8re.\u200a\u2014\u200aP\u00e9ris\u00adsent, s\u2019il le faut, tous les arts, pour\u00advu qu\u2019il nous reste l\u2019\u00e9\u00adga\u00adli\u00adt\u00e9 r\u00e9elle.\u200a\u2014\u200aPoint de par\u00adtage&nbsp;: c\u2019est une calom\u00adnie&nbsp;! Calom\u00adnie&nbsp;!\u200a\u2014\u200aLa terre n\u2019est \u00e0 per\u00adsonne&nbsp;; les fruits sont \u00e0 tout le monde.\u200a\u2014\u200aTous les hommes ont les m\u00eames besoins et les m\u00eames facul\u00adt\u00e9s&nbsp;\u00bb<sup class=\"modern-footnotes-footnote modern-footnotes-footnote--expands-on-desktop \" data-mfn=\"1\" data-mfn-post-scope=\"0000000001b4b008000000005e6d563a_2277\"><a href=\"javascript:void(0)\" role=\"button\" aria-pressed=\"false\" aria-describedby=\"mfn-content-0000000001b4b008000000005e6d563a_2277-1\">1<\/a><\/sup><span id=\"mfn-content-0000000001b4b008000000005e6d563a_2277-1\" role=\"tooltip\" class=\"modern-footnotes-footnote__note\" tabindex=\"0\" data-mfn=\"1\">Certes, ce mani\u00adfeste ren\u00adferme d\u2019ex\u00adcel\u00adlentes choses&nbsp;: il res\u00adte\u00adra dans l\u2019his\u00adtoire comme la pro\u00adtes\u00adta\u00adtion des hon\u00adn\u00eates gens contre les empi\u00e8\u00adte\u00adments d\u2019une bour\u00adgeoi\u00adsie rapace&nbsp;; seule\u00adment, la loyau\u00adt\u00e9, la juste indi\u00adgna\u00adtion n\u2019emp\u00eachent pas d\u2019a\u00adper\u00adce\u00advoir le doc\u00adtri\u00adna\u00adrisme auto\u00adri\u00adtaire. En effet, la des\u00adtruc\u00adtion des \u0153uvres d\u2019art retar\u00adde\u00adrait le Pro\u00adgr\u00e8s, et la solu\u00adtion du pro\u00adbl\u00e8me social n\u2019est pas der\u00adri\u00e8re mais devant nous&nbsp;: ce serait donc la recu\u00adler d\u2019au\u00adtant&nbsp;; d\u2019un autre c\u00f4t\u00e9, il n\u2019est pas vrai que les hommes aient les m\u00eames besoins et les m\u00eames facul\u00adt\u00e9s&nbsp;: voi\u00adl\u00e0 pour\u00adquoi le com\u00admu\u00adnisme est impos\u00adsible. Nous le r\u00e9p\u00e9\u00adtons, sauf ces deux erreurs, le mani\u00adfeste des \u00c9gaux \u00e9tait juste.<\/span>.<\/p>\n<p style=\"text-align: justify;\">Le 6 prai\u00adrial an IV, Bab\u0153uf, Dar\u00adth\u00e9 et sept autres furent condam\u00adn\u00e9s \u00e0 mort. C\u2019\u00e9\u00adtait logique, le pri\u00advi\u00adl\u00e8ge se cimen\u00adtant dans le&nbsp;sang.<\/p>\n<p style=\"text-align: justify;\">Avant la chute des der\u00adniers socia\u00adlistes la France se trouve la proie de Bar\u00adras, La R\u00e9veill\u00e8re. Siey\u00e8s et Bona\u00adparte. Les conju\u00adra\u00adtions d\u2019an\u00adti\u00adchambre, et d\u2019al\u00adc\u00f4ves ne ren\u00adtrant pas dans le cadre de notre tra\u00advail qui est moins une \u0153uvre his\u00adto\u00adrique qu\u2019une \u0153uvre phi\u00adlo\u00adso\u00adphique et sociale, nous passons.<\/p>\n<p style=\"text-align: justify;\">Les Cinq-cents votent, le 6 ther\u00admi\u00addor, l\u2019in\u00adter\u00addic\u00adtion pro\u00advi\u00adsoire (?) de toute soci\u00e9\u00adt\u00e9 par\u00adti\u00adcu\u00adli\u00e8re s\u2019oc\u00adcu\u00adpant de ques\u00adtions poli\u00adtiques. Les Anciens sanc\u00adtionnent ce vote. La France \u00e9tait encore d\u00e9pos\u00ads\u00e9\u00add\u00e9e d\u2019une de ces liber\u00adt\u00e9s que le peuple avait conquises les armes \u00e0 la main et que ses d\u00e9pu\u00adt\u00e9s lui reti\u00adraient au nom de son bon\u00adheur et de la libert\u00e9.<\/p>\n<p style=\"text-align: justify;\">Puis, apr\u00e8s cette r\u00e9ac\u00adtion, la course \u00e0 la dic\u00adta\u00adture est reprise de plus&nbsp;belle.<\/p>\n<p style=\"text-align: justify;\">Dans la nuit du 17 fruc\u00adti\u00addor, les Tui\u00adle\u00adries sont enva\u00adhies par 12,000 sol\u00addats et 40 canons com\u00adman\u00add\u00e9s par Auge\u00adreau. Bar\u00adth\u00e9\u00adle\u00admi, le plus lib\u00e9\u00adral des direc\u00adteurs, est arr\u00ea\u00adt\u00e9&nbsp;; Car\u00adnot \u00ab&nbsp;l\u2019or\u00adga\u00adni\u00adsa\u00adteur de la vic\u00adtoire&nbsp;\u00bb s\u2019en\u00adfuit en Suisse.<\/p>\n<p style=\"text-align: justify;\">Les Cinq-cents veulent se r\u00e9unir&nbsp;: ils sont dis\u00adper\u00ads\u00e9s et plu\u00adsieurs sont arr\u00ea\u00adt\u00e9s. C\u2019est le r\u00e8gne du sabre qui com\u00admence. C\u2019en est fait de la libert\u00e9&nbsp;!<\/p>\n<p style=\"text-align: justify;\">Le 20 fruc\u00adti\u00addor, les Cinq-cents votent un d\u00e9cret de d\u00e9por\u00adta\u00adtion contre les direc\u00adteurs et r\u00e9dac\u00adteurs de qua\u00adrante-deux journaux.<\/p>\n<p style=\"text-align: justify;\">Les \u00e9lec\u00adtions eurent lieu en l\u2019an VII et les abs\u00adten\u00adtions furent tr\u00e8s nom\u00adbreuses. L\u2019in\u00addif\u00adf\u00e9\u00adrence est l\u2019a\u00advant-cour\u00adri\u00e8re du despotisme.<\/p>\n<p style=\"text-align: justify;\">(\u00e0 suivre)<\/p>\n<p style=\"text-align: right;\">G. D.<\/p>\n<ul class=\"modern-footnotes-list modern-footnotes-list--show-only-for-print\"><li><span>1<\/span><div>Certes, ce mani\u00adfeste ren\u00adferme d\u2019ex\u00adcel\u00adlentes choses&nbsp;: il res\u00adte\u00adra dans l\u2019his\u00adtoire comme la pro\u00adtes\u00adta\u00adtion des hon\u00adn\u00eates gens contre les empi\u00e8\u00adte\u00adments d\u2019une bour\u00adgeoi\u00adsie rapace&nbsp;; seule\u00adment, la loyau\u00adt\u00e9, la juste indi\u00adgna\u00adtion n\u2019emp\u00eachent pas d\u2019a\u00adper\u00adce\u00advoir le doc\u00adtri\u00adna\u00adrisme auto\u00adri\u00adtaire. En effet, la des\u00adtruc\u00adtion des \u0153uvres d\u2019art retar\u00adde\u00adrait le Pro\u00adgr\u00e8s, et la solu\u00adtion du pro\u00adbl\u00e8me social n\u2019est pas der\u00adri\u00e8re mais devant nous&nbsp;: ce serait donc la recu\u00adler d\u2019au\u00adtant&nbsp;; d\u2019un autre c\u00f4t\u00e9, il n\u2019est pas vrai que les hommes aient les m\u00eames besoins et les m\u00eames facul\u00adt\u00e9s&nbsp;: voi\u00adl\u00e0 pour\u00adquoi le com\u00admu\u00adnisme est impos\u00adsible. Nous le r\u00e9p\u00e9\u00adtons, sauf ces deux erreurs, le mani\u00adfeste des \u00c9gaux \u00e9tait&nbsp;juste.<\/div><\/li><\/ul>","protected":false},"excerpt":{"rendered":"<p>Il en a \u00e9t\u00e9 de m\u00eame pour les conven\u00adtion\u00adnels. Au d\u00e9but, ils sup\u00adpriment la royau\u00adt\u00e9, mais, mal\u00adgr\u00e9 cela, se croient, eux, indis\u00adpen\u00adsables au bon\u00adheur de la France&nbsp;; alors chaque intel\u00adli\u00adgence, secon\u00add\u00e9e par des intel\u00adli\u00adgences moins brillantes ou moins auda\u00adcieuses, forme un par\u00adti, cherche \u00e0 d\u00e9truire toutes celles qui ne se rangent pas sous son sceptre&nbsp;[\u2026]<\/p>\n","protected":false},"author":93,"featured_media":5312,"comment_status":"closed","ping_status":"closed","sticky":false,"template":"wp-custom-template-page-d-article","format":"standard","meta":{"wp_typography_post_enhancements_disabled":false,"footnotes":""},"categories":[288],"tags":[617],"ppma_author":[759],"class_list":["post-2277","post","type-post","status-publish","format-standard","has-post-thumbnail","hentry","category-lautonomie-individuelle-n8-janvier-fevrier-1888","tag-revolution-francaise"],"authors":[{"term_id":759,"user_id":93,"is_guest":0,"slug":"georges-deherme","display_name":"Georges Deherme","avatar_url":"https:\/\/secure.gravatar.com\/avatar\/b9b4d25b2577d1ab80dae5b2b0b8a550c8039c423a61cb3e696cd21bac8038f2?s=96&d=mm&r=g","author_category":"","user_url":"","last_name":"Deherme","first_name":"Georges","job_title":"","description":"<a href=\"https:\/\/maitron.fr\/spip.php?article108756\">Sa notice dans le Maitron.<\/a>"}],"_links":{"self":[{"href":"https:\/\/la-presse-anarchiste.net\/index.php\/wp-json\/wp\/v2\/posts\/2277","targetHints":{"allow":["GET"]}}],"collection":[{"href":"https:\/\/la-presse-anarchiste.net\/index.php\/wp-json\/wp\/v2\/posts"}],"about":[{"href":"https:\/\/la-presse-anarchiste.net\/index.php\/wp-json\/wp\/v2\/types\/post"}],"author":[{"embeddable":true,"href":"https:\/\/la-presse-anarchiste.net\/index.php\/wp-json\/wp\/v2\/users\/93"}],"replies":[{"embeddable":true,"href":"https:\/\/la-presse-anarchiste.net\/index.php\/wp-json\/wp\/v2\/comments?post=2277"}],"version-history":[{"count":2,"href":"https:\/\/la-presse-anarchiste.net\/index.php\/wp-json\/wp\/v2\/posts\/2277\/revisions"}],"predecessor-version":[{"id":6059,"href":"https:\/\/la-presse-anarchiste.net\/index.php\/wp-json\/wp\/v2\/posts\/2277\/revisions\/6059"}],"wp:featuredmedia":[{"embeddable":true,"href":"https:\/\/la-presse-anarchiste.net\/index.php\/wp-json\/wp\/v2\/media\/5312"}],"wp:attachment":[{"href":"https:\/\/la-presse-anarchiste.net\/index.php\/wp-json\/wp\/v2\/media?parent=2277"}],"wp:term":[{"taxonomy":"category","embeddable":true,"href":"https:\/\/la-presse-anarchiste.net\/index.php\/wp-json\/wp\/v2\/categories?post=2277"},{"taxonomy":"post_tag","embeddable":true,"href":"https:\/\/la-presse-anarchiste.net\/index.php\/wp-json\/wp\/v2\/tags?post=2277"},{"taxonomy":"author","embeddable":true,"href":"https:\/\/la-presse-anarchiste.net\/index.php\/wp-json\/wp\/v2\/ppma_author?post=2277"}],"curies":[{"name":"wp","href":"https:\/\/api.w.org\/{rel}","templated":true}]}}