{"id":2283,"date":"2010-01-19T16:16:04","date_gmt":"2010-01-19T16:16:04","guid":{"rendered":"https:\/\/la-presse-anarchiste.net\/index.php\/2010\/01\/19\/le-mouvement-social\/"},"modified":"2010-01-19T16:16:04","modified_gmt":"2010-01-19T16:16:04","slug":"le-mouvement-social","status":"publish","type":"post","link":"https:\/\/la-presse-anarchiste.net\/index.php\/2010\/01\/19\/le-mouvement-social\/","title":{"rendered":"Le mouvement social"},"content":{"rendered":"<div class=\"pdfprnt-buttons pdfprnt-buttons-post pdfprnt-top-right\"><a href=\"https:\/\/la-presse-anarchiste.net\/index.php\/wp-json\/wp\/v2\/posts\/2283?print=pdf\" class=\"pdfprnt-button pdfprnt-button-pdf\" target=\"_blank\"><img decoding=\"async\" src=\"https:\/\/la-presse-anarchiste.net\/wp-content\/plugins\/pdf-print\/images\/pdf.png\" alt=\"image_pdf\" title=\"Afficher le PDF\"><\/a><a href=\"https:\/\/la-presse-anarchiste.net\/index.php\/wp-json\/wp\/v2\/posts\/2283?print=print\" class=\"pdfprnt-button pdfprnt-button-print\" target=\"_blank\"><img decoding=\"async\" src=\"https:\/\/la-presse-anarchiste.net\/wp-content\/plugins\/pdf-print\/images\/print.png\" alt=\"image_print\" title=\"Contenu imprim\u00e9\"><\/a><\/div><p>Les jour\u00adnaux socia\u00adlistes ont publi\u00e9 l\u2019ordre du jour suivant&nbsp;:<\/p>\n<p>\u00ab&nbsp;La sec\u00adtion socia\u00adliste de Saint-Ger\u00admain-en-Laye (Seine-et-Oise), consi\u00add\u00e9\u00adrant qu\u2019en signant l\u2019ar\u00admis\u00adtice, les nations bel\u00adli\u00adg\u00e9\u00adrantes ont accep\u00adt\u00e9 comme base de dis\u00adcus\u00adsion les qua\u00adtorze pro\u00adpo\u00adsi\u00adtions \u00e9non\u00adc\u00e9es par le Pr\u00e9\u00adsident Wil\u00adson dans son mes\u00adsage au Congr\u00e8s des \u00c9tats-Unis du 8 jan\u00advier&nbsp;1918&nbsp;;<\/p>\n<p>Consi\u00add\u00e9\u00adrant que la sixi\u00e8me de ces pro\u00adpo\u00adsi\u00adtions sp\u00e9\u00adci\u00adfie&nbsp;: \u00ab&nbsp;La plus libre coop\u00e9\u00adra\u00adtion de toutes les nations du monde en vue de don\u00adner \u00e0 la Rus\u00adsie toute lati\u00adtude sans entrave ni obs\u00adtacle, de d\u00e9ci\u00adder en pleine ind\u00e9\u00adpen\u00addance de son propre d\u00e9ve\u00adlop\u00adpe\u00adment poli\u00adtique et de son orga\u00adni\u00adsa\u00adtion nationale.&nbsp;\u00bb<\/p>\n<p>Consi\u00add\u00e9\u00adrant que la R\u00e9pu\u00adblique Russe des Soviets demande selon son droit \u00e0 prendre part aux conci\u00adlia\u00adbules de la Paix, qu\u2019elle a fait savoir qu\u2019elle \u00e9tait pr\u00eate \u00e0 par\u00adti\u00adci\u00adper aux d\u00e9penses de la guerre et \u00e0 acquit\u00adter les dettes natio\u00adnales contrac\u00adt\u00e9es par le gou\u00adver\u00adne\u00adment du&nbsp;tsar&nbsp;;<\/p>\n<p>Consi\u00add\u00e9\u00adrant que le minis\u00adt\u00e8re Cle\u00admen\u00adceau-Pichon n\u2019en pour\u00adsuit pas moins les hos\u00adti\u00adli\u00adt\u00e9s contre la R\u00e9pu\u00adblique Russe, soit ouver\u00adte\u00adment par une action mili\u00adtaire, soit sour\u00adnoi\u00adse\u00adment par l\u2019\u00e9\u00adta\u00adblis\u00adse\u00adment d\u2019un cor\u00addon sani\u00adtaire qui a pour but d\u2019af\u00adfa\u00admer le peuple russe&nbsp;;<\/p>\n<p>Consi\u00add\u00e9\u00adrant qu\u2019en agis\u00adsant ain\u00adsi, sans m\u00eame consul\u00adter le Par\u00adle\u00adment dont il fuit les d\u00e9bats, ce minis\u00adt\u00e8re d\u00e9sho\u00adnore la signa\u00adture de la France, se fait le ser\u00advi\u00adteur de toutes les r\u00e9ac\u00adtions d\u2019Eu\u00adrope et de Rus\u00adsie, et va \u00e0 l\u2019en\u00adcontre des v\u00e9ri\u00adtables int\u00e9\u00adr\u00eats de tons les petits ren\u00adtiers qui, sur la foi des gou\u00adver\u00adne\u00adments, por\u00adt\u00e8rent leurs \u00e9co\u00adno\u00admies \u00e0 la Russie&nbsp;;<\/p>\n<p>Pour ces rai\u00adsons, la Sec\u00adtion socia\u00adliste de Saint-Ger\u00admain-en-Laye invite les \u00e9lus du Par\u00adti socia\u00adliste \u00e0 sou\u00adle\u00adver au Par\u00adle\u00adment un vaste d\u00e9bat sur l\u2019in\u00adter\u00adven\u00adtion de la France en Rus\u00adsie, \u00e0 \u00e9clai\u00adrer par la voie de ses jour\u00adnaux et de ses r\u00e9unions, l\u2019o\u00adpi\u00adnion publique hon\u00adteu\u00adse\u00adment trom\u00adp\u00e9e par la presse gou\u00adver\u00adne\u00admen\u00adtale, et \u00e0 pro\u00adfi\u00adter de toutes les occa\u00adsions pour ren\u00adver\u00adser le minis\u00adt\u00e8re Cle\u00admen\u00adceau-Pichon, dont la poli\u00adtique ext\u00e9\u00adrieure s\u2019ins\u00adpire des plus dan\u00adge\u00adreux prin\u00adcipes de l\u2019im\u00adp\u00e9\u00adria\u00adlisme, pr\u00e9\u00adpa\u00adrant ain\u00adsi des guerres futures, tan\u00addis que la poli\u00adtique int\u00e9\u00adrieure s\u2019ap\u00adpuie sur toutes les forces de la r\u00e9action.&nbsp;\u00bb<\/p>\n<p>Nous avons vu, dans le compte ren\u00addu d\u2019une r\u00e9cente s\u00e9ance de la Chambre, com\u00adment les d\u00e9si\u00adrs l\u00e9gi\u00adtimes du pro\u00adl\u00e9\u00adta\u00adriat sont res\u00adpec\u00adt\u00e9s par les parlementaires!\u2026<\/p>\n","protected":false},"excerpt":{"rendered":"<p>Les jour\u00adnaux socia\u00adlistes ont publi\u00e9 l\u2019ordre du jour sui\u00advant&nbsp;: \u00ab&nbsp;La sec\u00adtion socia\u00adliste de Saint-Ger\u00ad\u00admain-en-Laye (Seine-et-Oise), consi\u00add\u00e9\u00adrant qu\u2019en signant l\u2019ar\u00admis\u00adtice, les nations bel\u00adli\u00adg\u00e9\u00adrantes ont accep\u00adt\u00e9 comme base de dis\u00adcus\u00adsion les qua\u00adtorze pro\u00adpo\u00adsi\u00adtions \u00e9non\u00adc\u00e9es par le Pr\u00e9\u00adsident Wil\u00adson dans son mes\u00adsage au Congr\u00e8s des \u00c9tats-Unis du 8 jan\u00advier&nbsp;1918&nbsp;; Consi\u00add\u00e9\u00adrant que la sixi\u00e8me de ces pro\u00adpo\u00adsi\u00adtions sp\u00e9\u00adci\u00adfie&nbsp;: \u00ab&nbsp;La&nbsp;[\u2026]<\/p>\n","protected":false},"author":1,"featured_media":0,"comment_status":"closed","ping_status":"closed","sticky":false,"template":"","format":"standard","meta":{"wp_typography_post_enhancements_disabled":false,"footnotes":""},"categories":[290],"tags":[],"ppma_author":[540],"class_list":["post-2283","post","type-post","status-publish","format-standard","hentry","category-notre-voix-na1-6-avril-1919"],"authors":[{"term_id":540,"user_id":1,"is_guest":0,"slug":"admin_3gikpwyf","display_name":"Vincent Dubuc","avatar_url":"https:\/\/secure.gravatar.com\/avatar\/d015720652c25fd2ced191ade86430094e1f288a17483713e3b34d26dea52507?s=96&d=mm&r=g","author_category":"","user_url":"https:\/\/la-presse-anarchiste.net","last_name":"Dubuc","first_name":"Vincent","job_title":"","description":""}],"_links":{"self":[{"href":"https:\/\/la-presse-anarchiste.net\/index.php\/wp-json\/wp\/v2\/posts\/2283","targetHints":{"allow":["GET"]}}],"collection":[{"href":"https:\/\/la-presse-anarchiste.net\/index.php\/wp-json\/wp\/v2\/posts"}],"about":[{"href":"https:\/\/la-presse-anarchiste.net\/index.php\/wp-json\/wp\/v2\/types\/post"}],"author":[{"embeddable":true,"href":"https:\/\/la-presse-anarchiste.net\/index.php\/wp-json\/wp\/v2\/users\/1"}],"replies":[{"embeddable":true,"href":"https:\/\/la-presse-anarchiste.net\/index.php\/wp-json\/wp\/v2\/comments?post=2283"}],"version-history":[{"count":0,"href":"https:\/\/la-presse-anarchiste.net\/index.php\/wp-json\/wp\/v2\/posts\/2283\/revisions"}],"wp:attachment":[{"href":"https:\/\/la-presse-anarchiste.net\/index.php\/wp-json\/wp\/v2\/media?parent=2283"}],"wp:term":[{"taxonomy":"category","embeddable":true,"href":"https:\/\/la-presse-anarchiste.net\/index.php\/wp-json\/wp\/v2\/categories?post=2283"},{"taxonomy":"post_tag","embeddable":true,"href":"https:\/\/la-presse-anarchiste.net\/index.php\/wp-json\/wp\/v2\/tags?post=2283"},{"taxonomy":"author","embeddable":true,"href":"https:\/\/la-presse-anarchiste.net\/index.php\/wp-json\/wp\/v2\/ppma_author?post=2283"}],"curies":[{"name":"wp","href":"https:\/\/api.w.org\/{rel}","templated":true}]}}