{"id":2284,"date":"2010-01-19T16:18:24","date_gmt":"2010-01-19T16:18:24","guid":{"rendered":"https:\/\/la-presse-anarchiste.net\/index.php\/2010\/01\/19\/un-peu-partout\/"},"modified":"2010-01-19T16:18:24","modified_gmt":"2010-01-19T16:18:24","slug":"un-peu-partout","status":"publish","type":"post","link":"https:\/\/la-presse-anarchiste.net\/index.php\/2010\/01\/19\/un-peu-partout\/","title":{"rendered":"Un peu partout"},"content":{"rendered":"<div class=\"pdfprnt-buttons pdfprnt-buttons-post pdfprnt-top-right\"><a href=\"https:\/\/la-presse-anarchiste.net\/index.php\/wp-json\/wp\/v2\/posts\/2284?print=pdf\" class=\"pdfprnt-button pdfprnt-button-pdf\" target=\"_blank\"><img decoding=\"async\" src=\"https:\/\/la-presse-anarchiste.net\/wp-content\/plugins\/pdf-print\/images\/pdf.png\" alt=\"image_pdf\" title=\"Afficher le PDF\"><\/a><a href=\"https:\/\/la-presse-anarchiste.net\/index.php\/wp-json\/wp\/v2\/posts\/2284?print=print\" class=\"pdfprnt-button pdfprnt-button-print\" target=\"_blank\"><img decoding=\"async\" src=\"https:\/\/la-presse-anarchiste.net\/wp-content\/plugins\/pdf-print\/images\/print.png\" alt=\"image_print\" title=\"Contenu imprim\u00e9\"><\/a><\/div><h2>L\u2019anniversaire de la naissance de Verlaine.<\/h2>\n<p>La F\u00e9d\u00e9\u00adra\u00adtion Lor\u00adraine des Lettres et des Arts a c\u00e9l\u00e9\u00adbr\u00e9 solen\u00adnel\u00adle\u00adment l\u2019an\u00adni\u00adver\u00adsaire de la nais\u00adsance de Paul Ver\u00adlaine \u00e0 Metz, le 30 mars&nbsp;1844.<\/p>\n<p>Une plaque a \u00e9t\u00e9 pos\u00e9e sur la mai\u00adson natale du grand po\u00e8te, en pr\u00e9\u00adsence des auto\u00adri\u00adt\u00e9s civiles et mili\u00adtaires. Des dis\u00adcours ont \u00e9t\u00e9 pro\u00adnon\u00adc\u00e9s et le po\u00e8te Saint-Georges de Bou\u00adh\u00e9\u00adlier a accep\u00adt\u00e9 de prendre la parole au nom des amis et dis\u00adciples de Verlaine.<\/p>\n<p>Ceux qui ont connu Ver\u00adlaine se sou\u00adviennent que le doux L\u00e9lian quand il \u00e9tait ivre, ce qui lui arri\u00advait trop fr\u00e9\u00adquem\u00adment, cla\u00admait volon\u00adtiers la \u00ab&nbsp;<i>Revanche<\/i>&nbsp;\u00bb \u00e0 tra\u00advers les absinthes.<\/p>\n<p>Pour\u00adquoi faut-il qu\u2019une ivresse post\u00adhume\u200a\u2014\u200acelle de la Vic\u00adtoire san\u00adglante\u200a\u2014\u200aasso\u00adcie \u00e0 ses f\u00eates le po\u00e8te de <i>Sagesse<\/i>&nbsp;?<\/p>\n<h2>L\u2019art espagnol.<\/h2>\n<p>Le 2 avril, au Petit Palais, s\u2019est ouverte une expo\u00adsi\u00adtion d\u2019art espa\u00adgnol. C\u2019est une poli\u00adtesse ren\u00addue \u00e0 l\u2019Es\u00adpagne, qui invi\u00adta les artistes fran\u00ad\u00e7ais, l\u2019an der\u00adnier. Nous y contem\u00adple\u00adrons des Goya, puis des tapis\u00adse\u00adries, meubles, etc\u2026 II y aura concerts et conf\u00e9rences.<\/p>\n<h2>Le Livre et l\u2019Image.<\/h2>\n<p>La Revue biblio-ico\u00adno\u00adgra\u00adphique <i>Le Livre et l\u2019I\u00admage<\/i> a, apr\u00e8s cinq ans, fait sa r\u00e9ap\u00adpa\u00adri\u00adtion le 5&nbsp;avril.<\/p>\n<p>Le peintre-gra\u00adveur J.-P. Thi\u00adbray, qui la dirige, a eu l\u2019heu\u00adreuse id\u00e9e d\u2019ou\u00advrir une enqu\u00eate sur l\u2019Art de demain, \u00e0 laquelle ont d\u00e9j\u00e0 r\u00e9pon\u00addu les plus hautes som\u00admi\u00adt\u00e9s des Arts et des Lettres.<\/p>\n<p>Des docu\u00adments in\u00e9dits sur Degas, Georges Cain&nbsp;; des chro\u00adniques sur les ventes et les livres, un hors-texte du regret\u00adt\u00e9 Mau\u00adrice Del\u00adcourt, com\u00adpl\u00e8tent le num\u00e9\u00adro, que tous les ama\u00adteurs et artistes vou\u00addront se procurer.<\/p>\n<p>Pour tous ren\u00adsei\u00adgne\u00adments, s\u2019a\u00addres\u00adser, 30, route de Ch\u00e2\u00adtillon, Malakoff.<\/p>\n<h2>Un nouveau confr\u00e8re.<\/h2>\n<p>Pour para\u00eetre le 5 avril 1919, <i>Tra\u00advail<\/i>, revue d\u2019en\u00adsei\u00adgne\u00adment tech\u00adnique et d\u2019\u00e9\u00adtudes \u00e9co\u00adno\u00admiques et sociales. Abon\u00adne\u00adment&nbsp;: 5 fr. par an. Le num\u00e9\u00adro&nbsp;: 0 fr.&nbsp;40.<\/p>\n<p>R\u00e9dac\u00adtion et admi\u00adnis\u00adtra\u00adtion&nbsp;: 57, rue des Epi\u00adnettes Paris (17<sup>e<\/sup>.<\/p>\n<h2>La jeune po\u00e9sie.<\/h2>\n<p>Dimanche der\u00adnier 30 mars, \u00e0 3 heures, Salle de l\u2019Of\u00adfice Lit\u00adt\u00e9\u00adraire, 12 rue de l\u2019An\u00adcienne Com\u00e9\u00addie, a eu lieu une conf\u00e9\u00adrence, par Pierre Berch, sur les \u00ab&nbsp;Ten\u00addances Sociales de la Jeune Po\u00e9\u00adsie&nbsp;\u00bb, et le po\u00e8te Gar\u00adrigue Garonne, Des extraits de la <i>Cha\u00eene aux Anneaux bri\u00ads\u00e9s<\/i> et po\u00e8mes sociaux in\u00e9dits de Gar\u00adrigue Garonne ont \u00e9t\u00e9 r\u00e9cit\u00e9s.<\/p>\n<h2>L\u2019exposition L\u00e9onard Sarluis<\/h2>\n<p>Du 31 mars au 12 avril, de 10 \u00e0 5 sauf le dimanche, la Mai\u00adson Bern\u00adheim jeune expose les \u0153uvres du peintre L\u00e9o\u00adnard Sarluis.<\/p>\n<p>Le cata\u00adlogue est pr\u00e9\u00adfa\u00adc\u00e9 par le peintre lui-m\u00eame, qui s\u2019ex\u00adprime&nbsp;ainsi&nbsp;:<\/p>\n<p><quote>Il y a une ving\u00adtaine d\u2019an\u00adn\u00e9es qu\u2019une des grandes gale\u00adries pari\u00adsiennes don\u00adna l\u2019hos\u00adpi\u00adta\u00adli\u00adt\u00e9 \u00e0 quelques-unes de mes \u0153uvres de jeunesse.<\/quote><\/p>\n<p>Depuis, ayant recon\u00adnu l\u2019in\u00adsuf\u00adfi\u00adsance de mes moyens d\u2019ex\u00adpres\u00adsion en face des id\u00e9es qui me tiennent \u00e0 c\u0153ur, j\u2019ai tra\u00advaill\u00e9, m\u2019ef\u00adfor\u00ad\u00e7ant d\u2019ac\u00adqu\u00e9\u00adrir ce qui me man\u00adquait pour r\u00e9a\u00adli\u00adser mes r\u00eaves et d\u00e9sirs.<\/p>\n<p>Aujourd\u2019\u00adhui j\u2019in\u00advite le public \u00e0 l\u2019ex\u00adpo\u00adsi\u00adtion du pro\u00adduit de mes trois der\u00adni\u00e8res ann\u00e9es de labeur&nbsp;; qu\u2019il soit juge si j\u2019ai enfin r\u00e9us\u00adsi \u00e0 expri\u00admer digne\u00adment les sujets que j\u2019ai abord\u00e9s.<\/p>\n<p>L\u2019art de M.&nbsp;Sar\u00adluis, tr\u00e8s <i>Tour d\u2019I\u00advoire<\/i>, offre un consi\u00add\u00e9\u00adrable int\u00e9\u00adr\u00eat. \u00c0 remar\u00adquer prin\u00adci\u00adpa\u00adle\u00adment la <i>Bac\u00adchante<\/i> \u2011vrai\u00adment gou\u00adlue d\u2019a\u00admour, Les <i>Dio\u00adny\u00adsiens<\/i> assez ambi\u00adgus, ain\u00adsi qu\u2019un inqui\u00e9\u00adtant <i> Cupi\u00addon<\/i>. Le <i>Conso\u00adla\u00adteur<\/i> et <i>la Face de Zeus<\/i> sont d\u2019un grec assez byzantin.<\/p>\n<h2>Qu\u2019on se le&nbsp;dise&nbsp;!<\/h2>\n<p>En l\u2019a\u00adte\u00adlier du peintre You\u00adgo-slave Istar (Vorl\u00adzo\u00adpitch), 152, bou\u00adle\u00advard du Mont\u00adpar\u00adnasse, auront lieu. tous les 15 jours quelques ex\u00e9\u00adcu\u00adtions et los lit\u00adt\u00e9\u00adraires. Y cau\u00adse\u00adront en toute fran\u00adchise et suc\u00adces\u00adsi\u00adve\u00adment, sur la lit\u00adt\u00e9\u00adra\u00adture fran\u00ad\u00e7aise et les lit\u00adt\u00e9\u00adra\u00adtures \u00e9tran\u00adg\u00e8res contem\u00adpo\u00adraines, Mar\u00adcel Sau\u00advage, Fr\u00e9\u00add\u00e9\u00adric Lef\u00e8vre, Tokine, G\u00e9nold, de Lacaze Duthiers, Wul\u00adlens, Han Ryner, Ban\u00adville d\u2019Hos\u00adtel, Phi\u00adl\u00e9as Lebesgue, Gos\u00adsez\u2026 Seront invi\u00adt\u00e9s d\u00e8s la pre\u00admi\u00e8re r\u00e9union, indi\u00advi\u00adduel\u00adle\u00adment ou par la voie de la Presse, tous les artistes sin\u00adc\u00e8res qui ne crain\u00addront \u00e0 leur \u00e9gard ni les louanges ni les cri\u00adtiques ardentes, car tous pas\u00adse\u00adront \u00e0 l\u2019\u00e9\u00adplu\u00adchage&nbsp;! \u2013 La Mai\u00adson Bern\u00adheim-Jeune annonce, pour para\u00eetre pro\u00adchai\u00adne\u00adment&nbsp;: <i>L\u2019Art Moderne et quelques aspects de l\u2019Art d\u2019au\u00adtre\u00adfois<\/i>, 173 planches en pho\u00adto\u00adty\u00adpie. Qua\u00adrante po\u00e8mes d\u2019Hen\u00adri R\u00e9gnier, de l\u2019A\u00adca\u00add\u00e9\u00admie Fran\u00ad\u00e7aise, et des textes cri\u00adtiques.\u200a\u2014\u200aDeux tomes&nbsp;in-40.<\/p>\n<p>Tome I<sup>er<\/sup>. \u2013 Bon\u00adnard, Bou\u00addin, Car\u00adri\u00e8re, C\u00e9zanne, Chi\u00adnard, Corot, Cour\u00adbet, Dau\u00admier, Degas, Denis, Gau\u00adguin, Van Gogh, le Gre\u00adco, Guillau\u00admin, Ingres, Jong\u00adkind, Maillol et&nbsp;Manet.<\/p>\n<p>Tome II. \u2013 Mar\u00adquet, Hen\u00adri-Matisse, Monet, Mon\u00adti\u00adcel\u00adli, Mori\u00adsot, Picas\u00adso, Pis\u00adsa\u00adro, Redon, Renoir, Rodin, Rous\u00adsel, Seu\u00adrat, Cross, Signac, Sis\u00adley, Tou\u00adlouse-Lau\u00adtrec, Val\u00adlot\u00adton, Vuillard, le Moyen \u00c2ge fran\u00ad\u00e7ais, la Chine, Rome, la Gr\u00e8ce et l\u2019\u00c9gypte.<\/p>\n","protected":false},"excerpt":{"rendered":"<p>L\u2019anniversaire de la nais\u00adsance de Ver\u00adlaine. La F\u00e9d\u00e9\u00adra\u00adtion Lor\u00adraine des Lettres et des Arts a c\u00e9l\u00e9\u00adbr\u00e9 solen\u00adnel\u00adle\u00adment l\u2019an\u00adni\u00adver\u00adsaire de la nais\u00adsance de Paul Ver\u00adlaine \u00e0 Metz, le 30 mars&nbsp;1844. Une plaque a \u00e9t\u00e9 pos\u00e9e sur la mai\u00adson natale du grand po\u00e8te, en pr\u00e9\u00adsence des auto\u00adri\u00adt\u00e9s civiles et mili\u00adtaires. Des dis\u00adcours ont \u00e9t\u00e9 pro\u00adnon\u00adc\u00e9s et&nbsp;le&nbsp;[\u2026]<\/p>\n","protected":false},"author":1,"featured_media":0,"comment_status":"closed","ping_status":"closed","sticky":false,"template":"","format":"standard","meta":{"wp_typography_post_enhancements_disabled":false,"footnotes":""},"categories":[290],"tags":[],"ppma_author":[540],"class_list":["post-2284","post","type-post","status-publish","format-standard","hentry","category-notre-voix-na1-6-avril-1919"],"authors":[{"term_id":540,"user_id":1,"is_guest":0,"slug":"admin_3gikpwyf","display_name":"Vincent Dubuc","avatar_url":"https:\/\/secure.gravatar.com\/avatar\/d015720652c25fd2ced191ade86430094e1f288a17483713e3b34d26dea52507?s=96&d=mm&r=g","author_category":"","user_url":"https:\/\/la-presse-anarchiste.net","last_name":"Dubuc","first_name":"Vincent","job_title":"","description":""}],"_links":{"self":[{"href":"https:\/\/la-presse-anarchiste.net\/index.php\/wp-json\/wp\/v2\/posts\/2284","targetHints":{"allow":["GET"]}}],"collection":[{"href":"https:\/\/la-presse-anarchiste.net\/index.php\/wp-json\/wp\/v2\/posts"}],"about":[{"href":"https:\/\/la-presse-anarchiste.net\/index.php\/wp-json\/wp\/v2\/types\/post"}],"author":[{"embeddable":true,"href":"https:\/\/la-presse-anarchiste.net\/index.php\/wp-json\/wp\/v2\/users\/1"}],"replies":[{"embeddable":true,"href":"https:\/\/la-presse-anarchiste.net\/index.php\/wp-json\/wp\/v2\/comments?post=2284"}],"version-history":[{"count":0,"href":"https:\/\/la-presse-anarchiste.net\/index.php\/wp-json\/wp\/v2\/posts\/2284\/revisions"}],"wp:attachment":[{"href":"https:\/\/la-presse-anarchiste.net\/index.php\/wp-json\/wp\/v2\/media?parent=2284"}],"wp:term":[{"taxonomy":"category","embeddable":true,"href":"https:\/\/la-presse-anarchiste.net\/index.php\/wp-json\/wp\/v2\/categories?post=2284"},{"taxonomy":"post_tag","embeddable":true,"href":"https:\/\/la-presse-anarchiste.net\/index.php\/wp-json\/wp\/v2\/tags?post=2284"},{"taxonomy":"author","embeddable":true,"href":"https:\/\/la-presse-anarchiste.net\/index.php\/wp-json\/wp\/v2\/ppma_author?post=2284"}],"curies":[{"name":"wp","href":"https:\/\/api.w.org\/{rel}","templated":true}]}}