{"id":2289,"date":"2010-01-19T17:37:53","date_gmt":"2010-01-19T17:37:53","guid":{"rendered":"https:\/\/la-presse-anarchiste.net\/index.php\/2010\/01\/19\/echos\/"},"modified":"2010-01-19T17:37:53","modified_gmt":"2010-01-19T17:37:53","slug":"echos","status":"publish","type":"post","link":"https:\/\/la-presse-anarchiste.net\/index.php\/2010\/01\/19\/echos\/","title":{"rendered":"Echos"},"content":{"rendered":"<div class=\"pdfprnt-buttons pdfprnt-buttons-post pdfprnt-top-right\"><a href=\"https:\/\/la-presse-anarchiste.net\/index.php\/wp-json\/wp\/v2\/posts\/2289?print=pdf\" class=\"pdfprnt-button pdfprnt-button-pdf\" target=\"_blank\"><img decoding=\"async\" src=\"https:\/\/la-presse-anarchiste.net\/wp-content\/plugins\/pdf-print\/images\/pdf.png\" alt=\"image_pdf\" title=\"Afficher le PDF\"><\/a><a href=\"https:\/\/la-presse-anarchiste.net\/index.php\/wp-json\/wp\/v2\/posts\/2289?print=print\" class=\"pdfprnt-button pdfprnt-button-print\" target=\"_blank\"><img decoding=\"async\" src=\"https:\/\/la-presse-anarchiste.net\/wp-content\/plugins\/pdf-print\/images\/print.png\" alt=\"image_print\" title=\"Contenu imprim\u00e9\"><\/a><\/div><h2>O logique<\/h2>\n<p>\u00c9douard Her\u00adriot d\u00e9clare dans <i>L\u2019A\u00adve\u00adnir<\/i>&nbsp;: \u00ab&nbsp;Dans les temps pro\u00adchains, l\u2019une des deux contr\u00e9es, Alle\u00admagne ou France, sera condam\u00adn\u00e9e aux tra\u00advaux forc\u00e9s&nbsp;\u00bb.<\/p>\n<p>Mais, quelques lignes plus loin, il r\u00e9clame&nbsp;: \u00ab&nbsp;Nous vou\u00adlons sim\u00adple\u00adment pou\u00advoir tra\u00advailler. Un pays qui a trois cents mil\u00adliards de for\u00adtune et cent quatre-vingt mil\u00adliards de dettes ne peut plus travailler&nbsp;\u00bb.<\/p>\n<p>Natu\u00adrel\u00adle\u00adment cette logique \u00e9mer\u00adveille les puis\u00adsants dia\u00adlec\u00adti\u00adciens de <i>L\u2019Ac\u00adtion Fran\u00ad\u00e7aise<\/i>. Elle cite avec admi\u00adra\u00adtion et pro\u00adclame en lettres ita\u00adliques&nbsp;: <i>\u00c9douard Her\u00adriot parle<\/i>.<\/p>\n<p>Tu parles?\u2026<\/p>\n<p>Mais, au Mar\u00adtigues de Charles Maur\u00adras, on trou\u00adve\u00adra peut-\u00eatre que cet homme qui a peur tout ensemble de tra\u00advailler et de ne pas tra\u00advailler \u00ab&nbsp;d\u00e9parle&nbsp;\u00bb.<\/p>\n<h2>Un de&nbsp;plus&nbsp;!<\/h2>\n<p>Voi\u00adci qu\u2019a\u00advec le prin\u00adtemps les feuilles poussent. La contre-R\u00e9vo\u00adlu\u00adtion inter\u00adna\u00adtio\u00adnale s\u2019a\u00addorne d\u2019un organe nou\u00adveau, qui ne met pas son pro\u00adgramme dans sa poche, oh non&nbsp;! car il s\u2019ap\u00adpelle <i>La Garde Blanche<\/i>\u2026 tout simplement.<\/p>\n<p>\u00c0 grand ren\u00adfort d\u2019ar\u00adgu\u00adments emprun\u00adt\u00e9s pour la plu\u00adpart aux biblio\u00adth\u00e8ques des P\u00e8res, MM.&nbsp;Albert Bolien\u00adgier, Jean de Magnieu et autres fol\u00adli\u00adcu\u00adlaires ultra-conser\u00adva\u00adteurs, partent en guerre contre la R\u00e9vo\u00adlu\u00adtion et\u2026 les soci\u00e9\u00adt\u00e9s secr\u00e8tes.<\/p>\n<p>La th\u00e8se n\u2019est pas neuve.. De nom\u00adbreux pr\u00eatres, moines, diacres et sous-diacres de tous b\u00e9ni\u00adtiers y ont nagu\u00e8re travaill\u00e9.<\/p>\n<p>Le plus \u00e9ton\u00adnant est que la <i>Garde Blanche<\/i> f\u00e9li\u00adcite P\u00e9ri\u00adcat pour sa fran\u00adchisse, \u00e0 pro\u00adpos de l\u2019at\u00adten\u00adtat de Cottin.<\/p>\n<p>Mais, nobles sei\u00adgneurs de la <i>Garde Blanche<\/i>, s\u2019il y avait beau\u00adcoup de P\u00e9ri\u00adcat en France vous pour\u00adriez grais\u00adser vos bottes.<\/p>\n<p>Simple ques\u00adtion \u00e0 ces mes\u00adsieurs de la <i>Garde Blanche<\/i>&nbsp;: Que pensent-ils de l\u2019ac\u00adtion des J\u00e9suites dans l\u2019his\u00adtoire ancienne, moderne et contemporaine&nbsp;?<\/p>\n<h2>Phynance<\/h2>\n<p>Un argen\u00adtier ita\u00adlien, M.&nbsp;Luz\u00adza\u00adti, vient, d\u2019a\u00advoir une id\u00e9e ori\u00adgi\u00adnale. Il a lan\u00adc\u00e9 l\u2019i\u00add\u00e9e d\u2019une grande lote\u00adrie mon\u00addiale pour l\u2019a\u00admor\u00adtis\u00adse\u00adment des d\u00e9penses de guerre. Voi\u00adla qui est d\u2019une haute moralit\u00e9!\u2026<\/p>\n<p>Les billets de cette lote\u00adrie seront rouges\u200a\u2014\u200anaturellement!\u2026<\/p>\n<p>M.&nbsp;Luz\u00adza\u00adti nous per\u00admet\u00adtra de lui expo\u00adser un pro\u00adjet finan\u00adcier beau\u00adcoup plus simple&nbsp;:<\/p>\n<ol>\n<li> Tout b\u00e9n\u00e9\u00adfice de guerre, quelle qu\u2019en soit l\u2019o\u00adri\u00adgine fera retour \u00e0 la collectivit\u00e9&nbsp;;<\/li>\n<li> Toute famille pos\u00ads\u00e9\u00addant, en bien meubles ou immeubles ou en valeurs une for\u00adtune de plus de 25.000 francs par t\u00eate, ver\u00adra frap\u00adper cette for\u00adtune d\u2019un imp\u00f4t glo\u00adbal de&nbsp;15%.<\/li>\n<\/ol>\n<p>En ajou\u00adtant ces deux mesures \u00e0 la socia\u00adli\u00adsa\u00adtion des mines, che\u00admins de fer et autres grandes entre\u00adprises, nul doute que soit, r\u00e9gl\u00e9e, et, bien r\u00e9gl\u00e9e, la ques\u00adtion financi\u00e8re.<\/p>\n<p>Qu\u2019en pense M.&nbsp;Klotz&nbsp;?<\/p>\n<h2>La Barricade.<\/h2>\n<p>Des gens bien\u00adveillants, mais mal infor\u00adm\u00e9s, ont sou\u00advent repro\u00adch\u00e9 aux pro\u00adl\u00e9\u00adtaires d\u2019a\u00advoir cr\u00e9\u00e9 cette expres\u00adsion bel\u00adli\u00adqueuse&nbsp;: \u00ab&nbsp;Lutte de classe&nbsp;\u00bb.<\/p>\n<p>Ces gens, que L\u00e9nine \u00e9pou\u00advante et que Maur\u00adras ennuie, ces gens \u00ab&nbsp;moyens&nbsp;\u00bb liront avec fruit le r\u00e9cit de cer\u00adtaine r\u00e9union tenue par des com\u00admer\u00ad\u00e7ants et des indus\u00adtriels fran\u00ad\u00e7ais contre la taxe de&nbsp;luxe.<\/p>\n<p>\u00c0 cette r\u00e9union, le pr\u00e9\u00adsident, un M.&nbsp;Del\u00adcros, patron consi\u00add\u00e9\u00adrable, n\u2019a pas h\u00e9si\u00adt\u00e9 a d\u00e9clarer&nbsp;:<\/p>\n<p>\u00ab&nbsp;<i>Nous vou\u00adlons orga\u00adni\u00adser une Conf\u00e9\u00add\u00e9\u00adra\u00adtion Gene\u00adrale du Patro\u00adnat, qui nous per\u00admette de Mar\u00adquer \u00e0 l\u2019encre rouge les meneurs et les agi\u00adta\u00adteurs des Bourses du Tra\u00advail et de les ren\u00advoyer impitoyablement.&nbsp;\u00bb<\/i><\/p>\n<p>Sans com\u00admen\u00adtaires, n\u2019est-ce pas?\u2026<\/p>\n<p>Joi\u00adgnez \u00e0 cela la r\u00e9cente fon\u00adda\u00adtion de la C.G.A. (Conf\u00e9\u00add\u00e9\u00adra\u00adtion G\u00e9n\u00e9\u00adrale des Agri\u00adcul\u00adteurs), sous les aus\u00adpices des tr\u00e8s nobles mes\u00adsieurs de La Tr\u00e9\u00admoille, Dior, Jon\u00adnart, Pal\u00adlu de La Bar\u00adri\u00e8re et consorts, dont le but est d\u2019op\u00adpo\u00adser les pro\u00adl\u00e9\u00adtaires des champs \u00e0 ceux des villes&nbsp;: \u00ab&nbsp;Divide, ut regnes&nbsp;\u00bb, et vous consta\u00adte\u00adrez que les camps se forment avec une net\u00adte\u00adt\u00e9 de plus en plus grande.<\/p>\n<p>Les efforts de la \u00ab&nbsp;gauche&nbsp;\u00bb sont inutiles pour cela, l\u2019\u00e9\u00adgo\u00efsme f\u00e9roce de ceux de la \u00ab&nbsp;droite&nbsp;\u00bb y suf\u00adfit amplement.<\/p>\n<p>Devant ce r\u00e9sul\u00adtat cer\u00adtain, un de nos amis \u00e9pris de ce genre d\u2019es\u00adprit cher \u00e0 notre dic\u00adta\u00adteur, pro\u00adpose d\u2019ap\u00adpe\u00adler l\u2019i\u00adni\u00adtia\u00adteur de la C.G.A. non plus Pat\u00adtu de la Bar\u00adri\u00e8re, mais \u00ab&nbsp;Poi\u00adlu de la Barricade\u00bb\u2026<\/p>\n","protected":false},"excerpt":{"rendered":"<p>O logique \u00c9douard Her\u00adriot d\u00e9clare dans L\u2019A\u00adve\u00adnir&nbsp;: \u00ab&nbsp;Dans les temps pro\u00adchains, l\u2019une des deux contr\u00e9es, Alle\u00admagne ou France, sera condam\u00adn\u00e9e aux tra\u00advaux for\u00adc\u00e9s&nbsp;\u00bb. Mais, quelques lignes plus loin, il r\u00e9clame&nbsp;: \u00ab&nbsp;Nous vou\u00adlons sim\u00adple\u00adment pou\u00advoir tra\u00advailler. Un pays qui a trois cents mil\u00adliards de for\u00adtune et cent quatre-vingt mil\u00adliards de dettes ne peut plus tra\u00advailler&nbsp;\u00bb. Naturellement&nbsp;[\u2026]<\/p>\n","protected":false},"author":1,"featured_media":0,"comment_status":"closed","ping_status":"closed","sticky":false,"template":"","format":"standard","meta":{"wp_typography_post_enhancements_disabled":false,"footnotes":""},"categories":[290],"tags":[],"ppma_author":[540],"class_list":["post-2289","post","type-post","status-publish","format-standard","hentry","category-notre-voix-na1-6-avril-1919"],"authors":[{"term_id":540,"user_id":1,"is_guest":0,"slug":"admin_3gikpwyf","display_name":"Vincent Dubuc","avatar_url":"https:\/\/secure.gravatar.com\/avatar\/d015720652c25fd2ced191ade86430094e1f288a17483713e3b34d26dea52507?s=96&d=mm&r=g","author_category":"","user_url":"https:\/\/la-presse-anarchiste.net","last_name":"Dubuc","first_name":"Vincent","job_title":"","description":""}],"_links":{"self":[{"href":"https:\/\/la-presse-anarchiste.net\/index.php\/wp-json\/wp\/v2\/posts\/2289","targetHints":{"allow":["GET"]}}],"collection":[{"href":"https:\/\/la-presse-anarchiste.net\/index.php\/wp-json\/wp\/v2\/posts"}],"about":[{"href":"https:\/\/la-presse-anarchiste.net\/index.php\/wp-json\/wp\/v2\/types\/post"}],"author":[{"embeddable":true,"href":"https:\/\/la-presse-anarchiste.net\/index.php\/wp-json\/wp\/v2\/users\/1"}],"replies":[{"embeddable":true,"href":"https:\/\/la-presse-anarchiste.net\/index.php\/wp-json\/wp\/v2\/comments?post=2289"}],"version-history":[{"count":0,"href":"https:\/\/la-presse-anarchiste.net\/index.php\/wp-json\/wp\/v2\/posts\/2289\/revisions"}],"wp:attachment":[{"href":"https:\/\/la-presse-anarchiste.net\/index.php\/wp-json\/wp\/v2\/media?parent=2289"}],"wp:term":[{"taxonomy":"category","embeddable":true,"href":"https:\/\/la-presse-anarchiste.net\/index.php\/wp-json\/wp\/v2\/categories?post=2289"},{"taxonomy":"post_tag","embeddable":true,"href":"https:\/\/la-presse-anarchiste.net\/index.php\/wp-json\/wp\/v2\/tags?post=2289"},{"taxonomy":"author","embeddable":true,"href":"https:\/\/la-presse-anarchiste.net\/index.php\/wp-json\/wp\/v2\/ppma_author?post=2289"}],"curies":[{"name":"wp","href":"https:\/\/api.w.org\/{rel}","templated":true}]}}