{"id":230,"date":"2007-03-09T22:17:55","date_gmt":"2007-03-09T22:17:55","guid":{"rendered":"https:\/\/la-presse-anarchiste.net\/index.php\/2007\/03\/09\/a-propos-des-elections\/"},"modified":"2007-03-09T22:17:55","modified_gmt":"2007-03-09T22:17:55","slug":"a-propos-des-elections","status":"publish","type":"post","link":"https:\/\/la-presse-anarchiste.net\/index.php\/2007\/03\/09\/a-propos-des-elections\/","title":{"rendered":"\u00c0 propos des \u00e9lections"},"content":{"rendered":"<div class=\"pdfprnt-buttons pdfprnt-buttons-post pdfprnt-top-right\"><a href=\"https:\/\/la-presse-anarchiste.net\/index.php\/wp-json\/wp\/v2\/posts\/230?print=pdf\" class=\"pdfprnt-button pdfprnt-button-pdf\" target=\"_blank\"><img decoding=\"async\" src=\"https:\/\/la-presse-anarchiste.net\/wp-content\/plugins\/pdf-print\/images\/pdf.png\" alt=\"image_pdf\" title=\"Afficher le PDF\"><\/a><a href=\"https:\/\/la-presse-anarchiste.net\/index.php\/wp-json\/wp\/v2\/posts\/230?print=print\" class=\"pdfprnt-button pdfprnt-button-print\" target=\"_blank\"><img decoding=\"async\" src=\"https:\/\/la-presse-anarchiste.net\/wp-content\/plugins\/pdf-print\/images\/print.png\" alt=\"image_print\" title=\"Contenu imprim\u00e9\"><\/a><\/div><div align=\"justify\">\nPen\u00addant la cam\u00adpagne \u00e9lec\u00adto\u00adrale, l\u2019ex\u00adtr\u00eame gauche s\u2019est d\u00e9bat\u00adtue avec des for\u00adtunes diverses dans une mau\u00advaise conscience gran\u00addis\u00adsante. Il fal\u00adlait expli\u00adquer com\u00adment d\u2019\u00ab&nbsp;\u00e9lec\u00adtion\u200a\u2014\u200api\u00e8ge \u00e0 cons&nbsp;\u00bb, on en \u00e9tait arri\u00adv\u00e9 \u00e0 pr\u00f4\u00adner l\u2019\u00e9\u00adlec\u00adtion comme une pos\u00adsi\u00adbi\u00adli\u00adt\u00e9 de radi\u00adca\u00adli\u00adsa\u00adtion. Daniel <sc>Cohn Ben\u00addit<\/sc>, dans <em>le Monde<\/em> du 21 mai 1974, expli\u00adquait apr\u00e8s la d\u00e9faite de la gauche qu\u2019il y avait une revanche \u00e0 prendre, que l\u00e0 \u00e9tait l\u2019ob\u00adjec\u00adtif des luttes \u00e0 venir&nbsp;: \u00ab&nbsp;un r\u00eave vieux de six ans r\u00e9ap\u00adpa\u00adra\u00eet \u00e0 l\u2019ho\u00adri\u00adzon&nbsp;\u00bb, car, expli\u00adquait-il, \u00ab&nbsp;si la r\u00e9vo\u00adlu\u00adtion peut deve\u00adnir majo\u00adri\u00adtaire en temps de guerre, en d\u2019autres temps, il faut sai\u00adsir au vol les alter\u00adna\u00adtives que le sys\u00adt\u00e8me capi\u00adta\u00adliste nous offre&nbsp;\u00bb. \u00ab&nbsp;Il y a tou\u00adjours \u00e0 l\u2019in\u00adt\u00e9\u00adrieur des sys\u00adt\u00e8mes capi\u00adta\u00adlistes des alter\u00adna\u00adtives&nbsp;; les r\u00e9vo\u00adlu\u00adtion\u00adnaires tra\u00addi\u00adtion\u00adnels le nient depuis cin\u00adquante ans mais cela n\u2019emp\u00eache. C\u2019est vrai que le capi\u00adta\u00adlisme devient de plus en plus ingou\u00adver\u00adnable. C\u2019est vrai aus\u00adsi que l\u2019u\u00adnion de la gauche est la roue de secours du capi\u00adta\u00adlisme. Mais c\u2019est tout aus\u00adsi vrai que cette roue de secours affai\u00adblit un enne\u00admi \u2026 la droite. \u00c0 ce niveau inter\u00advient l\u2019\u00e9\u00adlec\u00adtion pr\u00e9\u00adsi\u00adden\u00adtielle (21 mai&nbsp;1974).&nbsp;\u00bb\n<p>L\u2019u\u00adnion de la gauche pour conju\u00adrer le fas\u00adcisme de la droite&nbsp;!, comme si l\u2019ex\u00adten\u00adsion des liber\u00adt\u00e9s \u00ab&nbsp;d\u00e9mo\u00adcra\u00adtiques&nbsp;\u00bb pou\u00advait nous \u00e9par\u00adgner ces rechutes dans la bar\u00adba\u00adrie, ces s\u00e9quelles de f\u00e9o\u00adda\u00adlisme qu\u2019on a pu appe\u00adler fas\u00adcisme. Sans pr\u00f4\u00adner une poli\u00adtique du pire, et sans \u00e9ri\u00adg\u00e9 l\u2019his\u00adtoire en r\u00e9f\u00e9\u00adrence uni\u00adver\u00adselle, je ferai une s\u00e9rie de remarques qui s\u2019en prennent direc\u00adte\u00adment au noyau de cette convic\u00adtion fron\u00adtiste \u00e0 mon sens pro\u00adpre\u00adment d\u00e9fen\u00adsive (quoi qu\u2019en dise <sc>Cohn Ben\u00addit<\/sc>). Tout d\u2019a\u00adbord, il faut se figu\u00adrer le d\u00e9sar\u00adroi pro\u00adfond dans lequel se trouve cette extr\u00eame gauche (h\u00e9ri\u00adti\u00e8re de mai 68) plus ou moins reje\u00adt\u00e9e par la masse ouvri\u00e8re qui depuis 6 ans tente d\u2019ar\u00adti\u00adcu\u00adl\u00e9 ses aspi\u00adra\u00adtions de chan\u00adge\u00adment avec les luttes en cours&nbsp;; et puis, il y a eu Pen\u00adna\u00adroya \u2026, le  Joint Fran\u00ad\u00e7ais \u2026 et puis il y a eu Lip \u2026 autant de mots magiques qui ont recon\u00adduit l\u2019es\u00adpoir. Une lutte comme celle des Lips en d\u00e9pit de leur posi\u00adtion tou\u00adchant la hi\u00e9\u00adrar\u00adchie des salaires et d\u2019un rap\u00adport moins auto\u00adnome qu\u2019on vou\u00adlait le croire \u00e0 l\u2019ap\u00adpa\u00adreil syn\u00addi\u00adcal sus\u00adci\u00adta un \u00e9norme mou\u00adve\u00adment de sym\u00adpa\u00adthie parce qu\u2019elle pro\u00adpo\u00adsait un mod\u00e8le orga\u00adni\u00adsa\u00adtion\u00adnel embryon\u00adnaire, une cel\u00adlule sociale viable o\u00f9 les rap\u00adports \u00e0 la pro\u00adduc\u00adtion \u00e9taient pos\u00e9s dans leur ensemble. Des ouvriers en gr\u00e8ve qui ma\u00ee\u00adtri\u00adsaient leur pro\u00adduc\u00adtion et leur flux d\u2019argent \u00e9taient l\u2019en\u00advers du gr\u00e9\u00adviste mis\u00e9\u00adrable pour qui il faut faire la qu\u00eate Ren\u00adver\u00adse\u00adment triom\u00adphal et com\u00adbien exci\u00adtant qui per\u00adver\u00adtit un moment la machine capi\u00adta\u00adliste au pro\u00adfit de ceux qui sont de l\u2019autre c\u00f4t\u00e9 de la bar\u00adri\u00e8re. Pour nous la ques\u00adtion est de savoir com\u00adment de cet enthou\u00adsiasme qu\u2019on a pu \u00e9prou\u00adv\u00e9 \u00e0 l\u2019\u00e9\u00adgard des Lips (quelles que soient les r\u00e9serves que nous y fai\u00adsons) com\u00adment cet enthou\u00adsiasme s\u2019est rabat\u00adtu dans cette pro\u00adpo\u00adsi\u00adtion d\u00e9ri\u00adsoire&nbsp;: Pia\u00adget can\u00addi\u00addat&nbsp;! Nous tou\u00adchons l\u00e0 le c\u0153ur de cette op\u00e9\u00adra\u00adtion bizarre qu\u2019est le ph\u00e9\u00adno\u00adm\u00e8ne \u00e9lectoral.<\/p>\n<p>Les signes poli\u00adtiques cli\u00adgnotent d\u2019un air enten\u00addu&nbsp;: Lip\u2026 Lutte\u2026 Pia\u00adget.. Lip\u2026 Lutte\u2026 Pia\u00adget\u2026 \u00c9lec\u00adtion\u2026 Lutte .\u2026 D\u2019un sym\u00adbole l\u2019autre d\u2019un nom l\u2019autre .\u2026 recon\u00adduc\u00adtion infi\u00adnie du m\u00eame espoir en creux&nbsp;: la R\u00e9volution.<\/p>\n<p><sc>Levy Leblond<\/sc> dans un grand \u00e9lan d\u2019in\u00addi\u00adgna\u00adtion (<em>Lib\u00e9\u00adra\u00adtion<\/em> 13\u200a\u2014\u200a14 avril) sou\u00adligne ce r\u00e9tr\u00e9\u00adcis\u00adse\u00adment du champ social qu\u2019o\u00adp\u00e8re la can\u00addi\u00adda\u00adture Pia\u00adget&nbsp;: \u00ab&nbsp;Ne voyez-vous pas que toutes ces forces qui se rebellent tour \u00e0 tour m\u00eame si c\u2019est encore sans coh\u00e9\u00adrence ni coor\u00addi\u00adna\u00adtion, repr\u00e9\u00adsentent un cou\u00adrant autre\u00adment puis\u00adsant m\u00eame en termes pure\u00adment num\u00e9\u00adriques que le mil\u00adlion d\u2019\u00e9\u00adlec\u00adteurs poten\u00adtiels de Pia\u00adget&nbsp;? Pour\u00adquoi donc accep\u00adter de don\u00adner une image r\u00e9duite et d\u00e9ri\u00adsoire de notre&nbsp;force&nbsp;?&nbsp;\u00bb<\/p>\n<p>La d\u00e9l\u00e9\u00adga\u00adtion des pou\u00advoirs, ne serait-ce qu\u2019au niveau d\u2019une image, d\u2019une voix qui parle \u00e0 la place de\u2026 pose ni plus ni moins le pro\u00adbl\u00e8me de l\u2019as\u00adsu\u00adjet\u00adtis\u00adse\u00adment d\u2019un groupe \u00e0 une loi qui lui est ext\u00e9\u00adrieure en d\u00e9pit de ce que pour\u00adraient dire tous les can\u00addi\u00addats \u00ab&nbsp;non \u00e9lec\u00adto\u00adra\u00adlistes&nbsp;\u00bb du monde&nbsp;: nous sommes can\u00addi\u00addats pour pou\u00advoir jouir du temps de parole garan\u00adti sur les antennes et dif\u00adfu\u00adser nos id\u00e9es, nous ne sommes que le v\u00e9hi\u00adcule des luttes en cours. Ce type de \u00ab&nbsp;d\u00e9tour\u00adne\u00adment des mass-media du capi\u00adtal&nbsp;\u00bb \u00e0 des fins \u00ab&nbsp;sub\u00adver\u00adsives&nbsp;\u00bb ne fait que poser \u00e0 nou\u00adveau le pro\u00adbl\u00e8me de la direc\u00adtion poli\u00adtique des luttes en cours. D\u2019ailleurs, <sc>Kri\u00advine<\/sc>, dans une inter\u00adview (<em>Lib\u00e9\u00adra\u00adtion<\/em>, 1<sup>er<\/sup> mai 1974) le dit fort clai\u00adre\u00adment&nbsp;: \u00ab&nbsp;La pro\u00adgres\u00adsion qua\u00adli\u00adta\u00adtive du mou\u00adve\u00adment de masse d\u00e9pend dans une large mesure de nos capa\u00adci\u00adt\u00e9s \u00e0 nous acquit\u00adter de ces fonc\u00adtions nou\u00advelles&nbsp;: capa\u00adci\u00adt\u00e9 d\u2019\u00e9\u00adla\u00adbo\u00adra\u00adtion pro\u00adgram\u00adma\u00adtique et tac\u00adtique, capa\u00adci\u00adt\u00e9 d\u2019im\u00adplan\u00adta\u00adtion en pro\u00adfon\u00addeur dans les entre\u00adprises, capa\u00adci\u00adt\u00e9 d\u2019a\u00adni\u00adma\u00adtion des nou\u00advelles orga\u00adni\u00adsa\u00adtions de masse&nbsp;\u00bb. Th\u00e8se l\u00e9ni\u00adniste bien connue qui r\u00e8gle selon sa loi le rap\u00adport qui doit exis\u00adter entre \u00ab&nbsp;les masses qui se r\u00e9veillent&nbsp;\u00bb et le par\u00adti. Car enfin l\u2019im\u00adpor\u00adtant est effec\u00adti\u00adve\u00adment le rap\u00adport \u00e0 la loi qu\u2019ins\u00adtaure les \u00e9lec\u00adtions (sans par\u00adl\u00e9 des groupes pour qui ce rap\u00adport est ins\u00adti\u00adtu\u00adtion\u00adna\u00adli\u00ads\u00e9 dans toute une tac\u00adtique de prise de pou\u00advoir). Ce rabat\u00adte\u00adment que l\u2019on a pu consta\u00adter, ce ph\u00e9\u00adno\u00adm\u00e8ne de r\u00e9duc\u00adtion expulse tout d\u00e9sir.\u200a\u2014\u200aPour rendre docile toute pul\u00adsion de chan\u00adge\u00adment, au nom de ma loi je t\u2019im\u00adpose de choi\u00adsir entre <sc>Mit\u00adte\u00adrand<\/sc> ou <sc>Gis\u00adcard<\/sc>, ou\u2026 ou\u2026\u200a\u2014\u200aCe pro\u00adc\u00e9\u00add\u00e9 fon\u00adda\u00admen\u00adtal \u00e0 l\u2019\u00e9\u00adtat d\u00e9mo\u00adcra\u00adtique fait appel \u00e0 un sujet construit qui doit se pro\u00adnon\u00adcer sur tel ou tel pro\u00adbl\u00e8me. Cette inter\u00adpel\u00adla\u00adtion au citoyen res\u00adpon\u00adsable dont l\u2019ef\u00adfet le plus voyant est la d\u00e9saf\u00adfec\u00adta\u00adtion et le d\u00e9s\u00adin\u00adt\u00e9\u00adr\u00eat m\u00e9ca\u00adnique de tout inves\u00adtis\u00adse\u00adment poli\u00adtique se situe dans la logique du \u00ab&nbsp;cogi\u00adto&nbsp;\u00bb. Je vote, donc je suis. Comme le ma\u00eetre donne sa r\u00e9a\u00adli\u00adt\u00e9 \u00e0 l\u2019es\u00adclave, l\u2019i\u00adden\u00adti\u00adt\u00e9 du l\u00e9gis\u00adla\u00adteur donne son iden\u00adti\u00adt\u00e9 au sujet.\u200a\u2014\u200aLes \u00e9lec\u00adtions, un pro\u00adbl\u00e8me de recon\u00adnais\u00adsance au sens tr\u00e8s large du th\u00e8me pour celui qui vote sans par\u00adti\u00adci\u00adp\u00e9 direc\u00adte\u00adment aux int\u00e9\u00adr\u00eats mat\u00e9\u00adriels de la classe diri\u00adgeante du moment. Quant aux argu\u00adments tac\u00adti\u00adciens de Daniel <sc>Cohn Ben\u00addit<\/sc> comme quoi il faut faire \u00e9cla\u00adter les contra\u00addic\u00adtions du capi\u00adta\u00adlisme (preuves his\u00adto\u00adriques \u00e0 l\u2019ap\u00adpui) pour conju\u00adr\u00e9 un \u00ab&nbsp;dur\u00adcis\u00adse\u00adment&nbsp;\u00bb de situa\u00adtion, que peut-on en dire si ce n\u2019est faire des rap\u00adpels his\u00adto\u00adriques \u00e9lo\u00adquents qui n\u2019ont pas pour but d\u2019op\u00adpo\u00ads\u00e9 telle concep\u00adtion de l\u2019his\u00adtoire \u00e0 telle autre, mais sim\u00adple\u00adment dire que les contra\u00addic\u00adtions jus\u00adqu\u2019\u00e0 main\u00adte\u00adnant n\u2019ont pas \u00e9cla\u00adt\u00e9 dans le sens qu\u2019il indique.<\/p>\n<p>Cette tac\u00adtique r\u00e9vo\u00adlu\u00adtion\u00adnaire fut lourde d\u2019an\u00adt\u00e9\u00adc\u00e9\u00addents. Qu\u2019on se rap\u00adpelle sim\u00adple\u00adment qu\u2019en Ita\u00adlie la r\u00e9pres\u00adsion des mou\u00adve\u00adments popu\u00adlaires des ann\u00e9es 19\u200a\u2014\u200a20 (occu\u00adpa\u00adtion d\u2019u\u00adsines) fut l\u2019\u0153uvre de la d\u00e9mo\u00adcra\u00adtie par\u00adle\u00admen\u00adtaire. Cette liqui\u00adda\u00adtion fut accom\u00adplie par l\u2019ul\u00adtra d\u00e9mo\u00adcrate <sc>Gio\u00adlit\u00adti<\/sc> qui uti\u00adli\u00adsa pour ce faire, la direc\u00adtion r\u00e9for\u00admiste de la Conf\u00e9\u00add\u00e9\u00adra\u00adtion G\u00e9n\u00e9\u00adrale du Tra\u00advail ins\u00adpi\u00adr\u00e9e par le maxi\u00adma\u00adlisme ver\u00adbeux du par\u00adti socia\u00adliste ita\u00adlien. Rap\u00adpe\u00adlons encore que ce sont les sociaux d\u00e9mo\u00adcrates <sc>Noske<\/sc> et <sc>Schei\u00adde\u00admann<\/sc> qui ont \u00e9t\u00e9 appe\u00adl\u00e9s \u00e0 r\u00e9pri\u00adm\u00e9 dans le sang le mou\u00adve\u00adment spar\u00adta\u00adkiste de jan\u00advier et mars 1918. Les ten\u00adta\u00adtives d\u2019al\u00adliance entre le Par\u00adti Com\u00admu\u00adniste alle\u00admand et la Social-D\u00e9mo\u00adcra\u00adtie mas\u00adqu\u00e8rent mal la pas\u00adsi\u00advi\u00adt\u00e9 fon\u00adda\u00admen\u00adtale de leur d\u00e9marche. Les pro\u00adl\u00e9\u00adtaires \u00e9taient d\u00e9sar\u00adm\u00e9s, le natio\u00adna\u00adlisme latent \u00e9tait encou\u00adra\u00adg\u00e9 par une d\u00e9ma\u00adgo\u00adgie patrio\u00adtarde, et la sagesse vou\u00adlait qu\u2019on attende que la petite bour\u00adgeoi\u00adsie en voie de pau\u00adp\u00e9\u00adri\u00adsa\u00adtion rentre dans les rangs. On sait ce que cet atten\u00adtisme leur a&nbsp;co\u00fbt\u00e9.<\/p>\n<p>La mise en veilleuse des luttes pen\u00addant la cam\u00adpagne \u00e9lec\u00adto\u00adrale sous le nom de tr\u00eave \u00e9lec\u00adto\u00adrale nous donne un avant-go\u00fbt de ce qu\u2019au\u00adrait pu \u00eatre l\u2019an\u00adn\u00e9e de paix sociale garan\u00adtie par <sc>Seguy<\/sc> \u00e0 l\u2019u\u00adnion de la gauche.<\/p>\n<p>Musel\u00adle\u00adment de la base au nom des int\u00e9\u00adr\u00eats sup\u00e9\u00adrieurs d\u2019un nou\u00adveau front popu\u00adlaire&nbsp;; je ne vois pas alors com\u00adment un rajeu\u00adnis\u00adse\u00adment des struc\u00adtures (poli\u00adtique sociale), la mise en place d\u2019une nou\u00advelle couche domi\u00adnante qui, \u00e9vi\u00addem\u00adment, se gar\u00adde\u00adra de tou\u00adcher \u00ab&nbsp;au pro\u00adfit&nbsp;\u00bb affai\u00adblit la droite. Ce jeu sub\u00adtil au sein de l\u2019h\u00e9\u00adt\u00e9\u00adro\u00adge\u00adn\u00e9i\u00adt\u00e9 du capi\u00adtal ne tient pas compte de la struc\u00adture des\u00adpo\u00adtique de l\u2019\u00e9\u00adtat qui, dans son archa\u00efsme, donne les m\u00eames moyens de r\u00e9pres\u00adsion \u00e0 la gauche comme \u00e0 la droite.<\/p>\n<p>Gil\u00adberte\n<\/p><\/div>\n","protected":false},"excerpt":{"rendered":"<p>Pen\u00addant la cam\u00adpagne \u00e9lec\u00adto\u00adrale, l\u2019ex\u00adtr\u00eame gauche s\u2019est d\u00e9bat\u00adtue avec des for\u00adtunes diverses dans une mau\u00advaise conscience gran\u00addis\u00adsante. Il fal\u00adlait expli\u00adquer com\u00adment d\u2019\u00ab&nbsp;\u00e9lec\u00adtion\u200a\u2014\u200api\u00e8ge \u00e0 cons&nbsp;\u00bb, on en \u00e9tait arri\u00adv\u00e9 \u00e0 pr\u00f4\u00adner l\u2019\u00e9\u00adlec\u00adtion comme une pos\u00adsi\u00adbi\u00adli\u00adt\u00e9 de radi\u00adca\u00adli\u00adsa\u00adtion. Daniel Cohn Ben\u00addit, dans le Monde du 21 mai 1974, expli\u00adquait apr\u00e8s la d\u00e9faite de la gauche qu\u2019il&nbsp;y&nbsp;[\u2026]<\/p>\n","protected":false},"author":1,"featured_media":0,"comment_status":"closed","ping_status":"closed","sticky":false,"template":"","format":"standard","meta":{"wp_typography_post_enhancements_disabled":false,"footnotes":""},"categories":[35],"tags":[],"ppma_author":[540],"class_list":["post-230","post","type-post","status-publish","format-standard","hentry","category-la-lanterne-noire-n1-juillet-aout-1974"],"authors":[{"term_id":540,"user_id":1,"is_guest":0,"slug":"admin_3gikpwyf","display_name":"Vincent Dubuc","avatar_url":"https:\/\/secure.gravatar.com\/avatar\/d015720652c25fd2ced191ade86430094e1f288a17483713e3b34d26dea52507?s=96&d=mm&r=g","author_category":"","user_url":"https:\/\/la-presse-anarchiste.net","last_name":"Dubuc","first_name":"Vincent","job_title":"","description":""}],"_links":{"self":[{"href":"https:\/\/la-presse-anarchiste.net\/index.php\/wp-json\/wp\/v2\/posts\/230","targetHints":{"allow":["GET"]}}],"collection":[{"href":"https:\/\/la-presse-anarchiste.net\/index.php\/wp-json\/wp\/v2\/posts"}],"about":[{"href":"https:\/\/la-presse-anarchiste.net\/index.php\/wp-json\/wp\/v2\/types\/post"}],"author":[{"embeddable":true,"href":"https:\/\/la-presse-anarchiste.net\/index.php\/wp-json\/wp\/v2\/users\/1"}],"replies":[{"embeddable":true,"href":"https:\/\/la-presse-anarchiste.net\/index.php\/wp-json\/wp\/v2\/comments?post=230"}],"version-history":[{"count":0,"href":"https:\/\/la-presse-anarchiste.net\/index.php\/wp-json\/wp\/v2\/posts\/230\/revisions"}],"wp:attachment":[{"href":"https:\/\/la-presse-anarchiste.net\/index.php\/wp-json\/wp\/v2\/media?parent=230"}],"wp:term":[{"taxonomy":"category","embeddable":true,"href":"https:\/\/la-presse-anarchiste.net\/index.php\/wp-json\/wp\/v2\/categories?post=230"},{"taxonomy":"post_tag","embeddable":true,"href":"https:\/\/la-presse-anarchiste.net\/index.php\/wp-json\/wp\/v2\/tags?post=230"},{"taxonomy":"author","embeddable":true,"href":"https:\/\/la-presse-anarchiste.net\/index.php\/wp-json\/wp\/v2\/ppma_author?post=230"}],"curies":[{"name":"wp","href":"https:\/\/api.w.org\/{rel}","templated":true}]}}