{"id":231,"date":"2007-03-10T10:43:04","date_gmt":"2007-03-10T10:43:04","guid":{"rendered":"https:\/\/la-presse-anarchiste.net\/index.php\/2007\/03\/10\/communique-2\/"},"modified":"2007-03-10T10:43:04","modified_gmt":"2007-03-10T10:43:04","slug":"communique-2","status":"publish","type":"post","link":"https:\/\/la-presse-anarchiste.net\/index.php\/2007\/03\/10\/communique-2\/","title":{"rendered":"Communiqu\u00e9"},"content":{"rendered":"<div class=\"pdfprnt-buttons pdfprnt-buttons-post pdfprnt-top-right\"><a href=\"https:\/\/la-presse-anarchiste.net\/index.php\/wp-json\/wp\/v2\/posts\/231?print=pdf\" class=\"pdfprnt-button pdfprnt-button-pdf\" target=\"_blank\"><img decoding=\"async\" src=\"https:\/\/la-presse-anarchiste.net\/wp-content\/plugins\/pdf-print\/images\/pdf.png\" alt=\"image_pdf\" title=\"Afficher le PDF\"><\/a><a href=\"https:\/\/la-presse-anarchiste.net\/index.php\/wp-json\/wp\/v2\/posts\/231?print=print\" class=\"pdfprnt-button pdfprnt-button-print\" target=\"_blank\"><img decoding=\"async\" src=\"https:\/\/la-presse-anarchiste.net\/wp-content\/plugins\/pdf-print\/images\/print.png\" alt=\"image_print\" title=\"Contenu imprim\u00e9\"><\/a><\/div><div align=\"justify\">\nOnze per\u00adsonnes sont actuel\u00adle\u00adment empri\u00adson\u00adn\u00e9es sous divers chefs d\u2019in\u00adcul\u00adpa\u00adtion li\u00e9s \u00e0 l\u2019af\u00adfaire Sua\u00adrez&nbsp;: les hommes \u00e0 Fresnes et \u00e0 la San\u00adt\u00e9, les femmes \u00e0 Fleu\u00adry-M\u00e9ro\u00adgis. Apr\u00e8s la publi\u00adci\u00adt\u00e9 ini\u00adtiale don\u00adn\u00e9e \u00e0 l\u2019en\u00adl\u00e8\u00adve\u00adment et aux arres\u00adta\u00adtions, le silence s\u2019est fait dans la presse sur le d\u00e9ve\u00adlop\u00adpe\u00adment de cette affaire. En fait, ce silence semble rejoindre l\u2019embarras de la police qui, un mois apr\u00e8s les arres\u00adta\u00adtions, n\u2019a tou\u00adjours ver\u00ads\u00e9 au dos\u00adsier de l\u2019ins\u00adtruc\u00adtion <strong>aucune<\/strong> preuve mat\u00e9\u00adrielle de la culpa\u00adbi\u00adli\u00adt\u00e9 des onze dans l\u2019en\u00adl\u00e8\u00adve\u00adment de Suarez.\n<p>Une fois de plus, le pou\u00advoir semble avoir \u00e9t\u00e9 avant tout sou\u00adcieux de trou\u00adver des cou\u00adpables \u00e0 jeter en p\u00e2ture \u00e0 une \u00ab&nbsp;opi\u00adnion publique&nbsp;\u00bb soi\u00adgneu\u00adse\u00adment mise en condi\u00adtion. Ces cou\u00adpables une fois trou\u00adv\u00e9s\u200a\u2014\u200ac\u2019est facile, on suit pen\u00addant quelques semaines des r\u00e9fu\u00adgi\u00e9s poli\u00adtiques espa\u00adgnols connus, et on les arr\u00eate avec ceux qu\u2019ils fr\u00e9\u00adquentent, on est s\u00fbr de ne pas tom\u00adber trop loin du but\u200a\u2014\u200ail reste \u00e0 la police \u00e0 trou\u00adver une expli\u00adca\u00adtion plau\u00adsible \u00e0 ces arres\u00adta\u00adtions. Au besoin, on fera appel \u00e0 des m\u00e9thodes \u00ab&nbsp;effi\u00adcaces&nbsp;\u00bb et \u00e9prou\u00adv\u00e9es pour ame\u00adner cer\u00adtains d\u2019entre eux \u00e0 avouer ce qu\u2019on vou\u00addra. Apr\u00e8s, le tis\u00adsu des pr\u00e9\u00adsomp\u00adtions suf\u00adfi\u00adra \u00e0 empor\u00adter la convic\u00adtion des juges. Ce m\u00e9ca\u00adnisme est clas\u00adsique, l\u2019exa\u00admen des faits ne montre que trop clai\u00adre\u00adment com\u00adment il a fonc\u00adtion\u00adn\u00e9 cette&nbsp;fois.<\/p>\n<h2>\u2013 O \u2013<\/h2>\n<p>\u00ab&nbsp;Un \u00e9pais mys\u00adt\u00e8re&nbsp;\u00bb. Ce titre de l\u2019<strong>Aurore<\/strong> du 24 mai r\u00e9sume bien l\u2019af\u00adfaire de l\u2019en\u00adl\u00e8\u00adve\u00adment de Bal\u00adta\u00adzar Sua\u00adrez, le mois der\u00adnier, et les arres\u00adta\u00adtions qui ont sui\u00advi sa lib\u00e9\u00adra\u00adtion, tels que ces \u00e9v\u00e9\u00adne\u00adments paraissent au tra\u00advers des com\u00admen\u00adtaires de la presse et des ser\u00advices de police.<\/p>\n<p>Pour\u00adtant, le 22 mai, tout semble clair&nbsp;: la police et la presse una\u00adnimes nous affirment que les neuf per\u00adsonnes arr\u00ea\u00adt\u00e9es sont \u00ab&nbsp;les ravis\u00adseurs de Bal\u00adta\u00adzar Sua\u00adrez&nbsp;\u00bb. Il ne manque pas un d\u00e9tail&nbsp;; d\u2019ailleurs \u00ab&nbsp;ils \u00e9taient sui\u00advis pas \u00e0 pas par les poli\u00adciers&nbsp;\u00bb (<strong>l\u2019Hu\u00adma\u00adni\u00adt\u00e9<\/strong> 24 mai). Ce qui vaut \u00e0 la police de rece\u00advoir l\u2019hom\u00admage de l\u2019o\u00adpi\u00adnion publique sou\u00adla\u00adg\u00e9e&nbsp;: \u00ab&nbsp;Un beau coup de filet&nbsp;\u00bb (<strong>Le Pari\u00adsien Lib\u00e9\u00adr\u00e9<\/strong> 23 mai). Le direc\u00adteur de la P.J. pari\u00adsienne explique avec suf\u00adfi\u00adsance que \u00ab&nbsp;Les ravis\u00adseurs de M.&nbsp;Sua\u00adrez \u00e9taient connus de la police avant m\u00eame qu\u2019ils agissent&nbsp;\u00bb (<strong>France-Soir<\/strong> 24 mai). Et les com\u00admen\u00adta\u00adteurs de conclure&nbsp;: \u00ab&nbsp;Noyau\u00adt\u00e9s par la police les groupes anar\u00adchistes espa\u00adgnols risquent d\u2019\u00e9\u00adcla\u00adter&nbsp;\u00bb (<strong>France-Soir<\/strong> 25&nbsp;mai).<\/p>\n<p>Mais deux jours suf\u00adfisent pour voir \u00ab&nbsp;le com\u00adman\u00addo des ravis\u00adseurs&nbsp;\u00bb (<strong>France-Soir<\/strong> 25 mai) se trans\u00admu\u00adter en \u00ab&nbsp;de pi\u00e8tres com\u00adparses&nbsp;\u00bb (<strong>l\u2019Au\u00adrore<\/strong> 25\u200a\u2013\u200a26 mai). Une op\u00e9\u00adra\u00adtion de police qui a cou\u00advert la moi\u00adti\u00e9 de la France et qui, nous assure-ton, a com\u00admen\u00adc\u00e9 d\u00e8s le mois d\u2019a\u00advril, sous la direc\u00adtion du com\u00admis\u00adsaire Otta\u00advio\u00adli, \u00e0 la t\u00eate de la Bri\u00adgade Cri\u00admi\u00adnelle, aura ser\u00advi \u00e0 fabri\u00adquer des titres \u00e0 la \u00ab&nbsp;une&nbsp;\u00bb plus qu\u2019\u00e0 \u00e9ta\u00adblir des preuves. Et, comme le fait remar\u00adquer <strong>l\u2019Au\u00adrore<\/strong> d\u00e8s le 24 mai&nbsp;: \u00ab&nbsp;si des poli\u00adciers avaient effec\u00adti\u00adve\u00adment iden\u00adti\u00adf\u00e9 et situ\u00e9 les ravis\u00adseurs, auraient-ils lais\u00ads\u00e9 (\u2026) C.-M.&nbsp;Vadrot ren\u00adcon\u00adtrer le ban\u00adquier avant&nbsp;eux&nbsp;?&nbsp;\u00bb<\/p>\n<p>Que reproche-t-on aux incul\u00adp\u00e9s&nbsp;? Pour cinq d\u2019entre eux (Octa\u00advio Albe\u00adro\u00adla, Ariane Gran\u00adsac-Sado\u00adri, Jean-Helen Weir arr\u00ea\u00adt\u00e9s \u00e0 Avi\u00adgnon&nbsp;; Georges Rivi\u00e8re et Annie Pla\u00adzen, arr\u00ea\u00adt\u00e9s \u00e0 Tou\u00adlouse), le recel de sommes d\u2019argent impor\u00adtantes&nbsp;: 2.500.000&nbsp;F en devises retrou\u00adv\u00e9es \u00e0 Avi\u00adgnon, 680.000&nbsp;F \u00e0 Pey\u00adriac (Aude) chez des amis de Rivi\u00e8re. Les cinq pre\u00admiers d\u00e9clarent qu\u2019ils ne savaient pas ce que conte\u00adnaient les sacs que d\u2019autres leur avaient confi\u00e9s. Quant aux amis de Rivi\u00e8re, Pierre Gui\u00adbert et Dani\u00e8le Haas, ils sont appa\u00adrem\u00adment cou\u00adpables d\u2019a\u00advoir lais\u00ads\u00e9 des amis entrer chez&nbsp;eux.<\/p>\n<p>Mais sur\u00adtout, ces trois mil\u00adlions, \u00ab&nbsp;la ran\u00ad\u00e7on r\u00e9cu\u00adp\u00e9\u00adr\u00e9e&nbsp;\u00bb (<strong>l\u2019Hu\u00adma\u00adni\u00adt\u00e9<\/strong> 23 mai), d\u2019o\u00f9 viennent-ils&nbsp;? \u00ab&nbsp;Per\u00adsonne ne veut admettre les avoir d\u00e9bour\u00ads\u00e9s&nbsp;\u00bb (<strong>l\u2019Au\u00adrore<\/strong> 24 mai). Et voi\u00adl\u00e0 sept per\u00adsonnes incul\u00adp\u00e9es du recel de sommes dont on n\u2019ap\u00adporte pas un d\u00e9but de preuve qu\u2019elles aient \u00e9t\u00e9 vol\u00e9es ou extor\u00adqu\u00e9es \u00e0 qui que ce soit. Mais les enqu\u00ea\u00adteurs et les magis\u00adtrats n\u2019ont pas froid aux yeux, puisque ce m\u00eame chef d\u2019in\u00adcul\u00adpa\u00adtion sert contre Anne et Lucio Urtu\u00adbia, arr\u00ea\u00adt\u00e9s \u00e0 Paris, chez qui ont n\u2019a tou\u00adjours rien trou\u00adv\u00e9 de sus\u00adpect\u200a\u2014\u200asinon qu\u2019ils \u00ab&nbsp;semblent \u00eatre au centre de cette affaire&nbsp;\u00bb (<strong>France-Soir<\/strong> 24&nbsp;mai).<\/p>\n<p>Toutes ces contra\u00addic\u00adtions ne sont que le reflet d\u2019une contra\u00addic\u00adtion plus pro\u00adfonde&nbsp;: pour mieux r\u00e9pri\u00admer et \u00e9touf\u00adfer une action poli\u00adtique, on veut insis\u00adter sur le c\u00f4t\u00e9 \u00ab&nbsp;sor\u00addide&nbsp;\u00bb, de \u00ab&nbsp;pur gans\u00adt\u00e9\u00adrisme&nbsp;\u00bb (<strong>France-Soir<\/strong> 6 mai) de l\u2019af\u00adfaire. La famille et les col\u00adla\u00adbo\u00adra\u00adteurs de Sua\u00adrez insistent sur son \u00ab&nbsp;apo\u00adli\u00adtisme&nbsp;\u00bb, les auto\u00adri\u00adt\u00e9s font croire que les ravis\u00adseurs n\u2019ont pas fait conna\u00eetre leurs reven\u00addi\u00adca\u00adtions\u200a\u2014\u200apoli\u00adtiques \u00ab&nbsp;N\u00e9an\u00admoins, remarque <strong>l\u2019Hu\u00adma\u00adni\u00adt\u00e9<\/strong> du 6 mai, la pr\u00e9\u00adsence de poli\u00adciers espa\u00adgnols, sp\u00e9\u00adcia\u00adlistes des affaires poli\u00adtiques, aux c\u00f4t\u00e9s des enqu\u00ea\u00adteurs fran\u00ad\u00e7ais sem\u00adble\u00adrait d\u00e9men\u00adtir cette ver\u00adsion du crime crapuleux.&nbsp;\u00bb<\/p>\n<p>Avant que l\u2019AFP n\u2019ait re\u00e7u le pre\u00admier com\u00admu\u00adni\u00adqu\u00e9 des Groupes d\u2019Ac\u00adtion R\u00e9vo\u00adlu\u00adtion\u00adnaires inter\u00adna\u00adtio\u00adna\u00adlistes (GARI) reven\u00addi\u00adquant l\u2019en\u00adl\u00e8\u00adve\u00adment, nous savons en effet, par les soins de la Direc\u00adtion G\u00e9n\u00e9\u00adrale de la S\u00fbre\u00adt\u00e9 de Madrid, qu\u2019il s\u2019a\u00adgit l\u00e0 d\u2019un coup du groupe anar\u00adchiste \u00ab&nbsp;Pri\u00adme\u00adro de Mayo&nbsp;\u00bb (<strong>Jour\u00adnal du Dimanche<\/strong> 5 mai). Et la presse donne la chasse \u00e0 Octa\u00advio Albe\u00adro\u00adla, \u00ab&nbsp;un dan\u00adge\u00adreux des\u00adpe\u00adra\u00addo&nbsp;\u00bb (<strong>France-Soir<\/strong> 25 mai), \u00ab&nbsp;un homme que les gou\u00adver\u00adne\u00adments pr\u00e9\u00adf\u00e8rent voir de l\u2019autre c\u00f4t\u00e9 de leurs fron\u00adti\u00e8res, parce qu\u2019on peut tou\u00adjours le soup\u00ad\u00e7on\u00adner d\u2019a\u00advoir un mau\u00advais coup en t\u00eate&nbsp;\u00bb (<strong>l\u2019Au\u00adrore<\/strong> 6&nbsp;mai).<\/p>\n<p>Arr\u00ea\u00adt\u00e9 en France et expul\u00ads\u00e9 le 19 avril, Albe\u00adro\u00adla \u00e9tait reve\u00adnu \u2013 sans deman\u00adder la per\u00admis\u00adsion des auto\u00adri\u00adt\u00e9s qui ont vu l\u2019oc\u00adca\u00adsion d\u2019of\u00adfrir au gou\u00adver\u00adne\u00adment fran\u00adquiste un gage de bonne volon\u00adt\u00e9. Albe\u00adro\u00adla avait eu par le pas\u00ads\u00e9 l\u2019oc\u00adca\u00adsion de ren\u00adcon\u00adtrer Lucio Urtu\u00adbia, un r\u00e9fu\u00adgi\u00e9 poli\u00adtique espa\u00adgnol comme lui&nbsp;: on fait des Urtu\u00adbia ses \u00ab&nbsp;agents de liai\u00adson&nbsp;\u00bb et des rece\u00adleurs. De m\u00eame, Chan\u00adtal et Arnaud Chas\u00adtel ont eu le tort de conna\u00eetre les Urtu\u00adbia, ce qui per\u00admet de les accu\u00adser d\u2019a\u00advoir pr\u00ea\u00adt\u00e9 leur appar\u00adte\u00adment pour la s\u00e9ques\u00adtra\u00adtion de Sua\u00adrez, sur la foi d\u2019un num\u00e9\u00adro de t\u00e9l\u00e9\u00adphone et d\u2019un t\u00e9moi\u00adgnage rocam\u00adbo\u00adlesque du ban\u00adquier, qui recon\u00adna\u00eet la rampe \u00ab&nbsp;au tou\u00adcher&nbsp;\u00bb et \u2026 les bruits de la&nbsp;rue&nbsp;!<\/p>\n<p>Preuves contra\u00addic\u00adtoires pour les sept pre\u00admiers accu\u00ads\u00e9s, inexis\u00adtantes pour les quatre autres\u200a\u2014\u200atels sont les faits saillants de l\u2019af\u00adfaire Sua\u00adrez. Quant \u00e0 la volon\u00adt\u00e9 sys\u00adt\u00e9\u00adma\u00adtique de don\u00adner \u00e0 une affaire poli\u00adtique des allures de fait divers, elle ne sau\u00adrait sur\u00adprendre. D\u2019a\u00adbord parce qu\u2019une telle poli\u00adtique mini\u00admise les risques de voir la gauche fran\u00ad\u00e7aise\u200a\u2014\u200a\u00e9ter\u00adnelle et sen\u00adti\u00admen\u00adtale anti\u00adfran\u00adquiste\u200a\u2014\u200aprendre la d\u00e9fense des accu\u00ads\u00e9s, et d\u00e9non\u00adcer ain\u00adsi la col\u00adla\u00adbo\u00adra\u00adtion de plus en plus \u00e9troite entre les auto\u00adri\u00adt\u00e9s fran\u00ad\u00e7aises et espagnoles.<\/p>\n<p>Ensuite, parce qu\u2019il est bien natu\u00adrel qu\u2019un r\u00e9gime fon\u00add\u00e9 tout entier sur le culte de l\u2019Argent et de ses fid\u00e8les d\u00e9fen\u00adseurs, la Loi et l\u2019Ordre, r\u00e9prime avec la m\u00eame vigueur le ban\u00addi\u00adtisme, le ter\u00adro\u00adrisme et la sub\u00adver\u00adsion dans tous les domaines. Il est signi\u00adfi\u00adca\u00adtif que M.&nbsp;Leca\u00adnuet, sym\u00adbole de la \u00ab&nbsp;nou\u00advelle majo\u00adri\u00adt\u00e9 pr\u00e9\u00adsi\u00adden\u00adtielle \u00e9lar\u00adgie&nbsp;\u00bb ait cru bon d\u2019i\u00adnau\u00adgu\u00adrer ses fonc\u00adtions de Garde des Sceaux en d\u00e9cla\u00adrant qu\u2019il sou\u00adhai\u00adtait \u00ab&nbsp;une jus\u00adtice ferme mais humaine. En par\u00adti\u00adcu\u00adlier, je serai sans fai\u00adblesse pour tout ce qui touche \u00e0 la drogue, \u00e0 la vio\u00adlence, \u00e0 la s\u00e9ques\u00adtra\u00adtion et aux prises d\u2019o\u00adtages.&nbsp;\u00bb (<strong>Le Monde<\/strong> 12&nbsp;juin).<\/p>\n<p>Des mili\u00adtants liber\u00adtaires fran\u00ad\u00e7ais, ou espa\u00adgnols r\u00e9fu\u00adgi\u00e9s en France, ont d\u00fb \u00e0 cette seule qua\u00adli\u00adt\u00e9 d\u2019\u00eatre arr\u00ea\u00adt\u00e9s dans le cadre de cette affaire. D\u2019autres ont re\u00e7u de curieuses \u00ab&nbsp;visites&nbsp;\u00bb qui s\u2019ap\u00adpa\u00adrentent en fait \u00e0 de v\u00e9ri\u00adtables per\u00adqui\u00adsi\u00adtions clan\u00addes\u00adtines&nbsp;: la S\u00fbre\u00adt\u00e9 espa\u00adgnole n\u2019a pas seule\u00adment visi\u00adt\u00e9 le \u00ab&nbsp;somp\u00adtueux appar\u00adte\u00adment&nbsp;\u00bb des Suarez.<\/p>\n<p>Il est temps de d\u00e9non\u00adcer la r\u00e9pres\u00adsion que les polices fran\u00ad\u00e7aise et espa\u00adgnole font peser sur les milieux liber\u00adtaires fran\u00ad\u00e7ais, de d\u00e9non\u00adcer la man\u0153uvre poli\u00adtique qui veut offrir Albe\u00adro\u00adla et les autres cama\u00adrades empri\u00adson\u00adn\u00e9s en vic\u00adtimes de l\u2019en\u00adtente cor\u00addiale avec le r\u00e9gime des assas\u00adsins de Puig Antich et de tant de mili\u00adtants ouvriers, d\u2019exi\u00adger enfin que cesse la mas\u00adca\u00adrade d\u2019une ins\u00adtruc\u00adtion judi\u00adciaire tru\u00adqu\u00e9e et que la liber\u00adt\u00e9 soit ren\u00addue \u00e0 nos onze camarades.<\/p>\n<div align=\"right\">Comi\u00adt\u00e9 de D\u00e9fense des Inculp\u00e9s<br>\nde l\u2019Af\u00adfaire Suarez<\/div>\n<\/div>\n","protected":false},"excerpt":{"rendered":"<p>Onze per\u00adsonnes sont actuel\u00adle\u00adment empri\u00adson\u00adn\u00e9es sous divers chefs d\u2019in\u00adcul\u00adpa\u00adtion li\u00e9s \u00e0 l\u2019af\u00adfaire Sua\u00adrez&nbsp;: les hommes \u00e0 Fresnes et \u00e0 la San\u00adt\u00e9, les femmes \u00e0 Fleu\u00ad\u00adry-M\u00e9ro\u00ad\u00adgis. Apr\u00e8s la publi\u00adci\u00adt\u00e9 ini\u00adtiale don\u00adn\u00e9e \u00e0 l\u2019en\u00adl\u00e8\u00adve\u00adment et aux arres\u00adta\u00adtions, le silence s\u2019est fait dans la presse sur le d\u00e9ve\u00adlop\u00adpe\u00adment de cette affaire. En fait, ce silence semble rejoindre l\u2019embarras [\u2026]<\/p>\n","protected":false},"author":1,"featured_media":0,"comment_status":"closed","ping_status":"closed","sticky":false,"template":"","format":"standard","meta":{"wp_typography_post_enhancements_disabled":false,"footnotes":""},"categories":[35],"tags":[],"ppma_author":[540],"class_list":["post-231","post","type-post","status-publish","format-standard","hentry","category-la-lanterne-noire-n1-juillet-aout-1974"],"authors":[{"term_id":540,"user_id":1,"is_guest":0,"slug":"admin_3gikpwyf","display_name":"Vincent Dubuc","avatar_url":"https:\/\/secure.gravatar.com\/avatar\/d015720652c25fd2ced191ade86430094e1f288a17483713e3b34d26dea52507?s=96&d=mm&r=g","author_category":"","user_url":"https:\/\/la-presse-anarchiste.net","last_name":"Dubuc","first_name":"Vincent","job_title":"","description":""}],"_links":{"self":[{"href":"https:\/\/la-presse-anarchiste.net\/index.php\/wp-json\/wp\/v2\/posts\/231","targetHints":{"allow":["GET"]}}],"collection":[{"href":"https:\/\/la-presse-anarchiste.net\/index.php\/wp-json\/wp\/v2\/posts"}],"about":[{"href":"https:\/\/la-presse-anarchiste.net\/index.php\/wp-json\/wp\/v2\/types\/post"}],"author":[{"embeddable":true,"href":"https:\/\/la-presse-anarchiste.net\/index.php\/wp-json\/wp\/v2\/users\/1"}],"replies":[{"embeddable":true,"href":"https:\/\/la-presse-anarchiste.net\/index.php\/wp-json\/wp\/v2\/comments?post=231"}],"version-history":[{"count":0,"href":"https:\/\/la-presse-anarchiste.net\/index.php\/wp-json\/wp\/v2\/posts\/231\/revisions"}],"wp:attachment":[{"href":"https:\/\/la-presse-anarchiste.net\/index.php\/wp-json\/wp\/v2\/media?parent=231"}],"wp:term":[{"taxonomy":"category","embeddable":true,"href":"https:\/\/la-presse-anarchiste.net\/index.php\/wp-json\/wp\/v2\/categories?post=231"},{"taxonomy":"post_tag","embeddable":true,"href":"https:\/\/la-presse-anarchiste.net\/index.php\/wp-json\/wp\/v2\/tags?post=231"},{"taxonomy":"author","embeddable":true,"href":"https:\/\/la-presse-anarchiste.net\/index.php\/wp-json\/wp\/v2\/ppma_author?post=231"}],"curies":[{"name":"wp","href":"https:\/\/api.w.org\/{rel}","templated":true}]}}