{"id":2314,"date":"2010-02-15T17:07:07","date_gmt":"2010-02-15T17:07:07","guid":{"rendered":"https:\/\/la-presse-anarchiste.net\/index.php\/2010\/02\/15\/toujours-la-repression\/"},"modified":"2010-02-15T17:07:07","modified_gmt":"2010-02-15T17:07:07","slug":"toujours-la-repression","status":"publish","type":"post","link":"https:\/\/la-presse-anarchiste.net\/index.php\/2010\/02\/15\/toujours-la-repression\/","title":{"rendered":"Toujours la r\u00e9pression"},"content":{"rendered":"<div class=\"pdfprnt-buttons pdfprnt-buttons-post pdfprnt-top-right\"><a href=\"https:\/\/la-presse-anarchiste.net\/index.php\/wp-json\/wp\/v2\/posts\/2314?print=pdf\" class=\"pdfprnt-button pdfprnt-button-pdf\" target=\"_blank\"><img decoding=\"async\" src=\"https:\/\/la-presse-anarchiste.net\/wp-content\/plugins\/pdf-print\/images\/pdf.png\" alt=\"image_pdf\" title=\"Afficher le PDF\"><\/a><a href=\"https:\/\/la-presse-anarchiste.net\/index.php\/wp-json\/wp\/v2\/posts\/2314?print=print\" class=\"pdfprnt-button pdfprnt-button-print\" target=\"_blank\"><img decoding=\"async\" src=\"https:\/\/la-presse-anarchiste.net\/wp-content\/plugins\/pdf-print\/images\/print.png\" alt=\"image_print\" title=\"Contenu imprim\u00e9\"><\/a><\/div><p>La r\u00e9pres\u00adsion chez Sim\u00adca ou chez Citro\u00ebn est une affaire connue. Mais, qui parle des condi\u00adtions de tra\u00advail chez Unic \u00e0 Sur\u00adesnes&nbsp;? Per\u00adsonne ou presque&nbsp;! Il a fal\u00adlu l\u2019ar\u00adres\u00adta\u00adtion, le 12 f\u00e9vrier 1971, puis la condam\u00adna\u00adtion le 10 mai d\u2019un \u00e9tu\u00addiant, bap\u00adti\u00ads\u00e9 \u00ab&nbsp;gau\u00adchiste&nbsp;\u00bb, pour que cer\u00adtains \u00e0 Sur\u00adesnes s\u2019a\u00adper\u00ad\u00e7oivent du \u00ab&nbsp;cas&nbsp;\u00bb Unic, de l\u2019exis\u00adtence d\u2019un chef de s\u00e9cu\u00adri\u00adt\u00e9 qui en col\u00adla\u00adbo\u00adra\u00adtion avec les d\u00e9l\u00e9\u00adgu\u00e9s C.F.T. et les flics de Sur\u00adesnes Puteaux consacre son temps \u00e0 faire la \u00ab&nbsp;chasse aux sor\u00adci\u00e8res&nbsp;\u00bb (en l\u2019oc\u00adcur\u00adrence ceux qui n\u2019ac\u00adceptent pas toutes les humi\u00adlia\u00adtions). De tous les hori\u00adzons poli\u00adtiques, syn\u00addi\u00adcaux, etc., des gens qui agissent en leur nom per\u00adson\u00adnel se sont r\u00e9unis d\u2019a\u00adbord pour s\u2019in\u00adfor\u00admer des condi\u00adtions r\u00e9elles faites aux tra\u00advailleurs de chez Unic et ensuite pour se tour\u00adner vers la popu\u00adla\u00adtion et lui jeter ce scan\u00addale \u00e0 la figure. Cette action doit se d\u00e9ve\u00adlop\u00adper afin que per\u00adsonne ne puisse hypo\u00adcri\u00adte\u00adment igno\u00adrer un tel probl\u00e8me.<\/p>\n<p>[|<b>*   *   *   *<\/b>|]<\/p>\n<p>Le 29 mars 1971, un ouvrier de l\u2019u\u00adsine Unie de Sur\u00adesnes, Jo\u00ebl Gabriel, est licen\u00adci\u00e9 parce qu\u2019on a trou\u00adv\u00e9 des tracts dans son ves\u00adtiaire priv\u00e9.<\/p>\n<p>Emme\u00adn\u00e9 au com\u00admis\u00adsa\u00adriat de Puteaux, il est tor\u00adtu\u00adr\u00e9&nbsp;: des coups r\u00e9p\u00e9\u00adt\u00e9s lui sont asse\u00adn\u00e9s sur la nuque pen\u00addant des heures. Le chef de la sur\u00adveillance d\u2019U\u00adnic est pr\u00eat \u00e0 tout pour le faire parler.<\/p>\n<p>La direc\u00adtion d\u2019U\u00adnic entre\u00adtient dans l\u2019u\u00adsine une milice pri\u00adv\u00e9e, pour emp\u00ea\u00adcher toute forme d\u2019ex\u00adpres\u00adsion autre que celle de son syn\u00addi\u00adcat mai\u00adson. Sur les 1.300 per\u00adsonnes embau\u00adch\u00e9es par Unic en 1970, il en res\u00adtait 200 \u00e0 la fin de l\u2019an\u00adn\u00e9e&nbsp;: les 1.100 autres \u00e9taient par\u00adties d\u00e9go\u00fb\u00adt\u00e9es ou licenci\u00e9es.<\/p>\n","protected":false},"excerpt":{"rendered":"<p>La r\u00e9pres\u00adsion chez Sim\u00adca ou chez Citro\u00ebn est une affaire connue. Mais, qui parle des condi\u00adtions de tra\u00advail chez Unic \u00e0 Sur\u00adesnes&nbsp;? Per\u00adsonne ou presque&nbsp;! Il a fal\u00adlu l\u2019ar\u00adres\u00adta\u00adtion, le 12 f\u00e9vrier 1971, puis la condam\u00adna\u00adtion le 10 mai d\u2019un \u00e9tu\u00addiant, bap\u00adti\u00ads\u00e9 \u00ab&nbsp;gau\u00adchiste&nbsp;\u00bb, pour que cer\u00adtains \u00e0 Sur\u00adesnes s\u2019a\u00adper\u00ad\u00e7oivent du \u00ab&nbsp;cas&nbsp;\u00bb Unic, de l\u2019exis\u00adtence d\u2019un [\u2026]<\/p>\n","protected":false},"author":1,"featured_media":0,"comment_status":"closed","ping_status":"closed","sticky":false,"template":"","format":"standard","meta":{"wp_typography_post_enhancements_disabled":false,"footnotes":""},"categories":[294],"tags":[],"ppma_author":[540],"class_list":["post-2314","post","type-post","status-publish","format-standard","hentry","category-solidarite-ouvriere-n3-juin-1971"],"authors":[{"term_id":540,"user_id":1,"is_guest":0,"slug":"admin_3gikpwyf","display_name":"Vincent Dubuc","avatar_url":"https:\/\/secure.gravatar.com\/avatar\/d015720652c25fd2ced191ade86430094e1f288a17483713e3b34d26dea52507?s=96&d=mm&r=g","author_category":"","user_url":"https:\/\/la-presse-anarchiste.net","last_name":"Dubuc","first_name":"Vincent","job_title":"","description":""}],"_links":{"self":[{"href":"https:\/\/la-presse-anarchiste.net\/index.php\/wp-json\/wp\/v2\/posts\/2314","targetHints":{"allow":["GET"]}}],"collection":[{"href":"https:\/\/la-presse-anarchiste.net\/index.php\/wp-json\/wp\/v2\/posts"}],"about":[{"href":"https:\/\/la-presse-anarchiste.net\/index.php\/wp-json\/wp\/v2\/types\/post"}],"author":[{"embeddable":true,"href":"https:\/\/la-presse-anarchiste.net\/index.php\/wp-json\/wp\/v2\/users\/1"}],"replies":[{"embeddable":true,"href":"https:\/\/la-presse-anarchiste.net\/index.php\/wp-json\/wp\/v2\/comments?post=2314"}],"version-history":[{"count":0,"href":"https:\/\/la-presse-anarchiste.net\/index.php\/wp-json\/wp\/v2\/posts\/2314\/revisions"}],"wp:attachment":[{"href":"https:\/\/la-presse-anarchiste.net\/index.php\/wp-json\/wp\/v2\/media?parent=2314"}],"wp:term":[{"taxonomy":"category","embeddable":true,"href":"https:\/\/la-presse-anarchiste.net\/index.php\/wp-json\/wp\/v2\/categories?post=2314"},{"taxonomy":"post_tag","embeddable":true,"href":"https:\/\/la-presse-anarchiste.net\/index.php\/wp-json\/wp\/v2\/tags?post=2314"},{"taxonomy":"author","embeddable":true,"href":"https:\/\/la-presse-anarchiste.net\/index.php\/wp-json\/wp\/v2\/ppma_author?post=2314"}],"curies":[{"name":"wp","href":"https:\/\/api.w.org\/{rel}","templated":true}]}}