{"id":2316,"date":"2010-02-15T17:11:02","date_gmt":"2010-02-15T17:11:02","guid":{"rendered":"https:\/\/la-presse-anarchiste.net\/index.php\/2010\/02\/15\/la-greve-de-renault-et-ses-lecons\/"},"modified":"2010-02-15T17:11:02","modified_gmt":"2010-02-15T17:11:02","slug":"la-greve-de-renault-et-ses-lecons","status":"publish","type":"post","link":"https:\/\/la-presse-anarchiste.net\/index.php\/2010\/02\/15\/la-greve-de-renault-et-ses-lecons\/","title":{"rendered":"La gr\u00e8ve de Renault et ses le\u00e7ons"},"content":{"rendered":"<div class=\"pdfprnt-buttons pdfprnt-buttons-post pdfprnt-top-right\"><a href=\"https:\/\/la-presse-anarchiste.net\/index.php\/wp-json\/wp\/v2\/posts\/2316?print=pdf\" class=\"pdfprnt-button pdfprnt-button-pdf\" target=\"_blank\"><img decoding=\"async\" src=\"https:\/\/la-presse-anarchiste.net\/wp-content\/plugins\/pdf-print\/images\/pdf.png\" alt=\"image_pdf\" title=\"Afficher le PDF\"><\/a><a href=\"https:\/\/la-presse-anarchiste.net\/index.php\/wp-json\/wp\/v2\/posts\/2316?print=print\" class=\"pdfprnt-button pdfprnt-button-print\" target=\"_blank\"><img decoding=\"async\" src=\"https:\/\/la-presse-anarchiste.net\/wp-content\/plugins\/pdf-print\/images\/print.png\" alt=\"image_print\" title=\"Contenu imprim\u00e9\"><\/a><\/div><p>[(Les mili\u00adtants de \u00ab&nbsp;Soli\u00adda\u00adri\u00adt\u00e9 ouvri\u00e8re&nbsp;\u00bb de la r\u00e9gion pari\u00adsienne \u00e0 l\u2019an\u00adnonce de la gr\u00e8ve des O.S. de la r\u00e9gie Renault du Mans\u200a\u2014\u200aet consta\u00adtant le conte\u00adnu syn\u00addi\u00adca\u00adliste et liber\u00adtaire de leurs reven\u00addi\u00adca\u00adtions&nbsp;: dimi\u00adnu\u00adtion de la grille hi\u00e9\u00adrar\u00adchique, dimi\u00adnu\u00adtion du temps de tra\u00advail, avan\u00adce\u00adment de l\u2019\u00e2ge de la retraite\u200a\u2014\u200ad\u00e9ci\u00add\u00e8rent d\u2019en\u00advoyer plu\u00adsieurs cama\u00adrades prendre contact avec les tra\u00advailleurs en&nbsp;gr\u00e8ve.<\/p>\n<p>Ces cama\u00adrades arri\u00adv\u00e8rent au moment o\u00f9 com\u00admen\u00ad\u00e7ait le mee\u00adting orga\u00adni\u00ads\u00e9 par les syn\u00addi\u00adcats C.G.T. et C.F.D.T. Tout de suite, ils purent consta\u00adter l\u2019at\u00adti\u00adtude embar\u00adras\u00ads\u00e9e du repr\u00e9\u00adsen\u00adtant de la C.G.T. qui par\u00adlait de la soli\u00adda\u00adri\u00adt\u00e9 des autres tra\u00advailleurs de la r\u00e9gie, mais sans en pr\u00e9\u00adci\u00adser les formes!)]<\/p>\n<p>Ce qui vou\u00adlait dire en clair qu\u2019on allait lais\u00adser se battre seuls les O.S. du Mans&nbsp;! N\u2019ou\u00adblions pas que la hi\u00e9\u00adrar\u00adchi\u00adsa\u00adtion des tra\u00advailleurs (O.S.1, O.S.2, P.1, P.2, A.T.1, etc.) date de 1947, mise au point par la m\u00eame C.G.T. ou plu\u00adt\u00f4t par la m\u00eame direc\u00adtion de la C.G.T. On ne paie plus les tra\u00advailleurs en fonc\u00adtion d\u2019un tra\u00advail mais d\u2019une qua\u00adli\u00adfi\u00adca\u00adtion&nbsp;; et trop sou\u00advent pour le m\u00eame tra\u00advail les dif\u00adf\u00e9\u00adrences de salaire sont impor\u00adtantes, parce que la qua\u00adli\u00adfi\u00adca\u00adtion n\u2019est sup\u00adpo\u00ads\u00e9e pas la m\u00eame alors que le tra\u00advail four\u00adni est \u00e9qui\u00advalent&nbsp;: intro\u00adduc\u00adtion du fonc\u00adtion\u00adna\u00adrisme dans la classe ouvri\u00e8re&nbsp;!<\/p>\n<p>Dans les semaines qui allaient suivre, on assis\u00adte\u00adra \u00e0 une regret\u00adtable orches\u00adtra\u00adtion de la grande presse \u2013 \u00e9crite, radio\u00adpho\u00adnique et t\u00e9l\u00e9\u00advi\u00ads\u00e9 \u2013 avec les f\u00e9d\u00e9\u00adra\u00adtions syn\u00addi\u00adcales, qui allaient plus ou moins reprendre les argu\u00adments lamen\u00adtables de Gis\u00adcard d\u2019Es\u00adtaing&nbsp;; les reven\u00addi\u00adca\u00adtions des O.S. met\u00adtaient en p\u00e9ril toute la ges\u00adtion, voire m\u00eame l\u2019exis\u00adtence de la r\u00e9gie Renault&nbsp;! \u00c0 cette cat\u00e9\u00adgo\u00adrie, la plus exploi\u00adt\u00e9e, on essayait de faire sup\u00adpor\u00adter le poids moral des cons\u00e9\u00adquences des gym\u00adnas\u00adtiques mon\u00e9\u00adtaires. Au tra\u00advers de la lutte de ses cama\u00adrades, c\u2019\u00e9\u00adtait tout le monde des tra\u00advailleurs qui \u00e9tait&nbsp;vis\u00e9&nbsp;!<\/p>\n<p>C\u2019est tel\u00adle\u00adment vrai qu\u2019une autre d\u00e9l\u00e9\u00adga\u00adtion de l\u2019Al\u00adliance qui se ren\u00addit \u00e0 Bou\u00adlogne-Billan\u00adcourt put faire les consta\u00adtions sui\u00advantes&nbsp;: quinze jours apr\u00e8s le d\u00e9but de la gr\u00e8ve des O.S. du Mans, rien n\u2019a\u00advait \u00e9t\u00e9 fait pour uni\u00adfier dans une lutte com\u00admune les dif\u00adf\u00e9\u00adrentes cat\u00e9\u00adgo\u00adries de personnel.<\/p>\n<p>Il y avait les non-gr\u00e9\u00advistes, les lock-out\u00e9s dont une grande par\u00adtie, sur\u00adtout par\u00admi les jeunes, \u00e9tait pour l\u2019oc\u00adcu\u00adpa\u00adtion des lieux de tra\u00advail&nbsp;; d\u2019autres, des employ\u00e9s, dans l\u2019es\u00adpoir de per\u00adce\u00advoir en entier leur salaire, ne se sen\u00adtaient pas concer\u00adn\u00e9s par la situation.<\/p>\n<p>Devant cette divi\u00adsion, trop sou\u00advent entre\u00adte\u00adnue, de nom\u00adbreux cadres adop\u00adtaient une atti\u00adtude provocatrice.<\/p>\n<p>Il nous faut dire, avec regret mais nous devons le dire, qu\u2019ils \u00e9taient trop sou\u00advent aid\u00e9s par les cadres syn\u00addi\u00adcaux de la C.G.T. Ceux-ci n\u2019ont-ils pas fait la chasse aux tra\u00advailleurs qui avaient pris conscience du pro\u00adbl\u00e8me pos\u00e9 et ten\u00adtaient d\u2019\u00e9\u00adlar\u00adgir le mou\u00adve\u00adment, voire m\u00eame de le dur\u00adcir, face \u00e0 la ten\u00adta\u00adtive d\u2019\u00e9\u00adpreuve de force enga\u00adg\u00e9e contre le gouvernement&nbsp;?<\/p>\n<p>Ces m\u00eames cadres syn\u00addi\u00adcaux, cette fois-ci au grand jour, ont d\u00e9cla\u00adr\u00e9, apr\u00e8s un mee\u00adting, \u00e0 des tra\u00advailleurs qui posaient des ques\u00adtions g\u00eanantes au sujet de la situa\u00adtion par\u00adti\u00adcu\u00adli\u00e8re des int\u00e9\u00adri\u00admaires tra\u00advaillant \u00e0 la r\u00e9gie, que les int\u00e9\u00adri\u00admaires n\u2019a\u00advaient pas \u00e0 \u00eatre l\u00e0, qu\u2019eux-m\u00eames \u00e9tant \u00ab&nbsp;flics syn\u00addi\u00adcaux&nbsp;\u00bb leur r\u00f4le \u00e9tait de les faire sor\u00adtir, ce qui sou\u00adle\u00adva un tol\u00adl\u00e9 de la part des tra\u00advailleurs pr\u00e9\u00adsents, immi\u00adgr\u00e9s et non-immigr\u00e9s.<\/p>\n<p>Pro\u00adpos qui paraissent invrai\u00adsem\u00adblables par leur outrance m\u00eame&nbsp;!<\/p>\n<p>Des inci\u00addents sem\u00adblables se sont pro\u00adduits jour\u00adnel\u00adle\u00adment \u00e0 Flins, \u00e0&nbsp;Cl\u00e9on.<\/p>\n<p>La paix sociale, les \u00ab&nbsp;accords de pro\u00adgr\u00e8s&nbsp;\u00bb pla\u00adni\u00adfiant les aug\u00admen\u00adta\u00adtions de salaire et les am\u00e9\u00adlio\u00adra\u00adtions des condi\u00adtions de tra\u00advail, cela se paie&nbsp;! Cela se paie par le sabo\u00adtage de la spon\u00adta\u00adn\u00e9i\u00adt\u00e9 ouvri\u00e8re&nbsp;!<\/p>\n<p>Dans une p\u00e9riode comme la n\u00f4tre, o\u00f9 le capi\u00adta\u00adlisme fran\u00ad\u00e7ais doit inves\u00adtir mas\u00adsi\u00adve\u00adment pour r\u00e9sis\u00adter \u00e0 la concur\u00adrence inter\u00adna\u00adtio\u00adnale, les contra\u00addic\u00adtions et les conflits d\u2019in\u00adt\u00e9\u00adr\u00eat entre pro\u00adl\u00e9\u00adta\u00adriat et capi\u00adtal \u00e9clatent au grand jour. Et toute ten\u00adta\u00adtive de col\u00adla\u00adbo\u00adra\u00adtion entre syn\u00addi\u00adcats et patro\u00adnat \u2013 pri\u00adv\u00e9 ou public \u2013 sacri\u00adfie les int\u00e9\u00adr\u00eats de la classe ouvri\u00e8re. Ce sont les tra\u00advailleurs qui vont payer les frais de l\u2019ex\u00adpan\u00adsion \u00e9co\u00adno\u00admique et les sauts p\u00e9rilleux de l\u2019eu\u00adro\u00addol\u00adlar. On ver\u00adra m\u00eame l\u2019en\u00adtr\u00e9e du capi\u00adtal pri\u00adv\u00e9 \u00e0 la R.N.U.R., comme on le voit dans l\u2019a\u00e9\u00adro\u00adnau\u00adtique [[Voir notre article sur la S.N.I.A.S.]] et dans les P.T.T.<\/p>\n<p>On peut com\u00adprendre l\u2019a\u00admer\u00adtume des O.S. de Renault&nbsp;; en par\u00adti\u00adcu\u00adlier ceux du Mans, qui ont, pen\u00addant quatre semaines, men\u00e9 un dur com\u00adbat, com\u00adbat qui concer\u00adnait toute la classe ouvri\u00e8re&nbsp;; mais leur lutte a \u00e9t\u00e9 d\u00e9voy\u00e9e&nbsp;; au lieu de la mobi\u00adli\u00adsa\u00adtion de tous les tra\u00advailleurs de la m\u00e9tal\u00adlur\u00adgie, des trois conf\u00e9\u00add\u00e9\u00adra\u00adtions et non-syn\u00addi\u00adqu\u00e9s, ils ont pu voir une dis\u00adper\u00adsion, une par\u00adcel\u00adli\u00adsa\u00adtion de leur mouvement.<\/p>\n<p>Ils tire\u00adront eux-m\u00eames les conclu\u00adsions qui s\u2019im\u00adposent&nbsp;: les direc\u00adtions syn\u00addi\u00adcales actuelles ne s\u2019i\u00adden\u00adti\u00adfient pas avec leurs int\u00e9\u00adr\u00eats&nbsp;; leur poli\u00adtique d\u2019as\u00adsi\u00admi\u00adla\u00adtion au sys\u00adt\u00e8me capi\u00adta\u00adliste tient \u00e0 leur illu\u00adsion pre\u00admi\u00e8re&nbsp;: la croyance du pas\u00adsage au socia\u00adlisme par la voie \u00e9lec\u00adto\u00adrale qui les oblige \u00e0 main\u00adte\u00adnir muse\u00adl\u00e9 le pro\u00adl\u00e9\u00adta\u00adriat. Face aux int\u00e9\u00adr\u00eats de classe, les diri\u00adgeants actuels du mou\u00adve\u00adment ouvrier pr\u00e9\u00adf\u00e8rent la cohue \u00e9lec\u00adto\u00adrale\u2026 En outre, \u00ab&nbsp;gauche unie au pou\u00advoir&nbsp;\u00bb, \u00ab&nbsp;d\u00e9mo\u00adcra\u00adtie avan\u00adc\u00e9e&nbsp;\u00bb signi\u00adfient en ter\u00adnies \u00e9co\u00adno\u00admiques ges\u00adtion du sys\u00adt\u00e8me capi\u00adta\u00adliste&nbsp;; pour \u00eatre g\u00e9rant, il faut don\u00adner des gages \u2013 \u00e0 savoir prou\u00adver \u00eatre capable de dis\u00adci\u00adpli\u00adner \u2013 de tenir, de diri\u00adger les tra\u00advailleurs et, au besoin, de cas\u00adser quelques t\u00eates\u2026<\/p>\n<p>Les direc\u00adtions actuelles ont donc une poli\u00adtique coh\u00e9\u00adrente et d\u00e9ter\u00admi\u00adn\u00e9e de faire ren\u00adtrer le fleuve ouvrier dans son lit de gr\u00e9\u00advettes, mani\u00adfes\u00adta\u00adtions pro\u00adme\u00adnades et autres sou\u00adpapes de s\u00e9cu\u00adri\u00adt\u00e9. Rien ne les effraie plus que le d\u00e9bor\u00adde\u00adment de leurs digues r\u00e9formistes.<\/p>\n<p>Pour elles l\u2019a\u00adve\u00adnir est pla\u00adni\u00adfi\u00e9, s\u00fbr&nbsp;: regrou\u00adpe\u00adment des par\u00adtis de gauche, les syn\u00addi\u00adcats sur un petit stra\u00adpon\u00adtin en appoint&nbsp;; gou\u00adver\u00adne\u00adment \u00ab&nbsp;d\u2019u\u00adnion d\u00e9mo\u00adcra\u00adtique\u00bb&nbsp;; r\u00e9formes&nbsp;: quelques natio\u00adna\u00adli\u00adsa\u00adtions, quelques lois sociales, quelques reven\u00addi\u00adca\u00adtions satis\u00adfaites&nbsp;: \u00e9chelle mobile, retraite\u2026; loin, tr\u00e8s loin, un mirage qui recule \u00e0 mesure qu\u2019on avance&nbsp;: expro\u00adpria\u00adtion, ges\u00adtion ouvri\u00e8re, dis\u00adpa\u00adri\u00adtion de l\u2019\u00c9\u00adtat et F\u00e9d\u00e9\u00adra\u00adtion inter\u00adna\u00adtio\u00adnale, le socia\u00adlisme est tou\u00adjours exal\u00adt\u00e9, pro\u00adcla\u00adm\u00e9,&nbsp;f\u00eat\u00e9\u2026<\/p>\n<p>Pour\u00adtant, d\u2019autres forces existent&nbsp;; elles \u00e9clatent par\u00adtout&nbsp;; elles sont faibles aujourd\u2019\u00adhui mais pro\u00adgressent vite. On les voit chez Renault, chez les agri\u00adcul\u00adteurs, chez les tech\u00adni\u00adciens&nbsp;; elles sont radi\u00adcales et press\u00e9es.<\/p>\n<p>Aujourd\u2019\u00adhui, la ques\u00adtion de la direc\u00adtion des luttes ouvri\u00e8res se pose, non en termes d\u2019i\u00add\u00e9o\u00adlo\u00adgie mais d\u2019ac\u00adtion, non th\u00e9o\u00adri\u00adque\u00adment mais dans les luttes sociales. Les mili\u00adtants de l\u2019Al\u00adliance sont d\u00e9ci\u00add\u00e9s de prendre leur part en ce com\u00adbat. La classe ouvri\u00e8re et les couches tech\u00adni\u00adciennes \u2013 main-d\u2019\u0153uvre, tech\u00adnique et science \u2013 sau\u00adront-elles enfin r\u00e9a\u00adli\u00adser leurs aspi\u00adra\u00adtions et bri\u00adser le car\u00adcan r\u00e9for\u00admiste et petit bour\u00adgeois qui les enserre afin que les tra\u00advailleurs b\u00e2tissent leur monde, celui du socia\u00adlisme et de la libert\u00e9.<\/p>\n","protected":false},"excerpt":{"rendered":"<p>[(Les mili\u00adtants de \u00ab&nbsp;Soli\u00adda\u00adri\u00adt\u00e9 ouvri\u00e8re&nbsp;\u00bb de la r\u00e9gion pari\u00adsienne \u00e0 l\u2019an\u00adnonce de la gr\u00e8ve des O.S. de la r\u00e9gie Renault du Mans\u200a\u2014\u200aet consta\u00adtant le conte\u00adnu syn\u00addi\u00adca\u00adliste et liber\u00adtaire de leurs reven\u00addi\u00adca\u00adtions&nbsp;: dimi\u00adnu\u00adtion de la grille hi\u00e9\u00adrar\u00adchique, dimi\u00adnu\u00adtion du temps de tra\u00advail, avan\u00adce\u00adment de l\u2019\u00e2ge de la retraite\u200a\u2014\u200ad\u00e9ci\u00add\u00e8rent d\u2019en\u00advoyer plu\u00adsieurs cama\u00adrades prendre contact avec les travailleurs&nbsp;[\u2026]<\/p>\n","protected":false},"author":1,"featured_media":0,"comment_status":"closed","ping_status":"closed","sticky":false,"template":"","format":"standard","meta":{"wp_typography_post_enhancements_disabled":false,"footnotes":""},"categories":[294],"tags":[],"ppma_author":[540],"class_list":["post-2316","post","type-post","status-publish","format-standard","hentry","category-solidarite-ouvriere-n3-juin-1971"],"authors":[{"term_id":540,"user_id":1,"is_guest":0,"slug":"admin_3gikpwyf","display_name":"Vincent Dubuc","avatar_url":"https:\/\/secure.gravatar.com\/avatar\/d015720652c25fd2ced191ade86430094e1f288a17483713e3b34d26dea52507?s=96&d=mm&r=g","author_category":"","user_url":"https:\/\/la-presse-anarchiste.net","last_name":"Dubuc","first_name":"Vincent","job_title":"","description":""}],"_links":{"self":[{"href":"https:\/\/la-presse-anarchiste.net\/index.php\/wp-json\/wp\/v2\/posts\/2316","targetHints":{"allow":["GET"]}}],"collection":[{"href":"https:\/\/la-presse-anarchiste.net\/index.php\/wp-json\/wp\/v2\/posts"}],"about":[{"href":"https:\/\/la-presse-anarchiste.net\/index.php\/wp-json\/wp\/v2\/types\/post"}],"author":[{"embeddable":true,"href":"https:\/\/la-presse-anarchiste.net\/index.php\/wp-json\/wp\/v2\/users\/1"}],"replies":[{"embeddable":true,"href":"https:\/\/la-presse-anarchiste.net\/index.php\/wp-json\/wp\/v2\/comments?post=2316"}],"version-history":[{"count":0,"href":"https:\/\/la-presse-anarchiste.net\/index.php\/wp-json\/wp\/v2\/posts\/2316\/revisions"}],"wp:attachment":[{"href":"https:\/\/la-presse-anarchiste.net\/index.php\/wp-json\/wp\/v2\/media?parent=2316"}],"wp:term":[{"taxonomy":"category","embeddable":true,"href":"https:\/\/la-presse-anarchiste.net\/index.php\/wp-json\/wp\/v2\/categories?post=2316"},{"taxonomy":"post_tag","embeddable":true,"href":"https:\/\/la-presse-anarchiste.net\/index.php\/wp-json\/wp\/v2\/tags?post=2316"},{"taxonomy":"author","embeddable":true,"href":"https:\/\/la-presse-anarchiste.net\/index.php\/wp-json\/wp\/v2\/ppma_author?post=2316"}],"curies":[{"name":"wp","href":"https:\/\/api.w.org\/{rel}","templated":true}]}}