{"id":2317,"date":"2010-02-15T17:13:17","date_gmt":"2010-02-15T17:13:17","guid":{"rendered":"https:\/\/la-presse-anarchiste.net\/index.php\/2010\/02\/15\/marasme-monetaire-nouvelle-crise-du-capital\/"},"modified":"2010-02-15T17:13:17","modified_gmt":"2010-02-15T17:13:17","slug":"marasme-monetaire-nouvelle-crise-du-capital","status":"publish","type":"post","link":"https:\/\/la-presse-anarchiste.net\/index.php\/2010\/02\/15\/marasme-monetaire-nouvelle-crise-du-capital\/","title":{"rendered":"Marasme mon\u00e9taire, nouvelle crise du Capital"},"content":{"rendered":"<div class=\"pdfprnt-buttons pdfprnt-buttons-post pdfprnt-top-right\"><a href=\"https:\/\/la-presse-anarchiste.net\/index.php\/wp-json\/wp\/v2\/posts\/2317?print=pdf\" class=\"pdfprnt-button pdfprnt-button-pdf\" target=\"_blank\"><img decoding=\"async\" src=\"https:\/\/la-presse-anarchiste.net\/wp-content\/plugins\/pdf-print\/images\/pdf.png\" alt=\"image_pdf\" title=\"Afficher le PDF\"><\/a><a href=\"https:\/\/la-presse-anarchiste.net\/index.php\/wp-json\/wp\/v2\/posts\/2317?print=print\" class=\"pdfprnt-button pdfprnt-button-print\" target=\"_blank\"><img decoding=\"async\" src=\"https:\/\/la-presse-anarchiste.net\/wp-content\/plugins\/pdf-print\/images\/print.png\" alt=\"image_print\" title=\"Contenu imprim\u00e9\"><\/a><\/div><p>[(Peut-on envi\u00adsa\u00adger les r\u00e9per\u00adcus\u00adsions \u00e9co\u00adno\u00admiques et sociales des r\u00e9centes reva\u00adlo\u00adri\u00adsa\u00adtions mon\u00e9\u00adtaires (flo\u00adrin, franc suisse, Deut\u00adsch\u00admark, schil\u00adling) \u00e0 tra\u00advers les \u00e9tudes d\u2019en\u00adsemble du pro\u00adces\u00adsus infla\u00adtion\u00adniste et les mesures anti-infla\u00adtion adop\u00adt\u00e9es par les repr\u00e9\u00adsen\u00adtants du capital?)]<\/p>\n<p>Pour cer\u00adtains, l\u2019in\u00adfla\u00adtion, c\u2019est la ruine. Pour d\u2019autres, c\u2019est le com\u00adpa\u00adgnon n\u00e9ces\u00adsaire de toute crois\u00adsance \u00e9co\u00adno\u00admique. Pour les tra\u00advailleurs, enfin, c\u2019est l\u2019ins\u00adtru\u00adment dont dis\u00adpose le capi\u00adtal pour remettre en cause les acquis que seules les luttes peuvent lui arracher.<\/p>\n<p>Si l\u2019on doit s\u2019ar\u00adr\u00ea\u00adter aux effets imm\u00e9\u00addiats d\u2019un ph\u00e9\u00adno\u00adm\u00e8ne aus\u00adsi com\u00adplexe que per\u00adma\u00adnent, il est n\u00e9ces\u00adsaire d\u2019en recher\u00adcher ici l\u2019o\u00adri\u00adgine, d\u2019en ana\u00adly\u00adser le conte\u00adnu, enfin, d\u2019\u00e9\u00adta\u00adblir les d\u00e9ve\u00adlop\u00adpe\u00adments qui en r\u00e9sultent.<\/p>\n<h2>Imp\u00e9rialisme U.S et d\u00e9ficit budg\u00e9taire<\/h2>\n<p>Ain\u00adsi que nous l\u2019a\u00advons vu pr\u00e9\u00adc\u00e9\u00addem\u00adment [[P\u00e9trole et imp\u00e9\u00adria\u00adlisme, <a href=\"2410\">\u00ab&nbsp;Soli\u00adda\u00adri\u00adt\u00e9 Ouvri\u00e8re&nbsp;\u00bb n\u00b02<\/a>.]], le haut niveau des pro\u00adfits en Europe et aux U.S.A. d\u00e9pend dans une cer\u00adtaine mesure de l\u2019exis\u00adtence de mati\u00e8res pre\u00admi\u00e8res et de main-d\u2019\u0153uvre peu on\u00e9\u00adreuses dans les pays sous-d\u00e9ve\u00adlop\u00adp\u00e9s. Or dans la course aux pro\u00adfits, compte tenu des moyens mis en \u0153uvre, le capi\u00adtal U.S. s\u2019est fait le cham\u00adpion hors clas\u00adse\u00adment du pillage \u00e9conomique.<\/p>\n<p>Comme il n\u2019est pas \u00e9vident que les classes diri\u00adgeantes des pays sous-d\u00e9ve\u00adlop\u00adp\u00e9s \u00ab&nbsp;alli\u00e9s&nbsp;\u00bb (Gua\u00adte\u00adma\u00adla, Br\u00e9\u00adsil, Colom\u00adbie, Viet\u00adnam et Cor\u00e9e du Sud, Tha\u00ef\u00adlande, Tur\u00adquie\u2026) acceptent ind\u00e9\u00adfi\u00adni\u00adment le pro\u00adc\u00e9\u00add\u00e9 de la vente de leurs mati\u00e8res pre\u00admi\u00e8res \u00e0 des cours ridi\u00adcu\u00adle\u00adment bas, excluant tout d\u00e9ve\u00adlop\u00adpe\u00adment \u00e9co\u00adno\u00admique s\u00e9rieux, le capi\u00adtal U.S. ins\u00adtalle, entre\u00adtient, mul\u00adti\u00adplie un cer\u00adtain nombre de juntes mili\u00adtaires et de par\u00adtis natio\u00adna\u00adlistes, qu\u2019il assiste et finance gras\u00adse\u00adment, ce qui, \u00e9vi\u00addem\u00adment, n\u2019est pas sans influer sur son propre \u00ab&nbsp;d\u00e9ve\u00adlop\u00adpe\u00adment&nbsp;\u00bb. En effet, l\u2019exa\u00admen rapide du bud\u00adget f\u00e9d\u00e9\u00adral U.S. pour 1969\u200a\u2013\u200a1970 r\u00e9v\u00e8le la part consi\u00add\u00e9\u00adrable des cr\u00e9\u00addits affec\u00adt\u00e9s \u00e0\u00abl\u2019aide \u00e0 l\u2019\u00e9\u00adtran\u00adger&nbsp;\u00bb (envi\u00adron 7 mil\u00adliards de dol\u00adlars) et celle non moindre (seule\u00adment\u2026 77 mil\u00adliards de dol\u00adlars) des\u00adti\u00adn\u00e9s \u00e0 la \u00ab&nbsp;d\u00e9fense&nbsp;\u00bb et plus par\u00adti\u00adcu\u00adli\u00e8\u00adre\u00adment \u00e0 la marine et \u00e0 l\u2019a\u00advia\u00adtion tac\u00adtique, forces d\u2019ap\u00adpoint de la poli\u00adtique imp\u00e9\u00adria\u00adliste U.S. En tout et pour tout, \u00ab&nbsp;d\u00e9fense&nbsp;\u00bb et \u00ab&nbsp;assis\u00adtance&nbsp;\u00bb absorbent 38 pour cent du bud\u00adget f\u00e9d\u00e9\u00adral. Si on sait, par ailleurs, que l\u2019ad\u00admi\u00adnis\u00adtra\u00adtion Nixon assure aux trusts d\u00e9tente fis\u00adcale (exo\u00adn\u00e9\u00adra\u00adtions) et sub\u00adven\u00adtions on ne s\u2019\u00e9\u00adton\u00adne\u00adra pas devant l\u2019im\u00adpor\u00adtant exc\u00e8s des d\u00e9penses publiques (fin 1970 esti\u00adm\u00e9es \u00e0 18,6 mil\u00adliards de dol\u00adlars) [[\u00c0 titre de com\u00adpa\u00adrai\u00adson, rap\u00adpe\u00adlons que les inves\u00adtis\u00adse\u00adments pri\u00adv\u00e9s U.S. \u00c0 l\u2019\u00e9\u00adtran\u00adger tota\u00adlisent pour 1969\u200a\u2013\u200a1970 quinze mil\u00adliards de dol\u00adlars\u2026]] que nous pla\u00ad\u00e7ons \u00e0 l\u2019o\u00adri\u00adgine de la crise mon\u00e9\u00adtaire actuelle selon les pro\u00adces\u00adsus que nous allons exposer.<\/p>\n<h2>Processus inflationniste<\/h2>\n<p>Jus\u00adqu\u2019en juillet 1970, le m\u00e9ca\u00adnisme est le sui\u00advant&nbsp;: les exc\u00e8s des d\u00e9penses f\u00e9d\u00e9\u00adrales U.S. (d\u00e9fi\u00adcit bud\u00adg\u00e9\u00adtaire) ame\u00adnant auto\u00adma\u00adti\u00adque\u00adment un accrois\u00adse\u00adment de l\u2019en\u00addet\u00adte\u00adment public (rep\u00e9\u00adrable par le niveau du d\u00e9fi\u00adcit des paie\u00adments) [[Onze mil\u00adliards de dol\u00adlars fin 1970.]] emporte le loyer de l\u2019argent (taux d\u2019in\u00adt\u00e9\u00adr\u00eat, taux d\u2019es\u00adcompte) dans une course paral\u00adl\u00e8le. Les fluc\u00adtua\u00adtions du taux d\u2019in\u00adt\u00e9\u00adr\u00eat [[Un exemple&nbsp;: taux d\u2019in\u00adt\u00e9\u00adr\u00eat des obli\u00adga\u00adtions de pre\u00admi\u00e8re cat\u00e9\u00adgo\u00adrie, 1970&nbsp;: mars, 7,8%; mai, 8%; juillet, 8,5%.]] se r\u00e9per\u00adcutent sur le niveau g\u00e9n\u00e9\u00adral des prix qui, \u00e0 son tour, les relancent dans un cycle infer\u00adnal, ampli\u00adfiant de ce fait le d\u00e9fi\u00adcit bud\u00adg\u00e9\u00adtaire d\u2019o\u00adri\u00adgine. En cons\u00e9\u00adquence le ren\u00adde\u00adment du capi\u00adtal U.S. s\u2019ef\u00adfondre [[La baisse du taux de pro\u00adfit U.S. Est esti\u00adm\u00e9 \u00e0 10% fin 1970 pour l\u2019exer\u00adcice 1969\u200a\u2013\u200a1970.]].<\/p>\n<p>Ao\u00fbt 1970&nbsp;: dans le but d\u2019as\u00adsai\u00adnir son bilan, le capi\u00adtal indus\u00adtriel U.S. freine ses emprunts [[Emprunts ban\u00adcaires com\u00adpa\u00adr\u00e9s&nbsp;: 1968\u200a\u2013\u200a1969&nbsp;: 10,9 mil\u00adliards de dol\u00adlars&nbsp;; 1969\u200a\u2013\u200a1970&nbsp;: 1,5 mil\u00adliard de dol\u00adlars.]] pr\u00e9\u00adci\u00adpi\u00adtant ain\u00adsi les taux d\u2019in\u00adt\u00e9\u00adr\u00eat et d\u2019es\u00adcompte [[Taux d\u2019in\u00adt\u00e9\u00adr\u00eat des obli\u00adga\u00adtions de pre\u00admi\u00e8re cat\u00e9\u00adgo\u00adrie&nbsp;: sep\u00adtembre 1970, 8%, d\u00e9cembre 1970, 7,5%, jan\u00advier 1971, 7,1%.]]. Cons\u00e9\u00adquence de la baisse du taux d\u2019in\u00adt\u00e9\u00adr\u00eat et de celle du taux de pro\u00adfit, les banques am\u00e9\u00adri\u00adcaines regorgent d\u2019argent [[Cf. Rap\u00adport sta\u00adtis\u00adtique de la banque f\u00e9d\u00e9\u00adrale de r\u00e9serve de Saint-Louis.]]. Cette fuite devant les liqui\u00addi\u00adt\u00e9s s\u2019ac\u00adcom\u00adpagne vite d\u2019une attente, celle du moment sp\u00e9culatif.<\/p>\n<h2>Processus sp\u00e9culatif<\/h2>\n<p>L\u2019on sait, par ailleurs, que les taux d\u2019in\u00adt\u00e9\u00adr\u00eat et d\u2019es\u00adcompte euro\u00adp\u00e9ens sont, pour cette p\u00e9riode, plus \u00e9le\u00adv\u00e9s qu\u2019aux U.S.A. [[Taux d\u2019in\u00adt\u00e9\u00adr\u00eat \u00e0 trois mois des euro-devises com\u00adpa\u00adr\u00e9s \u2013 mars 1971&nbsp;: dol\u00adlar, 5,5%; Deut\u00adsch\u00admark, 6%.]]. De plus, le monde capi\u00adta\u00adliste vit depuis 1968 sous le r\u00e9gime de l\u2019\u00e9\u00adta\u00adlon-dol\u00adlar&nbsp;; ce qui exclut pour ce der\u00adnier toute d\u00e9va\u00adlua\u00adtion, car d\u00e9va\u00adluer le dol\u00adlar revien\u00addrait \u00e0 d\u00e9va\u00adluer toutes les mon\u00adnaies capi\u00adta\u00adlistes d\u2019un coup. Ce qui poli\u00adti\u00adque\u00adment et pra\u00adti\u00adque\u00adment est impos\u00adsible. On voit donc \u00e0 quel point il est per\u00admis de par\u00adler d\u2019au\u00adto\u00adno\u00admie des monnaies.<\/p>\n<p>Ain\u00adsi, fort de sa \u00ab&nbsp;soli\u00addi\u00adt\u00e9&nbsp;\u00bb et aiman\u00adt\u00e9 par l\u2019at\u00adtrait de pro\u00adfits sub\u00adstan\u00adtiels, le capi\u00adtal U.S. se r\u00e9pand sur l\u2019Eu\u00adrope. Ce qui a pour pre\u00admi\u00e8re cons\u00e9\u00adquence la baisse des taux d\u2019es\u00adcompte [[Le taux d\u2019es\u00adcompte pour l\u2019Al\u00adle\u00admagne passe de 6% \u00e0 5% en avril 1971.]] et enfin les r\u00e9\u00e9va\u00adlua\u00adtions de ces der\u00adniers&nbsp;jours.<\/p>\n<h2>Ramification<\/h2>\n<p>Quelles sont les r\u00e9per\u00adcus\u00adsions logiques d\u2019un tel afflux de capitaux&nbsp;?<\/p>\n<p>Avant toute chose, il est n\u00e9ces\u00adsaire de rap\u00adpe\u00adler que ledit afflux cor\u00adres\u00adpond au d\u00e9pla\u00adce\u00adment du capi\u00adtal U.S. vers les banques cen\u00adtrales euro\u00adp\u00e9ennes, et non \u00e0 l\u2019ef\u00adfet de l\u2019u\u00adsage abu\u00adsif de quel\u00adconques planches \u00e0 billets. Il s\u2019a\u00adgit donc de trans\u00adferts, aus\u00adsi les r\u00e9per\u00adcus\u00adsions res\u00adtent dis\u00adtinctes dans le temps et selon les lieux d\u2019observation.<\/p>\n<p>Aux \u00c9tats-Unis, les tra\u00advailleurs doivent s\u2019at\u00adtendre \u00e0 une hausse g\u00e9n\u00e9\u00adra\u00adli\u00ads\u00e9e des prix, hausse qui r\u00e9sulte de celles du loyer de l\u2019argent, effet de l\u2019in\u00adsuf\u00adfi\u00adsance pro\u00advi\u00adsoire de capi\u00adtaux sur le mar\u00adch\u00e9 mon\u00e9taire.<\/p>\n<p>Para\u00addoxe du capi\u00adta\u00adlisme, les ban\u00adquiers U.S. feront for\u00adtune par manque de capi\u00adtaux, en ver\u00adtu de la maxime&nbsp;: moins il y a de fric, plus il est cher. \u00c0 l\u2019in\u00adfla\u00adtion par la demande (hausse des prix due au d\u00e9fi\u00adcit bud\u00adg\u00e9\u00adtaire) suc\u00adc\u00e9\u00adde\u00adra donc l\u2019in\u00adfla\u00adtion par les co\u00fbts (hausse des prix cons\u00e9\u00adcu\u00adtive, ici, \u00e0 celle du loyer de l\u2019argent).<\/p>\n<p>Le pro\u00adbl\u00e8me est tout autre pour l\u2019Eu\u00adrope capi\u00adta\u00adliste. Face \u00e0 l\u2019ac\u00adcrois\u00adse\u00adment de la masse mon\u00e9\u00adtaire affluant sur le mar\u00adch\u00e9 euro\u00adp\u00e9en, les ban\u00adquiers ris\u00adque\u00adraient de se voir conduits \u00e0 la faillite, ce qu\u2019ils ne sou\u00adhaitent pas, bien \u00e9vi\u00addem\u00adment, et ce que le ministre fran\u00ad\u00e7ais de l\u2019\u00c9\u00adco\u00adno\u00admie et des Finances ne sou\u00adhaite pas non&nbsp;plus.<\/p>\n<h2>Les r\u00e9centes mesures anti-inflation \u2013 L\u2019offensive des banquiers fran\u00e7ais<\/h2>\n<p>Dans le but de neu\u00adtra\u00adli\u00adser les d\u00e9p\u00f4ts ban\u00adcaires sup\u00adpl\u00e9\u00admen\u00adtaires cor\u00adres\u00adpon\u00addant \u00e0 l\u2019ar\u00adri\u00adv\u00e9e de fonds \u00e9tran\u00adgers, Gis\u00adcard d\u2019Es\u00adtaing a mis ain\u00adsi en place un dis\u00adpo\u00adsi\u00adtif com\u00adpor\u00adtant, en plus du contr\u00f4le des changes, le rel\u00e8\u00adve\u00adment du taux d\u2019es\u00adcompte et un accrois\u00adse\u00adment du taux des r\u00e9serves obli\u00adga\u00adtoires appli\u00adcables aux d\u00e9p\u00f4ts des banques.<\/p>\n<p><i>Rel\u00e8\u00adve\u00adment du taux d\u2019es\u00adcompte.<\/i> \u2013 Les frais d\u2019es\u00adcompte sont pour les entre\u00adprises une charge finan\u00adci\u00e8re dont le volume varie en fonc\u00adtion du niveau de tran\u00adsac\u00adtions com\u00admer\u00adciales aux\u00adquelles elles participent.<\/p>\n<p>De plus, cette charge d\u2019ex\u00adploi\u00adta\u00adtion entre dans la com\u00adpo\u00adsi\u00adtion du prix de revient des pro\u00adduits com\u00admer\u00adciaux. Ain\u00adsi, il n\u2019est pas erro\u00adn\u00e9 de dire qu\u2019\u00e0 pro\u00adfit \u00e9gal, et taux d\u2019es\u00adcompte majo\u00adr\u00e9, les prix des biens \u00e0 la consom\u00adma\u00adtion s\u2019\u00e9\u00adl\u00e8vent auto\u00adma\u00adti\u00adque\u00adment. Enfin, \u00e0 chaque ajus\u00adte\u00adment du taux d\u2019es\u00adcompte cor\u00adres\u00adpond un mou\u00adve\u00adment pro\u00adpor\u00adtion\u00adnel du taux d\u2019in\u00adt\u00e9\u00adr\u00eat des obli\u00adga\u00adtions cau\u00adtion\u00adn\u00e9es. Par ce pro\u00adc\u00e9\u00add\u00e9 (obli\u00adga\u00adtions cau\u00adtion\u00adn\u00e9es) les entre\u00adprises, sous r\u00e9serve de cau\u00adtion\u00adne\u00adment ban\u00adcaire, peuvent repor\u00adter \u00e0 trois mois le paie\u00adment de leur T.V.A. et ce, bien s\u00fbr, dans la limite des cau\u00adtions appor\u00adt\u00e9es par la ou les banques int\u00e9ress\u00e9es.<\/p>\n<p>Les int\u00e9\u00adr\u00eats comp\u00adt\u00e9s par l\u2019ad\u00admi\u00adnis\u00adtra\u00adtion (recette prin\u00adci\u00adpale) viennent s\u2019a\u00adjou\u00adter aux charges finan\u00adci\u00e8res des entre\u00adprises ren\u00adfor\u00ad\u00e7ant ain\u00adsi le niveau du prix de revient des pro\u00adduits commerciaux.<\/p>\n<p>Or, le rel\u00e8\u00adve\u00adment du taux d\u2019in\u00adt\u00e9\u00adr\u00eat des obli\u00adga\u00adtions cau\u00adtion\u00adn\u00e9es am\u00e8ne lui aus\u00adsi auto\u00adma\u00adti\u00adque\u00adment celui du taux d\u2019in\u00adt\u00e9\u00adr\u00eat simple (loyer de l\u2019argent).<\/p>\n<p>Cons\u00e9\u00adquence de cette pre\u00admi\u00e8re mesure, les prix mon\u00adte\u00adront, et ce dans un cli\u00admat de r\u00e9ces\u00adsion \u00e9co\u00adno\u00admique que le patro\u00adnat sau\u00adra mettre \u00e0 pro\u00adfit pour dur\u00adcir ses atti\u00adtudes lors de pro\u00adchaines gr\u00e8ves.<\/p>\n<p>Par cons\u00e9\u00adquent, une ques\u00adtion se pose&nbsp;: quelle sera l\u2019at\u00adti\u00adtude des direc\u00adtions syndicales&nbsp;?<\/p>\n<p><i>Rel\u00e8\u00adve\u00adment des r\u00e9serves ban\u00adcaires obli\u00adga\u00adtoires.<\/i> \u2013 Ce pro\u00adc\u00e9\u00add\u00e9 est com\u00admu\u00adn\u00e9\u00adment appe\u00adl\u00e9 \u00ab&nbsp;gel des capi\u00adtaux&nbsp;\u00bb. Que peut-on attendre de lui&nbsp;? Voyons plut\u00f4t\u2026<\/p>\n<p>Autant les effets com\u00admer\u00adciaux \u00e9mis par les entre\u00adprises sont \u00ab&nbsp;ache\u00adt\u00e9s&nbsp;\u00bb sous r\u00e9serve d\u2019un pla\u00adfond, par les banques com\u00admer\u00adciales moyen\u00adnant l\u2019ap\u00adpli\u00adca\u00adtion d\u2019un taux (taux d\u2019es\u00adcompte) sur la masse finan\u00adci\u00e8re repr\u00e9\u00adsen\u00adt\u00e9e, autant, ces m\u00eames effets sont rache\u00adt\u00e9s par la banque de France.<\/p>\n<p>C\u2019est dire qu\u2019ac\u00adcro\u00eetre les r\u00e9serves obli\u00adga\u00adtoires des banques revient \u00e0 r\u00e9duire la vente des effets qu\u2019elles ont en por\u00adte\u00adfeuille en les immo\u00adbi\u00adli\u00adsant, sans int\u00e9\u00adr\u00eat, ou, encore \u00e0 r\u00e9duire bru\u00adta\u00adle\u00adment le cr\u00e9\u00addit. Ce qui, de plus belle, relan\u00adce\u00adra la hausse des prix \u00e0 la consommation.<\/p>\n<h2>Que peut-on conclure de pareilles mesures&nbsp;?<\/h2>\n<p>Nous voyons donc que ces deux mesures, si elles ne peuvent man\u00adquer d\u2019en\u00adtra\u00ee\u00adner la hausse des prix \u00e0 la consom\u00adma\u00adtion, pour les m\u00e9nages ouvriers, n\u2019al\u00adt\u00e9\u00adre\u00adront en rien les reve\u00adnus des banques \u00ab&nbsp;bien fran\u00e7aises&nbsp;\u00bb.<\/p>\n<p>Par ailleurs, les belles pro\u00admesses du VI<sup>e<\/sup> Plan (\u00e9qui\u00adpe\u00adments col\u00adlec\u00adtifs, r\u00e9duc\u00adtion de la dur\u00e9e du tra\u00advail, etc.) fonc\u00adtion d\u2019une \u00e9co\u00adno\u00admie capi\u00adta\u00adliste \u00ab&nbsp;r\u00e9gu\u00adli\u00e8re&nbsp;\u00bb ont l\u2019air s\u00e9rieu\u00adse\u00adment englou\u00adties par la \u00ab&nbsp;moro\u00adsi\u00adt\u00e9&nbsp;\u00bb mon\u00e9\u00adtaire de ces der\u00adniers jours. Enfin, la clique Cha\u00adban-Gis\u00adcard a beau jeu de par\u00adler de \u00ab&nbsp;par\u00adte\u00adnaires sociaux&nbsp;\u00bb et de \u00ab&nbsp;concer\u00adta\u00adtion&nbsp;\u00bb \u00e0 l\u2019heure o\u00f9 elle ne cache pas de d\u00e9char\u00adger ses res\u00adpon\u00adsa\u00adbi\u00adli\u00adt\u00e9s \u00e9co\u00adno\u00admiques sur le dos des travailleurs.<\/p>\n<p>Les tra\u00advailleurs ne paie\u00adront pas les pots cas\u00ads\u00e9s de la paga\u00efe capitaliste.<\/p>\n<p>La com\u00admis\u00adsion \u00e9conomique<\/p>\n","protected":false},"excerpt":{"rendered":"<p>[(Peut-on envi\u00adsa\u00adger les r\u00e9per\u00adcus\u00adsions \u00e9co\u00adno\u00admiques et sociales des r\u00e9centes reva\u00adlo\u00adri\u00adsa\u00adtions mon\u00e9\u00adtaires (flo\u00adrin, franc suisse, Deut\u00adsch\u00admark, schil\u00adling) \u00e0 tra\u00advers les \u00e9tudes d\u2019en\u00adsemble du pro\u00adces\u00adsus infla\u00adtion\u00adniste et les mesures anti-infla\u00ad\u00adtion adop\u00adt\u00e9es par les repr\u00e9\u00adsen\u00adtants du capi\u00adtal?)] Pour cer\u00adtains, l\u2019in\u00adfla\u00adtion, c\u2019est la ruine. Pour d\u2019autres, c\u2019est le com\u00adpa\u00adgnon n\u00e9ces\u00adsaire de toute crois\u00adsance \u00e9co\u00adno\u00admique. Pour les tra\u00advailleurs, enfin, c\u2019est [\u2026]<\/p>\n","protected":false},"author":1,"featured_media":0,"comment_status":"closed","ping_status":"closed","sticky":false,"template":"","format":"standard","meta":{"wp_typography_post_enhancements_disabled":false,"footnotes":""},"categories":[294],"tags":[],"ppma_author":[540],"class_list":["post-2317","post","type-post","status-publish","format-standard","hentry","category-solidarite-ouvriere-n3-juin-1971"],"authors":[{"term_id":540,"user_id":1,"is_guest":0,"slug":"admin_3gikpwyf","display_name":"Vincent Dubuc","avatar_url":"https:\/\/secure.gravatar.com\/avatar\/d015720652c25fd2ced191ade86430094e1f288a17483713e3b34d26dea52507?s=96&d=mm&r=g","author_category":"","user_url":"https:\/\/la-presse-anarchiste.net","last_name":"Dubuc","first_name":"Vincent","job_title":"","description":""}],"_links":{"self":[{"href":"https:\/\/la-presse-anarchiste.net\/index.php\/wp-json\/wp\/v2\/posts\/2317","targetHints":{"allow":["GET"]}}],"collection":[{"href":"https:\/\/la-presse-anarchiste.net\/index.php\/wp-json\/wp\/v2\/posts"}],"about":[{"href":"https:\/\/la-presse-anarchiste.net\/index.php\/wp-json\/wp\/v2\/types\/post"}],"author":[{"embeddable":true,"href":"https:\/\/la-presse-anarchiste.net\/index.php\/wp-json\/wp\/v2\/users\/1"}],"replies":[{"embeddable":true,"href":"https:\/\/la-presse-anarchiste.net\/index.php\/wp-json\/wp\/v2\/comments?post=2317"}],"version-history":[{"count":0,"href":"https:\/\/la-presse-anarchiste.net\/index.php\/wp-json\/wp\/v2\/posts\/2317\/revisions"}],"wp:attachment":[{"href":"https:\/\/la-presse-anarchiste.net\/index.php\/wp-json\/wp\/v2\/media?parent=2317"}],"wp:term":[{"taxonomy":"category","embeddable":true,"href":"https:\/\/la-presse-anarchiste.net\/index.php\/wp-json\/wp\/v2\/categories?post=2317"},{"taxonomy":"post_tag","embeddable":true,"href":"https:\/\/la-presse-anarchiste.net\/index.php\/wp-json\/wp\/v2\/tags?post=2317"},{"taxonomy":"author","embeddable":true,"href":"https:\/\/la-presse-anarchiste.net\/index.php\/wp-json\/wp\/v2\/ppma_author?post=2317"}],"curies":[{"name":"wp","href":"https:\/\/api.w.org\/{rel}","templated":true}]}}