{"id":2321,"date":"2010-02-15T17:23:52","date_gmt":"2010-02-15T17:23:52","guid":{"rendered":"https:\/\/la-presse-anarchiste.net\/index.php\/2010\/02\/15\/les-alliances-impossibles\/"},"modified":"2010-02-15T17:23:52","modified_gmt":"2010-02-15T17:23:52","slug":"les-alliances-impossibles","status":"publish","type":"post","link":"https:\/\/la-presse-anarchiste.net\/index.php\/2010\/02\/15\/les-alliances-impossibles\/","title":{"rendered":"Les alliances impossibles"},"content":{"rendered":"<div class=\"pdfprnt-buttons pdfprnt-buttons-post pdfprnt-top-right\"><a href=\"https:\/\/la-presse-anarchiste.net\/index.php\/wp-json\/wp\/v2\/posts\/2321?print=pdf\" class=\"pdfprnt-button pdfprnt-button-pdf\" target=\"_blank\"><img decoding=\"async\" src=\"https:\/\/la-presse-anarchiste.net\/wp-content\/plugins\/pdf-print\/images\/pdf.png\" alt=\"image_pdf\" title=\"Afficher le PDF\"><\/a><a href=\"https:\/\/la-presse-anarchiste.net\/index.php\/wp-json\/wp\/v2\/posts\/2321?print=print\" class=\"pdfprnt-button pdfprnt-button-print\" target=\"_blank\"><img decoding=\"async\" src=\"https:\/\/la-presse-anarchiste.net\/wp-content\/plugins\/pdf-print\/images\/print.png\" alt=\"image_print\" title=\"Contenu imprim\u00e9\"><\/a><\/div><p>[(Mal\u00adgr\u00e9 nos efforts uni\u00adtaires face \u00e0 la coa\u00adli\u00adtion r\u00e9pres\u00adsive de la bour\u00adgeoi\u00adsie et du capi\u00adtal aid\u00e9e par la hargne col\u00adla\u00adbo\u00adra\u00adtion\u00adniste des pr\u00e9\u00adten\u00addus d\u00e9fen\u00adseurs du monde du tra\u00advail pr\u00eats \u00e0 tout pour deve\u00adnir \u00e0 leur tour ges\u00adtion\u00adnaires du sys\u00adt\u00e8me capi\u00adta\u00adliste, il nous a \u00e9t\u00e9 impos\u00adsible de nous unir aux dif\u00adf\u00e9\u00adrentes ten\u00addances l\u00e9ni\u00adnistes, trots\u00adkistes et n\u00e9o-sta\u00adli\u00adniennes mao\u00efstes [[Au cours d\u2019une ren\u00adcontre avec des mao\u00efstes, deux de nos cama\u00adrades ont enten\u00addu&nbsp;: \u00ab&nbsp;les anar\u00adcho-syn\u00addi\u00adca\u00adlistes, nous les uti\u00adli\u00adsons&nbsp;; nous ne les pen\u00addrons qu\u2019a\u00adpr\u00e8s les trots\u00adkistes&nbsp;!&nbsp;\u00bb]]. De par nature, les uns et les autres font preuve d\u2019un into\u00adl\u00e9\u00adrable sec\u00adta\u00adrisme et d\u2019un total m\u00e9pris de la moindre loyau\u00adt\u00e9 poli\u00adtique ne per\u00admet\u00adtant pas d\u2019en\u00advi\u00adsa\u00adger une action en commun.)]<\/p>\n<p>Ce sont, \u00e0 peu de variantes pr\u00e8s, les m\u00eames m\u00e9thodes que celles pra\u00adti\u00adqu\u00e9es par les sta\u00adli\u00adniens&nbsp;: noyau\u00adtage, into\u00adl\u00e9\u00adrance, sec\u00adta\u00adrisme outran\u00adcier, vio\u00adlences ver\u00adbales, vio\u00adlences phy\u00adsiques \u00e0 l\u2019en\u00adcontre de ceux qui ne veulent pas vivre et pen\u00adser au pas caden\u00adc\u00e9, d\u00e9si\u00adrent la r\u00e9vo\u00adlu\u00adtion pour la lib\u00e9\u00adra\u00adtion et l\u2019\u00e9\u00adpa\u00adnouis\u00adse\u00adment de l\u2019homme et ne font pas confiance \u00e0 la sainte dis\u00adci\u00adpline d\u2019un quel\u00adconque comi\u00adt\u00e9 central.<\/p>\n<p>Non, cent fois non, nous pou\u00advons consta\u00adter le r\u00e9sul\u00adtat de cette poli\u00adtique en Rus\u00adsie, en Pologne, en Hon\u00adgrie, en Tch\u00e9\u00adco\u00adslo\u00adva\u00adquie, depuis un demi-si\u00e8cle\u2026 les matraques, les camps, les chars quand les tra\u00advailleurs se refusent d\u2019ap\u00adpr\u00e9\u00adcier les d\u00e9lices du para\u00addis socia\u00adliste et les flics socia\u00adlistes ont la m\u00eame pano\u00adplie de matra\u00adqueurs que les flics de la bour\u00adgeoi\u00adsie capi\u00adta\u00adliste. Et nous ne sommes pas maso\u00adchistes au point de vou\u00adloir rem\u00adpla\u00adcer ceux-ci par ceux-l\u00e0, qui seraient sans doute les m\u00eames, ou la pra\u00adtique d\u2019ac\u00adcom\u00admo\u00adder les restes&nbsp;; citons pour m\u00e9moire le syn\u00addi\u00adcat C.G.T. de la police, avec d\u2019au\u00adcuns de ses membres adh\u00e9\u00adrents du P.C.F.<\/p>\n<p>J\u2019\u00e9\u00adtais de ceux bien na\u00effs qui pen\u00adsaient que les tenants du n\u00e9o-com\u00admu\u00adnisme, ins\u00adtruits des crimes sans nom du sta\u00adli\u00adnisme et bien au fait de ce qui les avait engen\u00addr\u00e9s, met\u00adtraient tout en \u0153uvre pour com\u00adbattre les m\u00e9thodes qui ont tant por\u00adt\u00e9 pr\u00e9\u00adju\u00addice au mou\u00adve\u00adment ouvrier. Il n\u2019en est rien&nbsp;; m\u00eame entre elles les dif\u00adf\u00e9\u00adrentes ten\u00addances mar\u00adxistes se livrent une guerre id\u00e9o\u00adlo\u00adgique impi\u00adtoyable, c\u2019est \u00e0 qui sera le plus dog\u00adma\u00adtique et le plus sec\u00adtaire&nbsp;; cha\u00adcun se pro\u00adcla\u00admant \u00eatre le seul et v\u00e9ri\u00adtable d\u00e9ten\u00adteur de la v\u00e9ri\u00adt\u00e9 r\u00e9vo\u00adlu\u00adtion\u00adnaire. Eh bien, encore non&nbsp;! L\u2019\u00c9\u00adglise, avec son dogme infaillible, nous a \u00ab&nbsp;fait le coup&nbsp;\u00bb depuis deux mille ans nous pro\u00admet\u00adtant, en contre\u00adpar\u00adtie d\u2019une dis\u00adci\u00adpline dog\u00adma\u00adtique, un pro\u00adbl\u00e9\u00adma\u00adtique para\u00addis incon\u00adtr\u00f4\u00adlable\u2026 Le para\u00addis socia\u00adliste, lui, se touche du doigt&nbsp;: dat\u00adchas pour les excel\u00adlences du r\u00e9gime, man\u00adteaux de zibe\u00adline pour leurs femmes, plan quin\u00adquen\u00adnal et cadences pour les mineurs et les m\u00e9tal\u00adlos&nbsp;; camps pour les contes\u00adta\u00adtaires&nbsp;; camps qui n\u2019ont rien \u00e0 envier aux pri\u00adsons capi\u00adta\u00adlistes, pour m\u00e9moire le sort r\u00e9ser\u00adv\u00e9 \u00e0 You\u00adri Daniel et Evtouchenko.<\/p>\n<p>C\u2019est pour\u00adquoi nous d\u00e9cla\u00adrons \u00e0 nos n\u00e9o-sta\u00adli\u00adniens r\u00eavant, par le noyau\u00adtage, de s\u2019as\u00adsu\u00adrer des syn\u00addi\u00adcats \u2013 qui devien\u00addraient la cour\u00adroie de trans\u00admis\u00adsion des d\u00e9ci\u00adsions d\u2019un som\u00admet poli\u00adtique incon\u00adtr\u00f4\u00adlable&nbsp;: \u00ab&nbsp;Vous r\u00e9cla\u00admez le pou\u00advoir au nom des tra\u00advailleurs&nbsp;; nous ne vou\u00adlons aucun pou\u00advoir. Vous pr\u00e9\u00adten\u00addez \u00eatre les d\u00e9po\u00adsi\u00adtaires du dogme infaillible de la pen\u00ads\u00e9e r\u00e9vo\u00adlu\u00adtion\u00adnaire et votre oppor\u00adtu\u00adnisme poli\u00adtique vous conduit \u00e0 des alliances hors nature avec les r\u00e9for\u00admistes petits bour\u00adgeois en mal d\u2019\u00e9\u00adcharpes tri\u00adco\u00adlores ou de miettes de pou\u00advoir. Qu\u2019a\u00advez-vous fait du syn\u00addi\u00adcat de l\u2019en\u00adsei\u00adgne\u00adment secon\u00addaire, du syn\u00addi\u00adcat de l\u2019en\u00adsei\u00adgne\u00adment sup\u00e9\u00adrieur, de l\u2019U\u00adnion natio\u00adnale des \u00e9tu\u00addiants de France&nbsp;? Vous avez pu faire pr\u00e9\u00adva\u00adloir vos m\u00e9thodes et ces syn\u00addi\u00adcats sont d\u00e9chi\u00adr\u00e9s au moment m\u00eame o\u00f9 le capi\u00adta\u00adlisme m\u00e8ne sa grande offen\u00adsive contre l\u2019en\u00adsei\u00adgne\u00adment et sa lib\u00e9\u00adra\u00adli\u00adsa\u00adtion. Vous agis\u00adsez en adver\u00adsaires, nous r\u00e9agi\u00adrons en adver\u00adsaires, car il est avec vous, dans ces condi\u00adtions, des alliances impossibles.&nbsp;\u00bb<\/p>\n<p>Roger Hoyez<br>\n<br>Texte adop\u00adt\u00e9 par la r\u00e9g. parisienne<\/p>\n","protected":false},"excerpt":{"rendered":"<p>[(Mal\u00adgr\u00e9 nos efforts uni\u00adtaires face \u00e0 la coa\u00adli\u00adtion r\u00e9pres\u00adsive de la bour\u00adgeoi\u00adsie et du capi\u00adtal aid\u00e9e par la hargne col\u00adla\u00adbo\u00adra\u00adtion\u00adniste des pr\u00e9\u00adten\u00addus d\u00e9fen\u00adseurs du monde du tra\u00advail pr\u00eats \u00e0 tout pour deve\u00adnir \u00e0 leur tour ges\u00adtion\u00adnaires du sys\u00adt\u00e8me capi\u00adta\u00adliste, il nous a \u00e9t\u00e9 impos\u00adsible de nous unir aux dif\u00adf\u00e9\u00adrentes ten\u00addances l\u00e9ni\u00adnistes, trots\u00adkistes et n\u00e9o-sta\u00ad\u00adli\u00ad\u00adniennes mao\u00efstes&nbsp;[\u2026]<\/p>\n","protected":false},"author":1,"featured_media":0,"comment_status":"closed","ping_status":"closed","sticky":false,"template":"","format":"standard","meta":{"wp_typography_post_enhancements_disabled":false,"footnotes":""},"categories":[294],"tags":[],"ppma_author":[540],"class_list":["post-2321","post","type-post","status-publish","format-standard","hentry","category-solidarite-ouvriere-n3-juin-1971"],"authors":[{"term_id":540,"user_id":1,"is_guest":0,"slug":"admin_3gikpwyf","display_name":"Vincent Dubuc","avatar_url":"https:\/\/secure.gravatar.com\/avatar\/d015720652c25fd2ced191ade86430094e1f288a17483713e3b34d26dea52507?s=96&d=mm&r=g","author_category":"","user_url":"https:\/\/la-presse-anarchiste.net","last_name":"Dubuc","first_name":"Vincent","job_title":"","description":""}],"_links":{"self":[{"href":"https:\/\/la-presse-anarchiste.net\/index.php\/wp-json\/wp\/v2\/posts\/2321","targetHints":{"allow":["GET"]}}],"collection":[{"href":"https:\/\/la-presse-anarchiste.net\/index.php\/wp-json\/wp\/v2\/posts"}],"about":[{"href":"https:\/\/la-presse-anarchiste.net\/index.php\/wp-json\/wp\/v2\/types\/post"}],"author":[{"embeddable":true,"href":"https:\/\/la-presse-anarchiste.net\/index.php\/wp-json\/wp\/v2\/users\/1"}],"replies":[{"embeddable":true,"href":"https:\/\/la-presse-anarchiste.net\/index.php\/wp-json\/wp\/v2\/comments?post=2321"}],"version-history":[{"count":0,"href":"https:\/\/la-presse-anarchiste.net\/index.php\/wp-json\/wp\/v2\/posts\/2321\/revisions"}],"wp:attachment":[{"href":"https:\/\/la-presse-anarchiste.net\/index.php\/wp-json\/wp\/v2\/media?parent=2321"}],"wp:term":[{"taxonomy":"category","embeddable":true,"href":"https:\/\/la-presse-anarchiste.net\/index.php\/wp-json\/wp\/v2\/categories?post=2321"},{"taxonomy":"post_tag","embeddable":true,"href":"https:\/\/la-presse-anarchiste.net\/index.php\/wp-json\/wp\/v2\/tags?post=2321"},{"taxonomy":"author","embeddable":true,"href":"https:\/\/la-presse-anarchiste.net\/index.php\/wp-json\/wp\/v2\/ppma_author?post=2321"}],"curies":[{"name":"wp","href":"https:\/\/api.w.org\/{rel}","templated":true}]}}