{"id":2323,"date":"2010-02-15T17:28:40","date_gmt":"2010-02-15T17:28:40","guid":{"rendered":"https:\/\/la-presse-anarchiste.net\/index.php\/2010\/02\/15\/le-syndicalisme-est-revolutionnaire\/"},"modified":"2010-02-15T17:28:40","modified_gmt":"2010-02-15T17:28:40","slug":"le-syndicalisme-est-revolutionnaire","status":"publish","type":"post","link":"https:\/\/la-presse-anarchiste.net\/index.php\/2010\/02\/15\/le-syndicalisme-est-revolutionnaire\/","title":{"rendered":"Le syndicalisme est r\u00e9volutionnaire"},"content":{"rendered":"<div class=\"pdfprnt-buttons pdfprnt-buttons-post pdfprnt-top-right\"><a href=\"https:\/\/la-presse-anarchiste.net\/index.php\/wp-json\/wp\/v2\/posts\/2323?print=pdf\" class=\"pdfprnt-button pdfprnt-button-pdf\" target=\"_blank\"><img decoding=\"async\" src=\"https:\/\/la-presse-anarchiste.net\/wp-content\/plugins\/pdf-print\/images\/pdf.png\" alt=\"image_pdf\" title=\"Afficher le PDF\"><\/a><a href=\"https:\/\/la-presse-anarchiste.net\/index.php\/wp-json\/wp\/v2\/posts\/2323?print=print\" class=\"pdfprnt-button pdfprnt-button-print\" target=\"_blank\"><img decoding=\"async\" src=\"https:\/\/la-presse-anarchiste.net\/wp-content\/plugins\/pdf-print\/images\/print.png\" alt=\"image_print\" title=\"Contenu imprim\u00e9\"><\/a><\/div><p>Quand les ma\u00eetres \u2013 ceux qui se croient tels \u2013 se que\u00adrellent, les subor\u00addon\u00adn\u00e9s \u2013 ceux pr\u00e9\u00adten\u00addus tels \u2013 r\u00e9fl\u00e9\u00adchissent et prennent conscience de leur sort com\u00admun. Ce qui est vrai dans la vie domes\u00adtique l\u2019est aus\u00adsi dans la soci\u00e9\u00adt\u00e9. La flo\u00adrai\u00adson des par\u00adtis r\u00e9vo\u00adlu\u00adtion\u00adnaires, leurs dis\u00adputes, leurs chi\u00adca\u00adne\u00adries, leurs divi\u00adsions se r\u00e9v\u00e8lent aujourd\u2019\u00adhui sous un jour b\u00e9n\u00e9\u00adfique. Ce n\u2019est pas un para\u00addoxe&nbsp;; for\u00adm\u00e9s dans leur qua\u00adsi-tota\u00adli\u00adt\u00e9 par la petite bour\u00adgeoi\u00adsie intel\u00adlec\u00adtuelle, qui pro\u00adpose aux tra\u00advailleurs la forme d\u2019or\u00adga\u00adni\u00adsa\u00adtion qui est ad\u00e9\u00adquate \u00e0 sa nature&nbsp;: com\u00adpo\u00ads\u00e9e d\u2019in\u00adtel\u00adlec\u00adtuels, elle offre un choix id\u00e9o\u00adlo\u00adgique, le par\u00adti \u2013 dont le recru\u00adte\u00adment est sup\u00adpo\u00ads\u00e9 se faire par\u00admi toutes le couches sociales \u2013 contre d\u2019autres choix id\u00e9o\u00adlo\u00adgiques&nbsp;: les autres par\u00adtis. Cha\u00adcun de ces par\u00adtis, pos\u00adses\u00adseur de la bonne id\u00e9o\u00adlo\u00adgie, r\u00e9clame donc pour lui-m\u00eame le <i>r\u00f4le diri\u00adgeant<\/i>&nbsp;; la v\u00e9ri\u00adt\u00e9 habi\u00adtant ses rangs, c\u2019est \u00e0 lui de diri\u00adger la lutte sociale.<\/p>\n<p>Il existe pour\u00adtant des moments pri\u00advi\u00adl\u00e9\u00adgi\u00e9s dans l\u2019his\u00adtoire o\u00f9 le pro\u00adl\u00e9\u00adta\u00adriat \u2013 pas son image mythique, mais les tra\u00advailleurs en chair et en os \u2013 sol\u00adli\u00adci\u00adt\u00e9 par trop de ma\u00eetres les rejette tous, les pr\u00e9\u00adsents et les futurs.<\/p>\n<p>Nous ne devons pas nous \u00e9ton\u00adner donc d\u2019en\u00adtendre le cama\u00adrade Kri\u00advine se lamen\u00adter en voyant \u00ab&nbsp;<i>cer\u00adtains cou\u00adrants qui risquent de trans\u00adfor\u00admer ce syn\u00addi\u00adcat<\/i>, il parle de la C.F.D.T., <i>en un cou\u00adrant poli\u00adtique par\u00admi d\u2019autres<\/i>\u2026 Ceux-ci, <i>et c\u2019est beau\u00adcoup plus grave<\/i> (que la droite, atti\u00adr\u00e9e par le par\u00adti socia\u00adliste ou une frac\u00adtion influen\u00adc\u00e9e par le P.S.U., les mao\u00efstes ou les trots\u00adkistes), <i>com\u00admencent \u00e0 th\u00e9o\u00adri\u00adser le fait que les par\u00adtis ne sont pas n\u00e9ces\u00adsaires et que le syn\u00addi\u00adcat est capable d\u2019\u00e9\u00adla\u00adbo\u00adrer une stra\u00adt\u00e9\u00adgie r\u00e9vo\u00adlu\u00adtion\u00adnaire. On assiste \u00e0 la renais\u00adsance d\u2019un cou\u00adrant dis\u00adpa\u00adru&nbsp;: le syn\u00addi\u00adca\u00adlisme r\u00e9vo\u00adlu\u00adtion\u00adnaire<\/i> [[&nbsp;<i>Le Monde<\/i> du 1<sup>er<\/sup> juin&nbsp;1971.]]\u00bb.<\/p>\n<p>Notre cama\u00adrade Kri\u00advine consi\u00add\u00e8re cela comme un grand dan\u00adger, et il a rai\u00adson. Qu\u2019ils renaissent ces syn\u00addi\u00adcats r\u00e9vo\u00adlu\u00adtion\u00adnaires et les par\u00adtis for\u00adm\u00e9s d\u2019in\u00adtel\u00adlec\u00adtuels retrou\u00adve\u00adront le r\u00f4le mineur qu\u2019ils auraient d\u00fb gar\u00adder&nbsp;! Apr\u00e8s cin\u00adquante ans d\u2019in\u00adfluence sur le mou\u00adve\u00adment ouvrier, on peut voir o\u00f9 ils l\u2019ont&nbsp;men\u00e9&nbsp;!<\/p>\n<p>Mais citons quelques faits.<\/p>\n<p>L\u2019O.R.T.F., une fois n\u2019est pas cou\u00adtume, a inter\u00adview\u00e9 l\u2019autre ven\u00addre\u00addi des m\u00e9tal\u00adlos ita\u00adliens. Ils ont fait part de leur exp\u00e9\u00adrience. Leur ten\u00adta\u00adtive de r\u00e9uni\u00adfi\u00adca\u00adtion s\u2019est accom\u00adplie par la base. Elle est d\u00e9si\u00adr\u00e9e par les tra\u00advailleurs \u00ab&nbsp;du rang&nbsp;\u00bb, en dehors de tout par\u00adti poli\u00adtique&nbsp;; le mou\u00adve\u00adment syn\u00addi\u00adcal en voie de r\u00e9uni\u00adfi\u00adca\u00adtion sort de l\u2019u\u00adsine, brise la d\u00e9mar\u00adca\u00adtion arbi\u00adtraire entre tra\u00advail social et syn\u00addi\u00adcal et trouve l\u00e0 son \u00e9pa\u00adnouis\u00adse\u00adment com\u00adplet en liant tous les aspects de la vie du tra\u00advailleur&nbsp;; les tra\u00advailleurs, sans n\u00e9gli\u00adger les reven\u00addi\u00adca\u00adtions mat\u00e9\u00adrielles et imm\u00e9\u00addiates, envi\u00adsagent peu \u00e0 peu autre chose, de la reven\u00addi\u00adca\u00adtion quan\u00adti\u00adta\u00adtive, ils sautent \u00e0 la pro\u00adpo\u00adsi\u00adtion qua\u00adli\u00adta\u00adtive&nbsp;; le conseil ouvrier de chaque usine groupe des syn\u00addi\u00adqu\u00e9s et des non-syn\u00addi\u00adqu\u00e9s, il tend \u00e0 fusion\u00adner les diverses sec\u00adtions syn\u00addi\u00adcales, il devient la repr\u00e9\u00adsen\u00adta\u00adtion locale des conf\u00e9\u00add\u00e9\u00adra\u00adtions et, par l\u00e0 m\u00eame, se r\u00e9v\u00e8le \u00eatre la base du syn\u00addi\u00adcat. Le syn\u00addi\u00adca\u00adlisme, dans son aspect orga\u00adnique, n\u2019est que la f\u00e9d\u00e9\u00adra\u00adtion hori\u00adzon\u00adtale et ver\u00adti\u00adcale des conseils ouvriers.<\/p>\n<p>Quoi de moins \u00e9ton\u00adnant pour\u00adtant&nbsp;? Le pro\u00adl\u00e9\u00adta\u00adriat existe par sa base \u00e9co\u00adno\u00admique&nbsp;; c\u2019est parce que des hommes ne pos\u00ads\u00e8dent rien d\u2019autre dans la pro\u00adduc\u00adtion des richesses que leur force de tra\u00advail qu\u2019il existe un pro\u00adl\u00e9\u00adta\u00adriat. Qui peut \u00eatre \u00e9ton\u00adn\u00e9 que l\u2019or\u00adga\u00adni\u00adsa\u00adtion ad\u00e9\u00adquate \u00e0 sa nature soit \u00e0 base \u00e9conomique&nbsp;?<\/p>\n<p>Nous pour\u00adrions retour\u00adner la phrase c\u00e9l\u00e8bre de L\u00e9nine&nbsp;: \u00ab&nbsp;L\u2019his\u00adtoire de tous les pays prouve que les tra\u00advailleurs livr\u00e9s \u00e0 leur propre force trouvent la conscience socia\u00adliste dans leurs orga\u00adni\u00adsa\u00adtions de classe, \u00e0 base \u00e9co\u00adno\u00admique.&nbsp;\u00bb Sur\u00adtout s\u2019ils se d\u00e9bar\u00adrassent du car\u00adcan des repr\u00e9\u00adsen\u00adtants des autres couches sociales qui tentent de pr\u00e9\u00adser\u00adver leur place dans la soci\u00e9\u00adt\u00e9 du tra\u00advail lib\u00e9r\u00e9.<\/p>\n<p>C\u2019est dans la lutte \u00e9co\u00adno\u00admique que les tra\u00advailleurs font leur appren\u00adtis\u00adsage de r\u00e9vo\u00adlu\u00adtion\u00adnaires, c\u2019est par le poids jour\u00adna\u00adlier de l\u2019ex\u00adploi\u00adta\u00adtion et de l\u2019op\u00adpres\u00adsion \u2013 l\u00e0 o\u00f9 ils sont exploi\u00adt\u00e9s et oppri\u00adm\u00e9s au plus haut point, l\u2019a\u00adte\u00adlier ou le bureau \u2013 que na\u00eet cette conscience de classe socia\u00adliste, conscience qui ne peut leur \u00eatre appor\u00adt\u00e9e par per\u00adsonne de l\u2019ext\u00e9rieur&nbsp;!<\/p>\n<p>Enfin, cama\u00adrades, il reste tou\u00adjours le dan\u00adger, le grand dan\u00adger pour une r\u00e9vo\u00adlu\u00adtion vic\u00adto\u00adrieuse. L\u2019his\u00adtoire de tous les pays qui ont fait une r\u00e9vo\u00adlu\u00adtion sous la direc\u00adtion d\u2019un par\u00adti \u00e9li\u00adtaire de r\u00e9vo\u00adlu\u00adtion\u00adnaires pro\u00adfes\u00adsion\u00adnels prouve que ce par\u00adti, ces hommes tri\u00e9s sur le volet qui devaient conduire le pro\u00adl\u00e9\u00adta\u00adriat vers son \u00e9man\u00adci\u00adpa\u00adtion, est deve\u00adnu une nou\u00advelle couche d\u2019ex\u00adploi\u00adteurs, pos\u00ads\u00e9\u00addant glo\u00adba\u00adle\u00adment toutes les richesses cr\u00e9\u00e9es par le tra\u00advail et ne les g\u00e9rant que dans son int\u00e9r\u00eat.<\/p>\n<p>Les m\u00e9tal\u00adlos ita\u00adliens nous montrent la voie. Le syn\u00addi\u00adca\u00adlisme est r\u00e9vo\u00adlu\u00adtion\u00adnaire&nbsp;; il est la forme stra\u00adt\u00e9\u00adgique et tac\u00adtique de la r\u00e9vo\u00adlu\u00adtion prol\u00e9tarienne.<\/p>\n<p>L\u2019Al\u00adliance syndicaliste.<\/p>\n","protected":false},"excerpt":{"rendered":"<p>Quand les ma\u00eetres \u2013 ceux qui se croient tels \u2013 se que\u00adrellent, les subor\u00addon\u00adn\u00e9s \u2013 ceux pr\u00e9\u00adten\u00addus tels \u2013 r\u00e9fl\u00e9\u00adchissent et prennent conscience de leur sort com\u00admun. Ce qui est vrai dans la vie domes\u00adtique l\u2019est aus\u00adsi dans la soci\u00e9\u00adt\u00e9. La flo\u00adrai\u00adson des par\u00adtis r\u00e9vo\u00adlu\u00adtion\u00adnaires, leurs dis\u00adputes, leurs chi\u00adca\u00adne\u00adries, leurs divi\u00adsions se r\u00e9v\u00e8lent aujourd\u2019\u00adhui&nbsp;sous&nbsp;[\u2026]<\/p>\n","protected":false},"author":1,"featured_media":0,"comment_status":"closed","ping_status":"closed","sticky":false,"template":"","format":"standard","meta":{"wp_typography_post_enhancements_disabled":false,"footnotes":""},"categories":[294],"tags":[],"ppma_author":[540],"class_list":["post-2323","post","type-post","status-publish","format-standard","hentry","category-solidarite-ouvriere-n3-juin-1971"],"authors":[{"term_id":540,"user_id":1,"is_guest":0,"slug":"admin_3gikpwyf","display_name":"Vincent Dubuc","avatar_url":"https:\/\/secure.gravatar.com\/avatar\/d015720652c25fd2ced191ade86430094e1f288a17483713e3b34d26dea52507?s=96&d=mm&r=g","author_category":"","user_url":"https:\/\/la-presse-anarchiste.net","last_name":"Dubuc","first_name":"Vincent","job_title":"","description":""}],"_links":{"self":[{"href":"https:\/\/la-presse-anarchiste.net\/index.php\/wp-json\/wp\/v2\/posts\/2323","targetHints":{"allow":["GET"]}}],"collection":[{"href":"https:\/\/la-presse-anarchiste.net\/index.php\/wp-json\/wp\/v2\/posts"}],"about":[{"href":"https:\/\/la-presse-anarchiste.net\/index.php\/wp-json\/wp\/v2\/types\/post"}],"author":[{"embeddable":true,"href":"https:\/\/la-presse-anarchiste.net\/index.php\/wp-json\/wp\/v2\/users\/1"}],"replies":[{"embeddable":true,"href":"https:\/\/la-presse-anarchiste.net\/index.php\/wp-json\/wp\/v2\/comments?post=2323"}],"version-history":[{"count":0,"href":"https:\/\/la-presse-anarchiste.net\/index.php\/wp-json\/wp\/v2\/posts\/2323\/revisions"}],"wp:attachment":[{"href":"https:\/\/la-presse-anarchiste.net\/index.php\/wp-json\/wp\/v2\/media?parent=2323"}],"wp:term":[{"taxonomy":"category","embeddable":true,"href":"https:\/\/la-presse-anarchiste.net\/index.php\/wp-json\/wp\/v2\/categories?post=2323"},{"taxonomy":"post_tag","embeddable":true,"href":"https:\/\/la-presse-anarchiste.net\/index.php\/wp-json\/wp\/v2\/tags?post=2323"},{"taxonomy":"author","embeddable":true,"href":"https:\/\/la-presse-anarchiste.net\/index.php\/wp-json\/wp\/v2\/ppma_author?post=2323"}],"curies":[{"name":"wp","href":"https:\/\/api.w.org\/{rel}","templated":true}]}}