{"id":2328,"date":"2010-02-20T19:40:45","date_gmt":"2010-02-20T19:40:45","guid":{"rendered":"https:\/\/la-presse-anarchiste.net\/index.php\/2010\/02\/20\/interim-nous-y-voila\/"},"modified":"2010-02-20T19:40:45","modified_gmt":"2010-02-20T19:40:45","slug":"interim-nous-y-voila","status":"publish","type":"post","link":"https:\/\/la-presse-anarchiste.net\/index.php\/2010\/02\/20\/interim-nous-y-voila\/","title":{"rendered":"Interim&nbsp;: nous y&nbsp;voil\u00e0&nbsp;!"},"content":{"rendered":"<div class=\"pdfprnt-buttons pdfprnt-buttons-post pdfprnt-top-right\"><a href=\"https:\/\/la-presse-anarchiste.net\/index.php\/wp-json\/wp\/v2\/posts\/2328?print=pdf\" class=\"pdfprnt-button pdfprnt-button-pdf\" target=\"_blank\"><img decoding=\"async\" src=\"https:\/\/la-presse-anarchiste.net\/wp-content\/plugins\/pdf-print\/images\/pdf.png\" alt=\"image_pdf\" title=\"Afficher le PDF\"><\/a><a href=\"https:\/\/la-presse-anarchiste.net\/index.php\/wp-json\/wp\/v2\/posts\/2328?print=print\" class=\"pdfprnt-button pdfprnt-button-print\" target=\"_blank\"><img decoding=\"async\" src=\"https:\/\/la-presse-anarchiste.net\/wp-content\/plugins\/pdf-print\/images\/print.png\" alt=\"image_print\" title=\"Contenu imprim\u00e9\"><\/a><\/div><p>Le pro\u00adjet de loi du gou\u00adver\u00adne\u00adment qui va l\u00e9ga\u00adli\u00adser l\u2019in\u00adt\u00e9\u00adrim o \u00e9t\u00e9 adop\u00adt\u00e9 par le S\u00e9nat le 11 juin der\u00adnier. Voi\u00adl\u00e0 plus de quatre ans que le gou\u00adver\u00adne\u00adment tenait \u00e0 faire pas\u00adser son pro\u00adjet, mais \u00e0 chaque ten\u00adta\u00adtive il se passe quelque \u00e9v\u00e9\u00adne\u00adment poli\u00adtique jug\u00e9 plus impor\u00adtant, et le pro\u00adjet fut recon\u00adduit \u00e0 une date ult\u00e9\u00adrieure. Cette nou\u00advelle forme d\u2019ex\u00adploi\u00adta\u00adtion capi\u00adta\u00adliste est donc l\u00e9gale, car il ne fai\u00adsait aucun doute que la loi allait \u00eatre vot\u00e9e haut la main par les gaul\u00adlistes et les \u00ab&nbsp;r\u00e9formateurs&nbsp;\u00bb.<\/p>\n<p>Cette loi ram\u00e8ne les condi\u00adtions de tra\u00advail et de s\u00e9cu\u00adri\u00adt\u00e9 d\u2019emploi aux condi\u00adtions qui exis\u00adtaient avant 1936&nbsp;: le pro\u00adjet de loi est assez \u00e9lo\u00adquent \u00e0 ce sujet&nbsp;; nous ana\u00adly\u00adse\u00adrons plus en d\u00e9tail cet \u00e9v\u00e9\u00adne\u00adment d\u2019im\u00adpor\u00adtance capi\u00adtale pour l\u2019u\u00adni\u00adt\u00e9 de la classe ouvri\u00e8re dans un pro\u00adchain article. Mais il suf\u00adfi\u00adra de savoir aujourd\u2019\u00adhui que les int\u00e9\u00adri\u00admaires pour\u00adront \u00eatre envoy\u00e9s dans les usines en gr\u00e8ve, que le droit syn\u00addi\u00adcal n\u2019est pas expli\u00adci\u00adte\u00adment recon\u00adnu, et que les pro\u00adc\u00e9\u00addures et les condi\u00adtions de repr\u00e9\u00adsen\u00adta\u00adtions syn\u00addi\u00adcales ou sein de l\u2019en\u00adtre\u00adprise sont en r\u00e9gres\u00adsion par rap\u00adport \u00e0 la l\u00e9gis\u00adla\u00adtion en vigueur (un an de pr\u00e9\u00adsence pour \u00eatre \u00e9lec\u00adteur et dix-huit mois pour \u00eatre \u00e9li\u00adgible), et que bien d\u2019autres res\u00adtric\u00adtions aux droits acquis de vive lutte par le pro\u00adl\u00e9\u00adta\u00adriat y sont eux tr\u00e8s clai\u00adre\u00adment men\u00adtion\u00adn\u00e9s, sans omettre la non-obli\u00adga\u00adtion de prendre ses cong\u00e9s pay\u00e9s.<\/p>\n<p>Les deux grandes conf\u00e9\u00add\u00e9\u00adra\u00adtions syn\u00addi\u00adcales se sont, pas pour les m\u00eames rai\u00adsons, oppo\u00ads\u00e9es \u00e0 ce pro\u00adjet de loi. La C.G.T., qui pense que l\u2019in\u00adt\u00e9\u00adrim est une pra\u00adtique essen\u00adtielle \u00e0 la bonne marche d\u2019une \u00e9co\u00adno\u00admie moderne, conteste sur\u00adtout le conte\u00adnu de la loi, mois \u00e0 aucun moment le prin\u00adcipe de l\u00e9ga\u00adli\u00adsa\u00adtion de la pra\u00adtique du mar\u00adchan\u00addage de la main-d\u2019\u0153uvre. Ain\u00adsi, pour elle, la res\u00adtric\u00adtion de la dur\u00e9e de mis\u00adsion fix\u00e9e \u00e0 un maxi\u00admum de trois mois (sauf cas excep\u00adtion\u00adnel) est sur\u00adtout pr\u00e9\u00adju\u00addi\u00adciable aux tra\u00advailleurs, et rejoint sous une argu\u00admen\u00adta\u00adtion dif\u00adf\u00e9\u00adrente la contes\u00adta\u00adtion patro\u00adnale. \u00c0 aucun moment elle ne s\u2019op\u00adpose au prin\u00adcipe m\u00eame&nbsp;; d\u2019ailleurs com\u00adment pour\u00adrait-il en \u00eatre autre\u00adment quand de l\u2019a\u00adveu de Del\u00advers, per\u00adma\u00adnent du syn\u00addi\u00adcat des tra\u00advailleurs et employ\u00e9s tem\u00adpo\u00adraires C.G.T., l\u2019in\u00adt\u00e9\u00adrim existe en U.R.S.S. Aus\u00adsi par l\u2019en\u00adtre\u00admise du P.C.F., la C.G.T. compte essayer sons gronde illu\u00adsion d\u2019a\u00admen\u00adder le pro\u00adjet&nbsp;; Balan\u00adger a \u00e9t\u00e9 tr\u00e8s \u00e9lo\u00adquent sur ce point dons ses dif\u00adf\u00e9\u00adrents contacts.<\/p>\n<p>La C.F.D.T. ou contraire, sui\u00advant en cela l\u2019a\u00adna\u00adlyse de son Syn\u00addi\u00adcat pari\u00adsien des tra\u00advailleurs int\u00e9\u00adri\u00admaires (S.P.T.I.) conteste toute ana\u00adlyse qui tend \u00e0 d\u00e9mon\u00adtrer le bien-fon\u00add\u00e9 et l\u2019i\u00adn\u00e9\u00advi\u00adta\u00adbi\u00adli\u00adt\u00e9 de l\u2019in\u00adt\u00e9\u00adrim, et le consi\u00add\u00e8re comme la cons\u00e9\u00adquence de la carence capi\u00adta\u00adliste en mati\u00e8re d\u2019or\u00adga\u00adni\u00adsa\u00adtion, et un pur pro\u00adduit de la recherche du pro\u00adfit. Pour la C.F.D.T. l\u2019ar\u00adgu\u00admen\u00adta\u00adtion \u00e9co\u00adno\u00admique cache sur\u00adtout un objec\u00adtif poli\u00adtique qui est celui de la divi\u00adsion de la classe ouvri\u00e8re en deux cat\u00e9\u00adgo\u00adries dis\u00adtinctes de tra\u00advailleurs que le patro\u00adnat aura t\u00f4t fait de rendre anta\u00adgo\u00adnistes (pour tout ce qui concerne l\u2019in\u00adt\u00e9\u00adrim il est tr\u00e8s int\u00e9\u00adres\u00adsant de lire le jour\u00adnal du S.P.T.I. C.F.D.T.&nbsp;: les \u00ab&nbsp;Int\u00e9\u00adri\u00admaires en lutte&nbsp;\u00bb, abon\u00adne\u00adment \u00e0 contrac\u00adter au 26 rue Mon\u00adtho\u00adlon, Paris 9<sup>e<\/sup>. Donc pour le C.F.D.T., il ne peut y avoir de bonne loi sur l\u2019in\u00adt\u00e9\u00adrim, celui-ci reste un enne\u00admi qu\u2019il fout abattre avec toute la vigueur possible.<\/p>\n<p>Mais aujourd\u2019\u00adhui, avec cette loi qui nous tombe sur les reins, que devons-nous faire&nbsp;? Nous ne croyons pas qu\u2019en cr\u00e9ant des condi\u00adtions de tra\u00advail avan\u00adta\u00adgeuses pour les int\u00e9\u00adri\u00admaires nous puis\u00adsions arr\u00ea\u00adter ce mou\u00adve\u00adment en orga\u00adni\u00adsant son irren\u00adta\u00adbi\u00adli\u00adt\u00e9&nbsp;; ceux qui le pensent sont dans l\u2019er\u00adreur, car les moti\u00adva\u00adtions de l\u2019in\u00adt\u00e9\u00adrim sont avant tout poli\u00adtiques avant d\u2019\u00eatre \u00e9co\u00adno\u00admiques. Mais cela ne doit pas nous \u00e9ga\u00adrer de la fonc\u00adtion actuelle du syn\u00addi\u00adca\u00adlisme qui est, rap\u00adpe\u00adlons-le, d\u2019a\u00adm\u00e9\u00adlio\u00adrer les condi\u00adtions d\u2019exis\u00adtence des tra\u00advailleurs en pr\u00e9\u00adpa\u00adrant la r\u00e9vo\u00adlu\u00adtion&nbsp;; ce que ne font pas l\u00e8s conf\u00e9d\u00e9rations.<\/p>\n<p>Il va donc fal\u00adloir, sous peine d\u2019i\u00adnef\u00adfi\u00adca\u00adci\u00adt\u00e9, que les mili\u00adtants syn\u00addi\u00adca\u00adlistes qui s\u2019op\u00adposent \u00e0 l\u2019in\u00adt\u00e9\u00adrim sous quelque forme que ce soit changent le conte\u00adnu des actions et des reven\u00addi\u00adca\u00adtions envi\u00adsa\u00adg\u00e9es car aujourd\u2019\u00adhui lut\u00adter de front contre l\u2019in\u00adt\u00e9\u00adrim, qui se trouve appuy\u00e9 par une loi, risque for\u00adte\u00adment de gas\u00adpiller une \u00e9ner\u00adgie qui serait tr\u00e8s pr\u00e9\u00adcieuse en \u00e9tant employ\u00e9e savam\u00adment. Aus\u00adsi, afin que les int\u00e9\u00adri\u00admaires, dont les rangs vont se ren\u00adfor\u00adcer de jour en jour, s\u2019or\u00adga\u00adnisent enfin dans le syn\u00addi\u00adca\u00adlisme, il va fal\u00adloir que les reven\u00addi\u00adca\u00adtions soient beau\u00adcoup plus terre \u00e0 terre, avoir un carac\u00adt\u00e8re tr\u00e8s reven\u00addi\u00adca\u00adtif sur des objec\u00adtifs imm\u00e9\u00addiats. Ne pou\u00advant plus esp\u00e9\u00adrer dans un proche temps sup\u00adpri\u00admer l\u2019in\u00adt\u00e9\u00adrim, nous n\u2019ayons pas le droit de lais\u00adser dans cet \u00e9tat de sur\u00adex\u00adploi\u00adtion les tra\u00advailleurs int\u00e9\u00adri\u00admaires, et devons donc, par la force des choses, et sous peine que les syn\u00addi\u00adcats int\u00e9\u00adri\u00admaires dis\u00adpa\u00adraissent, envi\u00adsa\u00adger une stra\u00adt\u00e9\u00adgie r\u00e9aliste.<\/p>\n<p>Un cahier natio\u00adnal de reven\u00addi\u00adca\u00adtions des int\u00e9\u00adri\u00admaires devrait \u00eatre \u00e9ta\u00adbli dans les plus brefs d\u00e9lais, sans quoi les int\u00e9\u00adri\u00admaires res\u00adte\u00adront encore pour long\u00adtemps la masse informe des tra\u00advailleurs inor\u00adga\u00adni\u00ads\u00e9s&nbsp;: ce qui a le don d\u2019ir\u00adri\u00adter par\u00adti\u00adcu\u00adli\u00e8\u00adre\u00adment les tra\u00advailleurs s\u00e9den\u00adtaires et qui emp\u00eache pour une grande par\u00adtie la liai\u00adson fixes-int\u00e9\u00adri\u00admaires. Ce cahier de reven\u00addi\u00adca\u00adtions devrait \u00eatre tr\u00e8s pr\u00e9\u00adcis et m\u00eame, sans pour cela qu\u2019il soit un ferment de divi\u00adsion, \u00eatre, dans cer\u00adtains cas, sp\u00e9\u00adci\u00adfique aux soci\u00e9\u00adt\u00e9s (exemple&nbsp;: les soci\u00e9\u00adt\u00e9s qui couvrent le ter\u00adri\u00adtoire&nbsp;: BIS par exemple)<\/p>\n<p>Le cas d\u2019une \u00e9ven\u00adtuelle conven\u00adtion col\u00adlec\u00adtive devrait lui aus\u00adsi \u00eatre \u00e9tu\u00addi\u00e9 tr\u00e8s pro\u00adfon\u00add\u00e9\u00adment. \u00c0 l\u2019heure actuelle nul ne peut plus affir\u00admer sa noci\u00advi\u00adt\u00e9 ou son uti\u00adli\u00adt\u00e9. Depuis quelque temps des n\u00e9go\u00adcia\u00adtions ont lieu \u00e0 ce sujet entre le S.N.E.T.T. (patro\u00adnat) et les conf\u00e9\u00add\u00e9\u00adra\u00adtions \u00ab&nbsp;repr\u00e9\u00adsen\u00adta\u00adtives&nbsp;\u00bb&nbsp;: seul <b>le S.P.T.I. C.F.D.T. n\u2019a pas \u00e9t\u00e9 invi\u00adt\u00e9<\/b> par le syn\u00addi\u00adcat patro\u00adnal qui a pris l\u2019i\u00adni\u00adtia\u00adtive de ces ren\u00adcontres. Pro\u00adba\u00adble\u00adment que cela est le fait de l\u2019o\u00adrien\u00adta\u00adtion syn\u00addi\u00adca\u00adliste r\u00e9vo\u00adlu\u00adtion\u00adnaire de ce syn\u00addi\u00adcat, ce dont nous le f\u00e9li\u00adci\u00adtons d\u2019ailleurs&nbsp;; c\u2019est un hon\u00adneur de ne pas \u00eatre invi\u00adt\u00e9 \u00e0 une n\u00e9go\u00adcia\u00adtion qui a \u00e9t\u00e9 pro\u00advo\u00adqu\u00e9e par le patro\u00adnat lors\u00adqu\u2019on conna\u00eet la poli\u00adtique d\u2019in\u00adt\u00e9\u00adgra\u00adtion des syn\u00addi\u00adcats pra\u00adti\u00adqu\u00e9e par le patro\u00adnat et son gou\u00adver\u00adne\u00adment pour la \u00ab&nbsp;nou\u00advelle soci\u00e9t\u00e9&nbsp;\u00bb.<\/p>\n<p>Pour notre modeste part, vou\u00adlant appor\u00adter publi\u00adque\u00adment notre contri\u00adbu\u00adtion \u00e0 ce com\u00adbat, nous pro\u00adpo\u00adsons un sch\u00e9\u00adma de revendications&nbsp;:<\/p>\n<ol>\n<li> Aug\u00admen\u00adta\u00adtion des salaires uni\u00adforme ou inver\u00adse\u00adment hi\u00e9rarchis\u00e9e&nbsp;;<\/li>\n<li> Uni\u00adfi\u00adca\u00adtion des salaires dons une m\u00eame cat\u00e9gorie&nbsp;;<\/li>\n<li> Int\u00e9\u00adgra\u00adtion com\u00adpl\u00e8te des primes dans le salaire&nbsp;;<\/li>\n<li> Indem\u00adni\u00adt\u00e9 de repos obligatoire&nbsp;;<\/li>\n<li> Qua\u00adrante heures heb\u00addo\u00adma\u00addaires de mis\u00adsion maximum&nbsp;;<\/li>\n<li> D\u00e9l\u00e9\u00adgu\u00e9s du per\u00adson\u00adnel \u00e9lus par cor\u00adres\u00adpon\u00addance&nbsp;: 3 mois pour \u00eatre \u00e9lec\u00adteur \u2013 6 mois pour \u00eatre \u00e9li\u00adgible. D\u00e9pla\u00adce\u00adment des d\u00e9l\u00e9\u00adgu\u00e9s dans les entre\u00adprises o\u00f9 les tra\u00advailleurs vont effec\u00adtuer leur mis\u00adsion. Heures de d\u00e9l\u00e9\u00adga\u00adtion prises sur le temps de travail&nbsp;;<\/li>\n<li> Retraite com\u00adpl\u00e9\u00admen\u00adtaire obli\u00adga\u00adtoire, Retraite \u00e0 soixante ans&nbsp;;<\/li>\n<li> Obli\u00adga\u00adtion de prendre ses cong\u00e9s pay\u00e9s (ce qui \u00e9vi\u00adte\u00adra de se faire sour\u00adnoi\u00adse\u00adment licen\u00adcier pour inter\u00adrup\u00adtion du contrat);<\/li>\n<li> Visite m\u00e9di\u00adcale obligatoire&nbsp;;<\/li>\n<li> Inter\u00addic\u00adtion de licen\u00adcie\u00adment pour fin de chan\u00adtier si la soci\u00e9\u00adt\u00e9 embauche&nbsp;;<\/li>\n<li> Mois de pr\u00e9\u00adavis d\u2019in\u00addem\u00adni\u00adt\u00e9 en cas de licen\u00adcie\u00adment (appli\u00adca\u00adtion de la l\u00e9gislation)&nbsp;;<\/li>\n<li> Mesures sp\u00e9\u00adci\u00adfiques \u00e0 l\u2019entreprise.<\/li>\n<\/ol>\n","protected":false},"excerpt":{"rendered":"<p>Le pro\u00adjet de loi du gou\u00adver\u00adne\u00adment qui va l\u00e9ga\u00adli\u00adser l\u2019in\u00adt\u00e9\u00adrim o \u00e9t\u00e9 adop\u00adt\u00e9 par le S\u00e9nat le 11 juin der\u00adnier. Voi\u00adl\u00e0 plus de quatre ans que le gou\u00adver\u00adne\u00adment tenait \u00e0 faire pas\u00adser son pro\u00adjet, mais \u00e0 chaque ten\u00adta\u00adtive il se passe quelque \u00e9v\u00e9\u00adne\u00adment poli\u00adtique jug\u00e9 plus impor\u00adtant, et le pro\u00adjet fut recon\u00adduit \u00e0 une&nbsp;date&nbsp;[\u2026]<\/p>\n","protected":false},"author":1,"featured_media":0,"comment_status":"closed","ping_status":"closed","sticky":false,"template":"","format":"standard","meta":{"wp_typography_post_enhancements_disabled":false,"footnotes":""},"categories":[212],"tags":[],"ppma_author":[540],"class_list":["post-2328","post","type-post","status-publish","format-standard","hentry","category-solidarite-ouvriere-n4-juillet-aout-1971"],"authors":[{"term_id":540,"user_id":1,"is_guest":0,"slug":"admin_3gikpwyf","display_name":"Vincent Dubuc","avatar_url":"https:\/\/secure.gravatar.com\/avatar\/d015720652c25fd2ced191ade86430094e1f288a17483713e3b34d26dea52507?s=96&d=mm&r=g","author_category":"","user_url":"https:\/\/la-presse-anarchiste.net","last_name":"Dubuc","first_name":"Vincent","job_title":"","description":""}],"_links":{"self":[{"href":"https:\/\/la-presse-anarchiste.net\/index.php\/wp-json\/wp\/v2\/posts\/2328","targetHints":{"allow":["GET"]}}],"collection":[{"href":"https:\/\/la-presse-anarchiste.net\/index.php\/wp-json\/wp\/v2\/posts"}],"about":[{"href":"https:\/\/la-presse-anarchiste.net\/index.php\/wp-json\/wp\/v2\/types\/post"}],"author":[{"embeddable":true,"href":"https:\/\/la-presse-anarchiste.net\/index.php\/wp-json\/wp\/v2\/users\/1"}],"replies":[{"embeddable":true,"href":"https:\/\/la-presse-anarchiste.net\/index.php\/wp-json\/wp\/v2\/comments?post=2328"}],"version-history":[{"count":0,"href":"https:\/\/la-presse-anarchiste.net\/index.php\/wp-json\/wp\/v2\/posts\/2328\/revisions"}],"wp:attachment":[{"href":"https:\/\/la-presse-anarchiste.net\/index.php\/wp-json\/wp\/v2\/media?parent=2328"}],"wp:term":[{"taxonomy":"category","embeddable":true,"href":"https:\/\/la-presse-anarchiste.net\/index.php\/wp-json\/wp\/v2\/categories?post=2328"},{"taxonomy":"post_tag","embeddable":true,"href":"https:\/\/la-presse-anarchiste.net\/index.php\/wp-json\/wp\/v2\/tags?post=2328"},{"taxonomy":"author","embeddable":true,"href":"https:\/\/la-presse-anarchiste.net\/index.php\/wp-json\/wp\/v2\/ppma_author?post=2328"}],"curies":[{"name":"wp","href":"https:\/\/api.w.org\/{rel}","templated":true}]}}