{"id":2329,"date":"2010-02-20T19:41:50","date_gmt":"2010-02-20T19:41:50","guid":{"rendered":"https:\/\/la-presse-anarchiste.net\/index.php\/2010\/02\/20\/nouvelles-despagne\/"},"modified":"2010-02-20T19:41:50","modified_gmt":"2010-02-20T19:41:50","slug":"nouvelles-despagne","status":"publish","type":"post","link":"https:\/\/la-presse-anarchiste.net\/index.php\/2010\/02\/20\/nouvelles-despagne\/","title":{"rendered":"Nouvelles d\u2019Espagne"},"content":{"rendered":"<div class=\"pdfprnt-buttons pdfprnt-buttons-post pdfprnt-top-right\"><a href=\"https:\/\/la-presse-anarchiste.net\/index.php\/wp-json\/wp\/v2\/posts\/2329?print=pdf\" class=\"pdfprnt-button pdfprnt-button-pdf\" target=\"_blank\"><img decoding=\"async\" src=\"https:\/\/la-presse-anarchiste.net\/wp-content\/plugins\/pdf-print\/images\/pdf.png\" alt=\"image_pdf\" title=\"Afficher le PDF\"><\/a><a href=\"https:\/\/la-presse-anarchiste.net\/index.php\/wp-json\/wp\/v2\/posts\/2329?print=print\" class=\"pdfprnt-button pdfprnt-button-print\" target=\"_blank\"><img decoding=\"async\" src=\"https:\/\/la-presse-anarchiste.net\/wp-content\/plugins\/pdf-print\/images\/print.png\" alt=\"image_print\" title=\"Contenu imprim\u00e9\"><\/a><\/div><p>De mois en mois, l\u2019Al\u00adliance syn\u00addi\u00adca\u00adliste \u00e9lar\u00adgit le cadre de ses contacts vers la cr\u00e9a\u00adtion d\u2019une v\u00e9ri\u00adtable inter\u00adna\u00adtio\u00adnale syn\u00addi\u00adca\u00adliste r\u00e9vo\u00adlu\u00adtion\u00adnaire. Par l\u2019in\u00adter\u00adm\u00e9\u00addiaire de \u00ab&nbsp;Soli\u00adda\u00adri\u00adt\u00e9 ouvri\u00e8re&nbsp;\u00bb, nous fai\u00adsons entendre la voix du syn\u00addi\u00adca\u00adlisme liber\u00adtaire, et prou\u00advons une fois de plus, par la pra\u00adtique, que le syn\u00addi\u00adca\u00adlisme r\u00e9vo\u00adlu\u00adtion\u00adnaire et l\u2019a\u00adnar\u00adcho-syn\u00addi\u00adca\u00adlisme ne sont pas&nbsp;morts.<\/p>\n<p>Nous avons re\u00e7u une lettre de Bar\u00adce\u00adlone, dat\u00e9e du 23 juillet 1971&nbsp;:<\/p>\n<p>\u00ab&nbsp;Aux amis de l\u2019Al\u00adliance syn\u00addi\u00adca\u00adliste, nous leur disons que \u00ab&nbsp;Soli\u00adda\u00adri\u00adt\u00e9 ouvri\u00e8re&nbsp;\u00bb a \u00e9t\u00e9 extr\u00ea\u00adme\u00adment appr\u00e9\u00adci\u00e9e par nos amis et com\u00adpa\u00adgnons de Bar\u00adce\u00adlone, et que les id\u00e9es qui vous guident leur para\u00eet les plus ad\u00e9\u00adquates pour par\u00adve\u00adnir \u00e0 l\u2019ob\u00adjec\u00adtif syn\u00addi\u00adca\u00adliste r\u00e9vo\u00adlu\u00adtion\u00adnaire que vous vou\u00adlez atteindre. Il est dom\u00admage qu\u2019i\u00adci peu d\u2019entre nous puissent lire le fran\u00ad\u00e7ais&nbsp;; cepen\u00addant, comme cer\u00adtains d\u2019entre nous peuvent le lire, ils trans\u00admettent aux autres le conte\u00adnu du jour\u00adnal et les orien\u00adta\u00adtions qui y sont contenues.&nbsp;\u00bb<\/p>\n<p>(Bar\u00adce\u00adlone, le 23 juillet 1971.)<\/p>\n","protected":false},"excerpt":{"rendered":"<p>De mois en mois, l\u2019Al\u00adliance syn\u00addi\u00adca\u00adliste \u00e9lar\u00adgit le cadre de ses contacts vers la cr\u00e9a\u00adtion d\u2019une v\u00e9ri\u00adtable inter\u00adna\u00adtio\u00adnale syn\u00addi\u00adca\u00adliste r\u00e9vo\u00adlu\u00adtion\u00adnaire. Par l\u2019in\u00adter\u00adm\u00e9\u00addiaire de \u00ab&nbsp;Soli\u00adda\u00adri\u00adt\u00e9 ouvri\u00e8re&nbsp;\u00bb, nous fai\u00adsons entendre la voix du syn\u00addi\u00adca\u00adlisme liber\u00adtaire, et prou\u00advons une fois de plus, par la pra\u00adtique, que le syn\u00addi\u00adca\u00adlisme r\u00e9vo\u00adlu\u00adtion\u00adnaire et l\u2019a\u00adnar\u00adcho-syn\u00addi\u00adca\u00adlisme ne sont pas&nbsp;morts. Nous avons re\u00e7u&nbsp;une&nbsp;[\u2026]<\/p>\n","protected":false},"author":1,"featured_media":0,"comment_status":"closed","ping_status":"closed","sticky":false,"template":"","format":"standard","meta":{"wp_typography_post_enhancements_disabled":false,"footnotes":""},"categories":[212],"tags":[],"ppma_author":[540],"class_list":["post-2329","post","type-post","status-publish","format-standard","hentry","category-solidarite-ouvriere-n4-juillet-aout-1971"],"authors":[{"term_id":540,"user_id":1,"is_guest":0,"slug":"admin_3gikpwyf","display_name":"Vincent Dubuc","avatar_url":"https:\/\/secure.gravatar.com\/avatar\/d015720652c25fd2ced191ade86430094e1f288a17483713e3b34d26dea52507?s=96&d=mm&r=g","author_category":"","user_url":"https:\/\/la-presse-anarchiste.net","last_name":"Dubuc","first_name":"Vincent","job_title":"","description":""}],"_links":{"self":[{"href":"https:\/\/la-presse-anarchiste.net\/index.php\/wp-json\/wp\/v2\/posts\/2329","targetHints":{"allow":["GET"]}}],"collection":[{"href":"https:\/\/la-presse-anarchiste.net\/index.php\/wp-json\/wp\/v2\/posts"}],"about":[{"href":"https:\/\/la-presse-anarchiste.net\/index.php\/wp-json\/wp\/v2\/types\/post"}],"author":[{"embeddable":true,"href":"https:\/\/la-presse-anarchiste.net\/index.php\/wp-json\/wp\/v2\/users\/1"}],"replies":[{"embeddable":true,"href":"https:\/\/la-presse-anarchiste.net\/index.php\/wp-json\/wp\/v2\/comments?post=2329"}],"version-history":[{"count":0,"href":"https:\/\/la-presse-anarchiste.net\/index.php\/wp-json\/wp\/v2\/posts\/2329\/revisions"}],"wp:attachment":[{"href":"https:\/\/la-presse-anarchiste.net\/index.php\/wp-json\/wp\/v2\/media?parent=2329"}],"wp:term":[{"taxonomy":"category","embeddable":true,"href":"https:\/\/la-presse-anarchiste.net\/index.php\/wp-json\/wp\/v2\/categories?post=2329"},{"taxonomy":"post_tag","embeddable":true,"href":"https:\/\/la-presse-anarchiste.net\/index.php\/wp-json\/wp\/v2\/tags?post=2329"},{"taxonomy":"author","embeddable":true,"href":"https:\/\/la-presse-anarchiste.net\/index.php\/wp-json\/wp\/v2\/ppma_author?post=2329"}],"curies":[{"name":"wp","href":"https:\/\/api.w.org\/{rel}","templated":true}]}}