{"id":2330,"date":"2010-02-20T19:43:41","date_gmt":"2010-02-20T19:43:41","guid":{"rendered":"https:\/\/la-presse-anarchiste.net\/index.php\/2010\/02\/20\/informations-suisses\/"},"modified":"2010-02-20T19:43:41","modified_gmt":"2010-02-20T19:43:41","slug":"informations-suisses","status":"publish","type":"post","link":"https:\/\/la-presse-anarchiste.net\/index.php\/2010\/02\/20\/informations-suisses\/","title":{"rendered":"Informations suisses"},"content":{"rendered":"<div class=\"pdfprnt-buttons pdfprnt-buttons-post pdfprnt-top-right\"><a href=\"https:\/\/la-presse-anarchiste.net\/index.php\/wp-json\/wp\/v2\/posts\/2330?print=pdf\" class=\"pdfprnt-button pdfprnt-button-pdf\" target=\"_blank\"><img decoding=\"async\" src=\"https:\/\/la-presse-anarchiste.net\/wp-content\/plugins\/pdf-print\/images\/pdf.png\" alt=\"image_pdf\" title=\"Afficher le PDF\"><\/a><a href=\"https:\/\/la-presse-anarchiste.net\/index.php\/wp-json\/wp\/v2\/posts\/2330?print=print\" class=\"pdfprnt-button pdfprnt-button-print\" target=\"_blank\"><img decoding=\"async\" src=\"https:\/\/la-presse-anarchiste.net\/wp-content\/plugins\/pdf-print\/images\/print.png\" alt=\"image_print\" title=\"Contenu imprim\u00e9\"><\/a><\/div><p>Pour la paru\u00adtion du 4<sup>e<\/sup> num\u00e9\u00adro de \u00ab&nbsp;Soli\u00adda\u00adri\u00adt\u00e9 ouvri\u00e8re&nbsp;\u00bb, nous avons tenu \u00e0 \u00eatre pr\u00e9\u00adsents dans votre journal.<\/p>\n<p>Pour les cama\u00adrades, les amis et les sym\u00adpa\u00adthi\u00adsants liber\u00adtaires qui se trouvent en Suisse, et qui d\u00e9si\u00adre\u00adraient mili\u00adter ou \u00eatre infor\u00adm\u00e9s de nos acti\u00advi\u00adt\u00e9s locales, natio\u00adnales ou inter\u00adna\u00adtio\u00adnales, ils peuvent se mettre en rap\u00adport avec nos groupes, qui leur don\u00adne\u00adront la pos\u00adsi\u00adbi\u00adli\u00adt\u00e9 de se mettre en contact avec les cama\u00adrades les plus proches de leur lieu de tra\u00advail ou d\u2019habitation.<\/p>\n<p>Des ren\u00adcontres doivent s\u2019or\u00adga\u00adni\u00adser cette ann\u00e9e, afin d\u2019ou\u00advrir les d\u00e9bats&nbsp;:<\/p>\n<ol>\n<li> Sur la ligne du jour\u00adnal \u00ab&nbsp;Soli\u00adda\u00adri\u00adt\u00e9 ouvri\u00e8re&nbsp;\u00bb.<\/li>\n<li> Com\u00adment conce\u00advoir notre col\u00adla\u00adbo\u00adra\u00adtion au jour\u00adnal, et avec ses animateurs.<\/li>\n<li> Pr\u00e9\u00adpa\u00adrer une ren\u00adcontre, cette ann\u00e9e encore, entre tous les cama\u00adrades anar\u00adcho-syn\u00addi\u00adca\u00adlistes et liber\u00adtaires de nos r\u00e9gions, afin de mettre sur pied un mou\u00adve\u00adment digne du pas\u00ads\u00e9 de l\u2019a\u00adnar\u00adcho-syn\u00addi\u00adca\u00adlisme, mais avec des m\u00e9thodes plus actuelles.<\/li>\n<\/ol>\n<p>\u00c0 Gen\u00e8ve, des r\u00e9unions ont eu lieu et nous avons d\u00e9j\u00e0 pris des contacts&nbsp;; une col\u00adla\u00adbo\u00adra\u00adtion est \u00e9bau\u00adch\u00e9e avec les cama\u00adrades de \u00ab&nbsp;Soli\u00adda\u00adri\u00adt\u00e9 ouvri\u00e8re&nbsp;\u00bb&nbsp;; aus\u00adsi nous serions tr\u00e8s heu\u00adreux si vous vous mani\u00adfes\u00adtiez en nous \u00e9cri\u00advant \u00e0 cette adresse&nbsp;: Cercle liber\u00adtaire et anar\u00adcho-syn\u00addi\u00adca\u00adliste, case pos\u00adtale 44, Gen\u00e8vre 6 \u2013 Suisse. Il sera r\u00e9pon\u00addu rapi\u00adde\u00adment \u00e0 vos lettres.<\/p>\n<p>Cama\u00adrades, en Suisse comme par\u00adtout dans le monde, les m\u00eames pro\u00adbl\u00e8mes se posent. L\u2019ex\u00adploi\u00adta\u00adtion, la r\u00e9ac\u00adtion et le mili\u00adta\u00adrisme sont ma\u00eetres.<\/p>\n<p>Le sou\u00adci du len\u00adde\u00admain, l\u2019in\u00ads\u00e9\u00adcu\u00adri\u00adt\u00e9 nous har\u00adcellent en per\u00adma\u00adnence. La jus\u00adtice sociale, la liber\u00adt\u00e9 sont bafou\u00e9es, et la vio\u00adlence r\u00e8gne partout.<\/p>\n<p>Afin de jugu\u00adler toutes ces n\u00e9fastes r\u00e9ac\u00adtions, nous devons unir toutes les forces liber\u00adtaires, dont l\u2019a\u00adbou\u00adtis\u00adse\u00adment sera la garan\u00adtie d\u2019un ave\u00adnir meilleur.<\/p>\n<p>Les forces poli\u00adtiques, qu\u2019elles soient de gauche ou de droite, ne pour\u00adsuivent qu\u2019un m\u00eame but&nbsp;: l\u2019es\u00adca\u00adlade du pou\u00advoir, afin de mieux nous exploi\u00adter, car contre la classe ouvri\u00e8re et ses reven\u00addi\u00adca\u00adtions, ils opposent leurs fonc\u00adtion\u00adnaires, la police et l\u2019ar\u00adm\u00e9e&nbsp;! Et les mili\u00adtants \u00e9tran\u00adgers qui osent d\u00e9non\u00adcer cette exploi\u00adta\u00adtion, et se soli\u00adda\u00adri\u00adser avec les per\u00adsonnes qui tra\u00advaillent dans la m\u00eame entre\u00adprise, sont, sous le pr\u00e9\u00adtexte du main\u00adtien de l\u2019ordre, l\u2019ob\u00adjet de contr\u00f4les poli\u00adciers et patro\u00adnaux, etc., afin qu\u2019il y ait un motif pour les expulser.<\/p>\n<p>Les cen\u00adtrales syn\u00addi\u00adcales pro\u00adtestent afin de se don\u00adner une contenance.<\/p>\n<p>Mais nous savons que nos secr\u00e9\u00adtaires syn\u00addi\u00adcaux ont sign\u00e9 des conven\u00adtions de tra\u00advail avec le patro\u00adnat, conven\u00adtions appe\u00adl\u00e9es \u00ab&nbsp;Paix du tra\u00advail&nbsp;!&nbsp;\u00bb. Oui veut dire paix du patron, car l\u2019ou\u00advrier, content ou m\u00e9con\u00adtent de ses condi\u00adtions de tra\u00advail, est livr\u00e9 pieds et poings li\u00e9s au patro\u00adnat&nbsp;; si bien que quand mal\u00adgr\u00e9 cela il se pro\u00adduit des conflits, le patro\u00adnat peut \u00e0 tout moment faire appel au syn\u00addi\u00adcat ouvrier pour lui deman\u00adder de remettre \u00e0 l\u2019ordre les per\u00adtur\u00adba\u00adteurs. Pour bien concr\u00e9\u00adti\u00adser cette \u00ab&nbsp;Paix du tra\u00advail&nbsp;\u00bb, les deux f\u00e9d\u00e9\u00adra\u00adtions patro\u00adnale et ouvri\u00e8re ont d\u00fb faire le d\u00e9p\u00f4t d\u2019une somme d\u2019argent comme garan\u00adtie de ce qui a \u00e9t\u00e9 conclu.<\/p>\n<p>La classe ouvri\u00e8re, en Suisse, doit lut\u00adter sur deux fronts, contre ses fonc\u00adtion\u00adnaires syn\u00addi\u00adcaux, et contre les exploi\u00adteurs, les patrons. Nous revien\u00addrons dans un pro\u00adchain article sur ce&nbsp;sujet.<\/p>\n<p>Cercle liber\u00adtaire et anarcho-syndicaliste,<br>\n<br>Gen\u00e8ve.<br>\n<br>Gen\u00e8ve, juin&nbsp;1971<\/p>\n","protected":false},"excerpt":{"rendered":"<p>Pour la paru\u00adtion du 4<sup>e<\/sup> num\u00e9\u00adro de \u00ab&nbsp;Soli\u00adda\u00adri\u00adt\u00e9 ouvri\u00e8re&nbsp;\u00bb, nous avons tenu \u00e0 \u00eatre pr\u00e9\u00adsents dans votre jour\u00adnal. Pour les cama\u00adrades, les amis et les sym\u00adpa\u00adthi\u00adsants liber\u00adtaires qui se trouvent en Suisse, et qui d\u00e9si\u00adre\u00adraient mili\u00adter ou \u00eatre infor\u00adm\u00e9s de nos acti\u00advi\u00adt\u00e9s locales, natio\u00adnales ou inter\u00adna\u00adtio\u00adnales, ils peuvent se mettre en rap\u00adport avec nos groupes,&nbsp;[\u2026]<\/p>\n","protected":false},"author":1,"featured_media":0,"comment_status":"closed","ping_status":"closed","sticky":false,"template":"","format":"standard","meta":{"wp_typography_post_enhancements_disabled":false,"footnotes":""},"categories":[212],"tags":[],"ppma_author":[540],"class_list":["post-2330","post","type-post","status-publish","format-standard","hentry","category-solidarite-ouvriere-n4-juillet-aout-1971"],"authors":[{"term_id":540,"user_id":1,"is_guest":0,"slug":"admin_3gikpwyf","display_name":"Vincent Dubuc","avatar_url":"https:\/\/secure.gravatar.com\/avatar\/d015720652c25fd2ced191ade86430094e1f288a17483713e3b34d26dea52507?s=96&d=mm&r=g","author_category":"","user_url":"https:\/\/la-presse-anarchiste.net","last_name":"Dubuc","first_name":"Vincent","job_title":"","description":""}],"_links":{"self":[{"href":"https:\/\/la-presse-anarchiste.net\/index.php\/wp-json\/wp\/v2\/posts\/2330","targetHints":{"allow":["GET"]}}],"collection":[{"href":"https:\/\/la-presse-anarchiste.net\/index.php\/wp-json\/wp\/v2\/posts"}],"about":[{"href":"https:\/\/la-presse-anarchiste.net\/index.php\/wp-json\/wp\/v2\/types\/post"}],"author":[{"embeddable":true,"href":"https:\/\/la-presse-anarchiste.net\/index.php\/wp-json\/wp\/v2\/users\/1"}],"replies":[{"embeddable":true,"href":"https:\/\/la-presse-anarchiste.net\/index.php\/wp-json\/wp\/v2\/comments?post=2330"}],"version-history":[{"count":0,"href":"https:\/\/la-presse-anarchiste.net\/index.php\/wp-json\/wp\/v2\/posts\/2330\/revisions"}],"wp:attachment":[{"href":"https:\/\/la-presse-anarchiste.net\/index.php\/wp-json\/wp\/v2\/media?parent=2330"}],"wp:term":[{"taxonomy":"category","embeddable":true,"href":"https:\/\/la-presse-anarchiste.net\/index.php\/wp-json\/wp\/v2\/categories?post=2330"},{"taxonomy":"post_tag","embeddable":true,"href":"https:\/\/la-presse-anarchiste.net\/index.php\/wp-json\/wp\/v2\/tags?post=2330"},{"taxonomy":"author","embeddable":true,"href":"https:\/\/la-presse-anarchiste.net\/index.php\/wp-json\/wp\/v2\/ppma_author?post=2330"}],"curies":[{"name":"wp","href":"https:\/\/api.w.org\/{rel}","templated":true}]}}