{"id":2333,"date":"2010-02-20T20:04:46","date_gmt":"2010-02-20T20:04:46","guid":{"rendered":"https:\/\/la-presse-anarchiste.net\/index.php\/2010\/02\/20\/iie-congres-de-lalliance\/"},"modified":"2010-02-20T20:04:46","modified_gmt":"2010-02-20T20:04:46","slug":"iie-congres-de-lalliance","status":"publish","type":"post","link":"https:\/\/la-presse-anarchiste.net\/index.php\/2010\/02\/20\/iie-congres-de-lalliance\/","title":{"rendered":"IIe Congr\u00e8s de l\u2019Alliance"},"content":{"rendered":"<div class=\"pdfprnt-buttons pdfprnt-buttons-post pdfprnt-top-right\"><a href=\"https:\/\/la-presse-anarchiste.net\/index.php\/wp-json\/wp\/v2\/posts\/2333?print=pdf\" class=\"pdfprnt-button pdfprnt-button-pdf\" target=\"_blank\"><img decoding=\"async\" src=\"https:\/\/la-presse-anarchiste.net\/wp-content\/plugins\/pdf-print\/images\/pdf.png\" alt=\"image_pdf\" title=\"Afficher le PDF\"><\/a><a href=\"https:\/\/la-presse-anarchiste.net\/index.php\/wp-json\/wp\/v2\/posts\/2333?print=print\" class=\"pdfprnt-button pdfprnt-button-print\" target=\"_blank\"><img decoding=\"async\" src=\"https:\/\/la-presse-anarchiste.net\/wp-content\/plugins\/pdf-print\/images\/print.png\" alt=\"image_print\" title=\"Contenu imprim\u00e9\"><\/a><\/div><p>La conf\u00e9\u00adrence natio\u00adnale de l\u2019Al\u00adliance, r\u00e9unie les 3 et 4 juillet 1971 \u00e0 Bor\u00addeaux, a exa\u00admi\u00adn\u00e9 l\u2019ac\u00adcord inter\u00adve\u00adnu entre le groupe de Nantes et l\u2019E.E.-F.U.O. [[Voir <i>Infor\u00adma\u00adtions ouvri\u00e8res<\/i> n\u00b0523 et 524 des 9 et 16 juin 1971. Un compte ren\u00addu suc\u00adcinct de la conf\u00e9\u00adrence pas\u00adse\u00adra dans le Bul\u00adle\u00adtin int\u00e9rieur.]].<\/p>\n<p>Elle constate que cet accord, qui n\u2019a pu \u00eatre dis\u00adcu\u00adt\u00e9 au plan natio\u00adnal, sou\u00adl\u00e8ve des diver\u00adgences et ne sau\u00adrait enga\u00adger l\u2019A.S.R.A.S.<\/p>\n<p>Elle d\u00e9cide donc de lais\u00adser l\u2019en\u00adti\u00e8re res\u00adpon\u00adsa\u00adbi\u00adli\u00adt\u00e9 de cet accord au groupe de Nantes et d\u00e9cide de mettre le pro\u00adbl\u00e8me des alliances \u00e0 l\u2019ordre du jour du 2<sup>e<\/sup> Congr\u00e8s de l\u2019A.S.R.A.S. qui se tien\u00addra \u00e0 Paris, les 30, 31 octobre et 1<sup>er<\/sup> novembre 1971.<\/p>\n<h2>Ordre du jour du II<sup>e<\/sup> congr\u00e8s de l\u2019Alliance<\/h2>\n<p><b>I. \u2013 Structure<\/b><br>\n<br>a) Mode de votation,<br>\n<br>b) Comi\u00adt\u00e9 f\u00e9d\u00e9ral,<br>\n<br>c) Finan\u00adce\u00adment,<br>\n<br>d) Jour\u00adnal.<\/p>\n<p><b>II. \u2013 Pro\u00adbl\u00e8mes actuels du syndicalisme<\/b><br>\n<br>a) R\u00f4le et limite du syndicat,<br>\n<br>b) Ten\u00addances et fractions,<br>\n<br>c) Alliances avec d\u2019outres courants.<\/p>\n<p><b>III.\u200a\u2014\u200aTra\u00advail des cama\u00adrades de l\u2019Al\u00adliance dans les syndicats<\/b><\/p>\n<p>[|<b>*   *   *   *<\/b>|]<\/p>\n<p>Les groupes et mili\u00adtants qui d\u00e9si\u00adrent \u00e9crire leur posi\u00adtion sur les trois points de l\u2019ordre du jour doivent envoyer leur texte \u00e0 la r\u00e9dac\u00adtion du jour\u00adnal, en fin d\u2019in\u00adser\u00adtion dons le Bul\u00adle\u00adtin int\u00e9\u00adrieur, avant le 15 sep\u00adtembre, der\u00adnier&nbsp;d\u00e9lai.<\/p>\n","protected":false},"excerpt":{"rendered":"<p>La conf\u00e9\u00adrence natio\u00adnale de l\u2019Al\u00adliance, r\u00e9unie les 3 et 4 juillet 1971 \u00e0 Bor\u00addeaux, a exa\u00admi\u00adn\u00e9 l\u2019ac\u00adcord inter\u00adve\u00adnu entre le groupe de Nantes et l\u2019E.E.-F.U.O. [[Voir Infor\u00adma\u00adtions ouvri\u00e8res n\u00b0523 et 524 des 9 et 16 juin 1971. Un compte ren\u00addu suc\u00adcinct de la conf\u00e9\u00adrence pas\u00adse\u00adra dans le Bul\u00adle\u00adtin int\u00e9\u00adrieur.]]. Elle constate que cet accord, qui&nbsp;[\u2026]<\/p>\n","protected":false},"author":1,"featured_media":0,"comment_status":"closed","ping_status":"closed","sticky":false,"template":"","format":"standard","meta":{"wp_typography_post_enhancements_disabled":false,"footnotes":""},"categories":[212],"tags":[],"ppma_author":[540],"class_list":["post-2333","post","type-post","status-publish","format-standard","hentry","category-solidarite-ouvriere-n4-juillet-aout-1971"],"authors":[{"term_id":540,"user_id":1,"is_guest":0,"slug":"admin_3gikpwyf","display_name":"Vincent Dubuc","avatar_url":"https:\/\/secure.gravatar.com\/avatar\/d015720652c25fd2ced191ade86430094e1f288a17483713e3b34d26dea52507?s=96&d=mm&r=g","author_category":"","user_url":"https:\/\/la-presse-anarchiste.net","last_name":"Dubuc","first_name":"Vincent","job_title":"","description":""}],"_links":{"self":[{"href":"https:\/\/la-presse-anarchiste.net\/index.php\/wp-json\/wp\/v2\/posts\/2333","targetHints":{"allow":["GET"]}}],"collection":[{"href":"https:\/\/la-presse-anarchiste.net\/index.php\/wp-json\/wp\/v2\/posts"}],"about":[{"href":"https:\/\/la-presse-anarchiste.net\/index.php\/wp-json\/wp\/v2\/types\/post"}],"author":[{"embeddable":true,"href":"https:\/\/la-presse-anarchiste.net\/index.php\/wp-json\/wp\/v2\/users\/1"}],"replies":[{"embeddable":true,"href":"https:\/\/la-presse-anarchiste.net\/index.php\/wp-json\/wp\/v2\/comments?post=2333"}],"version-history":[{"count":0,"href":"https:\/\/la-presse-anarchiste.net\/index.php\/wp-json\/wp\/v2\/posts\/2333\/revisions"}],"wp:attachment":[{"href":"https:\/\/la-presse-anarchiste.net\/index.php\/wp-json\/wp\/v2\/media?parent=2333"}],"wp:term":[{"taxonomy":"category","embeddable":true,"href":"https:\/\/la-presse-anarchiste.net\/index.php\/wp-json\/wp\/v2\/categories?post=2333"},{"taxonomy":"post_tag","embeddable":true,"href":"https:\/\/la-presse-anarchiste.net\/index.php\/wp-json\/wp\/v2\/tags?post=2333"},{"taxonomy":"author","embeddable":true,"href":"https:\/\/la-presse-anarchiste.net\/index.php\/wp-json\/wp\/v2\/ppma_author?post=2333"}],"curies":[{"name":"wp","href":"https:\/\/api.w.org\/{rel}","templated":true}]}}