{"id":2334,"date":"2010-02-20T20:06:15","date_gmt":"2010-02-20T20:06:15","guid":{"rendered":"https:\/\/la-presse-anarchiste.net\/index.php\/2010\/02\/20\/deces-de-louis-lecoin\/"},"modified":"2010-02-20T20:06:15","modified_gmt":"2010-02-20T20:06:15","slug":"deces-de-louis-lecoin","status":"publish","type":"post","link":"https:\/\/la-presse-anarchiste.net\/index.php\/2010\/02\/20\/deces-de-louis-lecoin\/","title":{"rendered":"D\u00e9c\u00e8s de Louis Lecoin"},"content":{"rendered":"<div class=\"pdfprnt-buttons pdfprnt-buttons-post pdfprnt-top-right\"><a href=\"https:\/\/la-presse-anarchiste.net\/index.php\/wp-json\/wp\/v2\/posts\/2334?print=pdf\" class=\"pdfprnt-button pdfprnt-button-pdf\" target=\"_blank\"><img decoding=\"async\" src=\"https:\/\/la-presse-anarchiste.net\/wp-content\/plugins\/pdf-print\/images\/pdf.png\" alt=\"image_pdf\" title=\"Afficher le PDF\"><\/a><a href=\"https:\/\/la-presse-anarchiste.net\/index.php\/wp-json\/wp\/v2\/posts\/2334?print=print\" class=\"pdfprnt-button pdfprnt-button-print\" target=\"_blank\"><img decoding=\"async\" src=\"https:\/\/la-presse-anarchiste.net\/wp-content\/plugins\/pdf-print\/images\/print.png\" alt=\"image_print\" title=\"Contenu imprim\u00e9\"><\/a><\/div><p>Notre cama\u00adrade Louis Lecoin n\u2019est plus. Pro\u00adfond est notre cha\u00adgrin car il \u00e9tait des n\u00f4tres. Il \u00e9tait m\u00eame plus que cela&nbsp;; il \u00e9tait l\u2019exemple du mili\u00adtant ouvrier sim\u00adple\u00adment en r\u00e8gle avec sa conscience et met\u00adtant en appli\u00adca\u00adtion les g\u00e9n\u00e9\u00adreux prin\u00adcipes du syn\u00addi\u00adca\u00adlisme du d\u00e9but de ce si\u00e8cle, ce cri d\u2019es\u00adpoir de tra\u00advailleurs qui se met\u00adtaient au ser\u00advice de leurs cama\u00adrades de classe chaque jour humi\u00adli\u00e9s et bafou\u00e9s. Il avait man\u00adg\u00e9 le pain de la mis\u00e8re&nbsp;; l\u2019a\u00admer\u00adtume lui en \u00e9tait res\u00adt\u00e9e pour les autres et c\u2019est pour\u00adquoi, \u00e0 vingt ans, il refu\u00adsa comme sol\u00addat d\u2019al\u00adler contre ses fr\u00e8res de pain noir, vigne\u00adrons du Midi en gr\u00e8ve. Cette soli\u00adda\u00adri\u00adt\u00e9 sera pay\u00e9e par de longs mois de pri\u00adson aux\u00adquels vien\u00addront s\u2019a\u00adjou\u00adter par la suite des ann\u00e9es d\u2019in\u00adcar\u00adc\u00e9\u00adra\u00adtion pour son action contre la guerre, alors que les bonzes conf\u00e9\u00add\u00e9\u00adraux trem\u00adblant pour leur petite per\u00adsonne l\u00e2che\u00adment allaient par\u00adti\u00adci\u00adper a l\u2019u\u00adnion sacr\u00e9e ouvrant la voie \u00e0 la mons\u00adtrueuse h\u00e9ca\u00adtombe. Il fut de toutes les luttes contre la guerre&nbsp;; mais plus encore la conscience contre le crime. Rap\u00adpe\u00adlons son action inlas\u00adsable en faveur de Sac\u00adco et Van\u00adzet\u00adti, et plus tard pour Asca\u00adso, Durut\u00adti et Jover&nbsp;; ceux-l\u00e0, ils les sau\u00adve\u00adra. Rela\u00adter tous ses com\u00adbats n\u00e9ces\u00adsi\u00adte\u00adrait un livre entier. C\u2019\u00e9\u00adtait la volon\u00adt\u00e9 au ser\u00advice d\u2019un grand&nbsp;c\u0153ur.<\/p>\n<p>L\u2019Al\u00adliance syndicaliste.<\/p>\n","protected":false},"excerpt":{"rendered":"<p>Notre cama\u00adrade Louis Lecoin n\u2019est plus. Pro\u00adfond est notre cha\u00adgrin car il \u00e9tait des n\u00f4tres. Il \u00e9tait m\u00eame plus que cela&nbsp;; il \u00e9tait l\u2019exemple du mili\u00adtant ouvrier sim\u00adple\u00adment en r\u00e8gle avec sa conscience et met\u00adtant en appli\u00adca\u00adtion les g\u00e9n\u00e9\u00adreux prin\u00adcipes du syn\u00addi\u00adca\u00adlisme du d\u00e9but de ce si\u00e8cle, ce cri d\u2019es\u00adpoir de tra\u00advailleurs qui se mettaient&nbsp;[\u2026]<\/p>\n","protected":false},"author":1,"featured_media":0,"comment_status":"closed","ping_status":"closed","sticky":false,"template":"","format":"standard","meta":{"wp_typography_post_enhancements_disabled":false,"footnotes":""},"categories":[212],"tags":[],"ppma_author":[540],"class_list":["post-2334","post","type-post","status-publish","format-standard","hentry","category-solidarite-ouvriere-n4-juillet-aout-1971"],"authors":[{"term_id":540,"user_id":1,"is_guest":0,"slug":"admin_3gikpwyf","display_name":"Vincent Dubuc","avatar_url":"https:\/\/secure.gravatar.com\/avatar\/d015720652c25fd2ced191ade86430094e1f288a17483713e3b34d26dea52507?s=96&d=mm&r=g","author_category":"","user_url":"https:\/\/la-presse-anarchiste.net","last_name":"Dubuc","first_name":"Vincent","job_title":"","description":""}],"_links":{"self":[{"href":"https:\/\/la-presse-anarchiste.net\/index.php\/wp-json\/wp\/v2\/posts\/2334","targetHints":{"allow":["GET"]}}],"collection":[{"href":"https:\/\/la-presse-anarchiste.net\/index.php\/wp-json\/wp\/v2\/posts"}],"about":[{"href":"https:\/\/la-presse-anarchiste.net\/index.php\/wp-json\/wp\/v2\/types\/post"}],"author":[{"embeddable":true,"href":"https:\/\/la-presse-anarchiste.net\/index.php\/wp-json\/wp\/v2\/users\/1"}],"replies":[{"embeddable":true,"href":"https:\/\/la-presse-anarchiste.net\/index.php\/wp-json\/wp\/v2\/comments?post=2334"}],"version-history":[{"count":0,"href":"https:\/\/la-presse-anarchiste.net\/index.php\/wp-json\/wp\/v2\/posts\/2334\/revisions"}],"wp:attachment":[{"href":"https:\/\/la-presse-anarchiste.net\/index.php\/wp-json\/wp\/v2\/media?parent=2334"}],"wp:term":[{"taxonomy":"category","embeddable":true,"href":"https:\/\/la-presse-anarchiste.net\/index.php\/wp-json\/wp\/v2\/categories?post=2334"},{"taxonomy":"post_tag","embeddable":true,"href":"https:\/\/la-presse-anarchiste.net\/index.php\/wp-json\/wp\/v2\/tags?post=2334"},{"taxonomy":"author","embeddable":true,"href":"https:\/\/la-presse-anarchiste.net\/index.php\/wp-json\/wp\/v2\/ppma_author?post=2334"}],"curies":[{"name":"wp","href":"https:\/\/api.w.org\/{rel}","templated":true}]}}