{"id":2340,"date":"1988-03-01T00:07:53","date_gmt":"1988-03-01T00:07:53","guid":{"rendered":"https:\/\/la-presse-anarchiste.net\/index.php\/2010\/02\/21\/pologne-communique\/"},"modified":"2024-05-16T07:13:42","modified_gmt":"2024-05-16T07:13:42","slug":"pologne-communique","status":"publish","type":"post","link":"https:\/\/la-presse-anarchiste.net\/index.php\/1988\/03\/01\/pologne-communique\/","title":{"rendered":"Pologne&nbsp;: communiqu\u00e9"},"content":{"rendered":"<div class=\"pdfprnt-buttons pdfprnt-buttons-post pdfprnt-top-right\"><a href=\"https:\/\/la-presse-anarchiste.net\/index.php\/wp-json\/wp\/v2\/posts\/2340?print=pdf\" class=\"pdfprnt-button pdfprnt-button-pdf\" target=\"_blank\"><img decoding=\"async\" src=\"https:\/\/la-presse-anarchiste.net\/wp-content\/plugins\/pdf-print\/images\/pdf.png\" alt=\"image_pdf\" title=\"Afficher le PDF\"><\/a><a href=\"https:\/\/la-presse-anarchiste.net\/index.php\/wp-json\/wp\/v2\/posts\/2340?print=print\" class=\"pdfprnt-button pdfprnt-button-print\" target=\"_blank\"><img decoding=\"async\" src=\"https:\/\/la-presse-anarchiste.net\/wp-content\/plugins\/pdf-print\/images\/print.png\" alt=\"image_print\" title=\"Contenu imprim\u00e9\"><\/a><\/div><p style=\"text-align: justify;\">Nous sommes heu\u00adreux de vous annon\u00adcer la lib\u00e9\u00adra\u00adtion, sur\u00adve\u00adnue le 18 d\u00e9cembre 1987, de Robert Che\u00adchlacz et de Tomek Lupanow.<\/p>\n<p style=\"text-align: justify;\">Rap\u00adpe\u00adlons qu\u2019ils avaient \u00e9t\u00e9 condam\u00adn\u00e9s en sep\u00adtembre 1982, res\u00adpec\u00adti\u00adve\u00adment \u00e0 vingt-cinq et treize ans de pri\u00adson pour avoir, au len\u00adde\u00admain de la pro\u00adcla\u00adma\u00adtion de l\u2019\u00e9\u00adtat de guerre en Pologne, bles\u00ads\u00e9 mor\u00adtel\u00adle\u00adment un mili\u00adcien, le ser\u00adgent Karos, en ten\u00adtant de lui prendre son&nbsp;arme.<\/p>\n<p style=\"text-align: justify;\">Des membres de l\u2019As\u00adso\u00adcia\u00adtion, d\u00e9but jan\u00advier 1987, ont pu les ren\u00adcon\u00adtrer en Pologne. Robert et Tomek sont en liber\u00adt\u00e9 condi\u00adtion\u00adnelle. Ils esp\u00e8rent pour\u00adsuivre leurs \u00e9tudes et recom\u00admencent \u00e0&nbsp;vivre\u2026<\/p>\n<p style=\"text-align: justify;\">Nous annon\u00ad\u00e7ons \u00e0 cette occa\u00adsion l\u2019au\u00adto\u00addis\u00adso\u00adlu\u00adtion de l\u2019as\u00adso\u00adcia\u00adtion Les amis de Robert et Tomek&nbsp;: \u00ab&nbsp;l\u2019ob\u00adjec\u00adtif que nous nous \u00e9tions fix\u00e9 lors de sa cr\u00e9a\u00adtion, \u00e0 l\u2019au\u00adtomne 1982 ayant \u00e9t\u00e9 atteint.&nbsp;\u00bb<\/p>\n<p style=\"text-align: justify;\">Robert et Tomek, leurs familles et tous leurs amis remer\u00adcient encore une fois tous ceux qui, ici et dans le monde, les ont sou\u00adte\u00adnus durant ces six ann\u00e9es de souf\u00adfrance et de lutte. Soli\u00addai\u00adre\u00adment. Les Amis de Robert et&nbsp;Tomek.<\/p>\n<p style=\"text-align: right;\">Paris, le 20 jan\u00advier&nbsp;1988.<\/p>\n","protected":false},"excerpt":{"rendered":"<p>Nous sommes heu\u00adreux de vous annon\u00adcer la lib\u00e9\u00adra\u00adtion, sur\u00adve\u00adnue le 18 d\u00e9cembre 1987, de Robert Che\u00adchlacz et de Tomek Lupa\u00adnow. Rap\u00adpe\u00adlons qu\u2019ils avaient \u00e9t\u00e9 condam\u00adn\u00e9s en sep\u00adtembre 1982, res\u00adpec\u00adti\u00adve\u00adment \u00e0 vingt-cinq et treize ans de pri\u00adson pour avoir, au len\u00adde\u00admain de la pro\u00adcla\u00adma\u00adtion de l\u2019\u00e9\u00adtat de guerre en Pologne, bles\u00ads\u00e9 mor\u00adtel\u00adle\u00adment un mili\u00adcien, le sergent&nbsp;[\u2026]<\/p>\n","protected":false},"author":8,"featured_media":5945,"comment_status":"closed","ping_status":"closed","sticky":false,"template":"wp-custom-template-page-d-article","format":"standard","meta":{"wp_typography_post_enhancements_disabled":false,"footnotes":""},"categories":[270],"tags":[1040,969],"ppma_author":[680],"class_list":["post-2340","post","type-post","status-publish","format-standard","has-post-thumbnail","hentry","category-iztok-na15-mars-1988","tag-militantisme","tag-pologne"],"authors":[{"term_id":680,"user_id":8,"is_guest":0,"slug":"anonyme","display_name":"Anonyme","avatar_url":"https:\/\/secure.gravatar.com\/avatar\/cdccebf2bbf18d75df96a6721f7ce7f7ec80d026f1b8ec6be93de563bca5236b?s=96&d=mm&r=g","author_category":"","user_url":"","last_name":"","first_name":"","job_title":"","description":""}],"_links":{"self":[{"href":"https:\/\/la-presse-anarchiste.net\/index.php\/wp-json\/wp\/v2\/posts\/2340","targetHints":{"allow":["GET"]}}],"collection":[{"href":"https:\/\/la-presse-anarchiste.net\/index.php\/wp-json\/wp\/v2\/posts"}],"about":[{"href":"https:\/\/la-presse-anarchiste.net\/index.php\/wp-json\/wp\/v2\/types\/post"}],"author":[{"embeddable":true,"href":"https:\/\/la-presse-anarchiste.net\/index.php\/wp-json\/wp\/v2\/users\/8"}],"replies":[{"embeddable":true,"href":"https:\/\/la-presse-anarchiste.net\/index.php\/wp-json\/wp\/v2\/comments?post=2340"}],"version-history":[{"count":2,"href":"https:\/\/la-presse-anarchiste.net\/index.php\/wp-json\/wp\/v2\/posts\/2340\/revisions"}],"predecessor-version":[{"id":7889,"href":"https:\/\/la-presse-anarchiste.net\/index.php\/wp-json\/wp\/v2\/posts\/2340\/revisions\/7889"}],"wp:featuredmedia":[{"embeddable":true,"href":"https:\/\/la-presse-anarchiste.net\/index.php\/wp-json\/wp\/v2\/media\/5945"}],"wp:attachment":[{"href":"https:\/\/la-presse-anarchiste.net\/index.php\/wp-json\/wp\/v2\/media?parent=2340"}],"wp:term":[{"taxonomy":"category","embeddable":true,"href":"https:\/\/la-presse-anarchiste.net\/index.php\/wp-json\/wp\/v2\/categories?post=2340"},{"taxonomy":"post_tag","embeddable":true,"href":"https:\/\/la-presse-anarchiste.net\/index.php\/wp-json\/wp\/v2\/tags?post=2340"},{"taxonomy":"author","embeddable":true,"href":"https:\/\/la-presse-anarchiste.net\/index.php\/wp-json\/wp\/v2\/ppma_author?post=2340"}],"curies":[{"name":"wp","href":"https:\/\/api.w.org\/{rel}","templated":true}]}}