{"id":2352,"date":"2010-02-22T21:49:42","date_gmt":"2010-02-22T21:49:42","guid":{"rendered":"https:\/\/la-presse-anarchiste.net\/index.php\/2010\/02\/22\/messianisme-evangelique-2\/"},"modified":"2010-02-22T21:49:42","modified_gmt":"2010-02-22T21:49:42","slug":"messianisme-evangelique-2","status":"publish","type":"post","link":"https:\/\/la-presse-anarchiste.net\/index.php\/2010\/02\/22\/messianisme-evangelique-2\/","title":{"rendered":"Messianisme \u00e9vang\u00e9lique"},"content":{"rendered":"<div class=\"pdfprnt-buttons pdfprnt-buttons-post pdfprnt-top-right\"><a href=\"https:\/\/la-presse-anarchiste.net\/index.php\/wp-json\/wp\/v2\/posts\/2352?print=pdf\" class=\"pdfprnt-button pdfprnt-button-pdf\" target=\"_blank\"><img decoding=\"async\" src=\"https:\/\/la-presse-anarchiste.net\/wp-content\/plugins\/pdf-print\/images\/pdf.png\" alt=\"image_pdf\" title=\"Afficher le PDF\"><\/a><a href=\"https:\/\/la-presse-anarchiste.net\/index.php\/wp-json\/wp\/v2\/posts\/2352?print=print\" class=\"pdfprnt-button pdfprnt-button-print\" target=\"_blank\"><img decoding=\"async\" src=\"https:\/\/la-presse-anarchiste.net\/wp-content\/plugins\/pdf-print\/images\/print.png\" alt=\"image_print\" title=\"Contenu imprim\u00e9\"><\/a><\/div><p>(deuxi\u00e8me article)<br>\nQue nous disions qu\u2019il n\u2019y a, dans la vie humaine, aucune cir\u00adcons\u00adtance qui puisse nous exemp\u00adter, nous chr\u00e9\u00adtiens, de l\u2019o\u00adbli\u00adga\u00adtion d\u2019ai\u00admer notre pro\u00adchain, c\u2019est-\u00e0-dire tout homme, quels que soient sa cou\u00adleur, sa race, sa patrie, son rang, sa condi\u00adtion, ses id\u00e9es poli\u00adtiques, sociales ou reli\u00adgieuses&nbsp;; et, d\u2019un p\u00f4le \u00e0 l\u2019autre p\u00f4le de la chr\u00e9\u00adtien\u00adt\u00e9 il n\u2019y aura qu\u2019une seule voix pour pro\u00adcla\u00admer que c\u2019est l\u00e0 l\u2019en\u00adsei\u00adgne\u00adment m\u00eame de l\u2019\u00c9vangile.<\/p>\n<p>Si nous affir\u00admons ensuite, que l\u2019o\u00adbli\u00adga\u00adtion d\u2019ai\u00admer notre pro\u00adchain nous conduit imm\u00e9\u00addia\u00adte\u00adment \u00e0 selle de lui faire tout le bien pos\u00adsible, que c\u2019est l\u00e0 aus\u00adsi ce qui est ensei\u00adgn\u00e9 par l\u2019\u00c9\u00advan\u00adgile, nous ver\u00adrons, une fois de plus, tous les chr\u00e9\u00adtiens de la terre nous don\u00adner raison.<\/p>\n<p>Mais ce bel accord uni\u00adver\u00adsel com\u00admence \u00e0 se trou\u00adbler, d\u00e8s que nous ajou\u00adtons que ce n\u2019est pas seule\u00adment \u00e0 l\u2019\u00e9\u00adgard des besoins spi\u00adri\u00adtuels, mais aus\u00adsi \u00e0 l\u2019\u00e9\u00adgard des besoins mat\u00e9\u00adriels, que nous sommes dans l\u2019o\u00adbli\u00adga\u00adtion de faire tout le bien pos\u00adsible \u00e0 notre pro\u00adchain&nbsp;; et qu\u2019il est per\u00admis de sou\u00adrire du chris\u00adtia\u00adnisme de ceux qui vivent dans le luxe et l\u2019a\u00adbon\u00addance, tout en voyant le pro\u00adchain man\u00adquer du n\u00e9ces\u00adsaire. Ici, plus d\u2019un visage, par\u00admi les gens qui ont \u00ab&nbsp;de grands biens&nbsp;\u00bb, devient grave et triste. Cepen\u00addant, aucune pro\u00adtes\u00adta\u00adtion ne se fait encore entendre.<\/p>\n<p>Il fau\u00addra, pour cela, que nous en arri\u00advions \u00e0 pr\u00e9\u00adtendre deux choses, pre\u00admi\u00e8\u00adre\u00adment&nbsp;: que, mat\u00e9\u00adriel\u00adle\u00adment par\u00adlant, faire tout le bien pos\u00adsible au pro\u00adchain qui est dans le besoin, ce n\u2019est pas seule\u00adment lui jeter une mis\u00e9\u00adrable aum\u00f4ne, mais le secou\u00adrir <i>au moins<\/i> de tout notre super\u00adflu&nbsp;; en second lieu&nbsp;: que nous en tenir au sacri\u00adfice de notre super\u00adflu ne serait encore n\u2019ac\u00adcom\u00adplir la loi de l\u2019\u00c9\u00advan\u00adgile qu\u2019en par\u00adtie, et que, pour l\u2019ac\u00adcom\u00adplir enti\u00e8\u00adre\u00adment, il faut non seule\u00adment contri\u00adbuer, selon nos moyens, au sou\u00adla\u00adge\u00adment imm\u00e9\u00addiat de la mis\u00e8re du pro\u00adchain, mais aus\u00adsi tra\u00advailler \u00ab&nbsp;pen\u00addant qu\u2019il est jour&nbsp;\u00bb, et dans toute la mesure des forces que nous avons re\u00e7ues de Celui qui rejet\u00adte\u00adra \u00ab&nbsp;les ser\u00advi\u00adteurs inutiles&nbsp;\u00bb, \u00e0 ce que la soci\u00e9\u00adt\u00e9 en finisse avec les ini\u00adqui\u00adt\u00e9s qu\u2019elle consacre au pro\u00adfit d\u2019une \u00e9go\u00efste mino\u00adri\u00adt\u00e9, et, en par\u00adti\u00adcu\u00adlier, avec cette mons\u00adtrueuse ano\u00adma\u00adlie qu\u2019on nomme le pau\u00adp\u00e9\u00adrisme, et qui est la honte, le p\u00e9ch\u00e9, le crime des nations chr\u00e9tiennes.<\/p>\n<p>Si nous disons cela, et nous le crions, on pro\u00adtes\u00adte\u00adra fort, et non pas seule\u00adment du c\u00f4t\u00e9 de ceux qui ayant la bonne part dans \u00ab&nbsp;les richesses iniques&nbsp;\u00bb, ne s\u2019en d\u00e9pouille\u00adraient pas, quand bien m\u00eame le Christ en per\u00adsonne les y invi\u00adte\u00adrait&nbsp;; mais aus\u00adsi par\u00admi les plus mis\u00e9\u00adreux des p\u00e9a\u00adgers. Par\u00adfois m\u00eame, c\u2019est de ce c\u00f4t\u00e9-l\u00e0 que par\u00adti\u00adront les pro\u00adtes\u00adta\u00adtions les plus vives, les cri\u00adtiques les plus s\u00e9v\u00e8res.<\/p>\n<p>H\u00e2tons-nous de le dire, nous ne met\u00adtons pas un seul ins\u00adtant en doute l\u2019in\u00adten\u00adtion toute chr\u00e9\u00adtienne de ces fr\u00e8res oppo\u00adsants. Ils nous crient que notre concept du chris\u00adtia\u00adnisme \u00ab&nbsp;les attriste&nbsp;\u00bb, que nous nous met\u00adtons \u00e0 la remorque d\u2019un par\u00adti qui a pour dra\u00adpeau \u00ab&nbsp;un chif\u00adfon souill\u00e9&nbsp;\u00bb et qui ne se com\u00adpose que de gens au c\u0153ur gon\u00adfl\u00e9 \u00ab&nbsp;d\u2019or\u00adgueil et de haine&nbsp;\u00bb, que nous nous fai\u00adsons les alli\u00e9s de ceux qui sont \u00ab&nbsp;le mys\u00adt\u00e8re d\u2019i\u00adni\u00adqui\u00adt\u00e9&nbsp;\u00bb, \u00ab&nbsp;les pr\u00e9\u00adcur\u00adseurs de l\u2019an\u00adt\u00e9\u00adchrist, etc., etc.&nbsp;\u00bb Mais tout cela nous laisse par\u00adfai\u00adte\u00adment calmes, car nous croyons trop qu\u2019on cherche \u00e0 nous faire du bien. Nous pen\u00adsons, d\u2019ailleurs, que le ter\u00adrible Paul de Tarse devait en d\u00e9bi\u00adter bien d\u2019autres contre les chr\u00e9\u00adtiens, avant de se conver\u00adtir \u00e0 leur folie&nbsp;; et nous ne sommes pas sans nour\u00adrir l\u2019es\u00adpoir qu\u2019un jour nos fou\u00adgueux adver\u00adsaires, dont la bonne foi ne nous est pas sus\u00adpecte, recon\u00adna\u00ee\u00adtront que nous mar\u00adchons dans la bonne voie, et qu\u2019ils se join\u00addront \u00e0 nous pour com\u00adbattre \u00e0 nos c\u00f4t\u00e9s \u00ab&nbsp;le bon combat&nbsp;\u00bb.<\/p>\n<p>En atten\u00addant, nous conti\u00adnue\u00adrons avec l\u2019aide de Dieu et dans toute l\u2019\u00e9\u00adten\u00addue de notre ind\u00e9\u00adpen\u00addance chr\u00e9\u00adtienne, d\u2019an\u00adnon\u00adcer aux foules un tout autre \u00e9van\u00adgile que celui dont elles ont rai\u00adson de ne pas vou\u00adloir. C\u2019est-\u00e0-dire&nbsp;: non une cer\u00adtaine moi\u00adti\u00e9 de l\u2019\u00c9\u00advan\u00adgile, mais l\u2019\u00c9\u00advan\u00adgile int\u00e9\u00adgral&nbsp;; non l\u2019\u00c9\u00advan\u00adgile qui parle seule\u00adment des pro\u00admesses de la vie future, mais celui qui parle de celle de la vie pr\u00e9\u00adsente, et qui confirme les magni\u00adfiques pro\u00adph\u00e9\u00adties sociales d\u2019E\u00adsa\u00efe et de Mich\u00e9e&nbsp;; non l\u2019\u00c9\u00advan\u00adgile des satis\u00adfaits et des mer\u00adce\u00adnaires, mais celui des d\u00e9sh\u00e9\u00adri\u00adt\u00e9s et des hommes libres&nbsp;; non l\u2019\u00e9\u00advan\u00adgile qui plais au riches et aux grands, parce qu\u2019il se conci\u00adlie avec leur lucre, leur \u00e9go\u00efsme, leur orgueil et leur esprit de domi\u00adna\u00adtion, mais celui qui ne fait accep\u00adtion de per\u00adsonne, qui d\u00e9nonce et com\u00adbat le p\u00e9ch\u00e9 par\u00adtout o\u00f9 il le trouve, que ce soit en haut ou en bas de l\u2019\u00e9\u00adchelle sociale, qui reprend en face aus\u00adsi bien le superbe H\u00e9rode que Simon le magi\u00adcien, qui parle de la col\u00e8re de Dieu \u00e0 David comme \u00e0 Judas, qui, dans ses aver\u00adtis\u00adse\u00adments et ses menaces, n\u2019\u00e9\u00adpargne pas plus le riche sans entrailles pour son fr\u00e8re qu\u2019il voit dans le besoin, que le pauvre dont le c\u0153ur se rem\u00adplit d\u2019en\u00advie et de haine \u00e0 la vue du riche, qui exclut du royaume des cieux aus\u00adsi bien le rapace et insa\u00adtiable capi\u00adta\u00adliste dont l\u2019or crache la sueur et le sang du b\u00e9tail humain qu\u2019il a lon\u00adgue\u00adment exploi\u00adt\u00e9, que l\u2019ou\u00advrier sans c\u0153ur dont l\u2019i\u00advro\u00adgne\u00adrie plonge sa famille dans la plus noire mis\u00e8re. L\u2019\u00c9\u00advan\u00adgile, en un mot, qui, sans affai\u00adblir son carac\u00adt\u00e8re essen\u00adtiel\u00adle\u00adment spi\u00adri\u00adtuel et divin, se montre, en m\u00eame temps  \u00e9mi\u00adnem\u00adment humain, mes\u00adsia\u00adnique et socialiste.<\/p>\n<p>[|<b>*   *   *   *<\/b>|]<\/p>\n<p>Et nous tenons \u00e0 d\u00e9cla\u00adrer que ce n\u2019est pas l\u00e0 une pure tac\u00adtique, une ruse de guerre, un moyen d\u2019at\u00adti\u00adrer dans les filets de la reli\u00adgion cette par\u00adtie la plus vive et la plus intel\u00adli\u00adgente du peuple qui aime mieux fr\u00e9\u00adquen\u00adter les cercles d\u2019\u00e9\u00adtudes sociales et les uni\u00adver\u00adsi\u00adt\u00e9s popu\u00adlaires que nos r\u00e9unions d\u2019\u00e9\u00advan\u00adg\u00e9\u00adli\u00adsa\u00adtion ou de tem\u00adp\u00e9\u00adrance et qui pr\u00e9\u00adf\u00e8re S\u00e9bas\u00adtien Faure ou Jau\u00adr\u00e8s, par\u00adlant de choses justes et bonnes r\u00e9a\u00adli\u00adsables d\u00e8s cette vie, aux plus \u00e9lo\u00adquents de nos ora\u00adteurs \u00e9van\u00adg\u00e9\u00adliques, par\u00adlant de choses bien meilleures encore, cela n\u2019est pas dou\u00adteux, mais dont la r\u00e9a\u00adli\u00adt\u00e9 ne se sai\u00adsit que par la foi, et les\u00adquelles, d\u2019ailleurs, ne se r\u00e9a\u00adli\u00adse\u00adront que dans l\u2019au&nbsp;del\u00e0.<\/p>\n<p>Une chose cer\u00adtaine, et c\u2019est vrai\u00adment regret\u00adtable qu\u2019on s\u2019obs\u00adtine si fort \u00e0 ne pas vou\u00adloir le com\u00adpren\u00addra dans nos comi\u00adt\u00e9s d\u2019\u00e9\u00advan\u00adg\u00e9\u00adli\u00adsa\u00adtion, c\u2019est que nous n\u2019au\u00adrons jamais pour audi\u00adteurs ceux dont nous par\u00adlons, tant que, par sa lettre ouver\u00adte\u00adment favo\u00adrable aux l\u00e9gi\u00adtimes aspi\u00adra\u00adtions de la classe ouvri\u00e8re, notre pr\u00e9\u00addi\u00adca\u00adtion ne s\u2019ef\u00adfor\u00adce\u00adra pas de d\u00e9truire ce pr\u00e9\u00adju\u00adg\u00e9 absurde, idiot, je le veux bien, mais qui n\u2019en est pas moins tr\u00e8s accr\u00e9\u00addi\u00adt\u00e9 dans les milieux ouvriers, que les pr\u00ea\u00adcheurs d\u2019\u00c9\u00advan\u00adgile sont domes\u00adti\u00adqu\u00e9s par les riches, et que leur t\u00e2che consiste \u00e0 endor\u00admir la convoi\u00adtise r\u00e9vo\u00adlu\u00adtion\u00adnaire des pauvres, au moyen de faux billets \u00e0 ordre sur les biens et les f\u00e9li\u00adci\u00adt\u00e9s de l\u2019autre vie. Encore une fois, nous vous le disons&nbsp;: OU LES \u00c9VANG\u00c9LISTES MONTRERONT AU PEUPLE QU\u2019ILS SONT POUR LE SOCIALISME, OU IL FAUDRA FERMER NOS SALLES D\u2019\u00c9VANG\u00c9LISATION.<\/p>\n<p>Mais que Dieu nous pr\u00e9\u00adserve d\u2019un socia\u00adlisme \u00e9van\u00adg\u00e9\u00adlique auquel Esco\u00adbar et Loyo\u00adla pour\u00adraient adh\u00e9\u00adrer. Lais\u00adsons aux j\u00e9suites de toute confes\u00adsion le r\u00f4le odieux des loups d\u00e9gui\u00ads\u00e9s en ber\u00adgers. Soyons pour le socia\u00adlisme, non parce que c\u2019est le vent qui souiffe et qui, bien\u00adt\u00f4t, empor\u00adte\u00adra cette soci\u00e9\u00adt\u00e9 bour\u00adgeoise plus pour\u00adrie et plus cri\u00admi\u00adnelle que celle qu\u2019elle a rem\u00adpla\u00adc\u00e9es, mais parce que le socia\u00adlisme ne peut \u00eatre s\u00e9pa\u00adr\u00e9 du chris\u00adtia\u00adnisme que par le plus incon\u00adce\u00advable des mal\u00aden\u00adten\u00addus&nbsp;; parce qu\u2019il est rai\u00adson\u00adna\u00adble\u00adment impos\u00adsible d\u2019\u00eatre un vrai dis\u00adciple du vrai Christ sans \u00eatre en m\u00eame temps socia\u00adliste, ou en voie de le deve\u00adnir, parce que, pour extir\u00adper le socia\u00adlisme, il fau\u00addrait, selon le mot du phi\u00adlo\u00adsophe chr\u00e9\u00adtien et belge Emile de Lave\u00adleye. \u00ab&nbsp;pros\u00adcrire le chris\u00adtia\u00adnisme et br\u00fb\u00adler la&nbsp;Bible&nbsp;\u00bb.<\/p>\n<p>(\u00e0 suivre)<br>\n<br>Jean-Bap\u00adtiste&nbsp;Henry<\/p>\n","protected":false},"excerpt":{"rendered":"<p>(deuxi\u00e8me article) Que nous disions qu\u2019il n\u2019y a, dans la vie humaine, aucune cir\u00adcons\u00adtance qui puisse nous exemp\u00adter, nous chr\u00e9\u00adtiens, de l\u2019o\u00adbli\u00adga\u00adtion d\u2019ai\u00admer notre pro\u00adchain, c\u2019est-\u00e0-dire tout homme, quels que soient sa cou\u00adleur, sa race, sa patrie, son rang, sa condi\u00adtion, ses id\u00e9es poli\u00adtiques, sociales ou reli\u00adgieuses&nbsp;; et, d\u2019un p\u00f4le \u00e0 l\u2019autre p\u00f4le de&nbsp;la&nbsp;[\u2026]<\/p>\n","protected":false},"author":1,"featured_media":0,"comment_status":"closed","ping_status":"closed","sticky":false,"template":"","format":"standard","meta":{"wp_typography_post_enhancements_disabled":false,"footnotes":""},"categories":[296],"tags":[],"ppma_author":[540],"class_list":["post-2352","post","type-post","status-publish","format-standard","hentry","category-lere-nouvelle-n5-septembre1901"],"authors":[{"term_id":540,"user_id":1,"is_guest":0,"slug":"admin_3gikpwyf","display_name":"Vincent Dubuc","avatar_url":"https:\/\/secure.gravatar.com\/avatar\/d015720652c25fd2ced191ade86430094e1f288a17483713e3b34d26dea52507?s=96&d=mm&r=g","author_category":"","user_url":"https:\/\/la-presse-anarchiste.net","last_name":"Dubuc","first_name":"Vincent","job_title":"","description":""}],"_links":{"self":[{"href":"https:\/\/la-presse-anarchiste.net\/index.php\/wp-json\/wp\/v2\/posts\/2352","targetHints":{"allow":["GET"]}}],"collection":[{"href":"https:\/\/la-presse-anarchiste.net\/index.php\/wp-json\/wp\/v2\/posts"}],"about":[{"href":"https:\/\/la-presse-anarchiste.net\/index.php\/wp-json\/wp\/v2\/types\/post"}],"author":[{"embeddable":true,"href":"https:\/\/la-presse-anarchiste.net\/index.php\/wp-json\/wp\/v2\/users\/1"}],"replies":[{"embeddable":true,"href":"https:\/\/la-presse-anarchiste.net\/index.php\/wp-json\/wp\/v2\/comments?post=2352"}],"version-history":[{"count":0,"href":"https:\/\/la-presse-anarchiste.net\/index.php\/wp-json\/wp\/v2\/posts\/2352\/revisions"}],"wp:attachment":[{"href":"https:\/\/la-presse-anarchiste.net\/index.php\/wp-json\/wp\/v2\/media?parent=2352"}],"wp:term":[{"taxonomy":"category","embeddable":true,"href":"https:\/\/la-presse-anarchiste.net\/index.php\/wp-json\/wp\/v2\/categories?post=2352"},{"taxonomy":"post_tag","embeddable":true,"href":"https:\/\/la-presse-anarchiste.net\/index.php\/wp-json\/wp\/v2\/tags?post=2352"},{"taxonomy":"author","embeddable":true,"href":"https:\/\/la-presse-anarchiste.net\/index.php\/wp-json\/wp\/v2\/ppma_author?post=2352"}],"curies":[{"name":"wp","href":"https:\/\/api.w.org\/{rel}","templated":true}]}}