{"id":2355,"date":"2010-02-22T21:54:13","date_gmt":"2010-02-22T21:54:13","guid":{"rendered":"https:\/\/la-presse-anarchiste.net\/index.php\/2010\/02\/22\/le-cas-jaures\/"},"modified":"2010-02-22T21:54:13","modified_gmt":"2010-02-22T21:54:13","slug":"le-cas-jaures","status":"publish","type":"post","link":"https:\/\/la-presse-anarchiste.net\/index.php\/2010\/02\/22\/le-cas-jaures\/","title":{"rendered":"Le cas Jaur\u00e8s"},"content":{"rendered":"<div class=\"pdfprnt-buttons pdfprnt-buttons-post pdfprnt-top-right\"><a href=\"https:\/\/la-presse-anarchiste.net\/index.php\/wp-json\/wp\/v2\/posts\/2355?print=pdf\" class=\"pdfprnt-button pdfprnt-button-pdf\" target=\"_blank\"><img decoding=\"async\" src=\"https:\/\/la-presse-anarchiste.net\/wp-content\/plugins\/pdf-print\/images\/pdf.png\" alt=\"image_pdf\" title=\"Afficher le PDF\"><\/a><a href=\"https:\/\/la-presse-anarchiste.net\/index.php\/wp-json\/wp\/v2\/posts\/2355?print=print\" class=\"pdfprnt-button pdfprnt-button-print\" target=\"_blank\"><img decoding=\"async\" src=\"https:\/\/la-presse-anarchiste.net\/wp-content\/plugins\/pdf-print\/images\/print.png\" alt=\"image_print\" title=\"Contenu imprim\u00e9\"><\/a><\/div><p>En voi\u00adl\u00e0 du bruit pour&nbsp;rien.<\/p>\n<p>Que vou\u00adlait-on que fit le chef des socia\u00adlistes ind\u00e9\u00adpen\u00addants&nbsp;? Qu\u2019il emp\u00ea\u00adch\u00e2t sa fille de faire sa pre\u00admi\u00e8re com\u00admu\u00adnion&nbsp;? Et la liber\u00adt\u00e9, qu\u2019en faites-vous, s\u2019il vous&nbsp;pla\u00eet&nbsp;?<\/p>\n<p>La chose para\u00ee\u00adtra ris\u00adqu\u00e9e, mais je ne vois pas plus Jau\u00adr\u00e8s inter\u00addi\u00adsant \u00e0 sa fille de faire sa pre\u00admi\u00e8re com\u00admu\u00adnion que sa fille trou\u00advant \u00e0 redire qu\u2019il \u00e9crive un article anti-cl\u00e9rical..<\/p>\n<p>Qu\u2019est-ce que \u00e7a peut \u00f4ter \u00e0 la valeur d\u2019un homme comme Jaur\u00e8s&nbsp;?<\/p>\n<p>Un peu de bon sens&nbsp;! Vous vous dites par\u00adti\u00adsans in\u00e9bran\u00adlables de l\u2019\u00e9\u00adman\u00adci\u00adpa\u00adtion f\u00e9mi\u00adniste et vous ne pou\u00advez sup\u00adpor\u00adter que Madame Jau\u00adr\u00e8s pense autre\u00adment que son mari&nbsp;? C\u2019est l\u2019es\u00adprit du cl\u00e9\u00adri\u00adca\u00adlisme, cela. Et, noire ou rouge, l\u2019in\u00adto\u00adl\u00e9\u00adrance ne me sou\u00adrit pas&nbsp;mieux.<\/p>\n<p>La Liber\u00adt\u00e9, toute la liber\u00adt\u00e9, tant qu\u2019elle n\u2019en\u00adtrave pas celle du pro\u00adchain, ni moins ni plus que&nbsp;cela&nbsp;!<\/p>\n<p>E. A.<\/p>\n","protected":false},"excerpt":{"rendered":"<p>En voi\u00adl\u00e0 du bruit pour&nbsp;rien. Que vou\u00ad\u00adlait-on que fit le chef des socia\u00adlistes ind\u00e9\u00adpen\u00addants&nbsp;? Qu\u2019il emp\u00ea\u00adch\u00e2t sa fille de faire sa pre\u00admi\u00e8re com\u00admu\u00adnion&nbsp;? Et la liber\u00adt\u00e9, qu\u2019en faites-vous, s\u2019il vous&nbsp;pla\u00eet&nbsp;? La chose para\u00ee\u00adtra ris\u00adqu\u00e9e, mais je ne vois pas plus Jau\u00adr\u00e8s inter\u00addi\u00adsant \u00e0 sa fille de faire sa pre\u00admi\u00e8re com\u00admu\u00adnion que sa fille trou\u00advant&nbsp;\u00e0&nbsp;[\u2026]<\/p>\n","protected":false},"author":1,"featured_media":0,"comment_status":"closed","ping_status":"closed","sticky":false,"template":"","format":"standard","meta":{"wp_typography_post_enhancements_disabled":false,"footnotes":""},"categories":[296],"tags":[],"ppma_author":[540],"class_list":["post-2355","post","type-post","status-publish","format-standard","hentry","category-lere-nouvelle-n5-septembre1901"],"authors":[{"term_id":540,"user_id":1,"is_guest":0,"slug":"admin_3gikpwyf","display_name":"Vincent Dubuc","avatar_url":"https:\/\/secure.gravatar.com\/avatar\/d015720652c25fd2ced191ade86430094e1f288a17483713e3b34d26dea52507?s=96&d=mm&r=g","author_category":"","user_url":"https:\/\/la-presse-anarchiste.net","last_name":"Dubuc","first_name":"Vincent","job_title":"","description":""}],"_links":{"self":[{"href":"https:\/\/la-presse-anarchiste.net\/index.php\/wp-json\/wp\/v2\/posts\/2355","targetHints":{"allow":["GET"]}}],"collection":[{"href":"https:\/\/la-presse-anarchiste.net\/index.php\/wp-json\/wp\/v2\/posts"}],"about":[{"href":"https:\/\/la-presse-anarchiste.net\/index.php\/wp-json\/wp\/v2\/types\/post"}],"author":[{"embeddable":true,"href":"https:\/\/la-presse-anarchiste.net\/index.php\/wp-json\/wp\/v2\/users\/1"}],"replies":[{"embeddable":true,"href":"https:\/\/la-presse-anarchiste.net\/index.php\/wp-json\/wp\/v2\/comments?post=2355"}],"version-history":[{"count":0,"href":"https:\/\/la-presse-anarchiste.net\/index.php\/wp-json\/wp\/v2\/posts\/2355\/revisions"}],"wp:attachment":[{"href":"https:\/\/la-presse-anarchiste.net\/index.php\/wp-json\/wp\/v2\/media?parent=2355"}],"wp:term":[{"taxonomy":"category","embeddable":true,"href":"https:\/\/la-presse-anarchiste.net\/index.php\/wp-json\/wp\/v2\/categories?post=2355"},{"taxonomy":"post_tag","embeddable":true,"href":"https:\/\/la-presse-anarchiste.net\/index.php\/wp-json\/wp\/v2\/tags?post=2355"},{"taxonomy":"author","embeddable":true,"href":"https:\/\/la-presse-anarchiste.net\/index.php\/wp-json\/wp\/v2\/ppma_author?post=2355"}],"curies":[{"name":"wp","href":"https:\/\/api.w.org\/{rel}","templated":true}]}}