{"id":2359,"date":"2010-02-22T22:03:09","date_gmt":"2010-02-22T22:03:09","guid":{"rendered":"https:\/\/la-presse-anarchiste.net\/index.php\/2010\/02\/22\/ou-est-la-liberte\/"},"modified":"2010-02-22T22:03:09","modified_gmt":"2010-02-22T22:03:09","slug":"ou-est-la-liberte","status":"publish","type":"post","link":"https:\/\/la-presse-anarchiste.net\/index.php\/2010\/02\/22\/ou-est-la-liberte\/","title":{"rendered":"O\u00f9 est la libert\u00e9"},"content":{"rendered":"<div class=\"pdfprnt-buttons pdfprnt-buttons-post pdfprnt-top-right\"><a href=\"https:\/\/la-presse-anarchiste.net\/index.php\/wp-json\/wp\/v2\/posts\/2359?print=pdf\" class=\"pdfprnt-button pdfprnt-button-pdf\" target=\"_blank\"><img decoding=\"async\" src=\"https:\/\/la-presse-anarchiste.net\/wp-content\/plugins\/pdf-print\/images\/pdf.png\" alt=\"image_pdf\" title=\"Afficher le PDF\"><\/a><a href=\"https:\/\/la-presse-anarchiste.net\/index.php\/wp-json\/wp\/v2\/posts\/2359?print=print\" class=\"pdfprnt-button pdfprnt-button-print\" target=\"_blank\"><img decoding=\"async\" src=\"https:\/\/la-presse-anarchiste.net\/wp-content\/plugins\/pdf-print\/images\/print.png\" alt=\"image_print\" title=\"Contenu imprim\u00e9\"><\/a><\/div><p>Le mot \u00ab&nbsp;liber\u00adt\u00e9&nbsp;\u00bb est \u00e9crit un peu par\u00adtout, sur les murs des mai\u00adzons publiques, sur presque tous les inpri\u00adm\u00e9s de l\u2019ad\u00admi\u00adnis\u00adtra\u00adcion et ailleur. Presque tout le monde se dit par\u00adti\u00adzan de la liber\u00adt\u00e9&nbsp;: les ins\u00adti\u00adtu\u00adteurs, les cur\u00e9s, les per\u00adcep\u00adteurs, les finan\u00adciers, les huis\u00adsiers, les jen\u00addarmes, les ofi\u00adciers, les d\u00e9pu\u00adt\u00e9s, les \u00e9lec\u00adteurs, les riches et les pauvres, les pro\u00adpri\u00e9\u00adt\u00e8res et les fer\u00admiers, les patrons et les ouvriers, les f\u00e8n\u00e9ants et les tra\u00advailleurs, etc. Si bien que je suis \u00e0 me deman\u00adder ce que c\u2019est que la liber\u00adt\u00e9. Je pense que j\u2019en trou\u00adve\u00adrai la d\u00e9fi\u00adni\u00adcion dans le dic\u00adsio\u00adn\u00e8re et j\u2019y trouve c\u00e8te fraze&nbsp;: \u00ab&nbsp;facul\u00adt\u00e9 d\u2019a\u00adjir ou de ne pas ajir, de faire ou de ne pas faire.&nbsp;\u00bb R\u00e9fl\u00e9chissons.<\/p>\n<p>Pour le p\u00e8re, facul\u00adt\u00e9 d\u2019a\u00adjir ou de ne pas ajir pour le bon\u00adheur ou le maleur de sa fame ou de ses enfants&nbsp;; pour l\u2019ins\u00adti\u00adtu\u00adteur, facul\u00adt\u00e9 d\u2019en\u00adnuyer ses \u00e9l\u00e8ves en leur fai\u00adzant aprandre la gra\u00admaire&nbsp;; pour le cur\u00e9, facul\u00adt\u00e9 de tron\u00adper les \u00e2mes au nom de ses dieus qu\u2019il a lui m\u00eame inven\u00adt\u00e9&nbsp;; pour le per\u00adcep\u00adteur, facul\u00adt\u00e9 de deman\u00adder de l\u2019ar\u00adjant pour un maitre qu\u2019il ne conait pas&nbsp;; pour les huis\u00adsiers, facul\u00adt\u00e9 de rui\u00adner les pauvres au nom des finan\u00adciers et des pro\u00adpri\u00e9\u00adt\u00e9\u00adr\u00e8s&nbsp;; pour les jen\u00addarmes, facul\u00adt\u00e9 des pro\u00adc\u00e8s au nom de la loi a des per\u00adsones qui n\u2019ont point fait de mal&nbsp;; pour les poli\u00adciers, facul\u00adt\u00e9 de faire tuer des homes pour leur plai\u00adsir&nbsp;; pour les d\u00e9pu\u00adt\u00e9s, facul\u00adt\u00e9 de vivre aus d\u00e9pens de leurs, \u00e9lec\u00adteurs en fai\u00adsant des lois qui ne sont gu\u00e8re moins mau\u00advaizes que les anci\u00e8nes&nbsp;: pour lies riches pro\u00adpri\u00e9\u00adteres, facul\u00adt\u00e9 de vivre aus d\u00e9pens des pauvres fer\u00admiers en leur fai\u00adsant croire qu\u2019ils cr\u00e8\u00adve\u00adraient de faim s\u2019il n\u2019a\u00advaient pas afaire a de bons pro\u00adpri\u00e9\u00adt\u00e8res come eux&nbsp;; pour les patrons facul\u00adt\u00e9 de tra\u00advailler par les muscles de leurs ouvriers, mais pas par leurs propres muscles a eus, car ils trouvent que \u00e7a serait trop p\u00e9nible&nbsp;; pour les f\u00e8n\u00e9ants, facul\u00adt\u00e9. de vivre aus d\u00e9pens des tra\u00advailleurs en men\u00addiant, pre\u00adnant ou se fai\u00adzant doner, ce qui est tout un&nbsp;; pour les pauvres tra\u00advailleurs, fer\u00admiers ou ouvriers, facul\u00adt\u00e9 de se voir d\u00e9pouiller du pro\u00adduit de leur tra\u00advail par toute la bande de pirates modernes.<\/p>\n<p>Est ce \u00e7a qu\u2019on ap\u00e8le liber\u00adt\u00e9&nbsp;? Consul\u00adtons encore le dic\u00adsio\u00adn\u00e8re et voi\u00adla ce qu\u2019il nous dit&nbsp;: \u00ab&nbsp;pou\u00advoir de faire tout ce qui ne j\u00e8ne pas la liber\u00adt\u00e9 des \u00f4tres. Contraire&nbsp;: escla\u00advaje\u2026 Enci\u00ad\u00e7\u00adlo\u00adp\u00e9\u00addie&nbsp;: la liber\u00adt\u00e9 est avec la san\u00adt\u00e9 le bien le plus pr\u00e9\u00adcieus de l\u2019home, maiz il ne faut pas oublier qu\u2019\u00e8le doit egzis\u00adter pour tout le monde et que, par cons\u00e9\u00adquant, la liber\u00adt\u00e9 des autres doit limi\u00adter notre liber\u00adt\u00e9 a nous. La liber\u00adt\u00e9 c\u2019est le droit de f\u00e8re tout ce qui ne j\u00e8ne pas la liber\u00adt\u00e9 des autres.&nbsp;\u00bb<\/p>\n<p>Ain\u00adsi donc la liber\u00adt\u00e9, pour \u00eatre com\u00adpl\u00e8te, doit s\u2019\u00e9\u00adtendre jus\u00adqu\u2019\u00e0 la liber\u00adt\u00e9 d\u2019au\u00adtrui, mais \u00e8le ne doit pas aller plus loin&nbsp;; ain\u00adsi, nous avons le droit de vivre mais nous devons lais\u00adser vivre les autres et per\u00adsone n\u2019a le droit de nous enp\u00e8\u00adcher de vivre, car qui\u00adconque porte ateinte \u00e0 la vie de quel\u00adqu\u2019un, qu\u2019il soit juje ou bou\u00adrau, ofi\u00adcier ou sol\u00addat, comet un meurtre, c\u2019est un assas\u00adsin digne des tra\u00advaus forc\u00e9s.<\/p>\n<p>Nous avons le droit de tra\u00advailler et de dis\u00adpo\u00adzer du fruit de notre tra\u00advail come il nous convien, mais nous n\u2019a\u00advons pas le droit d\u2019en\u00adp\u00ea\u00adcher les \u00f4tres de tra\u00advailler ni de les y obli\u00adjer&nbsp;; et nous n\u2019a\u00advons pas le droit de nous apro\u00adprier le fruit du tra\u00advail des autres&nbsp;; per\u00adsone n\u2019a le droit de s\u2019a\u00adpro\u00adprier ce que nous pro\u00addui\u00adsons, et qui\u00adconque se fait doner tout ou par\u00adtie du pro\u00adduit du tra\u00advail d\u2019au\u00adtrui, m\u00eame s\u2019il est pro\u00adpri\u00e9\u00adt\u00e8re, est un voleur digne de la pri\u00adzon&nbsp;; et l\u2019huis\u00adsier, quand il va sai\u00adzir le mobi\u00adlier d\u2019un pauvre tra\u00advailleur, pour satis\u00adfaire les pas\u00adsions des pro\u00adpri\u00e9\u00adt\u00e8res et des uzu\u00adriers, est un conplice de ce voleur.<\/p>\n<p>Mais la loi de l\u2019\u00e9\u00adtat parle bien \u00f4tre\u00adment&nbsp;; \u00e8le acorde le titre d\u2019ho\u00adn\u00e8te home a ceux qui com\u00e8tent le crime au nom de la loi, et le titre de mal\u00adfai\u00adteur a ceus qui refuzent de por\u00adter ateinte \u00e0 la liber\u00adt\u00e9 ou qui veulent conser\u00adver ou conqu\u00e9\u00adrir leur liber\u00adt\u00e9&nbsp;; celui qui refuze de tuer quel\u00adqu\u2019un en tanp de gu\u00e8re, est trai\u00adt\u00e9 come un assas\u00adsin&nbsp;; et celui qui refuze de doner le pro\u00adduit de son tra\u00advail \u00e0 un pro\u00adpri\u00e9\u00adt\u00e8re ou \u00e0 un uzu\u00adrier, est trai\u00adt\u00e9 come un voleur&nbsp;; une m\u00e9na\u00adj\u00e8re qui ach\u00e8te dez alu\u00adm\u00e8tes chez l\u2019a\u00adlu\u00adm\u00e9\u00adtier du vilaje, \u00e0 qui fait-\u00e8le tort&nbsp;? \u00c7a n\u2019en\u00adp\u00eache pas que si les employ\u00e9s de la r\u00e9ji la ren\u00adcontrent, ils lui font un proc\u00e8s.<\/p>\n<p>O\u00f9 donc est la libert\u00e9&nbsp;?<\/p>\n<p>Que fau\u00addrat il f\u00e8re pour nous afran\u00adchir de tous nos opres\u00adseurs afin d\u2019\u00eatre libres&nbsp;? Nous conten\u00adte\u00adrons-nous de prier et de regar\u00adder au ciel&nbsp;? ou bien fau\u00addra-t-il nous ser\u00advir de ce que le cr\u00e9a\u00adteur nous done pour nous afran\u00adchir nous-m\u00eames&nbsp;? ou bien encore fau\u00addrat-il atendre que les d\u00e9pu\u00adt\u00e9s vi\u00e8nent \u00e0 notre secour&nbsp;?<\/p>\n<p>Alfonse Chaf\u00adfo<\/p>\n","protected":false},"excerpt":{"rendered":"<p>Le mot \u00ab&nbsp;liber\u00adt\u00e9&nbsp;\u00bb est \u00e9crit un peu par\u00adtout, sur les murs des mai\u00adzons publiques, sur presque tous les inpri\u00adm\u00e9s de l\u2019ad\u00admi\u00adnis\u00adtra\u00adcion et ailleur. Presque tout le monde se dit par\u00adti\u00adzan de la liber\u00adt\u00e9&nbsp;: les ins\u00adti\u00adtu\u00adteurs, les cur\u00e9s, les per\u00adcep\u00adteurs, les finan\u00adciers, les huis\u00adsiers, les jen\u00addarmes, les ofi\u00adciers, les d\u00e9pu\u00adt\u00e9s, les \u00e9lec\u00adteurs, les riches et&nbsp;les&nbsp;[\u2026]<\/p>\n","protected":false},"author":1,"featured_media":0,"comment_status":"closed","ping_status":"closed","sticky":false,"template":"","format":"standard","meta":{"wp_typography_post_enhancements_disabled":false,"footnotes":""},"categories":[296],"tags":[],"ppma_author":[540],"class_list":["post-2359","post","type-post","status-publish","format-standard","hentry","category-lere-nouvelle-n5-septembre1901"],"authors":[{"term_id":540,"user_id":1,"is_guest":0,"slug":"admin_3gikpwyf","display_name":"Vincent Dubuc","avatar_url":"https:\/\/secure.gravatar.com\/avatar\/d015720652c25fd2ced191ade86430094e1f288a17483713e3b34d26dea52507?s=96&d=mm&r=g","author_category":"","user_url":"https:\/\/la-presse-anarchiste.net","last_name":"Dubuc","first_name":"Vincent","job_title":"","description":""}],"_links":{"self":[{"href":"https:\/\/la-presse-anarchiste.net\/index.php\/wp-json\/wp\/v2\/posts\/2359","targetHints":{"allow":["GET"]}}],"collection":[{"href":"https:\/\/la-presse-anarchiste.net\/index.php\/wp-json\/wp\/v2\/posts"}],"about":[{"href":"https:\/\/la-presse-anarchiste.net\/index.php\/wp-json\/wp\/v2\/types\/post"}],"author":[{"embeddable":true,"href":"https:\/\/la-presse-anarchiste.net\/index.php\/wp-json\/wp\/v2\/users\/1"}],"replies":[{"embeddable":true,"href":"https:\/\/la-presse-anarchiste.net\/index.php\/wp-json\/wp\/v2\/comments?post=2359"}],"version-history":[{"count":0,"href":"https:\/\/la-presse-anarchiste.net\/index.php\/wp-json\/wp\/v2\/posts\/2359\/revisions"}],"wp:attachment":[{"href":"https:\/\/la-presse-anarchiste.net\/index.php\/wp-json\/wp\/v2\/media?parent=2359"}],"wp:term":[{"taxonomy":"category","embeddable":true,"href":"https:\/\/la-presse-anarchiste.net\/index.php\/wp-json\/wp\/v2\/categories?post=2359"},{"taxonomy":"post_tag","embeddable":true,"href":"https:\/\/la-presse-anarchiste.net\/index.php\/wp-json\/wp\/v2\/tags?post=2359"},{"taxonomy":"author","embeddable":true,"href":"https:\/\/la-presse-anarchiste.net\/index.php\/wp-json\/wp\/v2\/ppma_author?post=2359"}],"curies":[{"name":"wp","href":"https:\/\/api.w.org\/{rel}","templated":true}]}}