{"id":2362,"date":"2010-02-22T22:15:50","date_gmt":"2010-02-22T22:15:50","guid":{"rendered":"https:\/\/la-presse-anarchiste.net\/index.php\/2010\/02\/22\/la-c-g-t-et-le-virus-electoral\/"},"modified":"2010-02-22T22:15:50","modified_gmt":"2010-02-22T22:15:50","slug":"la-c-g-t-et-le-virus-electoral","status":"publish","type":"post","link":"https:\/\/la-presse-anarchiste.net\/index.php\/2010\/02\/22\/la-c-g-t-et-le-virus-electoral\/","title":{"rendered":"La C.G.T. et le virus \u00e9lectoral"},"content":{"rendered":"<div class=\"pdfprnt-buttons pdfprnt-buttons-post pdfprnt-top-right\"><a href=\"https:\/\/la-presse-anarchiste.net\/index.php\/wp-json\/wp\/v2\/posts\/2362?print=pdf\" class=\"pdfprnt-button pdfprnt-button-pdf\" target=\"_blank\"><img decoding=\"async\" src=\"https:\/\/la-presse-anarchiste.net\/wp-content\/plugins\/pdf-print\/images\/pdf.png\" alt=\"image_pdf\" title=\"Afficher le PDF\"><\/a><a href=\"https:\/\/la-presse-anarchiste.net\/index.php\/wp-json\/wp\/v2\/posts\/2362?print=print\" class=\"pdfprnt-button pdfprnt-button-print\" target=\"_blank\"><img decoding=\"async\" src=\"https:\/\/la-presse-anarchiste.net\/wp-content\/plugins\/pdf-print\/images\/print.png\" alt=\"image_print\" title=\"Contenu imprim\u00e9\"><\/a><\/div><p>Nous sommes habi\u00adtu\u00e9s \u00e0 voir les diri\u00adgeants de la C.G.T. se livrer \u00e0 bien des renon\u00adce\u00adments, \u00e0 bien des renie\u00adments&nbsp;; leur char\u00adla\u00adta\u00adnisme n\u2019est pas chose nouvelle.<\/p>\n<p>Ayant adh\u00e9\u00adr\u00e9 sans r\u00e9serve, sans m\u00eame l\u2019ar\u00adri\u00e8re-pen\u00ads\u00e9e d\u2019un quel\u00adconque pro\u00adfit pour la cause r\u00e9vo\u00adlu\u00adtion\u00adnaire \u00e0 toutes les mesures n\u00e9ces\u00adsi\u00adt\u00e9es par la guerre imp\u00e9\u00adria\u00adliste, ils se sont com\u00admis, dans la R\u00e9sis\u00adtance, avec les pires sou\u00adtiens et ani\u00adma\u00adteurs de la r\u00e9ac\u00adtion sociale. Ils ont exploi\u00adt\u00e9 hon\u00adteu\u00adse\u00adment, \u00e0 des fins per\u00adson\u00adnelles, les sen\u00adti\u00adments r\u00e9so\u00adlu\u00adment anti\u00adfas\u00adcistes de la grande masse tra\u00advailleuse au nom de laquelle, avec le manque de scru\u00adpules qui leur est fami\u00adlier, ils se per\u00admettent encore de faire entendre leur&nbsp;voix.<\/p>\n<p>Main\u00adte\u00adnant, plus que jamais, on peut les voir faire un excellent m\u00e9nage avec les repr\u00e9\u00adsen\u00adtants de l\u2019\u00c9\u00adtat, de l\u2019Ar\u00adm\u00e9e et de l\u2019\u00c9\u00adglise&nbsp;; M.&nbsp;Saillant, secr\u00e9\u00adtaire conf\u00e9\u00add\u00e9\u00adral et pr\u00e9\u00adsident du Comi\u00adt\u00e9 natio\u00adnal de la R\u00e9sis\u00adtance qui, au temps de Vichy et par oppo\u00adsi\u00adtion \u00e0 la \u00ab&nbsp;Charte du Tra\u00advail&nbsp;\u00bb, se fai\u00adsait le cham\u00adpion de l\u2019in\u00add\u00e9\u00adpen\u00addance syn\u00addi\u00adcale, m\u00e9ri\u00adtait alors notre estime. \u00c0 cette \u00e9poque, nous aurions dit&nbsp;: le \u00ab&nbsp;cama\u00adrade&nbsp;\u00bb Saillant. Mais, aujourd\u2019\u00adhui, il appar\u00adtient \u00e0 un autre monde que celui des id\u00e9a\u00adlistes attar\u00add\u00e9s dont nous sommes. Bien d\u2019autres, par\u00admi les\u00adquels nous cite\u00adrons en pas\u00adsant Gazier, Rey\u00adnaud et consorts, ont sui\u00advi le m\u00eame chemin.<\/p>\n<p>Pour cou\u00adron\u00adner leurs d\u00e9via\u00adtions, leurs com\u00adpro\u00admis\u00adsions suc\u00adces\u00adsives, ces \u00e9diles sont deve\u00adnus membres de l\u2019As\u00adsem\u00adbl\u00e9e consul\u00adta\u00adtive, au trai\u00adte\u00adment de 15.000&nbsp;fr. par mois&nbsp;! Il parait que leur pr\u00e9\u00adsence au Palais du Luxem\u00adbourg per\u00admet aux tra\u00advailleurs syn\u00addi\u00adqu\u00e9s de peser sur les d\u00e9ci\u00adsions gou\u00adver\u00adne\u00admen\u00adtales&nbsp;! Car les ci-devants mili\u00adtants sont leurs repr\u00e9\u00adsen\u00adtants qualifi\u00e9s.<\/p>\n<p>Mais toutes ces com\u00adbi\u00adnai\u00adsons mal\u00adhon\u00adn\u00eates ne suf\u00adfi\u00adsaient pas \u00e0 nos \u00ab&nbsp;h\u00e9ros&nbsp;\u00bb de la R\u00e9sis\u00adtance syn\u00addi\u00adcale. Ils ont trou\u00adv\u00e9 mieux que tout cela. L\u2019ac\u00adtion syn\u00addi\u00adcale ne s\u2019exer\u00adce\u00adra pas seule\u00adment sur les lieux du tra\u00advail, la gr\u00e8ve \u00e9tant consi\u00add\u00e9\u00adr\u00e9e par ces augures comme une arme p\u00e9ri\u00adm\u00e9e et inter\u00addite&nbsp;: plus de mani\u00adfes\u00adta\u00adtions pour le pre\u00admier mai&nbsp;! C\u2019est aux \u00e9lec\u00adtions que la vieille mai\u00adson syn\u00addi\u00adcale engage les mili\u00adtants \u00e0 par\u00adti\u00adci\u00adper&nbsp;: comme can\u00addi\u00addats \u00ab&nbsp;syndicalistes&nbsp;\u00bb.<\/p>\n<p>Aujourd\u2019\u00adhui, c\u2019est dans les assem\u00adbl\u00e9es muni\u00adci\u00adpales que le mou\u00adve\u00adment syn\u00addi\u00adcal parle de com\u00admen\u00adcer \u00e0 se dis\u00adpu\u00adter les si\u00e8ges. Et, demain, pour\u00adquoi pas au sein du Par\u00adle\u00adment&nbsp;? C\u2019est le pre\u00admier pas qui&nbsp;co\u00fbte.<\/p>\n<p>Si les mili\u00adtants de la base se lais\u00adsaient entra\u00ee\u00adner aus\u00adsi bien dans ce sillage boueux de la l\u00e9ga\u00adli\u00adt\u00e9, sur quoi pour\u00adrait-on encore appuyer des espoirs en une r\u00e9vo\u00adlu\u00adtion sociale&nbsp;? Par voie syn\u00addi\u00adcale, il est ais\u00e9, pour qui le veut bien, d\u2019\u00e9\u00addu\u00adquer, d\u2019\u00e9\u00adle\u00adver mora\u00adle\u00adment et intel\u00adlec\u00adtuel\u00adle\u00adment les tra\u00advailleurs de leur faire prendre conscience de leur situa\u00adtion d\u2019ex\u00adploi\u00adt\u00e9s et de faire pas\u00adser dans leurs rangs le souffle de la r\u00e9volte sal\u00adva\u00adtrice. Et on les invite, au contraire, \u00e0 prendre part \u00e0 la mani\u00adfes\u00adta\u00adtion la plus sym\u00adbo\u00adlique de leur assu\u00adjet\u00adtis\u00adse\u00adment \u00e9co\u00adno\u00admique et social, \u00e0 par\u00adti\u00adci\u00adper acti\u00adve\u00adment aux luttes \u00e9lectorales.<\/p>\n<p>D\u2019au\u00adcuns nous diront que cela peut se d\u00e9fendre et que le syn\u00addi\u00adca\u00adlisme r\u00e9vo\u00adlu\u00adtion\u00adnaire, le syn\u00addi\u00adca\u00adlisme tra\u00addi\u00adtion\u00adnel est d\u2019un autre \u00e2ge et le taxe\u00adront m\u00eame de roman\u00adtique. Et bien&nbsp;! non, mes\u00adsieurs les minis\u00adtrables de la C.G.T. Le syn\u00addi\u00adca\u00adlisme r\u00e9vo\u00adlu\u00adtion\u00adnaire n\u2019est pas mort. Le souffle de la r\u00e9volte n\u2019est pas \u00e9teint, et la foi en l\u2019ef\u00adfi\u00adca\u00adci\u00adt\u00e9 de l\u2019\u00abaction directe&nbsp;\u00bb du sala\u00adriat contre le patro\u00adnat n\u2019est pas mort&nbsp;! Des gr\u00e8ves r\u00e9centes sont venu le prouver.<\/p>\n<p>La classe ouvri\u00e8re, pour aus\u00adsi mal\u00adl\u00e9able qu\u2019elle vous paraisse, n\u2019est pas d\u00e9pour\u00advue de toute vel\u00adl\u00e9i\u00adt\u00e9 d\u2019ac\u00adtion, ni gan\u00adgre\u00adn\u00e9e par la cor\u00adrup\u00adtion qui est la v\u00f4tre. C\u2019est dans les ins\u00adti\u00adtu\u00adtion d\u2019un r\u00e9gime ignoble et chan\u00adce\u00adlant auquel vous devriez don\u00adner le coup de gr\u00e2ce que vous l\u2019in\u00advi\u00adtez \u00e0 s\u2019en\u00adli\u00adser. Apr\u00e8s avoir acquis, par le jeu de ces ins\u00adti\u00adtu\u00adtions, un confort mat\u00e9\u00adriel dont vous \u00eates esclaves dans cette soci\u00e9\u00adt\u00e9 bour\u00adgeoise et d\u00e9ca\u00addente, vous invi\u00adtez l\u2019humble mili\u00adtant \u00e0 vous suivre et \u00e0 se tra\u00ee\u00adner dans la&nbsp;fange.<\/p>\n<p>Nous, nous n\u2019a\u00advons pas le culte des morts, ni celui de la tra\u00addi\u00adtion&nbsp;; cepen\u00addant l\u2019a\u00adna\u00adlyse des \u00e9v\u00e9\u00adne\u00adments nous ram\u00e8ne inva\u00adria\u00adble\u00adment aux prin\u00adcipes ini\u00adtiaux du syn\u00addi\u00adca\u00adlisme r\u00e9vo\u00adlu\u00adtion\u00adnaire, cet anar\u00adcho-syn\u00addi\u00adca\u00adlisme inau\u00adgu\u00adr\u00e9 par les Pel\u00adlou\u00adtier, les Pou\u00adget, les Gri\u00adfuelhes et autres mili\u00adtants valeu\u00adreux qui devraient \u00eatre vos maitres spi\u00adri\u00adtuels, mais dont vous \u00eates indignes.<\/p>\n<p>La suc\u00adces\u00adsion des \u00e9v\u00e9\u00adne\u00adments peut faire varier l\u2019ac\u00adtion dans ses formes, mais non au point de lui faire perdre son carac\u00adt\u00e8re ini\u00adtial et de la d\u00e9tour\u00adner de ses buts. L\u2019es\u00adprit de la Charte d\u2019A\u00admiens est tota\u00adle\u00adment \u00e9tran\u00adger \u00e0 vos d\u00e9li\u00adb\u00e9\u00adra\u00adtions, mais il demeure n\u00e9an\u00admoins le leit\u00admo\u00adtiv d\u2019un grand nombre de syn\u00addi\u00adca\u00adlistes sin\u00adc\u00e8res et actifs.<\/p>\n<p>La dis\u00adpa\u00adri\u00adtion des injus\u00adtices propres \u00e0 un r\u00e9gime qui doit \u00eatre d\u00e9truit ne sera pas l\u2019\u0153uvre de vos d\u00e9l\u00e9\u00adga\u00adtions embour\u00adb\u00e9es dans les assem\u00adbl\u00e9es poli\u00adtiques et par\u00adle\u00admen\u00adtaires. Elle ne pour\u00adra \u00eatre que la cons\u00e9\u00adquence d\u2019une action effec\u00adtive des masses tra\u00advailleuses qui, pas\u00adsant outre \u00e0 vos avis, \u00e0 vos mots d\u2019ordre et \u00e0 vos appels \u00e0 la sou\u00admis\u00adsion, feront inter\u00adve\u00adnir dans la balance tout le poids de leur puis\u00adsance cr\u00e9a\u00adtrice. C\u2019est par l\u2019ap\u00adpro\u00adpria\u00adtion pure et simple de tous les moyens de pro\u00adduc\u00adtion et par la sup\u00adpres\u00adsion com\u00adpl\u00e8te des ins\u00adti\u00adtu\u00adtions dans les\u00adquelles vous vous com\u00adplai\u00adsez que le peuple bri\u00adse\u00adra ses cha\u00eenes.<\/p>\n<p>L\u2019ef\u00adfort sera sans doute plus rude, mais com\u00adbien plus f\u00e9cond.<\/p>\n","protected":false},"excerpt":{"rendered":"<p>Nous sommes habi\u00adtu\u00e9s \u00e0 voir les diri\u00adgeants de la C.G.T. se livrer \u00e0 bien des renon\u00adce\u00adments, \u00e0 bien des renie\u00adments&nbsp;; leur char\u00adla\u00adta\u00adnisme n\u2019est pas chose nou\u00advelle. Ayant adh\u00e9\u00adr\u00e9 sans r\u00e9serve, sans m\u00eame l\u2019ar\u00adri\u00e8re-pen\u00ads\u00e9e d\u2019un quel\u00adconque pro\u00adfit pour la cause r\u00e9vo\u00adlu\u00adtion\u00adnaire \u00e0 toutes les mesures n\u00e9ces\u00adsi\u00adt\u00e9es par la guerre imp\u00e9\u00adria\u00adliste, ils se sont com\u00admis, dans&nbsp;la&nbsp;[\u2026]<\/p>\n","protected":false},"author":1,"featured_media":0,"comment_status":"closed","ping_status":"closed","sticky":false,"template":"","format":"standard","meta":{"wp_typography_post_enhancements_disabled":false,"footnotes":""},"categories":[297],"tags":[],"ppma_author":[540],"class_list":["post-2362","post","type-post","status-publish","format-standard","hentry","category-le-libertaire-na5-mai-1945"],"authors":[{"term_id":540,"user_id":1,"is_guest":0,"slug":"admin_3gikpwyf","display_name":"Vincent Dubuc","avatar_url":"https:\/\/secure.gravatar.com\/avatar\/d015720652c25fd2ced191ade86430094e1f288a17483713e3b34d26dea52507?s=96&d=mm&r=g","author_category":"","user_url":"https:\/\/la-presse-anarchiste.net","last_name":"Dubuc","first_name":"Vincent","job_title":"","description":""}],"_links":{"self":[{"href":"https:\/\/la-presse-anarchiste.net\/index.php\/wp-json\/wp\/v2\/posts\/2362","targetHints":{"allow":["GET"]}}],"collection":[{"href":"https:\/\/la-presse-anarchiste.net\/index.php\/wp-json\/wp\/v2\/posts"}],"about":[{"href":"https:\/\/la-presse-anarchiste.net\/index.php\/wp-json\/wp\/v2\/types\/post"}],"author":[{"embeddable":true,"href":"https:\/\/la-presse-anarchiste.net\/index.php\/wp-json\/wp\/v2\/users\/1"}],"replies":[{"embeddable":true,"href":"https:\/\/la-presse-anarchiste.net\/index.php\/wp-json\/wp\/v2\/comments?post=2362"}],"version-history":[{"count":0,"href":"https:\/\/la-presse-anarchiste.net\/index.php\/wp-json\/wp\/v2\/posts\/2362\/revisions"}],"wp:attachment":[{"href":"https:\/\/la-presse-anarchiste.net\/index.php\/wp-json\/wp\/v2\/media?parent=2362"}],"wp:term":[{"taxonomy":"category","embeddable":true,"href":"https:\/\/la-presse-anarchiste.net\/index.php\/wp-json\/wp\/v2\/categories?post=2362"},{"taxonomy":"post_tag","embeddable":true,"href":"https:\/\/la-presse-anarchiste.net\/index.php\/wp-json\/wp\/v2\/tags?post=2362"},{"taxonomy":"author","embeddable":true,"href":"https:\/\/la-presse-anarchiste.net\/index.php\/wp-json\/wp\/v2\/ppma_author?post=2362"}],"curies":[{"name":"wp","href":"https:\/\/api.w.org\/{rel}","templated":true}]}}