{"id":2364,"date":"2010-02-22T22:19:08","date_gmt":"2010-02-22T22:19:08","guid":{"rendered":"https:\/\/la-presse-anarchiste.net\/index.php\/2010\/02\/22\/les-prisonniers-rentrent\/"},"modified":"2010-02-22T22:19:08","modified_gmt":"2010-02-22T22:19:08","slug":"les-prisonniers-rentrent","status":"publish","type":"post","link":"https:\/\/la-presse-anarchiste.net\/index.php\/2010\/02\/22\/les-prisonniers-rentrent\/","title":{"rendered":"Les prisonniers rentrent"},"content":{"rendered":"<div class=\"pdfprnt-buttons pdfprnt-buttons-post pdfprnt-top-right\"><a href=\"https:\/\/la-presse-anarchiste.net\/index.php\/wp-json\/wp\/v2\/posts\/2364?print=pdf\" class=\"pdfprnt-button pdfprnt-button-pdf\" target=\"_blank\"><img decoding=\"async\" src=\"https:\/\/la-presse-anarchiste.net\/wp-content\/plugins\/pdf-print\/images\/pdf.png\" alt=\"image_pdf\" title=\"Afficher le PDF\"><\/a><a href=\"https:\/\/la-presse-anarchiste.net\/index.php\/wp-json\/wp\/v2\/posts\/2364?print=print\" class=\"pdfprnt-button pdfprnt-button-print\" target=\"_blank\"><img decoding=\"async\" src=\"https:\/\/la-presse-anarchiste.net\/wp-content\/plugins\/pdf-print\/images\/print.png\" alt=\"image_print\" title=\"Contenu imprim\u00e9\"><\/a><\/div><p>Voi\u00adci que viennent de s\u2019ou\u00advrir, gr\u00e2ce aux for\u00admi\u00addables avances russes et am\u00e9\u00adri\u00adcaines, les portes de quelques camps. Voi\u00adci que, par terre, par mer ou par avion, les pri\u00adson\u00adniers rentrent \u00e0 un rythme impr\u00e9\u00advu. Ils arrivent en masses si impor\u00adtantes que les centres d\u2019ac\u00adcueil fron\u00adta\u00adliers ont \u00e9t\u00e9 dans l\u2019in\u00adca\u00adpa\u00adci\u00adt\u00e9, \u00e0 cause de l\u2019in\u00adsuf\u00adfi\u00adsance des moyens de trans\u00adport fer\u00adro\u00adviaires, de les r\u00e9par\u00adtir en convois par dis\u00adtinc\u00adtion d\u2019o\u00adri\u00adgine et que les rapa\u00adtri\u00e9s sont presque tous diri\u00adg\u00e9s sur Paris, deve\u00adnu ain\u00adsi centre de tran\u00adsit. Le pro\u00adbl\u00e8me de l\u2019ac\u00adcueil des pri\u00adson\u00adniers, de leur nour\u00adri\u00adture, de leur h\u00e9ber\u00adge\u00adment a donc pris, subi\u00adte\u00adment, une impor\u00adtance for\u00admi\u00addable et ce n\u2019est pas m\u00e9dire que d\u2019af\u00adfir\u00admer \u00e0 quel point les ser\u00advices pr\u00e9\u00advus se sont trou\u00adv\u00e9s d\u00e9bord\u00e9s.<\/p>\n<p>Dans la s\u00e9ance de l\u2019As\u00adsem\u00adbl\u00e9e muni\u00adci\u00adpale de la Ville de Paris, du 29 mars 1945, Ray\u00admond Bos\u00adsus, rap\u00adpor\u00adteur d\u2019une pro\u00adpo\u00adsi\u00adtion de la Com\u00admis\u00adsion mixte des pri\u00adson\u00adniers, se plaint de la carence du Minis\u00adt\u00e8re des Pri\u00adson\u00adniers et des auto\u00adri\u00adt\u00e9s offi\u00adcielles d\u00e9par\u00adte\u00admen\u00adtales qui devaient prendre en charge la r\u00e9cep\u00adtion des rapa\u00adtri\u00e9s. Il sou\u00adligne le fait que le Minis\u00adt\u00e8re incri\u00admi\u00adn\u00e9 dis\u00adpose de fonds \u2013 24 mil\u00adliards \u2013 mais que \u00ab&nbsp;pas un sou&nbsp;\u00bb n\u2019a \u00e9t\u00e9 allou\u00e9 aux muni\u00adci\u00adpa\u00adli\u00adt\u00e9s de Paris et de ban\u00adlieue. Il trouve cet \u00e9tat de choses d\u2019au\u00adtant plus scan\u00adda\u00adleux que ce sont des orga\u00adni\u00adsa\u00adtions pri\u00adv\u00e9es, la plu\u00adpart issue de la g\u00e9n\u00e9\u00adro\u00adsi\u00adt\u00e9 du peuple de Paris, des \u00ab&nbsp;per\u00adsonnes b\u00e9n\u00e9\u00advoles&nbsp;\u00bb, des \u00ab&nbsp;tra\u00advailleurs qui prennent sur leur repos le temps n\u00e9ces\u00adsaire&nbsp;\u00bb, qui assurent en par\u00adtie les col\u00adlectes d\u2019argent, de vivres, de den\u00adr\u00e9es dis\u00adtri\u00adbu\u00e9s aux arri\u00advants (dans le 20<sup>e<\/sup> arron\u00addis\u00adse\u00adment, des p\u00e2tes, des pommes de terre, du vin, 199.605&nbsp;F., ont \u00e9t\u00e9 recueillis, t\u00e9moi\u00adgnant de la soli\u00adda\u00adri\u00adt\u00e9 popu\u00adlaire) et l\u2019or\u00adga\u00adni\u00adsa\u00adtion de nom\u00adbreux centres d\u2019ac\u00adcueil. Depuis, la situa\u00adtion s\u2019est am\u00e9\u00adlio\u00adr\u00e9e, avec l\u2019a\u00adm\u00e9\u00adna\u00adge\u00adment du grand hall de la gare d\u2019Or\u00adsay&nbsp;; mais sou\u00adli\u00adgnons que c\u2019est sous la plus pres\u00adsante n\u00e9ces\u00adsi\u00adt\u00e9, dans une atmo\u00adsph\u00e8re d\u2019ex\u00adtr\u00eame urgence, gr\u00e2ce au d\u00e9voue\u00adment de 400 ouvriers dont cer\u00adtains ont accom\u00adpli des jour\u00adn\u00e9es de tra\u00advail de 15 heures cons\u00e9\u00adcu\u00adtives. (M<sup>me<\/sup>&nbsp;Lefau\u00adcheux, Assem\u00adbl\u00e9e d\u00e9par\u00adte\u00admen\u00adtale du 10 avril&nbsp;1945.)<\/p>\n<p>Le direc\u00adteur d\u00e9par\u00adte\u00admen\u00adtal des pri\u00adson\u00adniers et d\u00e9por\u00adt\u00e9s, all\u00e9\u00adguant que les orga\u00adni\u00adsa\u00adtions pri\u00adv\u00e9es sont \u00ab&nbsp;les plus capables de cr\u00e9er l\u2019am\u00adbiance de cama\u00adra\u00adde\u00adrie n\u00e9ces\u00adsaire&nbsp;\u00bb, essaie bien de se dis\u00adcul\u00adper&nbsp;; l\u2019im\u00adpor\u00adtance de l\u2019ac\u00adcueil r\u00e9ser\u00adv\u00e9 \u00e0 ceux qu\u2019il nomme \u00ab&nbsp;nos chers absents  ne lui \u00e9chappe pas&nbsp;; c\u2019est, dit-il, une ques\u00adtion de confiance ou de m\u00e9fiance \u00e0 l\u2019\u00e9\u00adgard du gou\u00adver\u00adne\u00adment de la R\u00e9pu\u00adblique fran\u00ad\u00e7aise et une ques\u00adtion d\u2019im\u00adpor\u00adtance sociale et nationale.<\/p>\n<p>Et qu\u2019ap\u00adpelle-t-il cr\u00e9er un \u00ab&nbsp;cli\u00admat de confiance&nbsp;\u00bb&nbsp;? C\u2019est la pr\u00e9\u00adsence du ministre ou de son repr\u00e9\u00adsen\u00adtant \u00e0 l\u2019ar\u00adri\u00adv\u00e9e du train (il ne nous dit pas que le train sta\u00adtionne par\u00adfois \u00e0 quelques cen\u00adtaines de m\u00e8tre de la gare jus\u00adqu\u2019\u00e0 l\u2019ar\u00adri\u00adv\u00e9e de la voi\u00adture offi\u00adcielle!). Ce sont les hon\u00adneurs ren\u00addus (quelle que soit l\u2019heure, de jour et de la nuit, quel que soit le retard impr\u00e9\u00advu du train) et codi\u00adfi\u00e9s, s\u2019il vous pla\u00eet&nbsp;: un piquet de troupe pour 50 rapa\u00adtri\u00e9s, \u00ab&nbsp;Mar\u00adseillaise&nbsp;\u00bb pour plus de 100 hommes, trans\u00adport aux centres d\u2019ac\u00adcueil et la triple for\u00adma\u00adli\u00adt\u00e9 des contr\u00f4les d\u2019i\u00adden\u00adti\u00adt\u00e9, m\u00e9di\u00adcal et finan\u00adcier, puis remise \u00e0 cha\u00adcun de tabac, ciga\u00adrettes, 1.000&nbsp;F., et colis de 3&nbsp;kgs.<\/p>\n<p>L\u2019aide mat\u00e9\u00adrielle, imm\u00e9\u00addiate, est une face impor\u00adtante de la ques\u00adtion, mais ce n\u2019est pas le c\u00f4t\u00e9 essentiel.<\/p>\n<p>Nous voyons d\u00e9j\u00e0 (et d\u2019a\u00adveu offi\u00adciel!) qu\u2019elle n\u2019est pas exempte de cal\u00adcul poli\u00adtique. Outre que les mesures prises sont de r\u00e9a\u00adli\u00adsa\u00adtion impar\u00adfaite, qu\u2019elles ont \u00e9t\u00e9 et sont encore, dans cer\u00adtains cas, une charge et un effort pour une frac\u00adtion g\u00e9n\u00e9\u00adreuse, mais pauvre et d\u00e9pri\u00adm\u00e9e, de la popu\u00adla\u00adtion, elles sont des mesures de sagesse m\u00e9fiante, de pru\u00addence, de pr\u00e9\u00adser\u00adva\u00adtion patrio\u00adtique, sani\u00adtaire, finan\u00adci\u00e8re, et ne sau\u00adraient donc enga\u00adger l\u2019at\u00adti\u00adtude \u00e0 venir, ni la recon\u00adnais\u00adsance des rapa\u00adtri\u00e9s. Ce n\u2019est pas \u00eatre cynique que de le sou\u00adli\u00adgner au pas\u00adsage et de repla\u00adcer les faits et gestes du gou\u00adver\u00adne\u00adment et des admi\u00adnis\u00adtra\u00adtions sur leur vrai ter\u00adrain, qui n\u2019est pas celui du sentiment.<\/p>\n<p>M.&nbsp;Bos\u00adsus r\u00e9clame \u00ab&nbsp;quelque chose de plus sub\u00adstan\u00adtiel, de plus r\u00e9el, de plus pra\u00adtique, que les c\u00e9r\u00e9\u00admo\u00adnies d\u2019ac\u00adcueil&nbsp;\u00bb. Les nom\u00admer ain\u00adsi, c\u2019est dire assez qu\u2019elles n\u2019ac\u00adcom\u00adpagnent pas bien loin le rapa\u00adtri\u00e9 sur le che\u00admin de son retour \u00e0 la vie nor\u00admale. C\u2019est appro\u00adcher du fond de cette ques\u00adtion, qui est avant tout d\u2019ordre psy\u00adcho\u00adlo\u00adgique et humain. M.&nbsp;Tur\u00adpin de Morel, lui aus\u00adsi, fait allu\u00adsion \u00e0 sa por\u00adt\u00e9e morale quand il rap\u00adpelle \u00e0 l\u2019As\u00adsem\u00adbl\u00e9e muni\u00adci\u00adpale sa res\u00adpon\u00adsa\u00adbi\u00adli\u00adt\u00e9 enga\u00adg\u00e9e, non seule\u00adment devant la nation, mais devant l\u2019his\u00adtoire. \u00ab&nbsp;Nous sommes comp\u00adtables, dit-il, vis-\u00e0-vis de nos consciences.&nbsp;\u00bb<\/p>\n<p>Les pri\u00adson\u00adniers rentrent, apr\u00e8s avoir souf\u00adfert phy\u00adsi\u00adque\u00adment et mora\u00adle\u00adment, apr\u00e8s avoir v\u00e9cu sous le signe de l\u2019at\u00adtente, avec une psy\u00adcho\u00adlo\u00adgie par\u00adti\u00adcu\u00adli\u00e8re aux camps, \u00e0 mi-che\u00admin entre le pas\u00ads\u00e9 et l\u2019a\u00adve\u00adnir. Nous, liber\u00adtaires, pas\u00adsion\u00adn\u00e9s de notre id\u00e9al, qui lut\u00adtons, souf\u00adfrons pour que l\u2019hu\u00adma\u00adni\u00adt\u00e9 soit lib\u00e9\u00adr\u00e9e de toutes les pri\u00adsons, nous com\u00adpa\u00adtis\u00adsons aux souf\u00adfrances qu\u2019ils ont endu\u00adr\u00e9es der\u00adri\u00e8re les bar\u00adbe\u00adl\u00e9s et vou\u00addrions les voir s\u2019en\u00adga\u00adger dans la voie d\u2019une lib\u00e9\u00adra\u00adtion plus totale. Or, de cruelles d\u00e9s\u00adillu\u00adsions les attendent dans ce domaine. Ils ont d\u2019a\u00advance id\u00e9a\u00adli\u00ads\u00e9 leur retour et, pour\u00adtant, ils vont se trou\u00adver aux prises avec une r\u00e9a\u00adli\u00adt\u00e9 qui ne fut jamais si dure&nbsp;: des morts, des ruines, des vieillis\u00adse\u00adments, des chan\u00adge\u00adments dans les situa\u00adtions, les id\u00e9es, les sen\u00adti\u00adments. Au lieu de reprendre une ancienne place dans un monde fami\u00adlier, ils devront s\u2019a\u00addap\u00adter \u00e0 un monde qui les \u00e9tonne, s\u2019y int\u00e9\u00adgrer \u00e9co\u00adno\u00admi\u00adque\u00adment, poli\u00adti\u00adque\u00adment, socia\u00adle\u00adment, D\u00e8s la fron\u00adti\u00e8re, ils s\u2019\u00e9\u00adtonnent des prix du vin, des v\u00eate\u00adments, des tarifs de che\u00admin de fer, des des\u00adtruc\u00adtions, du ration\u00adne\u00adment. Ils apprennent d\u00e9j\u00e0 qu\u2019ils ne seront rem\u00adbour\u00ads\u00e9s de leurs marks que jus\u00adqu\u2019\u00e0 concur\u00adrence de 2.000&nbsp;fr. Sans doute l\u2019in\u00adqui\u00e9\u00adtude les sai\u00adsi\u00adra-t-elle bien\u00adt\u00f4t, et c\u2019est alors que, d\u00e9pri\u00adm\u00e9s, ils pour\u00adront deve\u00adnir la proie des pro\u00adpa\u00adgandes poli\u00adti\u00adciennes. Puissent-ils alors se rap\u00adpe\u00adler que, s\u2019ils sont aujourd\u2019\u00adhui \u00e0 l\u2019hon\u00adneur, ils furent en juin 40 une masse ber\u00adn\u00e9e, insul\u00adt\u00e9e pour sa l\u00e2che\u00adt\u00e9, bien qu\u2019elle fut offerte avec ses vieux fusils aux tanks et aux avions d\u2019Hitler.<\/p>\n<p>Puissent-ils avoir l\u2019hor\u00adreur des trou\u00adpeaux humains et de la guerre.<\/p>\n<p>Puissent-ils avoir com\u00adpris l\u2019o\u00adri\u00adgine de leurs souf\u00adfrances, com\u00adpris qu\u2019\u00adHit\u00adler ne fut qu\u2019un \u00e9pou\u00advan\u00adtail \u00e9pi\u00adso\u00addique, que le vrai fl\u00e9au est le capi\u00adta\u00adlisme mondial.<\/p>\n<p>Puissent-ils se rendre compte que mal\u00adgr\u00e9 les atten\u00adtions dont ils sont l\u2019ob\u00adjet, ils reprennent leur place dans une classe encore asser\u00advie et que, seule, la r\u00e9volte cou\u00adra\u00adgeuse des oppri\u00adm\u00e9s du monde entier \u00e9vi\u00adte\u00adra \u00e0 leurs enfants la tra\u00adg\u00e9\u00addie qui a broy\u00e9 leur&nbsp;vie.<\/p>\n","protected":false},"excerpt":{"rendered":"<p>Voi\u00adci que viennent de s\u2019ou\u00advrir, gr\u00e2ce aux for\u00admi\u00addables avances russes et am\u00e9\u00adri\u00adcaines, les portes de quelques camps. Voi\u00adci que, par terre, par mer ou par avion, les pri\u00adson\u00adniers rentrent \u00e0 un rythme impr\u00e9\u00advu. Ils arrivent en masses si impor\u00adtantes que les centres d\u2019ac\u00adcueil fron\u00adta\u00adliers ont \u00e9t\u00e9 dans l\u2019in\u00adca\u00adpa\u00adci\u00adt\u00e9, \u00e0 cause de l\u2019in\u00adsuf\u00adfi\u00adsance des moyens de&nbsp;[\u2026]<\/p>\n","protected":false},"author":1,"featured_media":0,"comment_status":"closed","ping_status":"closed","sticky":false,"template":"","format":"standard","meta":{"wp_typography_post_enhancements_disabled":false,"footnotes":""},"categories":[297],"tags":[],"ppma_author":[540],"class_list":["post-2364","post","type-post","status-publish","format-standard","hentry","category-le-libertaire-na5-mai-1945"],"authors":[{"term_id":540,"user_id":1,"is_guest":0,"slug":"admin_3gikpwyf","display_name":"Vincent Dubuc","avatar_url":"https:\/\/secure.gravatar.com\/avatar\/d015720652c25fd2ced191ade86430094e1f288a17483713e3b34d26dea52507?s=96&d=mm&r=g","author_category":"","user_url":"https:\/\/la-presse-anarchiste.net","last_name":"Dubuc","first_name":"Vincent","job_title":"","description":""}],"_links":{"self":[{"href":"https:\/\/la-presse-anarchiste.net\/index.php\/wp-json\/wp\/v2\/posts\/2364","targetHints":{"allow":["GET"]}}],"collection":[{"href":"https:\/\/la-presse-anarchiste.net\/index.php\/wp-json\/wp\/v2\/posts"}],"about":[{"href":"https:\/\/la-presse-anarchiste.net\/index.php\/wp-json\/wp\/v2\/types\/post"}],"author":[{"embeddable":true,"href":"https:\/\/la-presse-anarchiste.net\/index.php\/wp-json\/wp\/v2\/users\/1"}],"replies":[{"embeddable":true,"href":"https:\/\/la-presse-anarchiste.net\/index.php\/wp-json\/wp\/v2\/comments?post=2364"}],"version-history":[{"count":0,"href":"https:\/\/la-presse-anarchiste.net\/index.php\/wp-json\/wp\/v2\/posts\/2364\/revisions"}],"wp:attachment":[{"href":"https:\/\/la-presse-anarchiste.net\/index.php\/wp-json\/wp\/v2\/media?parent=2364"}],"wp:term":[{"taxonomy":"category","embeddable":true,"href":"https:\/\/la-presse-anarchiste.net\/index.php\/wp-json\/wp\/v2\/categories?post=2364"},{"taxonomy":"post_tag","embeddable":true,"href":"https:\/\/la-presse-anarchiste.net\/index.php\/wp-json\/wp\/v2\/tags?post=2364"},{"taxonomy":"author","embeddable":true,"href":"https:\/\/la-presse-anarchiste.net\/index.php\/wp-json\/wp\/v2\/ppma_author?post=2364"}],"curies":[{"name":"wp","href":"https:\/\/api.w.org\/{rel}","templated":true}]}}