{"id":237,"date":"2007-03-15T04:55:19","date_gmt":"2007-03-15T04:55:19","guid":{"rendered":"https:\/\/la-presse-anarchiste.net\/index.php\/2007\/03\/15\/lire-ou-ne-pas-lire\/"},"modified":"2007-03-15T04:55:19","modified_gmt":"2007-03-15T04:55:19","slug":"lire-ou-ne-pas-lire","status":"publish","type":"post","link":"https:\/\/la-presse-anarchiste.net\/index.php\/2007\/03\/15\/lire-ou-ne-pas-lire\/","title":{"rendered":"Lire ou ne pas&nbsp;lire"},"content":{"rendered":"<div class=\"pdfprnt-buttons pdfprnt-buttons-post pdfprnt-top-right\"><a href=\"https:\/\/la-presse-anarchiste.net\/index.php\/wp-json\/wp\/v2\/posts\/237?print=pdf\" class=\"pdfprnt-button pdfprnt-button-pdf\" target=\"_blank\"><img decoding=\"async\" src=\"https:\/\/la-presse-anarchiste.net\/wp-content\/plugins\/pdf-print\/images\/pdf.png\" alt=\"image_pdf\" title=\"Afficher le PDF\"><\/a><a href=\"https:\/\/la-presse-anarchiste.net\/index.php\/wp-json\/wp\/v2\/posts\/237?print=print\" class=\"pdfprnt-button pdfprnt-button-print\" target=\"_blank\"><img decoding=\"async\" src=\"https:\/\/la-presse-anarchiste.net\/wp-content\/plugins\/pdf-print\/images\/print.png\" alt=\"image_print\" title=\"Contenu imprim\u00e9\"><\/a><\/div><p class=\"post_excerpt\">[[par Rat\u00adgeb, \u00c9dit. 10\u200a\u2013\u200a18, moins de 4&nbsp;F.]]<em>\u00ab&nbsp;Il indi\u00adque\u00adrait la voie \u00e0 suivre pour abou\u00adtir \u00e0 une com\u00adpl\u00e8te har\u00admo\u00adnie entre la nature et l\u2019es\u00adprit\u2026 Trans\u00adpo\u00adsi\u00adtion joyeuse du Para\u00addis tel qu\u2019il \u00e9tait \u00e0 l\u2019\u00e9\u00adpoque d\u2019A\u00addam et tel qu\u2019il sera sous le r\u00e8gne du nou\u00advel Adam \u2026 le royaume mil\u00adl\u00e9\u00adnaire gou\u00adver\u00adn\u00e9 par l\u2019es\u00adprit divin et inno\u00adcent de l\u2019a\u00admour. Le tableau tout entier serait une illus\u00adtra\u00adtion des rites d\u2019une secte h\u00e9r\u00e9\u00adtique, la secte du libre Esprit, qui pra\u00adti\u00adquait le culte d\u2019A\u00addam et \u00e0 laquelle Bosch aurait adh\u00e9\u00adr\u00e9. L\u2019\u0153uvre serait en somme une \u00e9ma\u00adna\u00adtion du vieux gnos\u00adtisme licen\u00adcieux qui \u00e9ri\u00adgeait la d\u00e9bauche en m\u00e9thode d\u2019as\u00adcen\u00adsion spi\u00adri\u00adtuelle.&nbsp;\u00bb Robert L. Dele\u00advoy, \u00e0 pro\u00adpos du Tableau de J\u00e9r\u00f4me Bosch&nbsp;: Le Jar\u00addin des D\u00e9lices (dont un frag\u00adment illustre la cou\u00adver\u00adture du livre&nbsp;cit\u00e9).<\/em><\/p>\n<p><!--more--><\/p>\n<div align=\"justify\">\nSans cher\u00adcher \u00e0 devi\u00adner qui \u00e9crit sous le nom de Rat\u00adgeb, on peut dire que ce texte est une conti\u00adnua\u00adtion des essais de Vanei\u00adgem&nbsp;: \u00ab&nbsp;Trai\u00adt\u00e9 de savoir vivre \u00e0 l\u2019u\u00adsage des jeunes g\u00e9n\u00e9\u00adra\u00adtions&nbsp;\u00bb [[par Raoul Vanei\u00adgem. Edit. Gal\u00adli\u00admard NRF ( r\u00e9\u00e9di\u00adt\u00e9 en 1972).]], \u00ab&nbsp;Avis aux civi\u00adli\u00ads\u00e9s rela\u00adti\u00adve\u00adment \u00e0 l\u2019au\u00adto\u00adges\u00adtion g\u00e9n\u00e9\u00adra\u00adli\u00ads\u00e9e&nbsp;\u00bb [[Inter\u00adna\u00adtio\u00adnale\tSitua\u00adtion\u00adniste\tn\u00b012.\t(R\u00e9\u00e9di\u00adtion com\u00adpl\u00e8te&nbsp;:\tVan\tGen\u00adnep, Amster\u00addam 1970) I. S.&nbsp;: B.P. 307\u200a\u2013\u200a03 Paris.]], \u00ab&nbsp;Ter\u00adro\u00adrisme ou r\u00e9vo\u00adlu\u00adtion&nbsp;\u00bb  (texte pr\u00e9\u00adc\u00e9\u00addant \u00ab&nbsp;Pour la r\u00e9vo\u00adlu\u00adtion&nbsp;\u00bb d\u2019Er\u00adnest C\u0153urderoy[[\u00c9dit. Champ Libre, Paris 1972.]]), ce der\u00adnier, \u00ab&nbsp;\u00e9bauche d\u2019un ouvrage qui para\u00ee\u00adtra sous une forme plus appro\u00adpri\u00e9e&nbsp;\u00bb&nbsp;: \u00ab&nbsp;De la gr\u00e8ve sau\u00advage\u2026&nbsp;\u00bb pour\u00adrait \u00eatre, cette forme. Le livre, dense et bref, d\u2019une grande clar\u00adt\u00e9, se com\u00adpose de trois par\u00adties&nbsp;: La soci\u00e9\u00adt\u00e9 de sur\u00advie, ABCD de la r\u00e9vo\u00adlu\u00adtion et l\u2019au\u00adto\u00adges\u00adtion g\u00e9n\u00e9ralis\u00e9e.\n<p>Le tout est un plai\u00adsir pour qui n\u2019a pas vu para\u00eetre, depuis 68, un seul livre r\u00e9vo\u00adlu\u00adtion\u00adnaire, bien que l\u2019a\u00admon\u00adcel\u00adle\u00adment, au nom du gau\u00adchisme, des ouvrages sp\u00e9\u00adcia\u00adli\u00ads\u00e9s puisse don\u00adn\u00e9 l\u2019illu\u00adsion du contraire&nbsp;: les col\u00adlec\u00adtions de livres gau\u00adchistes, en dehors de quelques r\u00e9\u00e9di\u00adtions, ne sont en fait que socio\u00adlo\u00adgie, \u00e9co\u00adno\u00admie, psy\u00adcho\u00adlo\u00adgie, his\u00adtoire, ou sim\u00adple\u00adment journalisme.<\/p>\n<p>Le pro\u00adbl\u00e8me du cours de la r\u00e9vo\u00adlu\u00adtion, de la radi\u00adca\u00adli\u00adsa\u00adtion des luttes ouvri\u00e8res, est mani\u00adfes\u00adte\u00adment ce qui presse le plus Rat\u00adgeb d\u2019\u00e9\u00adcrire, c\u2019est \u00e0 la fois la par\u00adtie du livre (ABCD de la r\u00e9vo\u00adlu\u00adtion) la plus cat\u00e9\u00adgo\u00adrique, la plus pr\u00e9\u00adcise et la plus fra\u00adgile&nbsp;: cri\u00adti\u00adcable, pra\u00adti\u00adque\u00adment irr\u00e9a\u00adli\u00adsable. Le plus dif\u00adfi\u00adcile \u00e0 d\u00e9t\u00e9\u00admi\u00adn\u00e9 est la stra\u00adt\u00e9\u00adgie de la r\u00e9vo\u00adlu\u00adtion&nbsp;: le dan\u00adger du sch\u00e9\u00adma\u00adtisme et de la sim\u00adpli\u00adfi\u00adca\u00adtion est grande. Le r\u00f4le de stra\u00adt\u00e8ge, m\u00eame col\u00adlec\u00adtif, retourne toutes les s\u00e9pa\u00adra\u00adtions du vieux monde contre les meilleures inten\u00adtions r\u00e9vo\u00adlu\u00adtion\u00adnaires. Rat\u00adgeb emploie un voca\u00adbu\u00adlaire mili\u00adtaire (zone, enne\u00admi, ral\u00adlie\u00adment, gu\u00e9\u00adrilla\u2026) qui est trop sim\u00adpliste pour carac\u00adt\u00e9\u00adri\u00adser la vio\u00adlence r\u00e9vo\u00adlu\u00adtion\u00adnaire. Mais le texte ouvre la voie de l\u2019au\u00adto\u00adges\u00adtion g\u00e9n\u00e9\u00adra\u00adli\u00ads\u00e9e quand il montre que la force de la r\u00e9vo\u00adlu\u00adtion sera dans ses capa\u00adci\u00adt\u00e9s de trans\u00adfor\u00adma\u00adtion imm\u00e9\u00addiate de la vie, de pas\u00adsage de l\u2019\u00e9\u00adchange au don, d\u2019a\u00adbo\u00adli\u00adtion du tra\u00advail for\u00adc\u00e9 et du sala\u00adriat. Si \u00ab&nbsp;les nou\u00adveaux droits de l\u2019homme&nbsp;\u00bb ont d\u00e9j\u00e0 trou\u00adv\u00e9 \u00e0 tra\u00advers ce livre un bon \u00ab&nbsp;anti-l\u00e9gis\u00adla\u00adteur&nbsp;\u00bb, la r\u00e9vo\u00adlu\u00adtion ne pos\u00ads\u00e8de pas encore son anti\u00adstra\u00adt\u00e9\u00adgie et, de fait, elle ne peut s\u2019ins\u00adcrire que dans le cours de la lutte auto\u00adnome des travailleurs.<\/p>\n<p>Tous les scien\u00adtistes, \u00e9co\u00adno\u00admistes ou psy\u00adcho\u00adlogues ne pour\u00adront sup\u00adpor\u00adter de voir fon\u00add\u00e9 la r\u00e9vo\u00adlu\u00adtion sur \u00ab&nbsp;les refus les plus com\u00admuns&nbsp;\u00bb, sur la dis\u00adtri\u00adbu\u00adtion des richesses&nbsp;: le DON, sur le droit des pas\u00adsions et le retour des temp aven\u00adtu\u00adreux, mais leur rai\u00adson\u00adna\u00adbi\u00adlisme leur per\u00admet trop bien de fon\u00adder les ravages quo\u00adti\u00addiens du capitalisme.<\/p>\n<p>Un cri\u00adtique lit\u00adt\u00e9\u00adraire du jour\u00adnal \u00ab&nbsp;Le Monde&nbsp;\u00bb a f\u00e9li\u00adci\u00adt\u00e9 Rat\u00adgeb pour son ima\u00adgi\u00adna\u00adtion po\u00e9\u00adtique (il s\u2019\u00e9\u00adton\u00adne\u00adrait moins s\u2019il se sou\u00adve\u00adnait de Fou\u00adrier), la \u00ab&nbsp;po\u00e9\u00adsie&nbsp;\u00bb, si elle per\u00admet de voir plus pr\u00e8s de soi-m\u00eame et plus loin que la pre\u00admi\u00e8re crise p\u00e9tro\u00adli\u00e8re ou gou\u00adver\u00adne\u00admen\u00adtale venue, est la sub\u00adver\u00adsion&nbsp;m\u00eame.<\/p>\n<p>Rat\u00adgeb d\u00e9montre que la plus effi\u00adcace pra\u00adtique r\u00e9vo\u00adlu\u00adtion\u00adnaire est celle qui se fonde sur \u00ab&nbsp;la hausse imm\u00e9\u00addiate du plai\u00adsir de vivre&nbsp;\u00bb, non sur la morale et la jus\u00adtice de nos socia\u00adlistes scien\u00adti\u00adfiques. Les tra\u00advailleurs de Lip ont d\u00e9j\u00e0 don\u00adn\u00e9 une assez belle id\u00e9e de ce plai\u00adsir, et ils ont d\u2019une seule gr\u00e8ve active obs\u00adcur\u00adci l\u2019a\u00adve\u00adnir de leur pat\u00e9\u00adna\u00adlistes pro\u00adtec\u00adteurs de la CFDT et PSU. Le coup de barre \u00e9lec\u00adto\u00adra\u00adliste, mit\u00adter\u00adran\u00addiste de cette gauche, qui r\u00e9duit l\u2019au\u00adto\u00adges\u00adtion \u00e0 un pro\u00adgramme \u00e9lec\u00adto\u00adral, n\u2019est bien com\u00adpr\u00e9\u00adhen\u00adsible que par rap\u00adport \u00e0 la ten\u00adta\u00adtive ouvri\u00e8re de&nbsp;Lip.<\/p>\n<p>La gauche en France = le capi\u00adta\u00adlisme bureau\u00adcra\u00adtique + la d\u00e9mo\u00adcra\u00adtie bour\u00adgeoise. Il leur faut faire oublier Lip, l\u2019en\u00adfouir comme une anec\u00addote dans la \u00ab&nbsp;grande marche au pou\u00advoir de la gauche&nbsp;\u00bb, il faut au contraire pour nous, pour les tra\u00advailleurs, dis\u00adcu\u00adter les insuf\u00adfi\u00adsances de Lip, cri\u00adti\u00adquer tout ce qui res\u00adtait encore de repr\u00e9\u00adsen\u00adta\u00adtion ouvri\u00e8re, de s\u00e9pa\u00adra\u00adtions dans la lutte, de d\u00e9pen\u00addance de l\u2019or\u00adga\u00adni\u00adsa\u00adtion des gr\u00e9\u00advistes par rap\u00adport aux bureau\u00adcra\u00adties, tout ce qui a cau\u00ads\u00e9 l\u2019i\u00adso\u00adle\u00adment du mouvement\u2026<\/p>\n<p>L\u2019au\u00adto\u00adges\u00adtion g\u00e9n\u00e9\u00adra\u00adli\u00ads\u00e9e, telle qu\u2019elle est d\u00e9crite et syn\u00adth\u00e9\u00adti\u00ads\u00e9e par Rat\u00adgeb, telle qu\u2019elle a \u00e9t\u00e9 dis\u00adcu\u00adt\u00e9e, \u00e9tu\u00addi\u00e9e, \u00e0 tra\u00advers l\u2019his\u00adtoire du mou\u00adve\u00adment ouvrier par des groupes comme Noir et Rouge [[\u00ab&nbsp;L\u2019au\u00adto\u00adges\u00adtion, l\u2019\u00c9\u00adtat et la r\u00e9vo\u00adlu\u00adtion&nbsp;\u00bb, Noir et Rouge Edit. La T\u00eate de Feuilles. On trou\u00adve\u00adra des \u00e9tudes, infor\u00adma\u00adtions et ana\u00adlyses sur les gr\u00e8ves sau\u00advages dans des num\u00e9\u00adros d\u2019I\u00adCO., dis\u00adpo\u00adnibles pour les cama\u00adrades que \u00e7a int\u00e9\u00adresse&nbsp;: com\u00admandes \u00e0 la revue]], telle qu\u2019elle est pour cha\u00adcun la lutte contre tous les pou\u00advoirs qui veulent cana\u00adli\u00ads\u00e9 notre vie, l\u2019au\u00adto\u00adges\u00adtion g\u00e9n\u00e9\u00adra\u00adli\u00ads\u00e9e reste la forme d\u2019or\u00adga\u00adni\u00adsa\u00adtion sociale la plus haute que seule la lutte auto\u00adnome des tra\u00advailleurs peut r\u00e9a\u00adli\u00adser pour chan\u00adg\u00e9 la vie en trans\u00adfor\u00admant le monde. Dans ce sens, le livre de Rat\u00adgeb est \u00e0 prendre, sur sa propre demande, comme une somme de \u00ab&nbsp;contri\u00adbu\u00adtions \u00e0 la lutte des ouvri\u00e9s r\u00e9vo\u00adlu\u00adtion\u00adnaires, des\u00adti\u00adn\u00e9es \u00e0 \u00eatre dis\u00adcu\u00adt\u00e9es, cor\u00adri\u00adg\u00e9es et prin\u00adci\u00adpa\u00adle\u00adment mises en pra\u00adtique sans trop tarder.&nbsp;\u00bb<\/p>\n<p>M.&nbsp;M.\n<\/p><\/div>\n","protected":false},"excerpt":{"rendered":"<p>[[par Rat\u00adgeb, \u00c9dit. 10 \u2013 18, moins de 4&nbsp;F.]]\u00ab&nbsp;Il indi\u00adque\u00adrait la voie \u00e0 suivre pour abou\u00adtir \u00e0 une com\u00adpl\u00e8te har\u00admo\u00adnie entre la nature et l\u2019es\u00adprit\u2026 Trans\u00adpo\u00adsi\u00adtion joyeuse du Para\u00addis tel qu\u2019il \u00e9tait \u00e0 l\u2019\u00e9\u00adpoque d\u2019A\u00addam et tel qu\u2019il sera sous le r\u00e8gne du nou\u00advel Adam \u2026 le royaume mil\u00adl\u00e9\u00adnaire gou\u00adver\u00adn\u00e9 par l\u2019es\u00adprit divin et inno\u00adcent de l\u2019a\u00admour. [\u2026]<\/p>\n","protected":false},"author":1,"featured_media":0,"comment_status":"closed","ping_status":"closed","sticky":false,"template":"","format":"standard","meta":{"wp_typography_post_enhancements_disabled":false,"footnotes":""},"categories":[35],"tags":[],"ppma_author":[540],"class_list":["post-237","post","type-post","status-publish","format-standard","hentry","category-la-lanterne-noire-n1-juillet-aout-1974"],"authors":[{"term_id":540,"user_id":1,"is_guest":0,"slug":"admin_3gikpwyf","display_name":"Vincent Dubuc","avatar_url":"https:\/\/secure.gravatar.com\/avatar\/d015720652c25fd2ced191ade86430094e1f288a17483713e3b34d26dea52507?s=96&d=mm&r=g","author_category":"","user_url":"https:\/\/la-presse-anarchiste.net","last_name":"Dubuc","first_name":"Vincent","job_title":"","description":""}],"_links":{"self":[{"href":"https:\/\/la-presse-anarchiste.net\/index.php\/wp-json\/wp\/v2\/posts\/237","targetHints":{"allow":["GET"]}}],"collection":[{"href":"https:\/\/la-presse-anarchiste.net\/index.php\/wp-json\/wp\/v2\/posts"}],"about":[{"href":"https:\/\/la-presse-anarchiste.net\/index.php\/wp-json\/wp\/v2\/types\/post"}],"author":[{"embeddable":true,"href":"https:\/\/la-presse-anarchiste.net\/index.php\/wp-json\/wp\/v2\/users\/1"}],"replies":[{"embeddable":true,"href":"https:\/\/la-presse-anarchiste.net\/index.php\/wp-json\/wp\/v2\/comments?post=237"}],"version-history":[{"count":0,"href":"https:\/\/la-presse-anarchiste.net\/index.php\/wp-json\/wp\/v2\/posts\/237\/revisions"}],"wp:attachment":[{"href":"https:\/\/la-presse-anarchiste.net\/index.php\/wp-json\/wp\/v2\/media?parent=237"}],"wp:term":[{"taxonomy":"category","embeddable":true,"href":"https:\/\/la-presse-anarchiste.net\/index.php\/wp-json\/wp\/v2\/categories?post=237"},{"taxonomy":"post_tag","embeddable":true,"href":"https:\/\/la-presse-anarchiste.net\/index.php\/wp-json\/wp\/v2\/tags?post=237"},{"taxonomy":"author","embeddable":true,"href":"https:\/\/la-presse-anarchiste.net\/index.php\/wp-json\/wp\/v2\/ppma_author?post=237"}],"curies":[{"name":"wp","href":"https:\/\/api.w.org\/{rel}","templated":true}]}}