{"id":2372,"date":"2010-02-22T22:31:11","date_gmt":"2010-02-22T22:31:11","guid":{"rendered":"https:\/\/la-presse-anarchiste.net\/index.php\/2010\/02\/22\/1er-mai-jour-de-revendications-et-de-lutte\/"},"modified":"2010-02-22T22:31:11","modified_gmt":"2010-02-22T22:31:11","slug":"1er-mai-jour-de-revendications-et-de-lutte","status":"publish","type":"post","link":"https:\/\/la-presse-anarchiste.net\/index.php\/2010\/02\/22\/1er-mai-jour-de-revendications-et-de-lutte\/","title":{"rendered":"1<sup>er<\/sup> mai&nbsp;: jour de revendications et de&nbsp;lutte"},"content":{"rendered":"<div class=\"pdfprnt-buttons pdfprnt-buttons-post pdfprnt-top-right\"><a href=\"https:\/\/la-presse-anarchiste.net\/index.php\/wp-json\/wp\/v2\/posts\/2372?print=pdf\" class=\"pdfprnt-button pdfprnt-button-pdf\" target=\"_blank\"><img decoding=\"async\" src=\"https:\/\/la-presse-anarchiste.net\/wp-content\/plugins\/pdf-print\/images\/pdf.png\" alt=\"image_pdf\" title=\"Afficher le PDF\"><\/a><a href=\"https:\/\/la-presse-anarchiste.net\/index.php\/wp-json\/wp\/v2\/posts\/2372?print=print\" class=\"pdfprnt-button pdfprnt-button-print\" target=\"_blank\"><img decoding=\"async\" src=\"https:\/\/la-presse-anarchiste.net\/wp-content\/plugins\/pdf-print\/images\/print.png\" alt=\"image_print\" title=\"Contenu imprim\u00e9\"><\/a><\/div><p>Au moment o\u00f9 les man\u00adda\u00adrins du syn\u00addi\u00adca\u00adlisme se pr\u00e9\u00adparent \u00e0 sabo\u00adter le pre\u00admier mai, il est bon de rap\u00adpe\u00adler aux jeunes cama\u00adrades l\u2019o\u00adri\u00adgine de ce jour de lutte et de reven\u00addi\u00adca\u00adtions ouvri\u00e8res contre leurs exploiteurs.<\/p>\n<p>La pro\u00adpa\u00adgande pour la jour\u00adn\u00e9e de huit heures fut le point de d\u00e9part des \u00e9v\u00e9\u00adne\u00adments de Chi\u00adca\u00adgo. On peut dater de 1832, ann\u00e9e o\u00f9 se d\u00e9clen\u00adcha une gr\u00e8ve en faveur de la jour\u00adn\u00e9e de dix heures, le d\u00e9but du mou\u00adve\u00adment. Mais ce ne fut que le 20 ao\u00fbt 1866, au congr\u00e8s de Bal\u00adti\u00admore, que les tra\u00advailleurs aban\u00addon\u00adn\u00e8rent les par\u00adtis bour\u00adgeois pour cr\u00e9er le par\u00adti ouvrier, et une de leurs pre\u00admi\u00e8res reven\u00addi\u00adca\u00adtions fut la dimi\u00adnu\u00adtion des heures de tra\u00advail&nbsp;; ce ne fut qu\u2019en 1884 que la F\u00e9d\u00e9\u00adra\u00adtion des Tra\u00advailleurs des \u00c9tats-Unis et du Cana\u00adda d\u00e9ci\u00adda de faire la pre\u00admi\u00e8re gr\u00e8ve pour obte\u00adnir la jour\u00adn\u00e9e de huit heures.<\/p>\n<p>Le pre\u00admier mai 1886, sur 110.000 ouvriers qui se mirent en gr\u00e8ve, plus de la moi\u00adti\u00e9 obtinrent une r\u00e9duc\u00adtion de la jour\u00adn\u00e9e de tra\u00advail&nbsp;; quant aux autres, ils se virent accor\u00adder des avan\u00adtages appr\u00e9\u00adciables. Ce fut, ensuite, la tra\u00adg\u00e9\u00addie de Chi\u00adca\u00adgo o\u00f9 le capi\u00adta\u00adlisme am\u00e9\u00adri\u00adcain mon\u00adtra sa f\u00e9rocit\u00e9.<\/p>\n<p>Le 16 f\u00e9vrier 1887, un conflit s\u2019\u00e9\u00adtant \u00e9le\u00adv\u00e9 dans l\u2019u\u00adsine Mac Cor\u00admick, lais\u00adsant 1.200 ouvriers sans aucune res\u00adsource,  une r\u00e9union eut lieu. Les cama\u00adrades Par\u00adsons et Schwab pro\u00adtes\u00adt\u00e8rent tout d\u2019a\u00adbord contre la venue de 400 poli\u00adciers arm\u00e9s et de 300 poli\u00adciers pri\u00adv\u00e9s, arm\u00e9s \u00e9ga\u00adle\u00adment&nbsp;; d\u00e8s lors, tous les jours, il y eut des col\u00adli\u00adsions entre les \u00ab&nbsp;d\u00e9fen\u00adseurs de l\u2019ordre&nbsp;\u00bb et les travailleurs.<\/p>\n<p>Le 3 mai, les ouvriers ras\u00adsem\u00adbl\u00e9s devant l\u2019u\u00adsine Mac Cor\u00admick furent mitraill\u00e9s \u00e0 bout por\u00adtant par l\u2019i\u00adgnoble police pri\u00adv\u00e9e, et ceci sans rai\u00adson aucune. Le len\u00adde\u00admain de ce mas\u00adsacre, les cama\u00adrades Par\u00adsons et Spies publi\u00e8rent dans leur jour\u00adnal l\u2019ap\u00adpel suivant&nbsp;:<\/p>\n<p>\u00ab&nbsp;La guerre de classe est com\u00admen\u00adc\u00e9e&nbsp;; des ouvriers ont \u00e9t\u00e9 fusill\u00e9s devant l\u2019\u00e9\u00adta\u00adblis\u00adse\u00adment Mac Cor\u00admick, leur sang crie&nbsp;: Ven\u00adgeance&nbsp;! Le doute n\u2019est plus pos\u00adsible&nbsp;: les b\u00eates fauves qui nous gou\u00advernent sont avides du sang des tra\u00advailleurs, mais ceux-ci ne sont pas du b\u00e9tail d\u2019a\u00adbat\u00adtoir&nbsp;; \u00e0 la ter\u00adreur blanche nous r\u00e9pon\u00addrons par la ter\u00adreur rouge. Mieux vaut mou\u00adrir que vivre dans la mis\u00e8re&nbsp;!<\/p>\n<p>Puis\u00adqu\u2019on nous mitraille, r\u00e9pon\u00addons de mani\u00e8re que nos ma\u00eetres en gardent long\u00adtemps le sou\u00adve\u00adnir. La situa\u00adtion nous fait un devoir de prendre les armes&nbsp;! Hier soir, pen\u00addant que les femmes et les enfants pleu\u00adraient leurs maris et leurs p\u00e8res tom\u00adb\u00e9s sous les balles des assas\u00adsins, les riches emplis\u00adsaient leurs verres \u00e0 la san\u00adt\u00e9 des ban\u00addits de l\u2019ordre social. S\u00e9chez vos larmes, femmes et enfants&nbsp;! Esclaves, haut les c\u0153urs&nbsp;! Vive l\u2019insurrection&nbsp;!&nbsp;\u00bb<\/p>\n<p>Le jour sui\u00advant, 15.000 ouvriers se ren\u00addirent au mee\u00adting de pro\u00adtes\u00adta\u00adtion sur la place de Hay Mar\u00adket. Au moment o\u00f9 il pre\u00adnait fin, une bombe tom\u00adba au milieu de la police, tuant sept gen\u00addarmes et en bles\u00adsant une soixan\u00adtaine. Ensuite, la bataille s\u2019en\u00adga\u00adgea entre les poli\u00adciers et le peuple&nbsp;; mais la lutte \u00e9tait in\u00e9gale et, une fois de plus, les ouvriers durent c\u00e9der devant les chiens de garde du capi\u00adtal. Les auto\u00adri\u00adt\u00e9s prirent pr\u00e9\u00adtexte des gen\u00addarmes tu\u00e9s pour arr\u00ea\u00adter les cama\u00adrades les plus connus du mou\u00adve\u00adment ouvrier et ce fut le juge\u00adment inique. Les com\u00adpa\u00adgnons&nbsp;: Auguste Spies, Samuel Fiel\u00adden, Michel Schwab, Louis Lingg, Adolph Fischer, Georges Engel, Albert Par\u00adsons, furent condam\u00adn\u00e9s \u00e0 \u00eatre pen\u00addus sur une place publique, et Oscar Neebe \u00e0 quinze ans de p\u00e9nitencier.<\/p>\n<p>C\u2019est pour com\u00adm\u00e9\u00admo\u00adrer ces \u00e9v\u00e9\u00adne\u00adments que, en 1889, au congr\u00e8s inter\u00adna\u00adtio\u00adnal r\u00e9uni \u00e0 Paris, les asso\u00adcia\u00adtions ouvri\u00e8res d\u00e9ci\u00add\u00e8rent d\u2019une date fixe annuelle o\u00f9, dans le monde entier, les pro\u00adl\u00e9\u00adtaires expri\u00adme\u00adraient leurs reven\u00addi\u00adca\u00adtions en ces\u00adsant le tra\u00advail et en mani\u00adfes\u00adtant. Le jour choi\u00adsi fut le pre\u00admier&nbsp;mai.<\/p>\n<p>En France, le pre\u00admier mai le plus mar\u00adquant fut d\u2019a\u00adbord celui de 1890, \u00e0 Vienne. Les cama\u00adrades anar\u00adchistes qui \u00e9taient \u00e0 la t\u00eate du syn\u00addi\u00adcat du Tex\u00adtile d\u00e9ci\u00add\u00e8rent de don\u00adner \u00e0 ce jour un carac\u00adt\u00e8re vrai\u00adment reven\u00addi\u00adca\u00adtif. \u00c0 la sor\u00adtie du mee\u00adting o\u00f9 notre cama\u00adrade Louise Michel avait pris la parole, des col\u00adli\u00adsions se pro\u00addui\u00adsirent entre mani\u00adfes\u00adtants et poli\u00adciers. La foule ouvri\u00e8re se por\u00adta sur le quar\u00adtier des usines et ce fut l\u2019as\u00adsaut des maga\u00adsins de drap de la fabrique Bro\u00adcard&nbsp;: le maga\u00adsin fut enva\u00adhi et les tis\u00adsus de drap furent attri\u00adbu\u00e9s \u00e0 ceux qui n\u2019a\u00advaient pas de quoi s\u2019ha\u00adbiller. Par la suite, le cama\u00adrade Pierre Mar\u00adtin, qui reven\u00addi\u00adqua pour lui seul toutes les res\u00adpon\u00adsa\u00adbi\u00adli\u00adt\u00e9s, fut condam\u00adn\u00e9 \u00e0 trois ans de prison.<\/p>\n<p>En 1891, \u00e0 Cli\u00adchy, il y eut une grande mani\u00adfes\u00adta\u00adtion de rue o\u00f9 la police fit encore des siennes en tapant a tour de bras sur les hommes et les femmes&nbsp;; une quin\u00adzaine de com\u00adpa\u00adgnons entr\u00e8rent dans un caf\u00e9, mais celui-ci fut enva\u00adhi par les agents et la bagarre conti\u00adnua. Les uns se d\u00e9fen\u00addirent avec des revol\u00advers, les autres avec leurs cou\u00adteaux ou des tabou\u00adrets. Trois ouvriers bles\u00ads\u00e9s tom\u00adb\u00e8rent au pou\u00advoir des agents et pas\u00ads\u00e8rent en juge\u00adment quatre mois apr\u00e8s. L\u00e9veill\u00e9 fut acquit\u00adt\u00e9&nbsp;; Dar\u00addare condam\u00adn\u00e9 \u00e0 trois ans de pri\u00adson et Des\u00adcamps \u00e0 cinq&nbsp;ans.<\/p>\n<p>Le m\u00eame jour, ce fut la fusillade de Four\u00admies. Les ouvriers d\u2019une usine impor\u00adtante \u00e9taient en gr\u00e8ve depuis le mois d\u2019ao\u00fbt. Dans la mati\u00adn\u00e9e, les gr\u00e9\u00advistes tinrent une r\u00e9union pour invi\u00adter une autre usine \u00e0 ces\u00adser le tra\u00advail&nbsp;; ils s\u2019y diri\u00adg\u00e8rent et se trou\u00adv\u00e8rent en face d\u2019un pelo\u00adton de gen\u00addar\u00adme\u00adrie qui les char\u00adgea imm\u00e9\u00addia\u00adte\u00adment et huit ouvriers furent arr\u00ea\u00adt\u00e9s. La col\u00e8re gron\u00adda dans la ville et une foule hou\u00adleuse mar\u00adcha sur la mai\u00adrie pour r\u00e9cla\u00admer les pri\u00adson\u00adniers. Mais un bataillon du 145<sup>e<\/sup> de ligne retint les mani\u00adfes\u00adtants. Tout se serait bien pas\u00ads\u00e9 si une brute, le com\u00adman\u00addant Cha\u00adpuis, per\u00addant la t\u00eate, n\u2019a\u00advait com\u00adman\u00add\u00e9 le feu. Cette tue\u00adrie fit 10 morts et plus de 80 per\u00adsonnes furent bless\u00e9s.<\/p>\n<p>En 1906, la C.G.T. prit net\u00adte\u00adment posi\u00adtion en d\u00e9clarant&nbsp;:<\/p>\n<p>\u00ab&nbsp;\u00c0 par\u00adtir du pre\u00admier mai 1906, nous ne tra\u00advaille\u00adrons que huit heures par&nbsp;jour.&nbsp;\u00bb<\/p>\n<p>Ce fut, pour la bour\u00adgeoi\u00adsie, une v\u00e9ri\u00adtable panique&nbsp;; les maga\u00adsins d\u2019a\u00adli\u00admen\u00adta\u00adtion furent d\u00e9va\u00adli\u00ads\u00e9s par les consom\u00adma\u00adteurs effray\u00e9s et Paris fut en par\u00adtie d\u00e9ser\u00adt\u00e9. Ceux qui ne purent par\u00adtir se ter\u00adr\u00e8rent dans leurs caves. Le gou\u00adver\u00adne\u00adment pro\u00adc\u00e9\u00adda \u00e0 l\u2019ar\u00adres\u00adta\u00adtion de nom\u00adbreux mili\u00adtants, ce qui n\u2019emp\u00eacha pas que la gr\u00e8ve fut totale et que la classe ouvri\u00e8re mani\u00adfes\u00adta dans la rue. L\u00e0 aus\u00adsi il fut d\u00e9plo\u00adr\u00e9 des col\u00adli\u00adsions san\u00adglantes. Mais le sort en \u00e9tait jet\u00e9&nbsp;: le pre\u00admier mai, chaque ann\u00e9e, devait \u00eatre le jour sym\u00adbo\u00adlique de la lutte de classe et non \u00ab&nbsp;f\u00eate du tra\u00advail&nbsp;\u00bb, comme cer\u00adtains fati\u00adgu\u00e9s veulent nous le faire entendre. Le syn\u00addi\u00adca\u00adlisme de cette \u00e9poque affir\u00admait sa ten\u00addance r\u00e9vo\u00adlu\u00adtion\u00adnaire et sa m\u00e9fiance contre les endor\u00admeurs de la poli\u00adtique, ain\u00adsi qu\u2019en t\u00e9moigne la charte d\u2019A\u00admiens, qui date de la m\u00eame&nbsp;ann\u00e9e.<\/p>\n<p>Jus\u00adqu\u2019\u00e0 1914, nous assis\u00adtons \u00e0 des pre\u00admiers mai net\u00adte\u00adment lutte de classe, puis ce fut le renie\u00adment des res\u00adpon\u00adsables de la C.G.T. qui, pen\u00addant cinq ans, se sont vau\u00adtr\u00e9s dans la d\u00e9ma\u00adgo\u00adgie natio\u00adna\u00adliste&nbsp;; ensuite, ce fut le pre\u00admier mai 1919. Il fut, en France et \u00e0 Paris en par\u00adti\u00adcu\u00adlier, le plus puis\u00adsant. On peut dire que le ch\u00f4\u00admage fut total. La guerre qui venait de se ter\u00admi\u00adner avait lais\u00ads\u00e9 dans le c\u0153ur du pro\u00adl\u00e9\u00adta\u00adriat des fer\u00adments de col\u00e8re et de haine contre la guerre et ses res\u00adpon\u00adsables. Le syn\u00addi\u00adca\u00adlisme, gr\u00e2ce \u00e0 une mino\u00adri\u00adt\u00e9 agis\u00adsante, grou\u00adpait sous son \u00e9gide la volon\u00adt\u00e9 des tra\u00advailleurs en r\u00e9volte.<\/p>\n<p>Le gou\u00adver\u00adne\u00adment du fameux Cle\u00admen\u00adceau ayant inter\u00addit toute mani\u00adfes\u00adta\u00adtion sur la voie publique, les tra\u00advailleurs d\u00e9fer\u00adl\u00e8rent n\u00e9an\u00admoins en flots com\u00adpacts \u00e0 tra\u00advers les rangs des sol\u00addats avec les\u00adquels ils fra\u00adter\u00adni\u00adsaient. De la Made\u00adleine \u00e0 la Concorde, les mani\u00adfes\u00adtants se bat\u00adtirent avec les fameuses bri\u00adgades cen\u00adtrales. Rues Louis-le-Grand et de la Micho\u00addi\u00e8re, les agents et les gardes se ru\u00e8rent sau\u00adva\u00adge\u00adment sur les mani\u00adfes\u00adtants arm\u00e9s de sabre et de matraque. Des coups de revol\u00adver furent tir\u00e9s. C\u2019est l\u00e0 que fut tu\u00e9 le jeune Lorne, du syn\u00addi\u00adcat des \u00e9lec\u00adtri\u00adciens. Il y eut de nom\u00adbreux bles\u00ads\u00e9s de part et d\u2019autre. Nous pou\u00advons dire que ce fut une vic\u00adtoire pour la classe ouvri\u00e8re, car c\u2019est gr\u00e2ce \u00e0 l\u2019\u00e9ner\u00adgie qu\u2019elle mon\u00adtra ce jour-l\u00e0 qu\u2019elle obtint la jour\u00adn\u00e9e de huit heures.<\/p>\n<p>Les autres pre\u00admiers mai furent plu\u00adt\u00f4t ternes jus\u00adqu\u2019en 1936 o\u00f9 les poli\u00adti\u00adciens mar\u00adrons du Front popu\u00adlaire endor\u00admirent une fois de plus la classe ouvri\u00e8re qui venait de faire son&nbsp;unit\u00e9.<\/p>\n<p>Il ne fal\u00adlait pas g\u00eaner les \u00e9lec\u00adtions et assu\u00adrer le suc\u00adc\u00e8s des can\u00addi\u00addats du Front popu\u00adlaire en bal\u00adlot\u00adtage. C\u2019est pour\u00adquoi cette gr\u00e8ve ne fut que figu\u00adra\u00adtive et que l\u2019on vit cer\u00adtaines admi\u00adnis\u00adtra\u00adtions auto\u00adri\u00adser les fonc\u00adtion\u00adnaires \u00e0 ch\u00f4\u00admer en deman\u00addant une per\u00admis\u00adsion. Dr\u00f4le de fa\u00e7on de reven\u00addi\u00adquer ses droits.<\/p>\n<p>Puis vinrent les pre\u00admiers mai de guerre qui, sous l\u2019\u00e9\u00adgide de P\u00e9tain, furent d\u00e9cla\u00adr\u00e9s \u00ab&nbsp;f\u00eates du travail&nbsp;\u00bb.<\/p>\n<p>Nous voi\u00adci au pre\u00admier mai 1945. Que sera celui-ci&nbsp;? Esp\u00e9\u00adrons, sans trop y croire, que, cette ann\u00e9e, les ouvriers se res\u00adsai\u00adsi\u00adront et seront tous soli\u00addaires dans la lutte qui les condui\u00adra \u00e0 l\u2019a\u00adv\u00e8\u00adne\u00adment d\u2019une soci\u00e9\u00adt\u00e9 nou\u00advelle et \u00e0 l\u2019af\u00adfran\u00adchis\u00adse\u00adment total du prol\u00e9tariat.<\/p>\n","protected":false},"excerpt":{"rendered":"<p>Au moment o\u00f9 les man\u00adda\u00adrins du syn\u00addi\u00adca\u00adlisme se pr\u00e9\u00adparent \u00e0 sabo\u00adter le pre\u00admier mai, il est bon de rap\u00adpe\u00adler aux jeunes cama\u00adrades l\u2019o\u00adri\u00adgine de ce jour de lutte et de reven\u00addi\u00adca\u00adtions ouvri\u00e8res contre leurs exploi\u00adteurs. La pro\u00adpa\u00adgande pour la jour\u00adn\u00e9e de huit heures fut le point de d\u00e9part des \u00e9v\u00e9\u00adne\u00adments de Chi\u00adca\u00adgo. On peut&nbsp;dater&nbsp;[\u2026]<\/p>\n","protected":false},"author":1,"featured_media":0,"comment_status":"closed","ping_status":"closed","sticky":false,"template":"","format":"standard","meta":{"wp_typography_post_enhancements_disabled":false,"footnotes":""},"categories":[297],"tags":[],"ppma_author":[540],"class_list":["post-2372","post","type-post","status-publish","format-standard","hentry","category-le-libertaire-na5-mai-1945"],"authors":[{"term_id":540,"user_id":1,"is_guest":0,"slug":"admin_3gikpwyf","display_name":"Vincent Dubuc","avatar_url":"https:\/\/secure.gravatar.com\/avatar\/d015720652c25fd2ced191ade86430094e1f288a17483713e3b34d26dea52507?s=96&d=mm&r=g","author_category":"","user_url":"https:\/\/la-presse-anarchiste.net","last_name":"Dubuc","first_name":"Vincent","job_title":"","description":""}],"_links":{"self":[{"href":"https:\/\/la-presse-anarchiste.net\/index.php\/wp-json\/wp\/v2\/posts\/2372","targetHints":{"allow":["GET"]}}],"collection":[{"href":"https:\/\/la-presse-anarchiste.net\/index.php\/wp-json\/wp\/v2\/posts"}],"about":[{"href":"https:\/\/la-presse-anarchiste.net\/index.php\/wp-json\/wp\/v2\/types\/post"}],"author":[{"embeddable":true,"href":"https:\/\/la-presse-anarchiste.net\/index.php\/wp-json\/wp\/v2\/users\/1"}],"replies":[{"embeddable":true,"href":"https:\/\/la-presse-anarchiste.net\/index.php\/wp-json\/wp\/v2\/comments?post=2372"}],"version-history":[{"count":0,"href":"https:\/\/la-presse-anarchiste.net\/index.php\/wp-json\/wp\/v2\/posts\/2372\/revisions"}],"wp:attachment":[{"href":"https:\/\/la-presse-anarchiste.net\/index.php\/wp-json\/wp\/v2\/media?parent=2372"}],"wp:term":[{"taxonomy":"category","embeddable":true,"href":"https:\/\/la-presse-anarchiste.net\/index.php\/wp-json\/wp\/v2\/categories?post=2372"},{"taxonomy":"post_tag","embeddable":true,"href":"https:\/\/la-presse-anarchiste.net\/index.php\/wp-json\/wp\/v2\/tags?post=2372"},{"taxonomy":"author","embeddable":true,"href":"https:\/\/la-presse-anarchiste.net\/index.php\/wp-json\/wp\/v2\/ppma_author?post=2372"}],"curies":[{"name":"wp","href":"https:\/\/api.w.org\/{rel}","templated":true}]}}