{"id":2378,"date":"2010-06-08T11:22:05","date_gmt":"2010-06-08T11:22:05","guid":{"rendered":"https:\/\/la-presse-anarchiste.net\/index.php\/2010\/06\/08\/lettres-dailleurs\/"},"modified":"2010-06-08T11:22:05","modified_gmt":"2010-06-08T11:22:05","slug":"lettres-dailleurs","status":"publish","type":"post","link":"https:\/\/la-presse-anarchiste.net\/index.php\/2010\/06\/08\/lettres-dailleurs\/","title":{"rendered":"Lettres d\u2019ailleurs"},"content":{"rendered":"<div class=\"pdfprnt-buttons pdfprnt-buttons-post pdfprnt-top-right\"><a href=\"https:\/\/la-presse-anarchiste.net\/index.php\/wp-json\/wp\/v2\/posts\/2378?print=pdf\" class=\"pdfprnt-button pdfprnt-button-pdf\" target=\"_blank\"><img decoding=\"async\" src=\"https:\/\/la-presse-anarchiste.net\/wp-content\/plugins\/pdf-print\/images\/pdf.png\" alt=\"image_pdf\" title=\"Afficher le PDF\"><\/a><a href=\"https:\/\/la-presse-anarchiste.net\/index.php\/wp-json\/wp\/v2\/posts\/2378?print=print\" class=\"pdfprnt-button pdfprnt-button-print\" target=\"_blank\"><img decoding=\"async\" src=\"https:\/\/la-presse-anarchiste.net\/wp-content\/plugins\/pdf-print\/images\/print.png\" alt=\"image_print\" title=\"Contenu imprim\u00e9\"><\/a><\/div><p>\t[(Comme il fut d\u00e9ci\u00add\u00e9 pr\u00e9\u00adc\u00e9\u00addem\u00adment, nous r\u00e9ser\u00advons, dans chaque num\u00e9\u00adro de la <i>Revue Anar\u00adchiste<\/i>, quelques pages pour les nou\u00advelles qui nous par\u00adviennent des pays \u00e9trangers.<\/p>\n<p>\tAujourd\u2019\u00adhui, un mot pro\u00admet\u00adteur d\u2019Es\u00adpagne et une lettre de Pologne.)]<\/p>\n<h2>D\u2019Espagne<\/h2>\n<p>\t\u00ab\u2026Ma lettre arri\u00adve\u00adrait trop tard pour pas\u00adser dans le troi\u00adsi\u00e8me num\u00e9\u00adro. Soyez s\u00fbrs que pour le qua\u00adtri\u00e8me je vous enver\u00adrai tout ce qu\u2019il faut. Je ferai mieux que de col\u00adla\u00adbo\u00adrer&nbsp;: j\u2019an\u00adnon\u00adce\u00adrai l\u2019exis\u00adtence de votre revue dans la presse espa\u00adgnole et por\u00adtu\u00adgaise et je don\u00adne\u00adrai des comptes-ren\u00addus biblio\u00adgra\u00adphiques et vous cher\u00adche\u00adrai des sous\u00adcrip\u00adteurs en Espagne et en Am\u00e9\u00adrique latine.<\/p>\n<p>\tJ\u2019\u00e9\u00adcris \u00e0 nos amis de Por\u00adtu\u00adgal, dans le m\u00eame&nbsp;sens\u2026\u00bb<br>\nA.G.<\/p>\n<h2>De Pologne<\/h2>\n<p>\tLes \u00e9v\u00e9\u00adne\u00adments en Pologne pr\u00e9\u00adsentent actuel\u00adle\u00adment un int\u00e9\u00adr\u00eat consi\u00add\u00e9\u00adrable. Depuis la r\u00e9vo\u00adlu\u00adtion russe, date de son ind\u00e9\u00adpen\u00addance offi\u00adcielle, ce \u00ab&nbsp;jeune&nbsp;\u00bb pays, d\u2019une assez vaste \u00e9ten\u00addue, a accom\u00adpli une rapide \u00ab&nbsp;\u00e9vo\u00adlu\u00adtion&nbsp;\u00bb\u200a\u2014\u200apoli\u00adtique, \u00e9co\u00adno\u00admique et sociale. Sa situa\u00adtion g\u00e9o\u00adgra\u00adphique, ses richesses agri\u00adcoles et mini\u00e8res, son d\u00e9ve\u00adlop\u00adpe\u00adment indus\u00adtriel assez avan\u00adc\u00e9, lui pro\u00admettent quelque \u00ab&nbsp;avenir&nbsp;\u00bb.<\/p>\n<p>\tPoli\u00adti\u00adque\u00adment, c\u2019est une sorte de dic\u00adta\u00adture fas\u00adciste, avec le fameux Pil\u00adsud\u00adski, qui s\u2019est \u00e9ta\u00adblie dans le pays. Elle se main\u00adtient, non sans dif\u00adfi\u00adcul\u00adt\u00e9, gr\u00e2ce au d\u00e9sordre d\u2019a\u00adpr\u00e8s-guerre, \u00e0 la vio\u00adlence mili\u00adtaire, \u00e0 l\u2019or\u00adgueil natio\u00adnal, aux aspi\u00adra\u00adtions des agra\u00adriens et des capi\u00adta\u00adlistes, au d\u00e9sar\u00adroi pro\u00adfond des classes laborieuses.<\/p>\n<p>\t\u00c9co\u00adno\u00admi\u00adque\u00adment, la Pologne est pauvre, arri\u00e9\u00adr\u00e9e. Pour l\u2019ins\u00adtant, elle se trouve en pleine d\u00e9pen\u00addance des capi\u00adtaux \u00e9tran\u00adgers, des autres pays, voi\u00adsins et loin\u00adtains. Son essor \u00e9co\u00adno\u00admique devra, cepen\u00addant, s\u2019ac\u00adcen\u00adtuer prochainement.<\/p>\n<p>\tAu point de vue social, la situa\u00adtion des classes labo\u00adrieuses y est lamen\u00adtable. \u00c9cra\u00ads\u00e9es sous le double far\u00addeau poli\u00adtique et \u00e9co\u00adno\u00admique, exploi\u00adt\u00e9es hon\u00adteu\u00adse\u00adment, les masses tra\u00advailleuses sont d\u2019au\u00adtant plus mal\u00adheu\u00adreuses, que dans leurs propres rangs, une d\u00e9sor\u00adga\u00adni\u00adsa\u00adtion com\u00adpl\u00e8te est la r\u00e8gle. \u00c9pui\u00ads\u00e9s par un tra\u00advail exces\u00adsif, igno\u00adrants, tiraill\u00e9s par plu\u00adsieurs par\u00adtis poli\u00adtiques, mal\u00adhon\u00adn\u00eates et mer\u00adcan\u00adtiles, les ouvriers polo\u00adnais, les pay\u00adsans mis\u00e9\u00adreux ne peuvent m\u00eame pas pen\u00adser, pour l\u2019ins\u00adtant, \u00e0 une lutte effi\u00adcace. Cette situa\u00adtion mis\u00e9\u00adrable com\u00adporte, tou\u00adte\u00adfois, un \u00e9l\u00e9\u00adment avan\u00adta\u00adgeux. Un d\u00e9go\u00fbt pro\u00adfond des par\u00adtis et de l\u2019ac\u00adtion poli\u00adtiques s\u2019empare de plus en plus de ces masses. Leur int\u00e9\u00adr\u00eat les pousse de plus en plus vers les m\u00e9thodes et les id\u00e9es syn\u00addi\u00adca\u00adlistes-r\u00e9vo\u00adlu\u00adtion\u00adnaires et anar\u00adchistes. Le ter\u00adrain pour la pro\u00adpa\u00adgande liber\u00adtaire est pr\u00eat. On n\u2019at\u00adtend que les semeurs qui, h\u00e9las&nbsp;! tardent \u00e0 venir. Le pro\u00adchain ave\u00adnir nous dira si cette ten\u00addance du pro\u00adl\u00e9\u00adta\u00adriat polo\u00adnais vers une orga\u00adni\u00adsa\u00adtion ind\u00e9\u00adpen\u00addante, virile et unie, s\u2019ac\u00adcen\u00adtue\u00adra et pren\u00addra racine d\u00e9fi\u00adni\u00adti\u00adve\u00adment. En tout cas, c\u2019est de ce c\u00f4t\u00e9 que vien\u00addra le&nbsp;salut.<\/p>\n<p>A.<\/p>\n","protected":false},"excerpt":{"rendered":"<p>[(Comme il fut d\u00e9ci\u00add\u00e9 pr\u00e9\u00adc\u00e9\u00addem\u00adment, nous r\u00e9ser\u00advons, dans chaque num\u00e9\u00adro de la Revue Anar\u00adchiste, quelques pages pour les nou\u00advelles qui nous par\u00adviennent des pays \u00e9tran\u00adgers. Aujourd\u2019\u00adhui, un mot pro\u00admet\u00adteur d\u2019Es\u00adpagne et une lettre de Pologne.)] D\u2019Espagne \u00ab\u2026Ma lettre arri\u00adve\u00adrait trop tard pour pas\u00adser dans le troi\u00adsi\u00e8me num\u00e9\u00adro. Soyez s\u00fbrs que pour le qua\u00adtri\u00e8me je&nbsp;vous&nbsp;[\u2026]<\/p>\n","protected":false},"author":1,"featured_media":0,"comment_status":"closed","ping_status":"closed","sticky":false,"template":"","format":"standard","meta":{"wp_typography_post_enhancements_disabled":false,"footnotes":""},"categories":[302],"tags":[],"ppma_author":[540],"class_list":["post-2378","post","type-post","status-publish","format-standard","hentry","category-la-revue-anarchiste-n3-fevrier-1930"],"authors":[{"term_id":540,"user_id":1,"is_guest":0,"slug":"admin_3gikpwyf","display_name":"Vincent Dubuc","avatar_url":"https:\/\/secure.gravatar.com\/avatar\/d015720652c25fd2ced191ade86430094e1f288a17483713e3b34d26dea52507?s=96&d=mm&r=g","author_category":"","user_url":"https:\/\/la-presse-anarchiste.net","last_name":"Dubuc","first_name":"Vincent","job_title":"","description":""}],"_links":{"self":[{"href":"https:\/\/la-presse-anarchiste.net\/index.php\/wp-json\/wp\/v2\/posts\/2378","targetHints":{"allow":["GET"]}}],"collection":[{"href":"https:\/\/la-presse-anarchiste.net\/index.php\/wp-json\/wp\/v2\/posts"}],"about":[{"href":"https:\/\/la-presse-anarchiste.net\/index.php\/wp-json\/wp\/v2\/types\/post"}],"author":[{"embeddable":true,"href":"https:\/\/la-presse-anarchiste.net\/index.php\/wp-json\/wp\/v2\/users\/1"}],"replies":[{"embeddable":true,"href":"https:\/\/la-presse-anarchiste.net\/index.php\/wp-json\/wp\/v2\/comments?post=2378"}],"version-history":[{"count":0,"href":"https:\/\/la-presse-anarchiste.net\/index.php\/wp-json\/wp\/v2\/posts\/2378\/revisions"}],"wp:attachment":[{"href":"https:\/\/la-presse-anarchiste.net\/index.php\/wp-json\/wp\/v2\/media?parent=2378"}],"wp:term":[{"taxonomy":"category","embeddable":true,"href":"https:\/\/la-presse-anarchiste.net\/index.php\/wp-json\/wp\/v2\/categories?post=2378"},{"taxonomy":"post_tag","embeddable":true,"href":"https:\/\/la-presse-anarchiste.net\/index.php\/wp-json\/wp\/v2\/tags?post=2378"},{"taxonomy":"author","embeddable":true,"href":"https:\/\/la-presse-anarchiste.net\/index.php\/wp-json\/wp\/v2\/ppma_author?post=2378"}],"curies":[{"name":"wp","href":"https:\/\/api.w.org\/{rel}","templated":true}]}}